{"id":14998,"date":"2024-12-01T22:39:25","date_gmt":"2024-12-01T22:39:25","guid":{"rendered":"https:\/\/africadailyreport.com\/2024\/12\/01\/tchad-fin-des-accords-militaires-avec-paris-sans-logique-de-remplacement\/"},"modified":"2024-12-01T22:47:15","modified_gmt":"2024-12-01T22:47:15","slug":"tchad-fin-des-accords-militaires-avec-paris-sans-logique-de-remplacement","status":"publish","type":"post","link":"https:\/\/africadailyreport.com\/fr\/2024\/12\/01\/tchad-fin-des-accords-militaires-avec-paris-sans-logique-de-remplacement\/","title":{"rendered":"Tchad: fin des accords militaires avec Paris sans \u00ab\u00a0logique de remplacement\u00a0\u00bb"},"content":{"rendered":"\n<h2 class=\"wp-block-heading\" id=\"h-n-djamena-nbsp-tchad-afp-le-president-tchadien-a-assure-dimanche-que-son-pays-le-dernier-a-abriter-des-forces-francaises-au-sahel-ou-moscou-gagne-du-terrain-avait-mis-fin-aux-accords-militaires-avec-paris-sans-toutefois-envisager-une-nbsp-logique-de-remplacement-d-une-puissance-par-une-autre\"><em>N&rsquo;Djamena,&nbsp;Tchad &#8211; (AFP) <\/em>&#8211; Le pr\u00e9sident tchadien a assur\u00e9 dimanche que son pays, le dernier \u00e0 abriter des forces fran\u00e7aises au Sahel o\u00f9 Moscou gagne du terrain, avait mis fin aux accords militaires avec Paris sans toutefois envisager une&nbsp;\u00ab\u00a0logique de remplacement d&rsquo;une puissance par une autre\u00a0\u00bb.<\/h2>\n\n\n\n<figure class=\"wp-block-image size-large\"><img loading=\"lazy\" decoding=\"async\" width=\"2560\" height=\"1607\" src=\"https:\/\/i0.wp.com\/africadailyreport.com\/wp-content\/uploads\/2024\/12\/AFP__20241130__36NR78Y__v1__HighRes__FilesChadFranceMilitaryArmyDiplomacy-1-scaled.jpg?fit=696%2C437&amp;ssl=1\" alt=\"\" class=\"wp-image-15001\" srcset=\"https:\/\/i0.wp.com\/africadailyreport.com\/wp-content\/uploads\/2024\/12\/AFP__20241130__36NR78Y__v1__HighRes__FilesChadFranceMilitaryArmyDiplomacy-1-scaled.jpg?w=2560&amp;ssl=1 2560w, https:\/\/i0.wp.com\/africadailyreport.com\/wp-content\/uploads\/2024\/12\/AFP__20241130__36NR78Y__v1__HighRes__FilesChadFranceMilitaryArmyDiplomacy-1-scaled.jpg?resize=300%2C188&amp;ssl=1 300w, https:\/\/i0.wp.com\/africadailyreport.com\/wp-content\/uploads\/2024\/12\/AFP__20241130__36NR78Y__v1__HighRes__FilesChadFranceMilitaryArmyDiplomacy-1-scaled.jpg?resize=1024%2C643&amp;ssl=1 1024w, https:\/\/i0.wp.com\/africadailyreport.com\/wp-content\/uploads\/2024\/12\/AFP__20241130__36NR78Y__v1__HighRes__FilesChadFranceMilitaryArmyDiplomacy-1-scaled.jpg?resize=768%2C482&amp;ssl=1 768w, https:\/\/i0.wp.com\/africadailyreport.com\/wp-content\/uploads\/2024\/12\/AFP__20241130__36NR78Y__v1__HighRes__FilesChadFranceMilitaryArmyDiplomacy-1-scaled.jpg?resize=1536%2C964&amp;ssl=1 1536w, https:\/\/i0.wp.com\/africadailyreport.com\/wp-content\/uploads\/2024\/12\/AFP__20241130__36NR78Y__v1__HighRes__FilesChadFranceMilitaryArmyDiplomacy-1-scaled.jpg?resize=2048%2C1286&amp;ssl=1 2048w, https:\/\/i0.wp.com\/africadailyreport.com\/wp-content\/uploads\/2024\/12\/AFP__20241130__36NR78Y__v1__HighRes__FilesChadFranceMilitaryArmyDiplomacy-1-scaled.jpg?resize=669%2C420&amp;ssl=1 669w, https:\/\/i0.wp.com\/africadailyreport.com\/wp-content\/uploads\/2024\/12\/AFP__20241130__36NR78Y__v1__HighRes__FilesChadFranceMilitaryArmyDiplomacy-1-scaled.jpg?resize=150%2C94&amp;ssl=1 150w, https:\/\/i0.wp.com\/africadailyreport.com\/wp-content\/uploads\/2024\/12\/AFP__20241130__36NR78Y__v1__HighRes__FilesChadFranceMilitaryArmyDiplomacy-1-scaled.jpg?resize=696%2C437&amp;ssl=1 696w, https:\/\/i0.wp.com\/africadailyreport.com\/wp-content\/uploads\/2024\/12\/AFP__20241130__36NR78Y__v1__HighRes__FilesChadFranceMilitaryArmyDiplomacy-1-scaled.jpg?resize=1068%2C671&amp;ssl=1 1068w, https:\/\/i0.wp.com\/africadailyreport.com\/wp-content\/uploads\/2024\/12\/AFP__20241130__36NR78Y__v1__HighRes__FilesChadFranceMilitaryArmyDiplomacy-1-scaled.jpg?resize=1920%2C1205&amp;ssl=1 1920w, https:\/\/i0.wp.com\/africadailyreport.com\/wp-content\/uploads\/2024\/12\/AFP__20241130__36NR78Y__v1__HighRes__FilesChadFranceMilitaryArmyDiplomacy-1-scaled.jpg?w=1392&amp;ssl=1 1392w\" sizes=\"auto, (max-width: 696px) 100vw, 696px\" \/><figcaption class=\"wp-element-caption\">(FILES) French officers talk to Chadian gendarmes near Abeche (Eastern Chad), 15 November 2007, as they partol and secure the western part of Darfur border in Chad. European Union will send soon almost 4,300 soldiers to secure the refugees camps in Chad where around 400,000 refugees and displaced Chadians are gathered. &#8211; Chad announced on November 28, 2024 that it was ending military cooperation with former colonial power France, just hours after a visit by French Foreign Minister Jean-Noel Barrot. Chad is a key link in France&rsquo;s military presence in Africa, constituting Paris&rsquo;s last foothold in the Sahel after the forced withdrawal of its troops from Mali, Burkina Faso and Niger. (Photo by Thomas COEX \/ AFP)<\/figcaption><\/figure>\n\n\n\n<p>\u00ab\u00a0Pour lever toute ambigu\u00eft\u00e9, cette d\u00e9cision de rupture ne constitue en aucun cas un rejet de la coop\u00e9ration internationale, ni une remise en question de nos relations diplomatiques avec la France\u00a0\u00bb, a dit le g\u00e9n\u00e9ral Mahamat Idriss D\u00e9by, quelques jours apr\u00e8s l&rsquo;annonce surprise de la rupture de ces accords avec son alli\u00e9 traditionnel, qui remontaient \u00e0 l&rsquo;ind\u00e9pendance du pays.<\/p>\n\n\n\n<p>\u00ab\u00a0Le Tchad n&rsquo;est nullement dans une logique de remplacement d&rsquo;une puissance par une autre, encore moins dans une approche de changement de ma\u00eetre\u00a0\u00bb, a assur\u00e9 le chef d&rsquo;Etat dans une d\u00e9claration \u00e0 la presse, invoquant la \u00ab\u00a0souverainet\u00e9\u00a0\u00bb de son pays et soulignant que&nbsp;\u00ab\u00a0cette d\u00e9cision n&rsquo;a pas \u00e9t\u00e9 prise de mani\u00e8re l\u00e9g\u00e8re\u00a0\u00bb.<\/p>\n\n\n\n<p>Jeudi, l&rsquo;annonce de la suspension des accords militaires faite par un communiqu\u00e9 du ministre des Affaires \u00e9trang\u00e8res tchadien post\u00e9 sur Facebook quelques heures apr\u00e8s une visite de son homologue fran\u00e7ais \u00e0 la fronti\u00e8re soudanaise, a surpris Paris qui a d\u00e9clar\u00e9 seulement le lendemain soir \u00ab\u00a0prendre acte\u00a0\u00bb.<\/p>\n\n\n\n<p>La France a d\u00e9j\u00e0 \u00e9t\u00e9 contrainte d&rsquo;\u00e9vacuer ses troupes du Mali, du Burkina Faso et du Niger entre 2022 et 2023 apr\u00e8s l&rsquo;arriv\u00e9e au pouvoir de juntes militaires qui se sont rapproch\u00e9es de Moscou.&nbsp;Le pr\u00e9sident s\u00e9n\u00e9galais Bassirou Diomaye Faye a \u00e9galement indiqu\u00e9 jeudi dans un entretien \u00e0 l&rsquo;AFP que la France allait devoir fermer ses bases militaires au S\u00e9n\u00e9gal.<\/p>\n\n\n\n<h2 class=\"wp-block-heading\" id=\"h-obsolete\">&#8211; \u00ab\u00a0Obsol\u00e8te\u00a0\u00bb &#8211;<\/h2>\n\n\n\n<p>\u00ab\u00a0Nous avons d\u00e9cid\u00e9 de mettre un terme a cette coop\u00e9ration militaire pour r\u00e9orienter notre partenariat avec la France sur d&rsquo;autres domaines qui auront plus d&rsquo;impacts positifs sur le quotidien de nos populations&nbsp;respectives\u00a0\u00bb, a expliqu\u00e9 dimanche le pr\u00e9sident tchadien.<\/p>\n\n\n\n<p>\u00ab\u00a0Le Tchad continuera de jouer tout son r\u00f4le et d&rsquo;occuper toute sa place au sein des initiatives de renforcement de la paix et de la s\u00e9curit\u00e9 sur le continent&nbsp;africain\u00a0\u00bb, s&rsquo;est-il engag\u00e9.<\/p>\n\n\n\n<p>Les accords de coop\u00e9ration militaire avec la France \u00e9taient devenus \u00ab\u00a0compl\u00e9tement obsol\u00e8tes\u00a0\u00bb et ne correspondent plus \u00ab\u00a0aux r\u00e9alit\u00e9s politiques et g\u00e9ostrat\u00e9giques de notre temps\u00a0\u00bb, a ajout\u00e9 le chef d&rsquo;Etat, \u00e9voquant notamment \u00ab\u00a0des attaques de dimension terroriste\u00a0\u00bb auxquelles le pays fait face.<\/p>\n\n\n\n<p>Le g\u00e9n\u00e9ral D\u00e9by s&rsquo;exprimait dimanche soir pour la premi\u00e8re fois depuis l&rsquo;annonce, choisissant de prendre la parole lors de la c\u00e9r\u00e9monie officielle marquant l&rsquo;av\u00e8nement de la d\u00e9mocratie au Tchad il y a 34 ans.<\/p>\n\n\n\n<p>L&rsquo;annonce jeudi avait elle aussi \u00e9t\u00e9 faite le jour anniversaire symbolique de la proclamation de la R\u00e9publique tchadienne en 1958.<\/p>\n\n\n\n<p>Dernier point d&rsquo;ancrage de la France au Sahel, le Tchad accueille un millier de militaires fran\u00e7ais r\u00e9partis sur trois bases.<\/p>\n\n\n\n<p>\u00ab\u00a0Le gouvernement est instruit \u00e0 prendre attache avec la partie fran\u00e7aise pour la mise en \u0153uvre de cette d\u00e9cision\u00a0\u00bb, a pr\u00e9cis\u00e9 le g\u00e9n\u00e9ral D\u00e9by dimanche.<\/p>\n\n\n\n<p>L&rsquo;accord pr\u00e9voit que \u00ab\u00a0chaque partie peut d\u00e9noncer le pr\u00e9sent trait\u00e9 par le biais d&rsquo;une notification \u00e9crite\u00a0\u00bb, cette d\u00e9nonciation \u00ab\u00a0prenant effet six mois apr\u00e8s r\u00e9ception\u00a0\u00bb par l&rsquo;autre partie, selon le texte dont l&rsquo;AFP a eu copie.<\/p>\n\n\n\n<p>Selon le Quai d&rsquo;Orsay, Paris avait d\u00e9j\u00e0 entam\u00e9 \u00ab\u00a0une r\u00e9flexion et un dialogue avec ses partenaires sur la reconfiguration de ses dispositifs militaires en Afrique\u00a0\u00bb.<\/p>\n\n\n\n<p>En mai dernier se sont achev\u00e9es \u00e0 N&rsquo;Djamena trois ann\u00e9es de transition avec l&rsquo;\u00e9lection de Mahamat Idriss D\u00e9by, port\u00e9 au pouvoir par une junte militaire apr\u00e8s la mort de son p\u00e8re Idriss D\u00e9by tu\u00e9 par des rebelles au front.<\/p>\n\n\n\n<p>Menac\u00e9 par des offensives rebelles, D\u00e9by p\u00e8re avait pu compter sur l&rsquo;appui de l&rsquo;arm\u00e9e fran\u00e7aise pour repousser celles-ci en 2008 puis en 2019.<\/p>\n\n\n\n<p><\/p>\n\n\n\n<p>\u00a9 Agence France-Presse<\/p>\n","protected":false},"excerpt":{"rendered":"<p>N&rsquo;Djamena,&nbsp;Tchad &#8211; (AFP) &#8211; Le pr\u00e9sident tchadien a assur\u00e9 dimanche que son pays, le dernier \u00e0 abriter des forces fran\u00e7aises au Sahel o\u00f9 Moscou gagne du terrain, avait mis fin aux accords militaires avec Paris sans toutefois envisager une&nbsp;\u00ab\u00a0logique de remplacement d&rsquo;une puissance par une autre\u00a0\u00bb. \u00ab\u00a0Pour lever toute ambigu\u00eft\u00e9, cette d\u00e9cision de rupture ne [&hellip;]<\/p>\n","protected":false},"author":10,"featured_media":15002,"comment_status":"open","ping_status":"open","sticky":false,"template":"","format":"standard","meta":{"_acf_changed":false,"om_disable_all_campaigns":false,"_monsterinsights_skip_tracking":false,"_monsterinsights_sitenote_active":false,"_monsterinsights_sitenote_note":"","_monsterinsights_sitenote_category":0,"tdm_status":"","tdm_grid_status":"","_jetpack_newsletter_access":"","_jetpack_dont_email_post_to_subs":false,"_jetpack_newsletter_tier_id":0,"_jetpack_memberships_contains_paywalled_content":false,"_jetpack_memberships_contains_paid_content":false,"footnotes":""},"categories":[293,802,1241,978],"tags":[1398,2202,1067,784,812,2194,1022],"adr_country":[1090,1094,2171],"class_list":{"0":"post-14998","1":"post","2":"type-post","3":"status-publish","4":"format-standard","5":"has-post-thumbnail","7":"category-actualites-fr","8":"category-depeche-fr","9":"category-lead-2-fr","10":"category-problemes-sociaux","11":"tag-army-fr","12":"tag-defense-3-fr","13":"tag-diplomacy-fr","14":"tag-diplomatie-fr","15":"tag-france-fr","16":"tag-sahel-fr","17":"tag-tchad-fr","18":"adr_country-france","19":"adr_country-tchad","20":"adr_country-tchad-2-fr"},"acf":{"post_version":""},"yoast_head":"<!-- This site is optimized with the Yoast SEO Premium plugin v26.0 (Yoast SEO v27.4) - https:\/\/yoast.com\/product\/yoast-seo-premium-wordpress\/ -->\n<title>Tchad: fin des accords militaires avec Paris sans &quot;logique de remplacement&quot; - Africa Daily Report<\/title>\n<meta name=\"robots\" content=\"index, follow, max-snippet:-1, max-image-preview:large, max-video-preview:-1\" \/>\n<link rel=\"canonical\" href=\"https:\/\/africadailyreport.com\/fr\/2024\/12\/01\/tchad-fin-des-accords-militaires-avec-paris-sans-logique-de-remplacement\/\" \/>\n<meta property=\"og:locale\" content=\"fr_FR\" \/>\n<meta property=\"og:type\" content=\"article\" \/>\n<meta property=\"og:title\" content=\"Tchad: fin des accords militaires avec Paris sans &quot;logique de remplacement&quot;\" \/>\n<meta property=\"og:description\" content=\"N&rsquo;Djamena,&nbsp;Tchad &#8211; (AFP) &#8211; Le pr\u00e9sident tchadien a assur\u00e9 dimanche que son pays, le dernier \u00e0 abriter des forces fran\u00e7aises au Sahel o\u00f9 Moscou gagne du terrain, avait mis fin aux accords militaires avec Paris sans toutefois envisager une&nbsp;\u00ab\u00a0logique de remplacement d&rsquo;une puissance par une autre\u00a0\u00bb. \u00ab\u00a0Pour lever toute ambigu\u00eft\u00e9, cette d\u00e9cision de rupture ne [&hellip;]\" \/>\n<meta property=\"og:url\" content=\"https:\/\/africadailyreport.com\/fr\/2024\/12\/01\/tchad-fin-des-accords-militaires-avec-paris-sans-logique-de-remplacement\/\" \/>\n<meta property=\"og:site_name\" content=\"Africa Daily Report\" \/>\n<meta property=\"article:publisher\" content=\"https:\/\/www.facebook.com\/africadailyreport\" \/>\n<meta property=\"article:published_time\" content=\"2024-12-01T22:39:25+00:00\" \/>\n<meta property=\"article:modified_time\" content=\"2024-12-01T22:47:15+00:00\" \/>\n<meta property=\"og:image\" content=\"https:\/\/africadailyreport.com\/wp-content\/uploads\/2024\/12\/AFP__20241130__36NR78Y__v1__HighRes__FilesChadFranceMilitaryArmyDiplomacy-1-scaled.jpg\" \/>\n\t<meta property=\"og:image:width\" content=\"2560\" \/>\n\t<meta property=\"og:image:height\" content=\"1607\" \/>\n\t<meta property=\"og:image:type\" content=\"image\/jpeg\" \/>\n<meta name=\"author\" content=\"ADR\/AFP\" \/>\n<meta name=\"twitter:card\" content=\"summary_large_image\" \/>\n<meta name=\"twitter:creator\" content=\"@adr_africa\" \/>\n<meta name=\"twitter:site\" content=\"@adr_africa\" \/>\n<meta name=\"twitter:label1\" content=\"\u00c9crit par\" \/>\n\t<meta name=\"twitter:data1\" content=\"ADR\/AFP\" \/>\n\t<meta name=\"twitter:label2\" content=\"Dur\u00e9e de lecture estim\u00e9e\" \/>\n\t<meta name=\"twitter:data2\" content=\"4 minutes\" \/>\n<script type=\"application\/ld+json\" class=\"yoast-schema-graph\">{\"@context\":\"https:\\\/\\\/schema.org\",\"@graph\":[{\"@type\":\"Article\",\"@id\":\"https:\\\/\\\/africadailyreport.com\\\/fr\\\/2024\\\/12\\\/01\\\/tchad-fin-des-accords-militaires-avec-paris-sans-logique-de-remplacement\\\/#article\",\"isPartOf\":{\"@id\":\"https:\\\/\\\/africadailyreport.com\\\/fr\\\/2024\\\/12\\\/01\\\/tchad-fin-des-accords-militaires-avec-paris-sans-logique-de-remplacement\\\/\"},\"author\":{\"name\":\"ADR\\\/AFP\",\"@id\":\"https:\\\/\\\/africadailyreport.com\\\/fr\\\/#\\\/schema\\\/person\\\/c44d86d79f5570b3ba4cf70c989843f8\"},\"headline\":\"Tchad: fin des accords militaires avec Paris sans \u00ab\u00a0logique de remplacement\u00a0\u00bb\",\"datePublished\":\"2024-12-01T22:39:25+00:00\",\"dateModified\":\"2024-12-01T22:47:15+00:00\",\"mainEntityOfPage\":{\"@id\":\"https:\\\/\\\/africadailyreport.com\\\/fr\\\/2024\\\/12\\\/01\\\/tchad-fin-des-accords-militaires-avec-paris-sans-logique-de-remplacement\\\/\"},\"wordCount\":829,\"commentCount\":0,\"publisher\":{\"@id\":\"https:\\\/\\\/africadailyreport.com\\\/fr\\\/#organization\"},\"image\":{\"@id\":\"https:\\\/\\\/africadailyreport.com\\\/fr\\\/2024\\\/12\\\/01\\\/tchad-fin-des-accords-militaires-avec-paris-sans-logique-de-remplacement\\\/#primaryimage\"},\"thumbnailUrl\":\"https:\\\/\\\/i0.wp.com\\\/africadailyreport.com\\\/wp-content\\\/uploads\\\/2024\\\/12\\\/AFP__20241130__36NR78Y__v1__HighRes__FilesChadFranceMilitaryArmyDiplomacy-1-scaled.jpg?fit=2560%2C1607&ssl=1\",\"keywords\":[\"army\",\"d\u00e9fense\",\"diplomacy\",\"diplomatie\",\"france\",\"sahel\",\"Tchad\"],\"articleSection\":[\"Actualit\u00e9s\",\"D\u00e9p\u00eache\",\"LEAD\",\"Probl\u00e8mes sociaux\"],\"inLanguage\":\"fr-FR\",\"potentialAction\":[{\"@type\":\"CommentAction\",\"name\":\"Comment\",\"target\":[\"https:\\\/\\\/africadailyreport.com\\\/fr\\\/2024\\\/12\\\/01\\\/tchad-fin-des-accords-militaires-avec-paris-sans-logique-de-remplacement\\\/#respond\"]}],\"copyrightYear\":\"2024\",\"copyrightHolder\":{\"@id\":\"https:\\\/\\\/africadailyreport.com\\\/#organization\"}},{\"@type\":\"WebPage\",\"@id\":\"https:\\\/\\\/africadailyreport.com\\\/fr\\\/2024\\\/12\\\/01\\\/tchad-fin-des-accords-militaires-avec-paris-sans-logique-de-remplacement\\\/\",\"url\":\"https:\\\/\\\/africadailyreport.com\\\/fr\\\/2024\\\/12\\\/01\\\/tchad-fin-des-accords-militaires-avec-paris-sans-logique-de-remplacement\\\/\",\"name\":\"Tchad: fin des accords militaires avec Paris sans \\\"logique de remplacement\\\" - Africa Daily Report\",\"isPartOf\":{\"@id\":\"https:\\\/\\\/africadailyreport.com\\\/fr\\\/#website\"},\"primaryImageOfPage\":{\"@id\":\"https:\\\/\\\/africadailyreport.com\\\/fr\\\/2024\\\/12\\\/01\\\/tchad-fin-des-accords-militaires-avec-paris-sans-logique-de-remplacement\\\/#primaryimage\"},\"image\":{\"@id\":\"https:\\\/\\\/africadailyreport.com\\\/fr\\\/2024\\\/12\\\/01\\\/tchad-fin-des-accords-militaires-avec-paris-sans-logique-de-remplacement\\\/#primaryimage\"},\"thumbnailUrl\":\"https:\\\/\\\/i0.wp.com\\\/africadailyreport.com\\\/wp-content\\\/uploads\\\/2024\\\/12\\\/AFP__20241130__36NR78Y__v1__HighRes__FilesChadFranceMilitaryArmyDiplomacy-1-scaled.jpg?fit=2560%2C1607&ssl=1\",\"datePublished\":\"2024-12-01T22:39:25+00:00\",\"dateModified\":\"2024-12-01T22:47:15+00:00\",\"breadcrumb\":{\"@id\":\"https:\\\/\\\/africadailyreport.com\\\/fr\\\/2024\\\/12\\\/01\\\/tchad-fin-des-accords-militaires-avec-paris-sans-logique-de-remplacement\\\/#breadcrumb\"},\"inLanguage\":\"fr-FR\",\"potentialAction\":[{\"@type\":\"ReadAction\",\"target\":[\"https:\\\/\\\/africadailyreport.com\\\/fr\\\/2024\\\/12\\\/01\\\/tchad-fin-des-accords-militaires-avec-paris-sans-logique-de-remplacement\\\/\"]}]},{\"@type\":\"ImageObject\",\"inLanguage\":\"fr-FR\",\"@id\":\"https:\\\/\\\/africadailyreport.com\\\/fr\\\/2024\\\/12\\\/01\\\/tchad-fin-des-accords-militaires-avec-paris-sans-logique-de-remplacement\\\/#primaryimage\",\"url\":\"https:\\\/\\\/i0.wp.com\\\/africadailyreport.com\\\/wp-content\\\/uploads\\\/2024\\\/12\\\/AFP__20241130__36NR78Y__v1__HighRes__FilesChadFranceMilitaryArmyDiplomacy-1-scaled.jpg?fit=2560%2C1607&ssl=1\",\"contentUrl\":\"https:\\\/\\\/i0.wp.com\\\/africadailyreport.com\\\/wp-content\\\/uploads\\\/2024\\\/12\\\/AFP__20241130__36NR78Y__v1__HighRes__FilesChadFranceMilitaryArmyDiplomacy-1-scaled.jpg?fit=2560%2C1607&ssl=1\",\"width\":2560,\"height\":1607,\"caption\":\"(FILES) French officers talk to Chadian gendarmes near Abeche (Eastern Chad), 15 November 2007, as they partol and secure the western part of Darfur border in Chad. European Union will send soon almost 4,300 soldiers to secure the refugees camps in Chad where around 400,000 refugees and displaced Chadians are gathered. - Chad announced on November 28, 2024 that it was ending military cooperation with former colonial power France, just hours after a visit by French Foreign Minister Jean-Noel Barrot. Chad is a key link in France's military presence in Africa, constituting Paris's last foothold in the Sahel after the forced withdrawal of its troops from Mali, Burkina Faso and Niger. (Photo by Thomas COEX \\\/ AFP)\"},{\"@type\":\"BreadcrumbList\",\"@id\":\"https:\\\/\\\/africadailyreport.com\\\/fr\\\/2024\\\/12\\\/01\\\/tchad-fin-des-accords-militaires-avec-paris-sans-logique-de-remplacement\\\/#breadcrumb\",\"itemListElement\":[{\"@type\":\"ListItem\",\"position\":1,\"name\":\"Home\",\"item\":\"https:\\\/\\\/africadailyreport.com\\\/fr\\\/\"},{\"@type\":\"ListItem\",\"position\":2,\"name\":\"Tchad: fin des accords militaires avec Paris sans &#8220;logique de remplacement&#8221;\"}]},{\"@type\":\"WebSite\",\"@id\":\"https:\\\/\\\/africadailyreport.com\\\/fr\\\/#website\",\"url\":\"https:\\\/\\\/africadailyreport.com\\\/fr\\\/\",\"name\":\"Africa Daily Report\",\"description\":\"\",\"publisher\":{\"@id\":\"https:\\\/\\\/africadailyreport.com\\\/fr\\\/#organization\"},\"potentialAction\":[{\"@type\":\"SearchAction\",\"target\":{\"@type\":\"EntryPoint\",\"urlTemplate\":\"https:\\\/\\\/africadailyreport.com\\\/fr\\\/?s={search_term_string}\"},\"query-input\":{\"@type\":\"PropertyValueSpecification\",\"valueRequired\":true,\"valueName\":\"search_term_string\"}}],\"inLanguage\":\"fr-FR\"},{\"@type\":\"Organization\",\"@id\":\"https:\\\/\\\/africadailyreport.com\\\/fr\\\/#organization\",\"name\":\"Africa Daily Report\",\"url\":\"https:\\\/\\\/africadailyreport.com\\\/fr\\\/\",\"logo\":{\"@type\":\"ImageObject\",\"inLanguage\":\"fr-FR\",\"@id\":\"https:\\\/\\\/africadailyreport.com\\\/fr\\\/#\\\/schema\\\/logo\\\/image\\\/\",\"url\":\"https:\\\/\\\/africadailyreport.com\\\/wp-content\\\/uploads\\\/2024\\\/09\\\/ADR-Transparent-Green-Logo-1.png\",\"contentUrl\":\"https:\\\/\\\/africadailyreport.com\\\/wp-content\\\/uploads\\\/2024\\\/09\\\/ADR-Transparent-Green-Logo-1.png\",\"width\":267,\"height\":185,\"caption\":\"Africa Daily Report\"},\"image\":{\"@id\":\"https:\\\/\\\/africadailyreport.com\\\/fr\\\/#\\\/schema\\\/logo\\\/image\\\/\"},\"sameAs\":[\"https:\\\/\\\/www.facebook.com\\\/africadailyreport\",\"https:\\\/\\\/x.com\\\/adr_africa\",\"https:\\\/\\\/www.youtube.com\\\/@africadailyreport\",\"https:\\\/\\\/instagram.com\\\/africadailyreport\"]},{\"@type\":\"Person\",\"@id\":\"https:\\\/\\\/africadailyreport.com\\\/fr\\\/#\\\/schema\\\/person\\\/c44d86d79f5570b3ba4cf70c989843f8\",\"name\":\"ADR\\\/AFP\",\"image\":{\"@type\":\"ImageObject\",\"inLanguage\":\"fr-FR\",\"@id\":\"https:\\\/\\\/secure.gravatar.com\\\/avatar\\\/2fbdc3782aa386b408fd9a36f0bc78ee569c94a7a05670cab3a1d72916408214?s=96&d=mm&r=g\",\"url\":\"https:\\\/\\\/secure.gravatar.com\\\/avatar\\\/2fbdc3782aa386b408fd9a36f0bc78ee569c94a7a05670cab3a1d72916408214?s=96&d=mm&r=g\",\"contentUrl\":\"https:\\\/\\\/secure.gravatar.com\\\/avatar\\\/2fbdc3782aa386b408fd9a36f0bc78ee569c94a7a05670cab3a1d72916408214?s=96&d=mm&r=g\",\"caption\":\"ADR\\\/AFP\"},\"sameAs\":[\"http:\\\/\\\/africadailyreport.com\"],\"url\":\"https:\\\/\\\/africadailyreport.com\\\/fr\\\/author\\\/both\\\/\"}]}<\/script>\n<!-- \/ Yoast SEO Premium plugin. -->","yoast_head_json":{"title":"Tchad: fin des accords militaires avec Paris sans \"logique de remplacement\" - Africa Daily Report","robots":{"index":"index","follow":"follow","max-snippet":"max-snippet:-1","max-image-preview":"max-image-preview:large","max-video-preview":"max-video-preview:-1"},"canonical":"https:\/\/africadailyreport.com\/fr\/2024\/12\/01\/tchad-fin-des-accords-militaires-avec-paris-sans-logique-de-remplacement\/","og_locale":"fr_FR","og_type":"article","og_title":"Tchad: fin des accords militaires avec Paris sans \"logique de remplacement\"","og_description":"N&rsquo;Djamena,&nbsp;Tchad &#8211; (AFP) &#8211; Le pr\u00e9sident tchadien a assur\u00e9 dimanche que son pays, le dernier \u00e0 abriter des forces fran\u00e7aises au Sahel o\u00f9 Moscou gagne du terrain, avait mis fin aux accords militaires avec Paris sans toutefois envisager une&nbsp;\u00ab\u00a0logique de remplacement d&rsquo;une puissance par une autre\u00a0\u00bb. \u00ab\u00a0Pour lever toute ambigu\u00eft\u00e9, cette d\u00e9cision de rupture ne [&hellip;]","og_url":"https:\/\/africadailyreport.com\/fr\/2024\/12\/01\/tchad-fin-des-accords-militaires-avec-paris-sans-logique-de-remplacement\/","og_site_name":"Africa Daily Report","article_publisher":"https:\/\/www.facebook.com\/africadailyreport","article_published_time":"2024-12-01T22:39:25+00:00","article_modified_time":"2024-12-01T22:47:15+00:00","og_image":[{"width":2560,"height":1607,"url":"https:\/\/africadailyreport.com\/wp-content\/uploads\/2024\/12\/AFP__20241130__36NR78Y__v1__HighRes__FilesChadFranceMilitaryArmyDiplomacy-1-scaled.jpg","type":"image\/jpeg"}],"author":"ADR\/AFP","twitter_card":"summary_large_image","twitter_creator":"@adr_africa","twitter_site":"@adr_africa","twitter_misc":{"\u00c9crit par":"ADR\/AFP","Dur\u00e9e de lecture estim\u00e9e":"4 minutes"},"schema":{"@context":"https:\/\/schema.org","@graph":[{"@type":"Article","@id":"https:\/\/africadailyreport.com\/fr\/2024\/12\/01\/tchad-fin-des-accords-militaires-avec-paris-sans-logique-de-remplacement\/#article","isPartOf":{"@id":"https:\/\/africadailyreport.com\/fr\/2024\/12\/01\/tchad-fin-des-accords-militaires-avec-paris-sans-logique-de-remplacement\/"},"author":{"name":"ADR\/AFP","@id":"https:\/\/africadailyreport.com\/fr\/#\/schema\/person\/c44d86d79f5570b3ba4cf70c989843f8"},"headline":"Tchad: fin des accords militaires avec Paris sans \u00ab\u00a0logique de remplacement\u00a0\u00bb","datePublished":"2024-12-01T22:39:25+00:00","dateModified":"2024-12-01T22:47:15+00:00","mainEntityOfPage":{"@id":"https:\/\/africadailyreport.com\/fr\/2024\/12\/01\/tchad-fin-des-accords-militaires-avec-paris-sans-logique-de-remplacement\/"},"wordCount":829,"commentCount":0,"publisher":{"@id":"https:\/\/africadailyreport.com\/fr\/#organization"},"image":{"@id":"https:\/\/africadailyreport.com\/fr\/2024\/12\/01\/tchad-fin-des-accords-militaires-avec-paris-sans-logique-de-remplacement\/#primaryimage"},"thumbnailUrl":"https:\/\/i0.wp.com\/africadailyreport.com\/wp-content\/uploads\/2024\/12\/AFP__20241130__36NR78Y__v1__HighRes__FilesChadFranceMilitaryArmyDiplomacy-1-scaled.jpg?fit=2560%2C1607&ssl=1","keywords":["army","d\u00e9fense","diplomacy","diplomatie","france","sahel","Tchad"],"articleSection":["Actualit\u00e9s","D\u00e9p\u00eache","LEAD","Probl\u00e8mes sociaux"],"inLanguage":"fr-FR","potentialAction":[{"@type":"CommentAction","name":"Comment","target":["https:\/\/africadailyreport.com\/fr\/2024\/12\/01\/tchad-fin-des-accords-militaires-avec-paris-sans-logique-de-remplacement\/#respond"]}],"copyrightYear":"2024","copyrightHolder":{"@id":"https:\/\/africadailyreport.com\/#organization"}},{"@type":"WebPage","@id":"https:\/\/africadailyreport.com\/fr\/2024\/12\/01\/tchad-fin-des-accords-militaires-avec-paris-sans-logique-de-remplacement\/","url":"https:\/\/africadailyreport.com\/fr\/2024\/12\/01\/tchad-fin-des-accords-militaires-avec-paris-sans-logique-de-remplacement\/","name":"Tchad: fin des accords militaires avec Paris sans \"logique de remplacement\" - Africa Daily Report","isPartOf":{"@id":"https:\/\/africadailyreport.com\/fr\/#website"},"primaryImageOfPage":{"@id":"https:\/\/africadailyreport.com\/fr\/2024\/12\/01\/tchad-fin-des-accords-militaires-avec-paris-sans-logique-de-remplacement\/#primaryimage"},"image":{"@id":"https:\/\/africadailyreport.com\/fr\/2024\/12\/01\/tchad-fin-des-accords-militaires-avec-paris-sans-logique-de-remplacement\/#primaryimage"},"thumbnailUrl":"https:\/\/i0.wp.com\/africadailyreport.com\/wp-content\/uploads\/2024\/12\/AFP__20241130__36NR78Y__v1__HighRes__FilesChadFranceMilitaryArmyDiplomacy-1-scaled.jpg?fit=2560%2C1607&ssl=1","datePublished":"2024-12-01T22:39:25+00:00","dateModified":"2024-12-01T22:47:15+00:00","breadcrumb":{"@id":"https:\/\/africadailyreport.com\/fr\/2024\/12\/01\/tchad-fin-des-accords-militaires-avec-paris-sans-logique-de-remplacement\/#breadcrumb"},"inLanguage":"fr-FR","potentialAction":[{"@type":"ReadAction","target":["https:\/\/africadailyreport.com\/fr\/2024\/12\/01\/tchad-fin-des-accords-militaires-avec-paris-sans-logique-de-remplacement\/"]}]},{"@type":"ImageObject","inLanguage":"fr-FR","@id":"https:\/\/africadailyreport.com\/fr\/2024\/12\/01\/tchad-fin-des-accords-militaires-avec-paris-sans-logique-de-remplacement\/#primaryimage","url":"https:\/\/i0.wp.com\/africadailyreport.com\/wp-content\/uploads\/2024\/12\/AFP__20241130__36NR78Y__v1__HighRes__FilesChadFranceMilitaryArmyDiplomacy-1-scaled.jpg?fit=2560%2C1607&ssl=1","contentUrl":"https:\/\/i0.wp.com\/africadailyreport.com\/wp-content\/uploads\/2024\/12\/AFP__20241130__36NR78Y__v1__HighRes__FilesChadFranceMilitaryArmyDiplomacy-1-scaled.jpg?fit=2560%2C1607&ssl=1","width":2560,"height":1607,"caption":"(FILES) French officers talk to Chadian gendarmes near Abeche (Eastern Chad), 15 November 2007, as they partol and secure the western part of Darfur border in Chad. European Union will send soon almost 4,300 soldiers to secure the refugees camps in Chad where around 400,000 refugees and displaced Chadians are gathered. - Chad announced on November 28, 2024 that it was ending military cooperation with former colonial power France, just hours after a visit by French Foreign Minister Jean-Noel Barrot. Chad is a key link in France's military presence in Africa, constituting Paris's last foothold in the Sahel after the forced withdrawal of its troops from Mali, Burkina Faso and Niger. (Photo by Thomas COEX \/ AFP)"},{"@type":"BreadcrumbList","@id":"https:\/\/africadailyreport.com\/fr\/2024\/12\/01\/tchad-fin-des-accords-militaires-avec-paris-sans-logique-de-remplacement\/#breadcrumb","itemListElement":[{"@type":"ListItem","position":1,"name":"Home","item":"https:\/\/africadailyreport.com\/fr\/"},{"@type":"ListItem","position":2,"name":"Tchad: fin des accords militaires avec Paris sans &#8220;logique de remplacement&#8221;"}]},{"@type":"WebSite","@id":"https:\/\/africadailyreport.com\/fr\/#website","url":"https:\/\/africadailyreport.com\/fr\/","name":"Africa Daily Report","description":"","publisher":{"@id":"https:\/\/africadailyreport.com\/fr\/#organization"},"potentialAction":[{"@type":"SearchAction","target":{"@type":"EntryPoint","urlTemplate":"https:\/\/africadailyreport.com\/fr\/?s={search_term_string}"},"query-input":{"@type":"PropertyValueSpecification","valueRequired":true,"valueName":"search_term_string"}}],"inLanguage":"fr-FR"},{"@type":"Organization","@id":"https:\/\/africadailyreport.com\/fr\/#organization","name":"Africa Daily Report","url":"https:\/\/africadailyreport.com\/fr\/","logo":{"@type":"ImageObject","inLanguage":"fr-FR","@id":"https:\/\/africadailyreport.com\/fr\/#\/schema\/logo\/image\/","url":"https:\/\/africadailyreport.com\/wp-content\/uploads\/2024\/09\/ADR-Transparent-Green-Logo-1.png","contentUrl":"https:\/\/africadailyreport.com\/wp-content\/uploads\/2024\/09\/ADR-Transparent-Green-Logo-1.png","width":267,"height":185,"caption":"Africa Daily Report"},"image":{"@id":"https:\/\/africadailyreport.com\/fr\/#\/schema\/logo\/image\/"},"sameAs":["https:\/\/www.facebook.com\/africadailyreport","https:\/\/x.com\/adr_africa","https:\/\/www.youtube.com\/@africadailyreport","https:\/\/instagram.com\/africadailyreport"]},{"@type":"Person","@id":"https:\/\/africadailyreport.com\/fr\/#\/schema\/person\/c44d86d79f5570b3ba4cf70c989843f8","name":"ADR\/AFP","image":{"@type":"ImageObject","inLanguage":"fr-FR","@id":"https:\/\/secure.gravatar.com\/avatar\/2fbdc3782aa386b408fd9a36f0bc78ee569c94a7a05670cab3a1d72916408214?s=96&d=mm&r=g","url":"https:\/\/secure.gravatar.com\/avatar\/2fbdc3782aa386b408fd9a36f0bc78ee569c94a7a05670cab3a1d72916408214?s=96&d=mm&r=g","contentUrl":"https:\/\/secure.gravatar.com\/avatar\/2fbdc3782aa386b408fd9a36f0bc78ee569c94a7a05670cab3a1d72916408214?s=96&d=mm&r=g","caption":"ADR\/AFP"},"sameAs":["http:\/\/africadailyreport.com"],"url":"https:\/\/africadailyreport.com\/fr\/author\/both\/"}]}},"jetpack_featured_media_url":"https:\/\/i0.wp.com\/africadailyreport.com\/wp-content\/uploads\/2024\/12\/AFP__20241130__36NR78Y__v1__HighRes__FilesChadFranceMilitaryArmyDiplomacy-1-scaled.jpg?fit=2560%2C1607&ssl=1","jetpack_sharing_enabled":true,"amp_enabled":true,"_links":{"self":[{"href":"https:\/\/africadailyreport.com\/fr\/wp-json\/wp\/v2\/posts\/14998","targetHints":{"allow":["GET"]}}],"collection":[{"href":"https:\/\/africadailyreport.com\/fr\/wp-json\/wp\/v2\/posts"}],"about":[{"href":"https:\/\/africadailyreport.com\/fr\/wp-json\/wp\/v2\/types\/post"}],"author":[{"embeddable":true,"href":"https:\/\/africadailyreport.com\/fr\/wp-json\/wp\/v2\/users\/10"}],"replies":[{"embeddable":true,"href":"https:\/\/africadailyreport.com\/fr\/wp-json\/wp\/v2\/comments?post=14998"}],"version-history":[{"count":2,"href":"https:\/\/africadailyreport.com\/fr\/wp-json\/wp\/v2\/posts\/14998\/revisions"}],"predecessor-version":[{"id":15004,"href":"https:\/\/africadailyreport.com\/fr\/wp-json\/wp\/v2\/posts\/14998\/revisions\/15004"}],"wp:featuredmedia":[{"embeddable":true,"href":"https:\/\/africadailyreport.com\/fr\/wp-json\/wp\/v2\/media\/15002"}],"wp:attachment":[{"href":"https:\/\/africadailyreport.com\/fr\/wp-json\/wp\/v2\/media?parent=14998"}],"wp:term":[{"taxonomy":"category","embeddable":true,"href":"https:\/\/africadailyreport.com\/fr\/wp-json\/wp\/v2\/categories?post=14998"},{"taxonomy":"post_tag","embeddable":true,"href":"https:\/\/africadailyreport.com\/fr\/wp-json\/wp\/v2\/tags?post=14998"},{"taxonomy":"adr_country","embeddable":true,"href":"https:\/\/africadailyreport.com\/fr\/wp-json\/wp\/v2\/adr_country?post=14998"}],"curies":[{"name":"wp","href":"https:\/\/api.w.org\/{rel}","templated":true}]}}