{"id":14987,"date":"2024-12-01T04:00:03","date_gmt":"2024-12-01T04:00:03","guid":{"rendered":"https:\/\/africadailyreport.com\/2024\/12\/01\/the-strategic-split-between-france-and-chad-a-quest-for-sovereignty-or-geopolitical-realignment\/"},"modified":"2024-12-01T04:12:21","modified_gmt":"2024-12-01T04:12:21","slug":"the-strategic-split-between-france-and-chad-a-quest-for-sovereignty-or-geopolitical-realignment","status":"publish","type":"post","link":"https:\/\/africadailyreport.com\/fr\/2024\/12\/01\/the-strategic-split-between-france-and-chad-a-quest-for-sovereignty-or-geopolitical-realignment\/","title":{"rendered":"Une rupture strat\u00e9gique entre la France et le Tchad \u2013 Signes d\u2019une souverainet\u00e9 renforc\u00e9e ou repositionnement g\u00e9opolitique ?"},"content":{"rendered":"\n<p><\/p>\n\n\n\n<h3 class=\"wp-block-heading\" id=\"h-introduction-une-decision-qui-interpelle\"><strong><strong>Introduction : Une d\u00e9cision qui interpelle<\/strong><\/strong><\/h3>\n\n\n\n<p>La rupture entre le Tchad et la France concernant l\u2019accord de d\u00e9fense bilat\u00e9ral marque un tournant dans les relations franco-africaines. Quels sont les v\u00e9ritables enjeux derri\u00e8re cette d\u00e9cision ? Est-ce l\u2019affirmation d\u2019une souverainet\u00e9 nationale pour le Tchad, ou une man\u0153uvre tactique dans un contexte de tensions g\u00e9opolitiques croissantes ? En mettant fin \u00e0 cet accord, Mahamat Idriss D\u00e9by Itno envoie un signal fort \u00e0 la communaut\u00e9 internationale, mais soul\u00e8ve \u00e9galement des interrogations majeures : le Tchad peut-il conserver sa stabilit\u00e9 face \u00e0 des partenariats fluctuants ? Et quelle sera la r\u00e9ponse de la France, d\u00e9j\u00e0 affaiblie par une s\u00e9rie de revers en Afrique ? Cette analyse explore les dimensions historiques, politiques, \u00e9conomiques et strat\u00e9giques de cet \u00e9v\u00e9nement pour en saisir la port\u00e9e.<\/p>\n\n\n\n\n\n<hr class=\"wp-block-separator has-alpha-channel-opacity\"\/>\n\n\n\n<h3 class=\"wp-block-heading\" id=\"h-\"><\/h3>\n\n\n\n<p><\/p>\n\n\n\n<hr class=\"wp-block-separator has-alpha-channel-opacity\"\/>\n\n\n\n<h3 class=\"wp-block-heading\"><strong>1. Le Tchad face \u00e0 son histoire : une qu\u00eate de souverainet\u00e9 pleine et enti\u00e8re<\/strong><\/h3>\n\n\n\n<p>Depuis son ind\u00e9pendance en 1960, le Tchad a maintenu une relation complexe avec la France, souvent per\u00e7ue comme une continuit\u00e9 post-coloniale. Les bases militaires fran\u00e7aises sur son territoire ont servi \u00e0 stabiliser la r\u00e9gion, mais elles sont aussi devenues des symboles de suj\u00e9tion pour une partie de l\u2019opinion publique tchadienne. En annon\u00e7ant la fin de cet accord, le pr\u00e9sident Mahamat Idriss D\u00e9by Itno semble vouloir rompre avec cette image.<\/p>\n\n\n\n<p>Cette d\u00e9cision s\u2019inscrit dans une tendance panafricaniste plus large, port\u00e9e par des pays comme le Mali et le Burkina Faso, qui ont \u00e9galement demand\u00e9 le retrait des troupes fran\u00e7aises ces derni\u00e8res ann\u00e9es. Toutefois, contrairement \u00e0 ces nations, le Tchad n\u2019a pas totalement coup\u00e9 les ponts, affirmant sa volont\u00e9 de rester \u00ab\u00a0ouvert \u00e0 un dialogue constructif\u00a0\u00bb pour explorer de nouvelles formes de coop\u00e9ration.<\/p>\n\n\n\n<h4 class=\"wp-block-heading\"><strong>Contexte historique : une rupture attendue<\/strong><\/h4>\n\n\n\n<p>La pr\u00e9sence militaire fran\u00e7aise au Tchad remonte \u00e0 plus d\u2019un si\u00e8cle, depuis la bataille de Kousseri en 1900. Cette relation s\u2019est intensifi\u00e9e apr\u00e8s les ind\u00e9pendances, avec des accords de d\u00e9fense permettant \u00e0 la France d\u2019intervenir dans des conflits locaux, souvent pour soutenir des r\u00e9gimes alli\u00e9s. Toutefois, cette dynamique a \u00e9t\u00e9 mise en question ces derni\u00e8res ann\u00e9es, en particulier apr\u00e8s l\u2019intervention fran\u00e7aise jug\u00e9e insuffisante face \u00e0 l\u2019assaut rebelle sur N\u2019Djamena en 2008. Ce pr\u00e9c\u00e9dent a profond\u00e9ment marqu\u00e9 les relations bilat\u00e9rales, contribuant \u00e0 alimenter un sentiment d\u2019insatisfaction au sein du leadership tchadien.<\/p>\n\n\n\n<hr class=\"wp-block-separator has-alpha-channel-opacity\"\/>\n\n\n\n<h3 class=\"wp-block-heading\"><strong>2. La France \u00e0 la crois\u00e9e des chemins : une r\u00e9ponse mesur\u00e9e mais strat\u00e9gique<\/strong><\/h3>\n\n\n\n<p>Pour Paris, cette rupture constitue un d\u00e9fi majeur dans sa strat\u00e9gie africaine. Apr\u00e8s les d\u00e9parts du Mali, du Burkina Faso et du Niger, le retrait du Tchad pourrait accentuer l\u2019\u00e9rosion de son influence au Sahel. Cependant, la r\u00e9action fran\u00e7aise, exprim\u00e9e par le porte-parole Christophe Lemoine, reste prudente, insistant sur la volont\u00e9 de poursuivre le dialogue.<\/p>\n\n\n\n<h4 class=\"wp-block-heading\"><strong>Un cadre strat\u00e9gique en mutation<\/strong><\/h4>\n\n\n\n<p>La France a d\u00e9j\u00e0 amorc\u00e9 une reconfiguration de sa pr\u00e9sence militaire en Afrique, dans le cadre de la strat\u00e9gie annonc\u00e9e par Emmanuel Macron en 2022. L\u2019objectif est de r\u00e9duire la visibilit\u00e9 de ses bases militaires tout en renfor\u00e7ant les partenariats locaux. Mais au Tchad, cette strat\u00e9gie se heurte \u00e0 des obstacles majeurs : bien que Paris maintienne environ 1 000 soldats sur des bases cl\u00e9s comme Kosse\u00ef, son r\u00f4le dans la r\u00e9gion est contest\u00e9 par des acteurs comme la Russie, qui \u00e9tend son influence via des accords militaires et \u00e9conomiques.<\/p>\n\n\n\n<hr class=\"wp-block-separator has-alpha-channel-opacity\"\/>\n\n\n\n<h3 class=\"wp-block-heading\"><strong>3. Le Tchad comme pivot g\u00e9opolitique : entre alliances anciennes et nouvelles influences<\/strong><\/h3>\n\n\n\n<p>Le positionnement g\u00e9ographique et strat\u00e9gique du Tchad en fait un acteur cl\u00e9 au Sahel. Sa stabilit\u00e9 relative et son r\u00f4le dans la lutte contre le terrorisme en font un alli\u00e9 pr\u00e9cieux pour les puissances occidentales. Cependant, le contexte actuel montre que N\u2019Djamena cherche \u00e0 diversifier ses partenariats, notamment en renfor\u00e7ant ses relations avec la Russie, la Turquie et les \u00c9mirats arabes unis.<\/p>\n\n\n\n<h4 class=\"wp-block-heading\"><strong>Mont\u00e9e en puissance de nouveaux acteurs<\/strong><\/h4>\n\n\n\n<ul class=\"wp-block-list\">\n<li><strong>Russie<\/strong> : La coop\u00e9ration entre le Tchad et Moscou s\u2019intensifie, notamment dans les domaines de la formation militaire et des \u00e9changes acad\u00e9miques. La visite de Mahamat Idriss D\u00e9by Itno au Kremlin en janvier 2024 illustre cette dynamique.<\/li>\n\n\n\n<li><strong>Turquie et \u00c9mirats arabes unis<\/strong> : Ces pays ont consolid\u00e9 leurs relations avec le Tchad par le biais d\u2019accords d\u2019armement et d\u2019aide militaire. Cette diversification traduit une volont\u00e9 de ne plus d\u00e9pendre d\u2019un seul partenaire.<\/li>\n<\/ul>\n\n\n\n<hr class=\"wp-block-separator has-alpha-channel-opacity\"\/>\n\n\n\n<h3 class=\"wp-block-heading\"><strong>4. Une analyse multi-perspective : enjeux locaux, r\u00e9gionaux et internationaux<\/strong><\/h3>\n\n\n\n<h4 class=\"wp-block-heading\"><strong>Impact local : souverainet\u00e9 et d\u00e9fis \u00e9conomiques<\/strong><\/h4>\n\n\n\n<p>Le discours officiel tchadien insiste sur la n\u00e9cessit\u00e9 de prioriser les int\u00e9r\u00eats nationaux, mais la fin de l\u2019accord de d\u00e9fense pourrait compliquer la gestion des d\u00e9fis s\u00e9curitaires internes. Avec des groupes jihadistes actifs dans la r\u00e9gion, le Tchad devra investir davantage dans ses propres capacit\u00e9s de d\u00e9fense.<\/p>\n\n\n\n<h4 class=\"wp-block-heading\"><strong>Dimension r\u00e9gionale : un effet domino ?<\/strong><\/h4>\n\n\n\n<p>La d\u00e9cision tchadienne pourrait inspirer d\u2019autres pays de la r\u00e9gion \u00e0 reconsid\u00e9rer leurs relations avec la France. Le Mali, le Niger et le Burkina Faso ont d\u00e9j\u00e0 amorc\u00e9 une telle transition, et le Tchad pourrait devenir un mod\u00e8le pour d\u2019autres \u00c9tats cherchant \u00e0 red\u00e9finir leurs alliances strat\u00e9giques.<\/p>\n\n\n\n<h4 class=\"wp-block-heading\"><strong>Port\u00e9e internationale : la France face \u00e0 la concurrence<\/strong><\/h4>\n\n\n\n<p>Au-del\u00e0 de la Russie, d\u2019autres puissances comme la Chine et la Hongrie cherchent \u00e0 s\u2019implanter au Sahel, exploitant le vide laiss\u00e9 par le retrait des forces occidentales. Cette comp\u00e9tition pourrait redistribuer les cartes dans la r\u00e9gion, avec des implications pour la stabilit\u00e9 et le d\u00e9veloppement \u00e9conomique.<\/p>\n\n\n\n<hr class=\"wp-block-separator has-alpha-channel-opacity\"\/>\n\n\n\n<h3 class=\"wp-block-heading\"><strong>5. Vers une refondation des relations franco-africaines ?<\/strong><\/h3>\n\n\n\n<p>La rupture avec le Tchad illustre une \u00e9volution in\u00e9vitable des relations entre la France et l\u2019Afrique. Les anciennes dynamiques, h\u00e9rit\u00e9es de l\u2019\u00e9poque coloniale, ne sont plus viables dans un contexte o\u00f9 les nations africaines affirment leur autonomie. Toutefois, cette transition n\u00e9cessite des ajustements de part et d\u2019autre. Pour la France, il s\u2019agit de reconstruire des partenariats sur des bases \u00e9galitaires. Pour le Tchad, il faudra trouver un \u00e9quilibre entre diversification des alliances et pr\u00e9servation de sa stabilit\u00e9 interne.<\/p>\n\n\n\n<hr class=\"wp-block-separator has-alpha-channel-opacity\"\/>\n\n\n\n<h3 class=\"wp-block-heading\"><strong>Conclusion : Une opportunit\u00e9 pour une nouvelle \u00e8re ?<\/strong><\/h3>\n\n\n\n<p>En d\u00e9non\u00e7ant l\u2019accord de d\u00e9fense avec la France, le Tchad pose un acte politique fort, mais non sans risques. Cette d\u00e9cision refl\u00e8te une volont\u00e9 d\u2019\u00e9mancipation, mais elle expose \u00e9galement le pays \u00e0 des d\u00e9fis s\u00e9curitaires et diplomatiques complexes. La France, de son c\u00f4t\u00e9, doit repenser sa strat\u00e9gie pour rester pertinente sur le continent. Cette rupture, bien que per\u00e7ue comme un revers pour Paris, pourrait ouvrir la voie \u00e0 une refondation des relations franco-africaines, sur des bases enfin lib\u00e9r\u00e9es des h\u00e9ritages du pass\u00e9.<\/p>\n\n\n\n<hr class=\"wp-block-separator has-alpha-channel-opacity\"\/>\n\n\n\n<p>\u00a9 2024 &#8211; O Bulamba \/ ADR<\/p>\n","protected":false},"excerpt":{"rendered":"<p>Introduction : Une d\u00e9cision qui interpelle La rupture entre le Tchad et la France concernant l\u2019accord de d\u00e9fense bilat\u00e9ral marque un tournant dans les relations franco-africaines. Quels sont les v\u00e9ritables enjeux derri\u00e8re cette d\u00e9cision ? Est-ce l\u2019affirmation d\u2019une souverainet\u00e9 nationale pour le Tchad, ou une man\u0153uvre tactique dans un contexte de tensions g\u00e9opolitiques croissantes ? [&hellip;]<\/p>\n","protected":false},"author":1,"featured_media":14985,"comment_status":"open","ping_status":"open","sticky":false,"template":"","format":"standard","meta":{"_acf_changed":false,"om_disable_all_campaigns":false,"_monsterinsights_skip_tracking":false,"_monsterinsights_sitenote_active":false,"_monsterinsights_sitenote_note":"","_monsterinsights_sitenote_category":0,"tdm_status":"","tdm_grid_status":"","_jetpack_newsletter_access":"","_jetpack_dont_email_post_to_subs":false,"_jetpack_newsletter_tier_id":0,"_jetpack_memberships_contains_paywalled_content":false,"_jetpack_memberships_contains_paid_content":false,"footnotes":""},"categories":[293,850],"tags":[2196,812,2198,2199,2200,2194,2197,1022],"adr_country":[1090,1094],"class_list":{"0":"post-14987","1":"post","2":"type-post","3":"status-publish","4":"format-standard","5":"has-post-thumbnail","7":"category-actualites-fr","8":"category-analyses-et-dossiers-fr","9":"tag-accords-de-defense","10":"tag-france-fr","11":"tag-geopolitique-2","12":"tag-influence-russe","13":"tag-partenariat-strategique","14":"tag-sahel-fr","15":"tag-souverainete","16":"tag-tchad-fr","17":"adr_country-france","18":"adr_country-tchad"},"acf":{"post_version":""},"yoast_head":"<!-- This site is optimized with the Yoast SEO Premium plugin v26.0 (Yoast SEO v27.4) - https:\/\/yoast.com\/product\/yoast-seo-premium-wordpress\/ -->\n<title>Une rupture strat\u00e9gique entre la France et le Tchad \u2013 Signes d\u2019une souverainet\u00e9 renforc\u00e9e ou repositionnement g\u00e9opolitique ? - Africa Daily Report<\/title>\n<meta name=\"robots\" content=\"index, follow, max-snippet:-1, max-image-preview:large, max-video-preview:-1\" \/>\n<link rel=\"canonical\" href=\"https:\/\/africadailyreport.com\/fr\/2024\/12\/01\/the-strategic-split-between-france-and-chad-a-quest-for-sovereignty-or-geopolitical-realignment\/\" \/>\n<meta property=\"og:locale\" content=\"fr_FR\" \/>\n<meta property=\"og:type\" content=\"article\" \/>\n<meta property=\"og:title\" content=\"Une rupture strat\u00e9gique entre la France et le Tchad \u2013 Signes d\u2019une souverainet\u00e9 renforc\u00e9e ou repositionnement g\u00e9opolitique ?\" \/>\n<meta property=\"og:description\" content=\"Introduction : Une d\u00e9cision qui interpelle La rupture entre le Tchad et la France concernant l\u2019accord de d\u00e9fense bilat\u00e9ral marque un tournant dans les relations franco-africaines. Quels sont les v\u00e9ritables enjeux derri\u00e8re cette d\u00e9cision ? Est-ce l\u2019affirmation d\u2019une souverainet\u00e9 nationale pour le Tchad, ou une man\u0153uvre tactique dans un contexte de tensions g\u00e9opolitiques croissantes ? [&hellip;]\" \/>\n<meta property=\"og:url\" content=\"https:\/\/africadailyreport.com\/fr\/2024\/12\/01\/the-strategic-split-between-france-and-chad-a-quest-for-sovereignty-or-geopolitical-realignment\/\" \/>\n<meta property=\"og:site_name\" content=\"Africa Daily Report\" \/>\n<meta property=\"article:publisher\" content=\"https:\/\/www.facebook.com\/africadailyreport\" \/>\n<meta property=\"article:published_time\" content=\"2024-12-01T04:00:03+00:00\" \/>\n<meta property=\"article:modified_time\" content=\"2024-12-01T04:12:21+00:00\" \/>\n<meta property=\"og:image\" content=\"https:\/\/africadailyreport.com\/wp-content\/uploads\/2024\/12\/AFP__20241004__36J3282__v1__HighRes__FrancePoliticsDiplomacyCulture-scaled.jpg\" \/>\n\t<meta property=\"og:image:width\" content=\"1\" \/>\n\t<meta property=\"og:image:height\" content=\"1\" \/>\n\t<meta property=\"og:image:type\" content=\"image\/jpeg\" \/>\n<meta name=\"author\" content=\"O Bulamba \/ ADR\" \/>\n<meta name=\"twitter:card\" content=\"summary_large_image\" \/>\n<meta name=\"twitter:creator\" content=\"@adr_africa\" \/>\n<meta name=\"twitter:site\" content=\"@adr_africa\" \/>\n<meta name=\"twitter:label1\" content=\"\u00c9crit par\" \/>\n\t<meta name=\"twitter:data1\" content=\"O Bulamba \/ ADR\" \/>\n\t<meta name=\"twitter:label2\" content=\"Dur\u00e9e de lecture estim\u00e9e\" \/>\n\t<meta name=\"twitter:data2\" content=\"5 minutes\" \/>\n<script type=\"application\/ld+json\" class=\"yoast-schema-graph\">{\"@context\":\"https:\\\/\\\/schema.org\",\"@graph\":[{\"@type\":\"Article\",\"@id\":\"https:\\\/\\\/africadailyreport.com\\\/fr\\\/2024\\\/12\\\/01\\\/the-strategic-split-between-france-and-chad-a-quest-for-sovereignty-or-geopolitical-realignment\\\/#article\",\"isPartOf\":{\"@id\":\"https:\\\/\\\/africadailyreport.com\\\/fr\\\/2024\\\/12\\\/01\\\/the-strategic-split-between-france-and-chad-a-quest-for-sovereignty-or-geopolitical-realignment\\\/\"},\"author\":{\"name\":\"O Bulamba \\\/ ADR\",\"@id\":\"https:\\\/\\\/africadailyreport.com\\\/fr\\\/#\\\/schema\\\/person\\\/88148059337754d1a3dc29a78c8d1fa9\"},\"headline\":\"Une rupture strat\u00e9gique entre la France et le Tchad \u2013 Signes d\u2019une souverainet\u00e9 renforc\u00e9e ou repositionnement g\u00e9opolitique ?\",\"datePublished\":\"2024-12-01T04:00:03+00:00\",\"dateModified\":\"2024-12-01T04:12:21+00:00\",\"mainEntityOfPage\":{\"@id\":\"https:\\\/\\\/africadailyreport.com\\\/fr\\\/2024\\\/12\\\/01\\\/the-strategic-split-between-france-and-chad-a-quest-for-sovereignty-or-geopolitical-realignment\\\/\"},\"wordCount\":1164,\"commentCount\":0,\"publisher\":{\"@id\":\"https:\\\/\\\/africadailyreport.com\\\/fr\\\/#organization\"},\"image\":{\"@id\":\"https:\\\/\\\/africadailyreport.com\\\/fr\\\/2024\\\/12\\\/01\\\/the-strategic-split-between-france-and-chad-a-quest-for-sovereignty-or-geopolitical-realignment\\\/#primaryimage\"},\"thumbnailUrl\":\"https:\\\/\\\/i0.wp.com\\\/africadailyreport.com\\\/wp-content\\\/uploads\\\/2024\\\/12\\\/AFP__20241004__36J3282__v1__HighRes__FrancePoliticsDiplomacyCulture-scaled.jpg?fit=%2C&ssl=1\",\"keywords\":[\"accords de d\u00e9fense\",\"france\",\"g\u00e9opolitique\",\"influence russe\",\"partenariat strat\u00e9gique\",\"sahel\",\"souverainet\u00e9\",\"Tchad\"],\"articleSection\":[\"Actualit\u00e9s\",\"ANALYSES ET DOSSIERS\"],\"inLanguage\":\"fr-FR\",\"potentialAction\":[{\"@type\":\"CommentAction\",\"name\":\"Comment\",\"target\":[\"https:\\\/\\\/africadailyreport.com\\\/fr\\\/2024\\\/12\\\/01\\\/the-strategic-split-between-france-and-chad-a-quest-for-sovereignty-or-geopolitical-realignment\\\/#respond\"]}],\"copyrightYear\":\"2024\",\"copyrightHolder\":{\"@id\":\"https:\\\/\\\/africadailyreport.com\\\/#organization\"}},{\"@type\":\"WebPage\",\"@id\":\"https:\\\/\\\/africadailyreport.com\\\/fr\\\/2024\\\/12\\\/01\\\/the-strategic-split-between-france-and-chad-a-quest-for-sovereignty-or-geopolitical-realignment\\\/\",\"url\":\"https:\\\/\\\/africadailyreport.com\\\/fr\\\/2024\\\/12\\\/01\\\/the-strategic-split-between-france-and-chad-a-quest-for-sovereignty-or-geopolitical-realignment\\\/\",\"name\":\"Une rupture strat\u00e9gique entre la France et le Tchad \u2013 Signes d\u2019une souverainet\u00e9 renforc\u00e9e ou repositionnement g\u00e9opolitique ? - Africa Daily Report\",\"isPartOf\":{\"@id\":\"https:\\\/\\\/africadailyreport.com\\\/fr\\\/#website\"},\"primaryImageOfPage\":{\"@id\":\"https:\\\/\\\/africadailyreport.com\\\/fr\\\/2024\\\/12\\\/01\\\/the-strategic-split-between-france-and-chad-a-quest-for-sovereignty-or-geopolitical-realignment\\\/#primaryimage\"},\"image\":{\"@id\":\"https:\\\/\\\/africadailyreport.com\\\/fr\\\/2024\\\/12\\\/01\\\/the-strategic-split-between-france-and-chad-a-quest-for-sovereignty-or-geopolitical-realignment\\\/#primaryimage\"},\"thumbnailUrl\":\"https:\\\/\\\/i0.wp.com\\\/africadailyreport.com\\\/wp-content\\\/uploads\\\/2024\\\/12\\\/AFP__20241004__36J3282__v1__HighRes__FrancePoliticsDiplomacyCulture-scaled.jpg?fit=%2C&ssl=1\",\"datePublished\":\"2024-12-01T04:00:03+00:00\",\"dateModified\":\"2024-12-01T04:12:21+00:00\",\"breadcrumb\":{\"@id\":\"https:\\\/\\\/africadailyreport.com\\\/fr\\\/2024\\\/12\\\/01\\\/the-strategic-split-between-france-and-chad-a-quest-for-sovereignty-or-geopolitical-realignment\\\/#breadcrumb\"},\"inLanguage\":\"fr-FR\",\"potentialAction\":[{\"@type\":\"ReadAction\",\"target\":[\"https:\\\/\\\/africadailyreport.com\\\/fr\\\/2024\\\/12\\\/01\\\/the-strategic-split-between-france-and-chad-a-quest-for-sovereignty-or-geopolitical-realignment\\\/\"]}]},{\"@type\":\"ImageObject\",\"inLanguage\":\"fr-FR\",\"@id\":\"https:\\\/\\\/africadailyreport.com\\\/fr\\\/2024\\\/12\\\/01\\\/the-strategic-split-between-france-and-chad-a-quest-for-sovereignty-or-geopolitical-realignment\\\/#primaryimage\",\"url\":\"https:\\\/\\\/i0.wp.com\\\/africadailyreport.com\\\/wp-content\\\/uploads\\\/2024\\\/12\\\/AFP__20241004__36J3282__v1__HighRes__FrancePoliticsDiplomacyCulture-scaled.jpg?fit=%2C&ssl=1\",\"contentUrl\":\"https:\\\/\\\/i0.wp.com\\\/africadailyreport.com\\\/wp-content\\\/uploads\\\/2024\\\/12\\\/AFP__20241004__36J3282__v1__HighRes__FrancePoliticsDiplomacyCulture-scaled.jpg?fit=%2C&ssl=1\",\"caption\":\"France's President Emmanuel Macron (R) greets Chad's President Mahamat Idriss Deby as he arrives to attend the 19th Summit of the Francophonie at the \\\"Cite internationale de la langue francaise\\\" in the castle of Villers-Cotterets, north-eastern France, on October 4, 2024. - French President Emmanuel Macron hosts dozens of leaders of French-speaking countries for a summit he hopes will help boost French influence in a world beset by crises, in particular Africa. The leaders will gather from Ocotber 4 to 5 for the \\\"Francophonie\\\" summit, the first time the event has been held in France for 33 years. (Photo by Ludovic MARIN \\\/ AFP)\"},{\"@type\":\"BreadcrumbList\",\"@id\":\"https:\\\/\\\/africadailyreport.com\\\/fr\\\/2024\\\/12\\\/01\\\/the-strategic-split-between-france-and-chad-a-quest-for-sovereignty-or-geopolitical-realignment\\\/#breadcrumb\",\"itemListElement\":[{\"@type\":\"ListItem\",\"position\":1,\"name\":\"Home\",\"item\":\"https:\\\/\\\/africadailyreport.com\\\/fr\\\/\"},{\"@type\":\"ListItem\",\"position\":2,\"name\":\"Une rupture strat\u00e9gique entre la France et le Tchad \u2013 Signes d\u2019une souverainet\u00e9 renforc\u00e9e ou repositionnement g\u00e9opolitique ?\"}]},{\"@type\":\"WebSite\",\"@id\":\"https:\\\/\\\/africadailyreport.com\\\/fr\\\/#website\",\"url\":\"https:\\\/\\\/africadailyreport.com\\\/fr\\\/\",\"name\":\"Africa Daily Report\",\"description\":\"\",\"publisher\":{\"@id\":\"https:\\\/\\\/africadailyreport.com\\\/fr\\\/#organization\"},\"potentialAction\":[{\"@type\":\"SearchAction\",\"target\":{\"@type\":\"EntryPoint\",\"urlTemplate\":\"https:\\\/\\\/africadailyreport.com\\\/fr\\\/?s={search_term_string}\"},\"query-input\":{\"@type\":\"PropertyValueSpecification\",\"valueRequired\":true,\"valueName\":\"search_term_string\"}}],\"inLanguage\":\"fr-FR\"},{\"@type\":\"Organization\",\"@id\":\"https:\\\/\\\/africadailyreport.com\\\/fr\\\/#organization\",\"name\":\"Africa Daily Report\",\"url\":\"https:\\\/\\\/africadailyreport.com\\\/fr\\\/\",\"logo\":{\"@type\":\"ImageObject\",\"inLanguage\":\"fr-FR\",\"@id\":\"https:\\\/\\\/africadailyreport.com\\\/fr\\\/#\\\/schema\\\/logo\\\/image\\\/\",\"url\":\"https:\\\/\\\/africadailyreport.com\\\/wp-content\\\/uploads\\\/2024\\\/09\\\/ADR-Transparent-Green-Logo-1.png\",\"contentUrl\":\"https:\\\/\\\/africadailyreport.com\\\/wp-content\\\/uploads\\\/2024\\\/09\\\/ADR-Transparent-Green-Logo-1.png\",\"width\":267,\"height\":185,\"caption\":\"Africa Daily Report\"},\"image\":{\"@id\":\"https:\\\/\\\/africadailyreport.com\\\/fr\\\/#\\\/schema\\\/logo\\\/image\\\/\"},\"sameAs\":[\"https:\\\/\\\/www.facebook.com\\\/africadailyreport\",\"https:\\\/\\\/x.com\\\/adr_africa\",\"https:\\\/\\\/www.youtube.com\\\/@africadailyreport\",\"https:\\\/\\\/instagram.com\\\/africadailyreport\"]},{\"@type\":\"Person\",\"@id\":\"https:\\\/\\\/africadailyreport.com\\\/fr\\\/#\\\/schema\\\/person\\\/88148059337754d1a3dc29a78c8d1fa9\",\"name\":\"O Bulamba \\\/ ADR\",\"image\":{\"@type\":\"ImageObject\",\"inLanguage\":\"fr-FR\",\"@id\":\"https:\\\/\\\/secure.gravatar.com\\\/avatar\\\/fd520a50d8518deba0eea821be01c7d4b5be681fe77b8720ce2b45e22a147b24?s=96&d=mm&r=g\",\"url\":\"https:\\\/\\\/secure.gravatar.com\\\/avatar\\\/fd520a50d8518deba0eea821be01c7d4b5be681fe77b8720ce2b45e22a147b24?s=96&d=mm&r=g\",\"contentUrl\":\"https:\\\/\\\/secure.gravatar.com\\\/avatar\\\/fd520a50d8518deba0eea821be01c7d4b5be681fe77b8720ce2b45e22a147b24?s=96&d=mm&r=g\",\"caption\":\"O Bulamba \\\/ ADR\"},\"sameAs\":[\"https:\\\/\\\/africadailyreport.com\"],\"url\":\"https:\\\/\\\/africadailyreport.com\\\/fr\\\/author\\\/oblenabergmail-com\\\/\"}]}<\/script>\n<!-- \/ Yoast SEO Premium plugin. -->","yoast_head_json":{"title":"Une rupture strat\u00e9gique entre la France et le Tchad \u2013 Signes d\u2019une souverainet\u00e9 renforc\u00e9e ou repositionnement g\u00e9opolitique ? - Africa Daily Report","robots":{"index":"index","follow":"follow","max-snippet":"max-snippet:-1","max-image-preview":"max-image-preview:large","max-video-preview":"max-video-preview:-1"},"canonical":"https:\/\/africadailyreport.com\/fr\/2024\/12\/01\/the-strategic-split-between-france-and-chad-a-quest-for-sovereignty-or-geopolitical-realignment\/","og_locale":"fr_FR","og_type":"article","og_title":"Une rupture strat\u00e9gique entre la France et le Tchad \u2013 Signes d\u2019une souverainet\u00e9 renforc\u00e9e ou repositionnement g\u00e9opolitique ?","og_description":"Introduction : Une d\u00e9cision qui interpelle La rupture entre le Tchad et la France concernant l\u2019accord de d\u00e9fense bilat\u00e9ral marque un tournant dans les relations franco-africaines. Quels sont les v\u00e9ritables enjeux derri\u00e8re cette d\u00e9cision ? Est-ce l\u2019affirmation d\u2019une souverainet\u00e9 nationale pour le Tchad, ou une man\u0153uvre tactique dans un contexte de tensions g\u00e9opolitiques croissantes ? [&hellip;]","og_url":"https:\/\/africadailyreport.com\/fr\/2024\/12\/01\/the-strategic-split-between-france-and-chad-a-quest-for-sovereignty-or-geopolitical-realignment\/","og_site_name":"Africa Daily Report","article_publisher":"https:\/\/www.facebook.com\/africadailyreport","article_published_time":"2024-12-01T04:00:03+00:00","article_modified_time":"2024-12-01T04:12:21+00:00","og_image":[{"url":"https:\/\/africadailyreport.com\/wp-content\/uploads\/2024\/12\/AFP__20241004__36J3282__v1__HighRes__FrancePoliticsDiplomacyCulture-scaled.jpg","width":1,"height":1,"type":"image\/jpeg"}],"author":"O Bulamba \/ ADR","twitter_card":"summary_large_image","twitter_creator":"@adr_africa","twitter_site":"@adr_africa","twitter_misc":{"\u00c9crit par":"O Bulamba \/ ADR","Dur\u00e9e de lecture estim\u00e9e":"5 minutes"},"schema":{"@context":"https:\/\/schema.org","@graph":[{"@type":"Article","@id":"https:\/\/africadailyreport.com\/fr\/2024\/12\/01\/the-strategic-split-between-france-and-chad-a-quest-for-sovereignty-or-geopolitical-realignment\/#article","isPartOf":{"@id":"https:\/\/africadailyreport.com\/fr\/2024\/12\/01\/the-strategic-split-between-france-and-chad-a-quest-for-sovereignty-or-geopolitical-realignment\/"},"author":{"name":"O Bulamba \/ ADR","@id":"https:\/\/africadailyreport.com\/fr\/#\/schema\/person\/88148059337754d1a3dc29a78c8d1fa9"},"headline":"Une rupture strat\u00e9gique entre la France et le Tchad \u2013 Signes d\u2019une souverainet\u00e9 renforc\u00e9e ou repositionnement g\u00e9opolitique ?","datePublished":"2024-12-01T04:00:03+00:00","dateModified":"2024-12-01T04:12:21+00:00","mainEntityOfPage":{"@id":"https:\/\/africadailyreport.com\/fr\/2024\/12\/01\/the-strategic-split-between-france-and-chad-a-quest-for-sovereignty-or-geopolitical-realignment\/"},"wordCount":1164,"commentCount":0,"publisher":{"@id":"https:\/\/africadailyreport.com\/fr\/#organization"},"image":{"@id":"https:\/\/africadailyreport.com\/fr\/2024\/12\/01\/the-strategic-split-between-france-and-chad-a-quest-for-sovereignty-or-geopolitical-realignment\/#primaryimage"},"thumbnailUrl":"https:\/\/i0.wp.com\/africadailyreport.com\/wp-content\/uploads\/2024\/12\/AFP__20241004__36J3282__v1__HighRes__FrancePoliticsDiplomacyCulture-scaled.jpg?fit=%2C&ssl=1","keywords":["accords de d\u00e9fense","france","g\u00e9opolitique","influence russe","partenariat strat\u00e9gique","sahel","souverainet\u00e9","Tchad"],"articleSection":["Actualit\u00e9s","ANALYSES ET DOSSIERS"],"inLanguage":"fr-FR","potentialAction":[{"@type":"CommentAction","name":"Comment","target":["https:\/\/africadailyreport.com\/fr\/2024\/12\/01\/the-strategic-split-between-france-and-chad-a-quest-for-sovereignty-or-geopolitical-realignment\/#respond"]}],"copyrightYear":"2024","copyrightHolder":{"@id":"https:\/\/africadailyreport.com\/#organization"}},{"@type":"WebPage","@id":"https:\/\/africadailyreport.com\/fr\/2024\/12\/01\/the-strategic-split-between-france-and-chad-a-quest-for-sovereignty-or-geopolitical-realignment\/","url":"https:\/\/africadailyreport.com\/fr\/2024\/12\/01\/the-strategic-split-between-france-and-chad-a-quest-for-sovereignty-or-geopolitical-realignment\/","name":"Une rupture strat\u00e9gique entre la France et le Tchad \u2013 Signes d\u2019une souverainet\u00e9 renforc\u00e9e ou repositionnement g\u00e9opolitique ? - Africa Daily Report","isPartOf":{"@id":"https:\/\/africadailyreport.com\/fr\/#website"},"primaryImageOfPage":{"@id":"https:\/\/africadailyreport.com\/fr\/2024\/12\/01\/the-strategic-split-between-france-and-chad-a-quest-for-sovereignty-or-geopolitical-realignment\/#primaryimage"},"image":{"@id":"https:\/\/africadailyreport.com\/fr\/2024\/12\/01\/the-strategic-split-between-france-and-chad-a-quest-for-sovereignty-or-geopolitical-realignment\/#primaryimage"},"thumbnailUrl":"https:\/\/i0.wp.com\/africadailyreport.com\/wp-content\/uploads\/2024\/12\/AFP__20241004__36J3282__v1__HighRes__FrancePoliticsDiplomacyCulture-scaled.jpg?fit=%2C&ssl=1","datePublished":"2024-12-01T04:00:03+00:00","dateModified":"2024-12-01T04:12:21+00:00","breadcrumb":{"@id":"https:\/\/africadailyreport.com\/fr\/2024\/12\/01\/the-strategic-split-between-france-and-chad-a-quest-for-sovereignty-or-geopolitical-realignment\/#breadcrumb"},"inLanguage":"fr-FR","potentialAction":[{"@type":"ReadAction","target":["https:\/\/africadailyreport.com\/fr\/2024\/12\/01\/the-strategic-split-between-france-and-chad-a-quest-for-sovereignty-or-geopolitical-realignment\/"]}]},{"@type":"ImageObject","inLanguage":"fr-FR","@id":"https:\/\/africadailyreport.com\/fr\/2024\/12\/01\/the-strategic-split-between-france-and-chad-a-quest-for-sovereignty-or-geopolitical-realignment\/#primaryimage","url":"https:\/\/i0.wp.com\/africadailyreport.com\/wp-content\/uploads\/2024\/12\/AFP__20241004__36J3282__v1__HighRes__FrancePoliticsDiplomacyCulture-scaled.jpg?fit=%2C&ssl=1","contentUrl":"https:\/\/i0.wp.com\/africadailyreport.com\/wp-content\/uploads\/2024\/12\/AFP__20241004__36J3282__v1__HighRes__FrancePoliticsDiplomacyCulture-scaled.jpg?fit=%2C&ssl=1","caption":"France's President Emmanuel Macron (R) greets Chad's President Mahamat Idriss Deby as he arrives to attend the 19th Summit of the Francophonie at the \"Cite internationale de la langue francaise\" in the castle of Villers-Cotterets, north-eastern France, on October 4, 2024. - French President Emmanuel Macron hosts dozens of leaders of French-speaking countries for a summit he hopes will help boost French influence in a world beset by crises, in particular Africa. The leaders will gather from Ocotber 4 to 5 for the \"Francophonie\" summit, the first time the event has been held in France for 33 years. (Photo by Ludovic MARIN \/ AFP)"},{"@type":"BreadcrumbList","@id":"https:\/\/africadailyreport.com\/fr\/2024\/12\/01\/the-strategic-split-between-france-and-chad-a-quest-for-sovereignty-or-geopolitical-realignment\/#breadcrumb","itemListElement":[{"@type":"ListItem","position":1,"name":"Home","item":"https:\/\/africadailyreport.com\/fr\/"},{"@type":"ListItem","position":2,"name":"Une rupture strat\u00e9gique entre la France et le Tchad \u2013 Signes d\u2019une souverainet\u00e9 renforc\u00e9e ou repositionnement g\u00e9opolitique ?"}]},{"@type":"WebSite","@id":"https:\/\/africadailyreport.com\/fr\/#website","url":"https:\/\/africadailyreport.com\/fr\/","name":"Africa Daily Report","description":"","publisher":{"@id":"https:\/\/africadailyreport.com\/fr\/#organization"},"potentialAction":[{"@type":"SearchAction","target":{"@type":"EntryPoint","urlTemplate":"https:\/\/africadailyreport.com\/fr\/?s={search_term_string}"},"query-input":{"@type":"PropertyValueSpecification","valueRequired":true,"valueName":"search_term_string"}}],"inLanguage":"fr-FR"},{"@type":"Organization","@id":"https:\/\/africadailyreport.com\/fr\/#organization","name":"Africa Daily Report","url":"https:\/\/africadailyreport.com\/fr\/","logo":{"@type":"ImageObject","inLanguage":"fr-FR","@id":"https:\/\/africadailyreport.com\/fr\/#\/schema\/logo\/image\/","url":"https:\/\/africadailyreport.com\/wp-content\/uploads\/2024\/09\/ADR-Transparent-Green-Logo-1.png","contentUrl":"https:\/\/africadailyreport.com\/wp-content\/uploads\/2024\/09\/ADR-Transparent-Green-Logo-1.png","width":267,"height":185,"caption":"Africa Daily Report"},"image":{"@id":"https:\/\/africadailyreport.com\/fr\/#\/schema\/logo\/image\/"},"sameAs":["https:\/\/www.facebook.com\/africadailyreport","https:\/\/x.com\/adr_africa","https:\/\/www.youtube.com\/@africadailyreport","https:\/\/instagram.com\/africadailyreport"]},{"@type":"Person","@id":"https:\/\/africadailyreport.com\/fr\/#\/schema\/person\/88148059337754d1a3dc29a78c8d1fa9","name":"O Bulamba \/ ADR","image":{"@type":"ImageObject","inLanguage":"fr-FR","@id":"https:\/\/secure.gravatar.com\/avatar\/fd520a50d8518deba0eea821be01c7d4b5be681fe77b8720ce2b45e22a147b24?s=96&d=mm&r=g","url":"https:\/\/secure.gravatar.com\/avatar\/fd520a50d8518deba0eea821be01c7d4b5be681fe77b8720ce2b45e22a147b24?s=96&d=mm&r=g","contentUrl":"https:\/\/secure.gravatar.com\/avatar\/fd520a50d8518deba0eea821be01c7d4b5be681fe77b8720ce2b45e22a147b24?s=96&d=mm&r=g","caption":"O Bulamba \/ ADR"},"sameAs":["https:\/\/africadailyreport.com"],"url":"https:\/\/africadailyreport.com\/fr\/author\/oblenabergmail-com\/"}]}},"jetpack_featured_media_url":"https:\/\/i0.wp.com\/africadailyreport.com\/wp-content\/uploads\/2024\/12\/AFP__20241004__36J3282__v1__HighRes__FrancePoliticsDiplomacyCulture-scaled.jpg?fit=%2C&ssl=1","jetpack_sharing_enabled":true,"amp_enabled":true,"_links":{"self":[{"href":"https:\/\/africadailyreport.com\/fr\/wp-json\/wp\/v2\/posts\/14987","targetHints":{"allow":["GET"]}}],"collection":[{"href":"https:\/\/africadailyreport.com\/fr\/wp-json\/wp\/v2\/posts"}],"about":[{"href":"https:\/\/africadailyreport.com\/fr\/wp-json\/wp\/v2\/types\/post"}],"author":[{"embeddable":true,"href":"https:\/\/africadailyreport.com\/fr\/wp-json\/wp\/v2\/users\/1"}],"replies":[{"embeddable":true,"href":"https:\/\/africadailyreport.com\/fr\/wp-json\/wp\/v2\/comments?post=14987"}],"version-history":[{"count":5,"href":"https:\/\/africadailyreport.com\/fr\/wp-json\/wp\/v2\/posts\/14987\/revisions"}],"predecessor-version":[{"id":14993,"href":"https:\/\/africadailyreport.com\/fr\/wp-json\/wp\/v2\/posts\/14987\/revisions\/14993"}],"wp:featuredmedia":[{"embeddable":true,"href":"https:\/\/africadailyreport.com\/fr\/wp-json\/wp\/v2\/media\/14985"}],"wp:attachment":[{"href":"https:\/\/africadailyreport.com\/fr\/wp-json\/wp\/v2\/media?parent=14987"}],"wp:term":[{"taxonomy":"category","embeddable":true,"href":"https:\/\/africadailyreport.com\/fr\/wp-json\/wp\/v2\/categories?post=14987"},{"taxonomy":"post_tag","embeddable":true,"href":"https:\/\/africadailyreport.com\/fr\/wp-json\/wp\/v2\/tags?post=14987"},{"taxonomy":"adr_country","embeddable":true,"href":"https:\/\/africadailyreport.com\/fr\/wp-json\/wp\/v2\/adr_country?post=14987"}],"curies":[{"name":"wp","href":"https:\/\/api.w.org\/{rel}","templated":true}]}}