{"id":14977,"date":"2024-12-01T03:15:24","date_gmt":"2024-12-01T03:15:24","guid":{"rendered":"https:\/\/africadailyreport.com\/2024\/12\/01\/ivory-coasts-ex-first-lady-to-run-for-president-in-2025\/"},"modified":"2024-12-01T03:20:55","modified_gmt":"2024-12-01T03:20:55","slug":"ivory-coasts-ex-first-lady-to-run-for-president-in-2025","status":"publish","type":"post","link":"https:\/\/africadailyreport.com\/fr\/2024\/12\/01\/ivory-coasts-ex-first-lady-to-run-for-president-in-2025\/","title":{"rendered":"C\u00f4te d&rsquo;Ivoire: l&rsquo;ex-Premi\u00e8re dame Simone Gbagbo candidate \u00e0 la pr\u00e9sidentielle de 2025"},"content":{"rendered":"\n<h2 class=\"wp-block-heading\" id=\"h-abidjan-cote-d-ivoire-afp-l-ex-premiere-dame-ivoirienne-simone-ehivet-gbagbo-a-annonce-samedi-sa-candidature-a-l-election-presidentielle-de-2025-martelant-vouloir-batir-une-nouvelle-cote-d-ivoire\"><em>Abidjan,\u00a0C\u00f4te d&rsquo;Ivoire &#8211; (AFP) <\/em>&#8211; L&rsquo;ex-Premi\u00e8re dame ivoirienne, Simone Ehivet Gbagbo a annonc\u00e9 samedi sa candidature \u00e0 l&rsquo;\u00e9lection pr\u00e9sidentielle de 2025, martelant vouloir \u00ab\u00a0b\u00e2tir\u00a0\u00bb une nouvelle C\u00f4te d&rsquo;Ivoire.<\/h2>\n\n\n\n\n\n<p><\/p>\n\n\n\n<p>\u00ab\u00a0J&rsquo;ai accept\u00e9 d&rsquo;\u00eatre candidate \u00e0 l&rsquo;\u00e9lection pr\u00e9sidentielle d&rsquo;octobre 2025 parce que je crois profond\u00e9ment que chaque Ivoirien, quelle que soit sa condition, est capable, s&rsquo;il le veut vraiment, de transcender toutes les sortes d&rsquo;\u00e9preuves pour r\u00eaver, pour cr\u00e9er, pour b\u00e2tir et pour r\u00e9ussir\u00a0\u00bb, a d\u00e9clar\u00e9 Mme Gbagbo, lors de la premi\u00e8re convention du Mouvement des G\u00e9n\u00e9rations Capables (MGC), sa formation politique, \u00e0 Moossou, pr\u00e8s d&rsquo;Abidjan.<\/p>\n\n\n\n<p>\u00ab\u00a0Je voudrais vous faire une offre audacieuse : celle de construire une C\u00f4te d&rsquo;Ivoire totalement transform\u00e9e, modernis\u00e9e et prosp\u00e8re, dans une Afrique d\u00e9complex\u00e9e, d\u00e9velopp\u00e9e, \u00e9quip\u00e9e, incontournable, forte et respect\u00e9e de tous\u00a0\u00bb, a-t-elle ajout\u00e9.<\/p>\n\n\n\n<p>Simone Gbagbo, 75 ans, a \u00e9t\u00e9 l&rsquo;\u00e9pouse du pr\u00e9sident Laurent Gbagbo au pouvoir de 2000 \u00e0 2011, p\u00e9riode pendant laquelle elle \u00e9tait surnomm\u00e9e la \u00ab\u00a0Dame de Fer\u00a0\u00bb.<\/p>\n\n\n\n<p>Elle avait \u00e9t\u00e9 arr\u00eat\u00e9e en m\u00eame temps que son mari en avril 2011, \u00e0 l&rsquo;issue d&rsquo;une crise post-\u00e9lectorale sanglante opposant le camp Gbagbo au camp Ouattara qui avait fait quelque 3.000 morts.<\/p>\n\n\n\n<p>Leur divorce, demand\u00e9 d\u00e8s son retour \u00e0 Abidjan en juin 2021 par M. Gbagbo apr\u00e8s son acquittement par la justice internationale, a \u00e9t\u00e9 officiellement prononc\u00e9 en 2023.<\/p>\n\n\n\n<p>Condamn\u00e9e en 2015 dans son pays \u00e0 20 ans de prison pour \u00ab\u00a0atteinte \u00e0 la s\u00fbret\u00e9 de l&rsquo;\u00c9tat\u00a0\u00bb, Mme Gbagbo a b\u00e9n\u00e9fici\u00e9 en 2018 d&rsquo;une loi d&rsquo;amnistie, au nom de la \u00ab\u00a0r\u00e9conciliation nationale\u00a0\u00bb.<\/p>\n\n\n\n<p>Samedi, elle a notamment affirm\u00e9 vouloir \u00ab\u00a0b\u00e2tir une grande nation ivoirienne r\u00e9concili\u00e9e, forte, pleine de justice et d&rsquo;\u00e9quit\u00e9\u00a0\u00bb.<\/p>\n\n\n\n<p>La prochaine pr\u00e9sidentielle doit se tenir en octobre 2025 en C\u00f4te d&rsquo;Ivoire.<\/p>\n\n\n\n<p>Pour l&rsquo;heure, outre Mme Gbagbo, trois autres candidats sont d\u00e9clar\u00e9s: l&rsquo;ex-pr\u00e9sident Laurent Gbagbo, toujours in\u00e9ligible pour une condamnation \u00e0 20 ans de prison pour des faits li\u00e9s \u00e0 la crise de 2010-2011, l&rsquo;ex-Premier ministre Pascal Affi N&rsquo;Guessan et l&rsquo;ancien ministre du Commerce Jean-Louis Billon.<\/p>\n\n\n\n<p>Le pr\u00e9sident Alassane Ouattara n&rsquo;a pas encore indiqu\u00e9 s&rsquo;il comptait ou non briguer un quatri\u00e8me mandat.<\/p>\n\n\n\n<p><\/p>\n\n\n\n<p>\u00a9 Agence France-Presse<\/p>\n","protected":false},"excerpt":{"rendered":"<p>Abidjan,\u00a0C\u00f4te d&rsquo;Ivoire &#8211; (AFP) &#8211; L&rsquo;ex-Premi\u00e8re dame ivoirienne, Simone Ehivet Gbagbo a annonc\u00e9 samedi sa candidature \u00e0 l&rsquo;\u00e9lection pr\u00e9sidentielle de 2025, martelant vouloir \u00ab\u00a0b\u00e2tir\u00a0\u00bb une nouvelle C\u00f4te d&rsquo;Ivoire. \u00ab\u00a0J&rsquo;ai accept\u00e9 d&rsquo;\u00eatre candidate \u00e0 l&rsquo;\u00e9lection pr\u00e9sidentielle d&rsquo;octobre 2025 parce que je crois profond\u00e9ment que chaque Ivoirien, quelle que soit sa condition, est capable, s&rsquo;il le veut [&hellip;]<\/p>\n","protected":false},"author":10,"featured_media":14973,"comment_status":"open","ping_status":"open","sticky":false,"template":"","format":"standard","meta":{"_acf_changed":false,"om_disable_all_campaigns":false,"_monsterinsights_skip_tracking":false,"_monsterinsights_sitenote_active":false,"_monsterinsights_sitenote_note":"","_monsterinsights_sitenote_category":0,"tdm_status":"","tdm_grid_status":"","_jetpack_newsletter_access":"","_jetpack_dont_email_post_to_subs":false,"_jetpack_newsletter_tier_id":0,"_jetpack_memberships_contains_paywalled_content":false,"_jetpack_memberships_contains_paid_content":false,"footnotes":""},"categories":[293,802,690],"tags":[1309,1116,2181,1170,2183,1129],"adr_country":[1101],"class_list":{"0":"post-14977","1":"post","2":"type-post","3":"status-publish","4":"format-standard","5":"has-post-thumbnail","7":"category-actualites-fr","8":"category-depeche-fr","9":"category-politique-2","10":"tag-cote-divoire-fr-2","11":"tag-election-fr","12":"tag-icoast-fr","13":"tag-politics-fr","14":"tag-presidentielle-2","15":"tag-vote-fr","16":"adr_country-cote-divoire"},"acf":{"post_version":""},"yoast_head":"<!-- This site is optimized with the Yoast SEO Premium plugin v26.0 (Yoast SEO v27.4) - https:\/\/yoast.com\/product\/yoast-seo-premium-wordpress\/ -->\n<title>C\u00f4te d&#039;Ivoire: l&#039;ex-Premi\u00e8re dame Simone Gbagbo candidate \u00e0 la pr\u00e9sidentielle de 2025 - Africa Daily Report<\/title>\n<meta name=\"robots\" content=\"index, follow, max-snippet:-1, max-image-preview:large, max-video-preview:-1\" \/>\n<link rel=\"canonical\" href=\"https:\/\/africadailyreport.com\/fr\/2024\/12\/01\/ivory-coasts-ex-first-lady-to-run-for-president-in-2025\/\" \/>\n<meta property=\"og:locale\" content=\"fr_FR\" \/>\n<meta property=\"og:type\" content=\"article\" \/>\n<meta property=\"og:title\" content=\"C\u00f4te d&#039;Ivoire: l&#039;ex-Premi\u00e8re dame Simone Gbagbo candidate \u00e0 la pr\u00e9sidentielle de 2025\" \/>\n<meta property=\"og:description\" content=\"Abidjan,\u00a0C\u00f4te d&rsquo;Ivoire &#8211; (AFP) &#8211; L&rsquo;ex-Premi\u00e8re dame ivoirienne, Simone Ehivet Gbagbo a annonc\u00e9 samedi sa candidature \u00e0 l&rsquo;\u00e9lection pr\u00e9sidentielle de 2025, martelant vouloir \u00ab\u00a0b\u00e2tir\u00a0\u00bb une nouvelle C\u00f4te d&rsquo;Ivoire. \u00ab\u00a0J&rsquo;ai accept\u00e9 d&rsquo;\u00eatre candidate \u00e0 l&rsquo;\u00e9lection pr\u00e9sidentielle d&rsquo;octobre 2025 parce que je crois profond\u00e9ment que chaque Ivoirien, quelle que soit sa condition, est capable, s&rsquo;il le veut [&hellip;]\" \/>\n<meta property=\"og:url\" content=\"https:\/\/africadailyreport.com\/fr\/2024\/12\/01\/ivory-coasts-ex-first-lady-to-run-for-president-in-2025\/\" \/>\n<meta property=\"og:site_name\" content=\"Africa Daily Report\" \/>\n<meta property=\"article:publisher\" content=\"https:\/\/www.facebook.com\/africadailyreport\" \/>\n<meta property=\"article:published_time\" content=\"2024-12-01T03:15:24+00:00\" \/>\n<meta property=\"article:modified_time\" content=\"2024-12-01T03:20:55+00:00\" \/>\n<meta property=\"og:image\" content=\"https:\/\/africadailyreport.com\/wp-content\/uploads\/2024\/12\/AFP__20241130__36NV37R__v1__HighRes__FilesIcoastPoliticsElection2025-scaled-e1733022963546.jpg\" \/>\n\t<meta property=\"og:image:width\" content=\"1\" \/>\n\t<meta property=\"og:image:height\" content=\"1\" \/>\n\t<meta property=\"og:image:type\" content=\"image\/jpeg\" \/>\n<meta name=\"author\" content=\"ADR\/AFP\" \/>\n<meta name=\"twitter:card\" content=\"summary_large_image\" \/>\n<meta name=\"twitter:creator\" content=\"@adr_africa\" \/>\n<meta name=\"twitter:site\" content=\"@adr_africa\" \/>\n<meta name=\"twitter:label1\" content=\"\u00c9crit par\" \/>\n\t<meta name=\"twitter:data1\" content=\"ADR\/AFP\" \/>\n\t<meta name=\"twitter:label2\" content=\"Dur\u00e9e de lecture estim\u00e9e\" \/>\n\t<meta name=\"twitter:data2\" content=\"2 minutes\" \/>\n<script type=\"application\/ld+json\" class=\"yoast-schema-graph\">{\"@context\":\"https:\\\/\\\/schema.org\",\"@graph\":[{\"@type\":\"Article\",\"@id\":\"https:\\\/\\\/africadailyreport.com\\\/fr\\\/2024\\\/12\\\/01\\\/ivory-coasts-ex-first-lady-to-run-for-president-in-2025\\\/#article\",\"isPartOf\":{\"@id\":\"https:\\\/\\\/africadailyreport.com\\\/fr\\\/2024\\\/12\\\/01\\\/ivory-coasts-ex-first-lady-to-run-for-president-in-2025\\\/\"},\"author\":{\"name\":\"ADR\\\/AFP\",\"@id\":\"https:\\\/\\\/africadailyreport.com\\\/fr\\\/#\\\/schema\\\/person\\\/c44d86d79f5570b3ba4cf70c989843f8\"},\"headline\":\"C\u00f4te d&rsquo;Ivoire: l&rsquo;ex-Premi\u00e8re dame Simone Gbagbo candidate \u00e0 la pr\u00e9sidentielle de 2025\",\"datePublished\":\"2024-12-01T03:15:24+00:00\",\"dateModified\":\"2024-12-01T03:20:55+00:00\",\"mainEntityOfPage\":{\"@id\":\"https:\\\/\\\/africadailyreport.com\\\/fr\\\/2024\\\/12\\\/01\\\/ivory-coasts-ex-first-lady-to-run-for-president-in-2025\\\/\"},\"wordCount\":407,\"commentCount\":0,\"publisher\":{\"@id\":\"https:\\\/\\\/africadailyreport.com\\\/fr\\\/#organization\"},\"image\":{\"@id\":\"https:\\\/\\\/africadailyreport.com\\\/fr\\\/2024\\\/12\\\/01\\\/ivory-coasts-ex-first-lady-to-run-for-president-in-2025\\\/#primaryimage\"},\"thumbnailUrl\":\"https:\\\/\\\/i0.wp.com\\\/africadailyreport.com\\\/wp-content\\\/uploads\\\/2024\\\/12\\\/AFP__20241130__36NV37R__v1__HighRes__FilesIcoastPoliticsElection2025-scaled-e1733022963546.jpg?fit=%2C&ssl=1\",\"keywords\":[\"C\u00f4te d\u2019Ivoire\",\"election\",\"icoast\",\"Politics\",\"presidentielle\",\"vote\"],\"articleSection\":[\"Actualit\u00e9s\",\"D\u00e9p\u00eache\",\"POLITIQUE\"],\"inLanguage\":\"fr-FR\",\"potentialAction\":[{\"@type\":\"CommentAction\",\"name\":\"Comment\",\"target\":[\"https:\\\/\\\/africadailyreport.com\\\/fr\\\/2024\\\/12\\\/01\\\/ivory-coasts-ex-first-lady-to-run-for-president-in-2025\\\/#respond\"]}],\"copyrightYear\":\"2024\",\"copyrightHolder\":{\"@id\":\"https:\\\/\\\/africadailyreport.com\\\/#organization\"}},{\"@type\":\"WebPage\",\"@id\":\"https:\\\/\\\/africadailyreport.com\\\/fr\\\/2024\\\/12\\\/01\\\/ivory-coasts-ex-first-lady-to-run-for-president-in-2025\\\/\",\"url\":\"https:\\\/\\\/africadailyreport.com\\\/fr\\\/2024\\\/12\\\/01\\\/ivory-coasts-ex-first-lady-to-run-for-president-in-2025\\\/\",\"name\":\"C\u00f4te d'Ivoire: l'ex-Premi\u00e8re dame Simone Gbagbo candidate \u00e0 la pr\u00e9sidentielle de 2025 - Africa Daily Report\",\"isPartOf\":{\"@id\":\"https:\\\/\\\/africadailyreport.com\\\/fr\\\/#website\"},\"primaryImageOfPage\":{\"@id\":\"https:\\\/\\\/africadailyreport.com\\\/fr\\\/2024\\\/12\\\/01\\\/ivory-coasts-ex-first-lady-to-run-for-president-in-2025\\\/#primaryimage\"},\"image\":{\"@id\":\"https:\\\/\\\/africadailyreport.com\\\/fr\\\/2024\\\/12\\\/01\\\/ivory-coasts-ex-first-lady-to-run-for-president-in-2025\\\/#primaryimage\"},\"thumbnailUrl\":\"https:\\\/\\\/i0.wp.com\\\/africadailyreport.com\\\/wp-content\\\/uploads\\\/2024\\\/12\\\/AFP__20241130__36NV37R__v1__HighRes__FilesIcoastPoliticsElection2025-scaled-e1733022963546.jpg?fit=%2C&ssl=1\",\"datePublished\":\"2024-12-01T03:15:24+00:00\",\"dateModified\":\"2024-12-01T03:20:55+00:00\",\"breadcrumb\":{\"@id\":\"https:\\\/\\\/africadailyreport.com\\\/fr\\\/2024\\\/12\\\/01\\\/ivory-coasts-ex-first-lady-to-run-for-president-in-2025\\\/#breadcrumb\"},\"inLanguage\":\"fr-FR\",\"potentialAction\":[{\"@type\":\"ReadAction\",\"target\":[\"https:\\\/\\\/africadailyreport.com\\\/fr\\\/2024\\\/12\\\/01\\\/ivory-coasts-ex-first-lady-to-run-for-president-in-2025\\\/\"]}]},{\"@type\":\"ImageObject\",\"inLanguage\":\"fr-FR\",\"@id\":\"https:\\\/\\\/africadailyreport.com\\\/fr\\\/2024\\\/12\\\/01\\\/ivory-coasts-ex-first-lady-to-run-for-president-in-2025\\\/#primaryimage\",\"url\":\"https:\\\/\\\/i0.wp.com\\\/africadailyreport.com\\\/wp-content\\\/uploads\\\/2024\\\/12\\\/AFP__20241130__36NV37R__v1__HighRes__FilesIcoastPoliticsElection2025-scaled-e1733022963546.jpg?fit=%2C&ssl=1\",\"contentUrl\":\"https:\\\/\\\/i0.wp.com\\\/africadailyreport.com\\\/wp-content\\\/uploads\\\/2024\\\/12\\\/AFP__20241130__36NV37R__v1__HighRes__FilesIcoastPoliticsElection2025-scaled-e1733022963546.jpg?fit=%2C&ssl=1\",\"caption\":\"(FILES) Former First Lady of Ivory Coast Simone Ehivet Gbagbo, President of the Movement of Capable Generations (\\\"Mouvement des Generations Capables\\\", MGC), delivers a speach after her investiture during the extraordinary general assembly of her political party in Abidjan on August 20, 2022. - The former First Lady of Ivory Coast, Simone Ehivet Gbagbo, announced her candidacy for the 2025 presidential election on November 30, 2024, insisting that she wanted to \u0091build\u0092 a new Ivory Coast. (Photo by Sia KAMBOU \\\/ AFP)\"},{\"@type\":\"BreadcrumbList\",\"@id\":\"https:\\\/\\\/africadailyreport.com\\\/fr\\\/2024\\\/12\\\/01\\\/ivory-coasts-ex-first-lady-to-run-for-president-in-2025\\\/#breadcrumb\",\"itemListElement\":[{\"@type\":\"ListItem\",\"position\":1,\"name\":\"Home\",\"item\":\"https:\\\/\\\/africadailyreport.com\\\/fr\\\/\"},{\"@type\":\"ListItem\",\"position\":2,\"name\":\"C\u00f4te d&#8217;Ivoire: l&#8217;ex-Premi\u00e8re dame Simone Gbagbo candidate \u00e0 la pr\u00e9sidentielle de 2025\"}]},{\"@type\":\"WebSite\",\"@id\":\"https:\\\/\\\/africadailyreport.com\\\/fr\\\/#website\",\"url\":\"https:\\\/\\\/africadailyreport.com\\\/fr\\\/\",\"name\":\"Africa Daily Report\",\"description\":\"\",\"publisher\":{\"@id\":\"https:\\\/\\\/africadailyreport.com\\\/fr\\\/#organization\"},\"potentialAction\":[{\"@type\":\"SearchAction\",\"target\":{\"@type\":\"EntryPoint\",\"urlTemplate\":\"https:\\\/\\\/africadailyreport.com\\\/fr\\\/?s={search_term_string}\"},\"query-input\":{\"@type\":\"PropertyValueSpecification\",\"valueRequired\":true,\"valueName\":\"search_term_string\"}}],\"inLanguage\":\"fr-FR\"},{\"@type\":\"Organization\",\"@id\":\"https:\\\/\\\/africadailyreport.com\\\/fr\\\/#organization\",\"name\":\"Africa Daily Report\",\"url\":\"https:\\\/\\\/africadailyreport.com\\\/fr\\\/\",\"logo\":{\"@type\":\"ImageObject\",\"inLanguage\":\"fr-FR\",\"@id\":\"https:\\\/\\\/africadailyreport.com\\\/fr\\\/#\\\/schema\\\/logo\\\/image\\\/\",\"url\":\"https:\\\/\\\/africadailyreport.com\\\/wp-content\\\/uploads\\\/2024\\\/09\\\/ADR-Transparent-Green-Logo-1.png\",\"contentUrl\":\"https:\\\/\\\/africadailyreport.com\\\/wp-content\\\/uploads\\\/2024\\\/09\\\/ADR-Transparent-Green-Logo-1.png\",\"width\":267,\"height\":185,\"caption\":\"Africa Daily Report\"},\"image\":{\"@id\":\"https:\\\/\\\/africadailyreport.com\\\/fr\\\/#\\\/schema\\\/logo\\\/image\\\/\"},\"sameAs\":[\"https:\\\/\\\/www.facebook.com\\\/africadailyreport\",\"https:\\\/\\\/x.com\\\/adr_africa\",\"https:\\\/\\\/www.youtube.com\\\/@africadailyreport\",\"https:\\\/\\\/instagram.com\\\/africadailyreport\"]},{\"@type\":\"Person\",\"@id\":\"https:\\\/\\\/africadailyreport.com\\\/fr\\\/#\\\/schema\\\/person\\\/c44d86d79f5570b3ba4cf70c989843f8\",\"name\":\"ADR\\\/AFP\",\"image\":{\"@type\":\"ImageObject\",\"inLanguage\":\"fr-FR\",\"@id\":\"https:\\\/\\\/secure.gravatar.com\\\/avatar\\\/2fbdc3782aa386b408fd9a36f0bc78ee569c94a7a05670cab3a1d72916408214?s=96&d=mm&r=g\",\"url\":\"https:\\\/\\\/secure.gravatar.com\\\/avatar\\\/2fbdc3782aa386b408fd9a36f0bc78ee569c94a7a05670cab3a1d72916408214?s=96&d=mm&r=g\",\"contentUrl\":\"https:\\\/\\\/secure.gravatar.com\\\/avatar\\\/2fbdc3782aa386b408fd9a36f0bc78ee569c94a7a05670cab3a1d72916408214?s=96&d=mm&r=g\",\"caption\":\"ADR\\\/AFP\"},\"sameAs\":[\"http:\\\/\\\/africadailyreport.com\"],\"url\":\"https:\\\/\\\/africadailyreport.com\\\/fr\\\/author\\\/both\\\/\"}]}<\/script>\n<!-- \/ Yoast SEO Premium plugin. -->","yoast_head_json":{"title":"C\u00f4te d'Ivoire: l'ex-Premi\u00e8re dame Simone Gbagbo candidate \u00e0 la pr\u00e9sidentielle de 2025 - Africa Daily Report","robots":{"index":"index","follow":"follow","max-snippet":"max-snippet:-1","max-image-preview":"max-image-preview:large","max-video-preview":"max-video-preview:-1"},"canonical":"https:\/\/africadailyreport.com\/fr\/2024\/12\/01\/ivory-coasts-ex-first-lady-to-run-for-president-in-2025\/","og_locale":"fr_FR","og_type":"article","og_title":"C\u00f4te d'Ivoire: l'ex-Premi\u00e8re dame Simone Gbagbo candidate \u00e0 la pr\u00e9sidentielle de 2025","og_description":"Abidjan,\u00a0C\u00f4te d&rsquo;Ivoire &#8211; (AFP) &#8211; L&rsquo;ex-Premi\u00e8re dame ivoirienne, Simone Ehivet Gbagbo a annonc\u00e9 samedi sa candidature \u00e0 l&rsquo;\u00e9lection pr\u00e9sidentielle de 2025, martelant vouloir \u00ab\u00a0b\u00e2tir\u00a0\u00bb une nouvelle C\u00f4te d&rsquo;Ivoire. \u00ab\u00a0J&rsquo;ai accept\u00e9 d&rsquo;\u00eatre candidate \u00e0 l&rsquo;\u00e9lection pr\u00e9sidentielle d&rsquo;octobre 2025 parce que je crois profond\u00e9ment que chaque Ivoirien, quelle que soit sa condition, est capable, s&rsquo;il le veut [&hellip;]","og_url":"https:\/\/africadailyreport.com\/fr\/2024\/12\/01\/ivory-coasts-ex-first-lady-to-run-for-president-in-2025\/","og_site_name":"Africa Daily Report","article_publisher":"https:\/\/www.facebook.com\/africadailyreport","article_published_time":"2024-12-01T03:15:24+00:00","article_modified_time":"2024-12-01T03:20:55+00:00","og_image":[{"url":"https:\/\/africadailyreport.com\/wp-content\/uploads\/2024\/12\/AFP__20241130__36NV37R__v1__HighRes__FilesIcoastPoliticsElection2025-scaled-e1733022963546.jpg","width":1,"height":1,"type":"image\/jpeg"}],"author":"ADR\/AFP","twitter_card":"summary_large_image","twitter_creator":"@adr_africa","twitter_site":"@adr_africa","twitter_misc":{"\u00c9crit par":"ADR\/AFP","Dur\u00e9e de lecture estim\u00e9e":"2 minutes"},"schema":{"@context":"https:\/\/schema.org","@graph":[{"@type":"Article","@id":"https:\/\/africadailyreport.com\/fr\/2024\/12\/01\/ivory-coasts-ex-first-lady-to-run-for-president-in-2025\/#article","isPartOf":{"@id":"https:\/\/africadailyreport.com\/fr\/2024\/12\/01\/ivory-coasts-ex-first-lady-to-run-for-president-in-2025\/"},"author":{"name":"ADR\/AFP","@id":"https:\/\/africadailyreport.com\/fr\/#\/schema\/person\/c44d86d79f5570b3ba4cf70c989843f8"},"headline":"C\u00f4te d&rsquo;Ivoire: l&rsquo;ex-Premi\u00e8re dame Simone Gbagbo candidate \u00e0 la pr\u00e9sidentielle de 2025","datePublished":"2024-12-01T03:15:24+00:00","dateModified":"2024-12-01T03:20:55+00:00","mainEntityOfPage":{"@id":"https:\/\/africadailyreport.com\/fr\/2024\/12\/01\/ivory-coasts-ex-first-lady-to-run-for-president-in-2025\/"},"wordCount":407,"commentCount":0,"publisher":{"@id":"https:\/\/africadailyreport.com\/fr\/#organization"},"image":{"@id":"https:\/\/africadailyreport.com\/fr\/2024\/12\/01\/ivory-coasts-ex-first-lady-to-run-for-president-in-2025\/#primaryimage"},"thumbnailUrl":"https:\/\/i0.wp.com\/africadailyreport.com\/wp-content\/uploads\/2024\/12\/AFP__20241130__36NV37R__v1__HighRes__FilesIcoastPoliticsElection2025-scaled-e1733022963546.jpg?fit=%2C&ssl=1","keywords":["C\u00f4te d\u2019Ivoire","election","icoast","Politics","presidentielle","vote"],"articleSection":["Actualit\u00e9s","D\u00e9p\u00eache","POLITIQUE"],"inLanguage":"fr-FR","potentialAction":[{"@type":"CommentAction","name":"Comment","target":["https:\/\/africadailyreport.com\/fr\/2024\/12\/01\/ivory-coasts-ex-first-lady-to-run-for-president-in-2025\/#respond"]}],"copyrightYear":"2024","copyrightHolder":{"@id":"https:\/\/africadailyreport.com\/#organization"}},{"@type":"WebPage","@id":"https:\/\/africadailyreport.com\/fr\/2024\/12\/01\/ivory-coasts-ex-first-lady-to-run-for-president-in-2025\/","url":"https:\/\/africadailyreport.com\/fr\/2024\/12\/01\/ivory-coasts-ex-first-lady-to-run-for-president-in-2025\/","name":"C\u00f4te d'Ivoire: l'ex-Premi\u00e8re dame Simone Gbagbo candidate \u00e0 la pr\u00e9sidentielle de 2025 - Africa Daily Report","isPartOf":{"@id":"https:\/\/africadailyreport.com\/fr\/#website"},"primaryImageOfPage":{"@id":"https:\/\/africadailyreport.com\/fr\/2024\/12\/01\/ivory-coasts-ex-first-lady-to-run-for-president-in-2025\/#primaryimage"},"image":{"@id":"https:\/\/africadailyreport.com\/fr\/2024\/12\/01\/ivory-coasts-ex-first-lady-to-run-for-president-in-2025\/#primaryimage"},"thumbnailUrl":"https:\/\/i0.wp.com\/africadailyreport.com\/wp-content\/uploads\/2024\/12\/AFP__20241130__36NV37R__v1__HighRes__FilesIcoastPoliticsElection2025-scaled-e1733022963546.jpg?fit=%2C&ssl=1","datePublished":"2024-12-01T03:15:24+00:00","dateModified":"2024-12-01T03:20:55+00:00","breadcrumb":{"@id":"https:\/\/africadailyreport.com\/fr\/2024\/12\/01\/ivory-coasts-ex-first-lady-to-run-for-president-in-2025\/#breadcrumb"},"inLanguage":"fr-FR","potentialAction":[{"@type":"ReadAction","target":["https:\/\/africadailyreport.com\/fr\/2024\/12\/01\/ivory-coasts-ex-first-lady-to-run-for-president-in-2025\/"]}]},{"@type":"ImageObject","inLanguage":"fr-FR","@id":"https:\/\/africadailyreport.com\/fr\/2024\/12\/01\/ivory-coasts-ex-first-lady-to-run-for-president-in-2025\/#primaryimage","url":"https:\/\/i0.wp.com\/africadailyreport.com\/wp-content\/uploads\/2024\/12\/AFP__20241130__36NV37R__v1__HighRes__FilesIcoastPoliticsElection2025-scaled-e1733022963546.jpg?fit=%2C&ssl=1","contentUrl":"https:\/\/i0.wp.com\/africadailyreport.com\/wp-content\/uploads\/2024\/12\/AFP__20241130__36NV37R__v1__HighRes__FilesIcoastPoliticsElection2025-scaled-e1733022963546.jpg?fit=%2C&ssl=1","caption":"(FILES) Former First Lady of Ivory Coast Simone Ehivet Gbagbo, President of the Movement of Capable Generations (\"Mouvement des Generations Capables\", MGC), delivers a speach after her investiture during the extraordinary general assembly of her political party in Abidjan on August 20, 2022. - The former First Lady of Ivory Coast, Simone Ehivet Gbagbo, announced her candidacy for the 2025 presidential election on November 30, 2024, insisting that she wanted to \u0091build\u0092 a new Ivory Coast. (Photo by Sia KAMBOU \/ AFP)"},{"@type":"BreadcrumbList","@id":"https:\/\/africadailyreport.com\/fr\/2024\/12\/01\/ivory-coasts-ex-first-lady-to-run-for-president-in-2025\/#breadcrumb","itemListElement":[{"@type":"ListItem","position":1,"name":"Home","item":"https:\/\/africadailyreport.com\/fr\/"},{"@type":"ListItem","position":2,"name":"C\u00f4te d&#8217;Ivoire: l&#8217;ex-Premi\u00e8re dame Simone Gbagbo candidate \u00e0 la pr\u00e9sidentielle de 2025"}]},{"@type":"WebSite","@id":"https:\/\/africadailyreport.com\/fr\/#website","url":"https:\/\/africadailyreport.com\/fr\/","name":"Africa Daily Report","description":"","publisher":{"@id":"https:\/\/africadailyreport.com\/fr\/#organization"},"potentialAction":[{"@type":"SearchAction","target":{"@type":"EntryPoint","urlTemplate":"https:\/\/africadailyreport.com\/fr\/?s={search_term_string}"},"query-input":{"@type":"PropertyValueSpecification","valueRequired":true,"valueName":"search_term_string"}}],"inLanguage":"fr-FR"},{"@type":"Organization","@id":"https:\/\/africadailyreport.com\/fr\/#organization","name":"Africa Daily Report","url":"https:\/\/africadailyreport.com\/fr\/","logo":{"@type":"ImageObject","inLanguage":"fr-FR","@id":"https:\/\/africadailyreport.com\/fr\/#\/schema\/logo\/image\/","url":"https:\/\/africadailyreport.com\/wp-content\/uploads\/2024\/09\/ADR-Transparent-Green-Logo-1.png","contentUrl":"https:\/\/africadailyreport.com\/wp-content\/uploads\/2024\/09\/ADR-Transparent-Green-Logo-1.png","width":267,"height":185,"caption":"Africa Daily Report"},"image":{"@id":"https:\/\/africadailyreport.com\/fr\/#\/schema\/logo\/image\/"},"sameAs":["https:\/\/www.facebook.com\/africadailyreport","https:\/\/x.com\/adr_africa","https:\/\/www.youtube.com\/@africadailyreport","https:\/\/instagram.com\/africadailyreport"]},{"@type":"Person","@id":"https:\/\/africadailyreport.com\/fr\/#\/schema\/person\/c44d86d79f5570b3ba4cf70c989843f8","name":"ADR\/AFP","image":{"@type":"ImageObject","inLanguage":"fr-FR","@id":"https:\/\/secure.gravatar.com\/avatar\/2fbdc3782aa386b408fd9a36f0bc78ee569c94a7a05670cab3a1d72916408214?s=96&d=mm&r=g","url":"https:\/\/secure.gravatar.com\/avatar\/2fbdc3782aa386b408fd9a36f0bc78ee569c94a7a05670cab3a1d72916408214?s=96&d=mm&r=g","contentUrl":"https:\/\/secure.gravatar.com\/avatar\/2fbdc3782aa386b408fd9a36f0bc78ee569c94a7a05670cab3a1d72916408214?s=96&d=mm&r=g","caption":"ADR\/AFP"},"sameAs":["http:\/\/africadailyreport.com"],"url":"https:\/\/africadailyreport.com\/fr\/author\/both\/"}]}},"jetpack_featured_media_url":"https:\/\/i0.wp.com\/africadailyreport.com\/wp-content\/uploads\/2024\/12\/AFP__20241130__36NV37R__v1__HighRes__FilesIcoastPoliticsElection2025-scaled-e1733022963546.jpg?fit=%2C&ssl=1","jetpack_sharing_enabled":true,"amp_enabled":true,"_links":{"self":[{"href":"https:\/\/africadailyreport.com\/fr\/wp-json\/wp\/v2\/posts\/14977","targetHints":{"allow":["GET"]}}],"collection":[{"href":"https:\/\/africadailyreport.com\/fr\/wp-json\/wp\/v2\/posts"}],"about":[{"href":"https:\/\/africadailyreport.com\/fr\/wp-json\/wp\/v2\/types\/post"}],"author":[{"embeddable":true,"href":"https:\/\/africadailyreport.com\/fr\/wp-json\/wp\/v2\/users\/10"}],"replies":[{"embeddable":true,"href":"https:\/\/africadailyreport.com\/fr\/wp-json\/wp\/v2\/comments?post=14977"}],"version-history":[{"count":3,"href":"https:\/\/africadailyreport.com\/fr\/wp-json\/wp\/v2\/posts\/14977\/revisions"}],"predecessor-version":[{"id":14981,"href":"https:\/\/africadailyreport.com\/fr\/wp-json\/wp\/v2\/posts\/14977\/revisions\/14981"}],"wp:featuredmedia":[{"embeddable":true,"href":"https:\/\/africadailyreport.com\/fr\/wp-json\/wp\/v2\/media\/14973"}],"wp:attachment":[{"href":"https:\/\/africadailyreport.com\/fr\/wp-json\/wp\/v2\/media?parent=14977"}],"wp:term":[{"taxonomy":"category","embeddable":true,"href":"https:\/\/africadailyreport.com\/fr\/wp-json\/wp\/v2\/categories?post=14977"},{"taxonomy":"post_tag","embeddable":true,"href":"https:\/\/africadailyreport.com\/fr\/wp-json\/wp\/v2\/tags?post=14977"},{"taxonomy":"adr_country","embeddable":true,"href":"https:\/\/africadailyreport.com\/fr\/wp-json\/wp\/v2\/adr_country?post=14977"}],"curies":[{"name":"wp","href":"https:\/\/api.w.org\/{rel}","templated":true}]}}