{"id":14820,"date":"2024-11-27T23:05:03","date_gmt":"2024-11-27T23:05:03","guid":{"rendered":"https:\/\/africadailyreport.com\/2024\/11\/27\/malawi-president-vows-to-tackle-fuel-crisis-hunger-and-violence\/"},"modified":"2024-11-27T23:09:56","modified_gmt":"2024-11-27T23:09:56","slug":"malawi-president-vows-to-tackle-fuel-crisis-hunger-and-violence","status":"publish","type":"post","link":"https:\/\/africadailyreport.com\/fr\/2024\/11\/27\/malawi-president-vows-to-tackle-fuel-crisis-hunger-and-violence\/","title":{"rendered":"Malawi: le pr\u00e9sident parle budget, famine et p\u00e9trole"},"content":{"rendered":"\n<h2 class=\"wp-block-heading\" id=\"h-lilongwe-malawi-afp-le-president-du-malawi-lazarus-chakwera-a-annonce-mercredi-des-mesures-d-austerite-budgetaire-a-demande-davantage-d-aide-internationale-pour-lutter-contre-la-faim-et-laisse-miroiter-un-accord-avec-les-emirats-pour-regler-les-penuries-de-carburant-appelant-egalement-a-contenir-les-violences-politiques\"><em>Lilongwe,\u00a0Malawi &#8211; (AFP) &#8211;  <\/em>Le pr\u00e9sident du Malawi Lazarus Chakwera a annonc\u00e9 mercredi des mesures d&rsquo;aust\u00e9rit\u00e9 budg\u00e9taire, a demand\u00e9 davantage d&rsquo;aide internationale pour lutter contre la faim et laiss\u00e9 miroiter un accord avec les Emirats pour r\u00e9gler les p\u00e9nuries de carburant, appelant \u00e9galement \u00e0 contenir les violences politiques.<\/h2>\n\n\n\n\n\n<p class=\"\"><\/p>\n\n\n\n<p class=\"\">Le pr\u00e9sident malawite avait d\u00e9clar\u00e9 en mars l&rsquo;\u00e9tat de catastrophe naturelle dans 23 des 28 districts du pays d&rsquo;Afrique australe, en raison de l&rsquo;impact de la s\u00e9cheresse li\u00e9e au ph\u00e9nom\u00e8ne climatique El Ni\u00f1o. Celle-ci a d\u00e9truit les r\u00e9coltes, mena\u00e7ant de famine 5,7 millions de personnes.<\/p>\n\n\n\n<p class=\"\">Bien qu&rsquo;il ait reconnu \u00ab\u00a0la n\u00e9cessit\u00e9 de donner la priorit\u00e9 \u00e0 la s\u00e9curit\u00e9 alimentaire\u00a0\u00bb, M. Chakwera a pr\u00e9venu dans un discours t\u00e9l\u00e9vis\u00e9 mercredi que le gouvernement allait devoir annoncer des mesures d&rsquo;aust\u00e9rit\u00e9 \u00e0 cause de la \u00ab\u00a0situation d&rsquo;endettement\u00a0\u00bb du pays.<\/p>\n\n\n\n<p class=\"\">\u00ab\u00a0Je demande votre soutien \u00e0 ces mesures de r\u00e9duction des d\u00e9penses\u00a0\u00bb publiques, a-t-il d\u00e9clar\u00e9.<\/p>\n\n\n\n<p class=\"\">Lazarus Chakwera a remerci\u00e9 la communaut\u00e9 internationale qui a apport\u00e9 des fonds pour faire face \u00e0 la crise alimentaire, mais a soulign\u00e9 qu&rsquo;une aide suppl\u00e9mentaire \u00e9tait n\u00e9cessaire.<\/p>\n\n\n\n<p class=\"\">\u00ab\u00a0Nous avons encore 1,2 million de personnes touch\u00e9es qui attendent toujours leur tour pour recevoir de l&rsquo;aide\u00a0\u00bb, a d\u00e9clar\u00e9 le chef de l&rsquo;Etat, \u00e9lu en 2020.<\/p>\n\n\n\n<p class=\"\">Il a \u00e9galement \u00e9voqu\u00e9 les p\u00e9nuries de carburant qui affectent le pays depuis des semaines, l&rsquo;approvisionnement ayant \u00e9t\u00e9 coup\u00e9 faute de devises \u00e9trang\u00e8res.<\/p>\n\n\n\n<p class=\"\">Les p\u00e9nuries d&rsquo;essence ont augment\u00e9 les co\u00fbts de transport, avec un effet d&rsquo;entra\u00eenement sur les prix des biens essentiels et de la nourriture, dans un pays o\u00f9 70% de la population vit dans une extr\u00eame pauvret\u00e9.<\/p>\n\n\n\n<p class=\"\">\u00ab\u00a0Il est temps pour nous d&rsquo;adopter une approche diff\u00e9rente\u00a0\u00bb, a d\u00e9clar\u00e9 le pr\u00e9sident Chakwera, expliquant que le gouvernement allait d\u00e9sormais se procurer du carburant dans le cadre d&rsquo;accords bilat\u00e9raux avec d&rsquo;autres pays.<\/p>\n\n\n\n<p class=\"\">\u00ab\u00a0Dans un premier temps, j&rsquo;ai accept\u00e9 une invitation du pr\u00e9sident des Emirats arabes unis (&#8230;) pour discuter de cela et d&rsquo;autres questions pour la s\u00e9curit\u00e9 de l&rsquo;approvisionnement en carburant \u00e0 long terme de notre pays\u00a0\u00bb, a-t-il indiqu\u00e9<\/p>\n\n\n\n<p class=\"\">Des manifestants ont exig\u00e9 lundi dans la capitale Lilongwe la d\u00e9mission du ministre de l&rsquo;Energie en raison de la crise du carburant, entre autres griefs. La manifestation a \u00e9t\u00e9 interrompue par des dizaines d&rsquo;hommes masqu\u00e9s arm\u00e9s de machettes et de gourdins avant que la police n&rsquo;intervienne avec des gaz lacrymog\u00e8nes.<\/p>\n\n\n\n<p class=\"\">Sans mentionner cet \u00e9pisode, le pr\u00e9sident a condamn\u00e9 \u00ab\u00a0l&rsquo;\u00e9mergence d&rsquo;incidents de violence politique\u00a0\u00bb, notamment \u00ab\u00a0les manifestants qui ont \u00e9t\u00e9 intimid\u00e9s \u00e0 Lilongwe\u00a0\u00bb.<\/p>\n\n\n\n<p class=\"\">\u00ab\u00a0Ces choses ne m\u00e8neront notre pays nulle part, et j&rsquo;appelle la police du Malawi \u00e0 faire son travail en enqu\u00eatant sur chaque incident de violence politique et en traduisant les suspects en justice\u00a0\u00bb, a-t-il d\u00e9clar\u00e9.<\/p>\n\n\n\n<p class=\"\"><\/p>\n\n\n\n<p class=\"\">\u00a9 Agence France-Presse<\/p>\n","protected":false},"excerpt":{"rendered":"<p>Lilongwe,\u00a0Malawi &#8211; (AFP) &#8211; Le pr\u00e9sident du Malawi Lazarus Chakwera a annonc\u00e9 mercredi des mesures d&rsquo;aust\u00e9rit\u00e9 budg\u00e9taire, a demand\u00e9 davantage d&rsquo;aide internationale pour lutter contre la faim et laiss\u00e9 miroiter un accord avec les Emirats pour r\u00e9gler les p\u00e9nuries de carburant, appelant \u00e9galement \u00e0 contenir les violences politiques. Le pr\u00e9sident malawite avait d\u00e9clar\u00e9 en mars [&hellip;]<\/p>\n","protected":false},"author":10,"featured_media":14818,"comment_status":"open","ping_status":"open","sticky":false,"template":"","format":"standard","meta":{"_acf_changed":false,"om_disable_all_campaigns":false,"_monsterinsights_skip_tracking":false,"_monsterinsights_sitenote_active":false,"_monsterinsights_sitenote_note":"","_monsterinsights_sitenote_category":0,"tdm_status":"","tdm_grid_status":"","_jetpack_newsletter_access":"","_jetpack_dont_email_post_to_subs":false,"_jetpack_newsletter_tier_id":0,"_jetpack_memberships_contains_paywalled_content":false,"_jetpack_memberships_contains_paid_content":false,"footnotes":""},"categories":[800,1864,1772,970,1522,1008],"tags":[2120,2121,2122,2123,1519,2124,2125,1170],"adr_country":[],"class_list":{"0":"post-14820","1":"post","2":"type-post","3":"status-publish","4":"format-standard","5":"has-post-thumbnail","7":"category-economie-fr","8":"category-economy-fr","9":"category-editors-choice-fr","10":"category-food-fr","11":"category-health-fr","12":"category-politics-fr","13":"tag-chakwera-fr","14":"tag-crisis-fr","15":"tag-famine-2-fr","16":"tag-fuel-fr","17":"tag-health-fr","18":"tag-hunger-fr","19":"tag-malawi-fr","20":"tag-politics-fr"},"acf":{"post_version":""},"yoast_head":"<!-- This site is optimized with the Yoast SEO Premium plugin v26.0 (Yoast SEO v27.4) - https:\/\/yoast.com\/product\/yoast-seo-premium-wordpress\/ -->\n<title>Malawi: le pr\u00e9sident parle budget, famine et p\u00e9trole - Africa Daily Report<\/title>\n<meta name=\"robots\" content=\"index, follow, max-snippet:-1, max-image-preview:large, max-video-preview:-1\" \/>\n<link rel=\"canonical\" href=\"https:\/\/africadailyreport.com\/fr\/2024\/11\/27\/malawi-president-vows-to-tackle-fuel-crisis-hunger-and-violence\/\" \/>\n<meta property=\"og:locale\" content=\"fr_FR\" \/>\n<meta property=\"og:type\" content=\"article\" \/>\n<meta property=\"og:title\" content=\"Malawi: le pr\u00e9sident parle budget, famine et p\u00e9trole\" \/>\n<meta property=\"og:description\" content=\"Lilongwe,\u00a0Malawi &#8211; (AFP) &#8211; Le pr\u00e9sident du Malawi Lazarus Chakwera a annonc\u00e9 mercredi des mesures d&rsquo;aust\u00e9rit\u00e9 budg\u00e9taire, a demand\u00e9 davantage d&rsquo;aide internationale pour lutter contre la faim et laiss\u00e9 miroiter un accord avec les Emirats pour r\u00e9gler les p\u00e9nuries de carburant, appelant \u00e9galement \u00e0 contenir les violences politiques. Le pr\u00e9sident malawite avait d\u00e9clar\u00e9 en mars [&hellip;]\" \/>\n<meta property=\"og:url\" content=\"https:\/\/africadailyreport.com\/fr\/2024\/11\/27\/malawi-president-vows-to-tackle-fuel-crisis-hunger-and-violence\/\" \/>\n<meta property=\"og:site_name\" content=\"Africa Daily Report\" \/>\n<meta property=\"article:publisher\" content=\"https:\/\/www.facebook.com\/africadailyreport\" \/>\n<meta property=\"article:published_time\" content=\"2024-11-27T23:05:03+00:00\" \/>\n<meta property=\"article:modified_time\" content=\"2024-11-27T23:09:56+00:00\" \/>\n<meta property=\"og:image\" content=\"https:\/\/africadailyreport.com\/wp-content\/uploads\/2024\/11\/AFP__20240925__2174485205__v1__HighRes__GlobalCitizenNowHealthClimateFinancingSessio.jpg\" \/>\n\t<meta property=\"og:image:width\" content=\"1\" \/>\n\t<meta property=\"og:image:height\" content=\"1\" \/>\n\t<meta property=\"og:image:type\" content=\"image\/jpeg\" \/>\n<meta name=\"author\" content=\"ADR\/AFP\" \/>\n<meta name=\"twitter:card\" content=\"summary_large_image\" \/>\n<meta name=\"twitter:creator\" content=\"@adr_africa\" \/>\n<meta name=\"twitter:site\" content=\"@adr_africa\" \/>\n<meta name=\"twitter:label1\" content=\"\u00c9crit par\" \/>\n\t<meta name=\"twitter:data1\" content=\"ADR\/AFP\" \/>\n\t<meta name=\"twitter:label2\" content=\"Dur\u00e9e de lecture estim\u00e9e\" \/>\n\t<meta name=\"twitter:data2\" content=\"3 minutes\" \/>\n<script type=\"application\/ld+json\" class=\"yoast-schema-graph\">{\"@context\":\"https:\\\/\\\/schema.org\",\"@graph\":[{\"@type\":\"Article\",\"@id\":\"https:\\\/\\\/africadailyreport.com\\\/fr\\\/2024\\\/11\\\/27\\\/malawi-president-vows-to-tackle-fuel-crisis-hunger-and-violence\\\/#article\",\"isPartOf\":{\"@id\":\"https:\\\/\\\/africadailyreport.com\\\/fr\\\/2024\\\/11\\\/27\\\/malawi-president-vows-to-tackle-fuel-crisis-hunger-and-violence\\\/\"},\"author\":{\"name\":\"ADR\\\/AFP\",\"@id\":\"https:\\\/\\\/africadailyreport.com\\\/fr\\\/#\\\/schema\\\/person\\\/c44d86d79f5570b3ba4cf70c989843f8\"},\"headline\":\"Malawi: le pr\u00e9sident parle budget, famine et p\u00e9trole\",\"datePublished\":\"2024-11-27T23:05:03+00:00\",\"dateModified\":\"2024-11-27T23:09:56+00:00\",\"mainEntityOfPage\":{\"@id\":\"https:\\\/\\\/africadailyreport.com\\\/fr\\\/2024\\\/11\\\/27\\\/malawi-president-vows-to-tackle-fuel-crisis-hunger-and-violence\\\/\"},\"wordCount\":509,\"commentCount\":0,\"publisher\":{\"@id\":\"https:\\\/\\\/africadailyreport.com\\\/fr\\\/#organization\"},\"image\":{\"@id\":\"https:\\\/\\\/africadailyreport.com\\\/fr\\\/2024\\\/11\\\/27\\\/malawi-president-vows-to-tackle-fuel-crisis-hunger-and-violence\\\/#primaryimage\"},\"thumbnailUrl\":\"https:\\\/\\\/i0.wp.com\\\/africadailyreport.com\\\/wp-content\\\/uploads\\\/2024\\\/11\\\/AFP__20240925__2174485205__v1__HighRes__GlobalCitizenNowHealthClimateFinancingSessio.jpg?fit=%2C&ssl=1\",\"keywords\":[\"chakwera\",\"crisis\",\"famine\",\"fuel\",\"health\",\"hunger\",\"malawi\",\"Politics\"],\"articleSection\":[\"Economie\",\"Economy\",\"Editor&#8217;s Choice\",\"Food\",\"HEALTH\",\"Politics\"],\"inLanguage\":\"fr-FR\",\"potentialAction\":[{\"@type\":\"CommentAction\",\"name\":\"Comment\",\"target\":[\"https:\\\/\\\/africadailyreport.com\\\/fr\\\/2024\\\/11\\\/27\\\/malawi-president-vows-to-tackle-fuel-crisis-hunger-and-violence\\\/#respond\"]}],\"copyrightYear\":\"2024\",\"copyrightHolder\":{\"@id\":\"https:\\\/\\\/africadailyreport.com\\\/#organization\"}},{\"@type\":\"WebPage\",\"@id\":\"https:\\\/\\\/africadailyreport.com\\\/fr\\\/2024\\\/11\\\/27\\\/malawi-president-vows-to-tackle-fuel-crisis-hunger-and-violence\\\/\",\"url\":\"https:\\\/\\\/africadailyreport.com\\\/fr\\\/2024\\\/11\\\/27\\\/malawi-president-vows-to-tackle-fuel-crisis-hunger-and-violence\\\/\",\"name\":\"Malawi: le pr\u00e9sident parle budget, famine et p\u00e9trole - Africa Daily Report\",\"isPartOf\":{\"@id\":\"https:\\\/\\\/africadailyreport.com\\\/fr\\\/#website\"},\"primaryImageOfPage\":{\"@id\":\"https:\\\/\\\/africadailyreport.com\\\/fr\\\/2024\\\/11\\\/27\\\/malawi-president-vows-to-tackle-fuel-crisis-hunger-and-violence\\\/#primaryimage\"},\"image\":{\"@id\":\"https:\\\/\\\/africadailyreport.com\\\/fr\\\/2024\\\/11\\\/27\\\/malawi-president-vows-to-tackle-fuel-crisis-hunger-and-violence\\\/#primaryimage\"},\"thumbnailUrl\":\"https:\\\/\\\/i0.wp.com\\\/africadailyreport.com\\\/wp-content\\\/uploads\\\/2024\\\/11\\\/AFP__20240925__2174485205__v1__HighRes__GlobalCitizenNowHealthClimateFinancingSessio.jpg?fit=%2C&ssl=1\",\"datePublished\":\"2024-11-27T23:05:03+00:00\",\"dateModified\":\"2024-11-27T23:09:56+00:00\",\"breadcrumb\":{\"@id\":\"https:\\\/\\\/africadailyreport.com\\\/fr\\\/2024\\\/11\\\/27\\\/malawi-president-vows-to-tackle-fuel-crisis-hunger-and-violence\\\/#breadcrumb\"},\"inLanguage\":\"fr-FR\",\"potentialAction\":[{\"@type\":\"ReadAction\",\"target\":[\"https:\\\/\\\/africadailyreport.com\\\/fr\\\/2024\\\/11\\\/27\\\/malawi-president-vows-to-tackle-fuel-crisis-hunger-and-violence\\\/\"]}]},{\"@type\":\"ImageObject\",\"inLanguage\":\"fr-FR\",\"@id\":\"https:\\\/\\\/africadailyreport.com\\\/fr\\\/2024\\\/11\\\/27\\\/malawi-president-vows-to-tackle-fuel-crisis-hunger-and-violence\\\/#primaryimage\",\"url\":\"https:\\\/\\\/i0.wp.com\\\/africadailyreport.com\\\/wp-content\\\/uploads\\\/2024\\\/11\\\/AFP__20240925__2174485205__v1__HighRes__GlobalCitizenNowHealthClimateFinancingSessio.jpg?fit=%2C&ssl=1\",\"contentUrl\":\"https:\\\/\\\/i0.wp.com\\\/africadailyreport.com\\\/wp-content\\\/uploads\\\/2024\\\/11\\\/AFP__20240925__2174485205__v1__HighRes__GlobalCitizenNowHealthClimateFinancingSessio.jpg?fit=%2C&ssl=1\",\"caption\":\"NEW YORK, NEW YORK - SEPTEMBER 25: Lazarus McCarthy Chakwera, President of Malawi speaks during the Keynote Conversation with the President of Malawi panel at Global Citizen NOW: Health and Climate Financing Sessions - The Urgent Need for Action at Guastavino's on September 25, 2024 in New York City. Rob Kim\\\/Getty Images for Global Citizen\\\/AFP (Photo by ROB KIM \\\/ GETTY IMAGES NORTH AMERICA \\\/ Getty Images via AFP)\"},{\"@type\":\"BreadcrumbList\",\"@id\":\"https:\\\/\\\/africadailyreport.com\\\/fr\\\/2024\\\/11\\\/27\\\/malawi-president-vows-to-tackle-fuel-crisis-hunger-and-violence\\\/#breadcrumb\",\"itemListElement\":[{\"@type\":\"ListItem\",\"position\":1,\"name\":\"Home\",\"item\":\"https:\\\/\\\/africadailyreport.com\\\/fr\\\/\"},{\"@type\":\"ListItem\",\"position\":2,\"name\":\"Malawi: le pr\u00e9sident parle budget, famine et p\u00e9trole\"}]},{\"@type\":\"WebSite\",\"@id\":\"https:\\\/\\\/africadailyreport.com\\\/fr\\\/#website\",\"url\":\"https:\\\/\\\/africadailyreport.com\\\/fr\\\/\",\"name\":\"Africa Daily Report\",\"description\":\"\",\"publisher\":{\"@id\":\"https:\\\/\\\/africadailyreport.com\\\/fr\\\/#organization\"},\"potentialAction\":[{\"@type\":\"SearchAction\",\"target\":{\"@type\":\"EntryPoint\",\"urlTemplate\":\"https:\\\/\\\/africadailyreport.com\\\/fr\\\/?s={search_term_string}\"},\"query-input\":{\"@type\":\"PropertyValueSpecification\",\"valueRequired\":true,\"valueName\":\"search_term_string\"}}],\"inLanguage\":\"fr-FR\"},{\"@type\":\"Organization\",\"@id\":\"https:\\\/\\\/africadailyreport.com\\\/fr\\\/#organization\",\"name\":\"Africa Daily Report\",\"url\":\"https:\\\/\\\/africadailyreport.com\\\/fr\\\/\",\"logo\":{\"@type\":\"ImageObject\",\"inLanguage\":\"fr-FR\",\"@id\":\"https:\\\/\\\/africadailyreport.com\\\/fr\\\/#\\\/schema\\\/logo\\\/image\\\/\",\"url\":\"https:\\\/\\\/africadailyreport.com\\\/wp-content\\\/uploads\\\/2024\\\/09\\\/ADR-Transparent-Green-Logo-1.png\",\"contentUrl\":\"https:\\\/\\\/africadailyreport.com\\\/wp-content\\\/uploads\\\/2024\\\/09\\\/ADR-Transparent-Green-Logo-1.png\",\"width\":267,\"height\":185,\"caption\":\"Africa Daily Report\"},\"image\":{\"@id\":\"https:\\\/\\\/africadailyreport.com\\\/fr\\\/#\\\/schema\\\/logo\\\/image\\\/\"},\"sameAs\":[\"https:\\\/\\\/www.facebook.com\\\/africadailyreport\",\"https:\\\/\\\/x.com\\\/adr_africa\",\"https:\\\/\\\/www.youtube.com\\\/@africadailyreport\",\"https:\\\/\\\/instagram.com\\\/africadailyreport\"]},{\"@type\":\"Person\",\"@id\":\"https:\\\/\\\/africadailyreport.com\\\/fr\\\/#\\\/schema\\\/person\\\/c44d86d79f5570b3ba4cf70c989843f8\",\"name\":\"ADR\\\/AFP\",\"image\":{\"@type\":\"ImageObject\",\"inLanguage\":\"fr-FR\",\"@id\":\"https:\\\/\\\/secure.gravatar.com\\\/avatar\\\/2fbdc3782aa386b408fd9a36f0bc78ee569c94a7a05670cab3a1d72916408214?s=96&d=mm&r=g\",\"url\":\"https:\\\/\\\/secure.gravatar.com\\\/avatar\\\/2fbdc3782aa386b408fd9a36f0bc78ee569c94a7a05670cab3a1d72916408214?s=96&d=mm&r=g\",\"contentUrl\":\"https:\\\/\\\/secure.gravatar.com\\\/avatar\\\/2fbdc3782aa386b408fd9a36f0bc78ee569c94a7a05670cab3a1d72916408214?s=96&d=mm&r=g\",\"caption\":\"ADR\\\/AFP\"},\"sameAs\":[\"http:\\\/\\\/africadailyreport.com\"],\"url\":\"https:\\\/\\\/africadailyreport.com\\\/fr\\\/author\\\/both\\\/\"}]}<\/script>\n<!-- \/ Yoast SEO Premium plugin. -->","yoast_head_json":{"title":"Malawi: le pr\u00e9sident parle budget, famine et p\u00e9trole - Africa Daily Report","robots":{"index":"index","follow":"follow","max-snippet":"max-snippet:-1","max-image-preview":"max-image-preview:large","max-video-preview":"max-video-preview:-1"},"canonical":"https:\/\/africadailyreport.com\/fr\/2024\/11\/27\/malawi-president-vows-to-tackle-fuel-crisis-hunger-and-violence\/","og_locale":"fr_FR","og_type":"article","og_title":"Malawi: le pr\u00e9sident parle budget, famine et p\u00e9trole","og_description":"Lilongwe,\u00a0Malawi &#8211; (AFP) &#8211; Le pr\u00e9sident du Malawi Lazarus Chakwera a annonc\u00e9 mercredi des mesures d&rsquo;aust\u00e9rit\u00e9 budg\u00e9taire, a demand\u00e9 davantage d&rsquo;aide internationale pour lutter contre la faim et laiss\u00e9 miroiter un accord avec les Emirats pour r\u00e9gler les p\u00e9nuries de carburant, appelant \u00e9galement \u00e0 contenir les violences politiques. Le pr\u00e9sident malawite avait d\u00e9clar\u00e9 en mars [&hellip;]","og_url":"https:\/\/africadailyreport.com\/fr\/2024\/11\/27\/malawi-president-vows-to-tackle-fuel-crisis-hunger-and-violence\/","og_site_name":"Africa Daily Report","article_publisher":"https:\/\/www.facebook.com\/africadailyreport","article_published_time":"2024-11-27T23:05:03+00:00","article_modified_time":"2024-11-27T23:09:56+00:00","og_image":[{"url":"https:\/\/africadailyreport.com\/wp-content\/uploads\/2024\/11\/AFP__20240925__2174485205__v1__HighRes__GlobalCitizenNowHealthClimateFinancingSessio.jpg","width":1,"height":1,"type":"image\/jpeg"}],"author":"ADR\/AFP","twitter_card":"summary_large_image","twitter_creator":"@adr_africa","twitter_site":"@adr_africa","twitter_misc":{"\u00c9crit par":"ADR\/AFP","Dur\u00e9e de lecture estim\u00e9e":"3 minutes"},"schema":{"@context":"https:\/\/schema.org","@graph":[{"@type":"Article","@id":"https:\/\/africadailyreport.com\/fr\/2024\/11\/27\/malawi-president-vows-to-tackle-fuel-crisis-hunger-and-violence\/#article","isPartOf":{"@id":"https:\/\/africadailyreport.com\/fr\/2024\/11\/27\/malawi-president-vows-to-tackle-fuel-crisis-hunger-and-violence\/"},"author":{"name":"ADR\/AFP","@id":"https:\/\/africadailyreport.com\/fr\/#\/schema\/person\/c44d86d79f5570b3ba4cf70c989843f8"},"headline":"Malawi: le pr\u00e9sident parle budget, famine et p\u00e9trole","datePublished":"2024-11-27T23:05:03+00:00","dateModified":"2024-11-27T23:09:56+00:00","mainEntityOfPage":{"@id":"https:\/\/africadailyreport.com\/fr\/2024\/11\/27\/malawi-president-vows-to-tackle-fuel-crisis-hunger-and-violence\/"},"wordCount":509,"commentCount":0,"publisher":{"@id":"https:\/\/africadailyreport.com\/fr\/#organization"},"image":{"@id":"https:\/\/africadailyreport.com\/fr\/2024\/11\/27\/malawi-president-vows-to-tackle-fuel-crisis-hunger-and-violence\/#primaryimage"},"thumbnailUrl":"https:\/\/i0.wp.com\/africadailyreport.com\/wp-content\/uploads\/2024\/11\/AFP__20240925__2174485205__v1__HighRes__GlobalCitizenNowHealthClimateFinancingSessio.jpg?fit=%2C&ssl=1","keywords":["chakwera","crisis","famine","fuel","health","hunger","malawi","Politics"],"articleSection":["Economie","Economy","Editor&#8217;s Choice","Food","HEALTH","Politics"],"inLanguage":"fr-FR","potentialAction":[{"@type":"CommentAction","name":"Comment","target":["https:\/\/africadailyreport.com\/fr\/2024\/11\/27\/malawi-president-vows-to-tackle-fuel-crisis-hunger-and-violence\/#respond"]}],"copyrightYear":"2024","copyrightHolder":{"@id":"https:\/\/africadailyreport.com\/#organization"}},{"@type":"WebPage","@id":"https:\/\/africadailyreport.com\/fr\/2024\/11\/27\/malawi-president-vows-to-tackle-fuel-crisis-hunger-and-violence\/","url":"https:\/\/africadailyreport.com\/fr\/2024\/11\/27\/malawi-president-vows-to-tackle-fuel-crisis-hunger-and-violence\/","name":"Malawi: le pr\u00e9sident parle budget, famine et p\u00e9trole - Africa Daily Report","isPartOf":{"@id":"https:\/\/africadailyreport.com\/fr\/#website"},"primaryImageOfPage":{"@id":"https:\/\/africadailyreport.com\/fr\/2024\/11\/27\/malawi-president-vows-to-tackle-fuel-crisis-hunger-and-violence\/#primaryimage"},"image":{"@id":"https:\/\/africadailyreport.com\/fr\/2024\/11\/27\/malawi-president-vows-to-tackle-fuel-crisis-hunger-and-violence\/#primaryimage"},"thumbnailUrl":"https:\/\/i0.wp.com\/africadailyreport.com\/wp-content\/uploads\/2024\/11\/AFP__20240925__2174485205__v1__HighRes__GlobalCitizenNowHealthClimateFinancingSessio.jpg?fit=%2C&ssl=1","datePublished":"2024-11-27T23:05:03+00:00","dateModified":"2024-11-27T23:09:56+00:00","breadcrumb":{"@id":"https:\/\/africadailyreport.com\/fr\/2024\/11\/27\/malawi-president-vows-to-tackle-fuel-crisis-hunger-and-violence\/#breadcrumb"},"inLanguage":"fr-FR","potentialAction":[{"@type":"ReadAction","target":["https:\/\/africadailyreport.com\/fr\/2024\/11\/27\/malawi-president-vows-to-tackle-fuel-crisis-hunger-and-violence\/"]}]},{"@type":"ImageObject","inLanguage":"fr-FR","@id":"https:\/\/africadailyreport.com\/fr\/2024\/11\/27\/malawi-president-vows-to-tackle-fuel-crisis-hunger-and-violence\/#primaryimage","url":"https:\/\/i0.wp.com\/africadailyreport.com\/wp-content\/uploads\/2024\/11\/AFP__20240925__2174485205__v1__HighRes__GlobalCitizenNowHealthClimateFinancingSessio.jpg?fit=%2C&ssl=1","contentUrl":"https:\/\/i0.wp.com\/africadailyreport.com\/wp-content\/uploads\/2024\/11\/AFP__20240925__2174485205__v1__HighRes__GlobalCitizenNowHealthClimateFinancingSessio.jpg?fit=%2C&ssl=1","caption":"NEW YORK, NEW YORK - SEPTEMBER 25: Lazarus McCarthy Chakwera, President of Malawi speaks during the Keynote Conversation with the President of Malawi panel at Global Citizen NOW: Health and Climate Financing Sessions - The Urgent Need for Action at Guastavino's on September 25, 2024 in New York City. Rob Kim\/Getty Images for Global Citizen\/AFP (Photo by ROB KIM \/ GETTY IMAGES NORTH AMERICA \/ Getty Images via AFP)"},{"@type":"BreadcrumbList","@id":"https:\/\/africadailyreport.com\/fr\/2024\/11\/27\/malawi-president-vows-to-tackle-fuel-crisis-hunger-and-violence\/#breadcrumb","itemListElement":[{"@type":"ListItem","position":1,"name":"Home","item":"https:\/\/africadailyreport.com\/fr\/"},{"@type":"ListItem","position":2,"name":"Malawi: le pr\u00e9sident parle budget, famine et p\u00e9trole"}]},{"@type":"WebSite","@id":"https:\/\/africadailyreport.com\/fr\/#website","url":"https:\/\/africadailyreport.com\/fr\/","name":"Africa Daily Report","description":"","publisher":{"@id":"https:\/\/africadailyreport.com\/fr\/#organization"},"potentialAction":[{"@type":"SearchAction","target":{"@type":"EntryPoint","urlTemplate":"https:\/\/africadailyreport.com\/fr\/?s={search_term_string}"},"query-input":{"@type":"PropertyValueSpecification","valueRequired":true,"valueName":"search_term_string"}}],"inLanguage":"fr-FR"},{"@type":"Organization","@id":"https:\/\/africadailyreport.com\/fr\/#organization","name":"Africa Daily Report","url":"https:\/\/africadailyreport.com\/fr\/","logo":{"@type":"ImageObject","inLanguage":"fr-FR","@id":"https:\/\/africadailyreport.com\/fr\/#\/schema\/logo\/image\/","url":"https:\/\/africadailyreport.com\/wp-content\/uploads\/2024\/09\/ADR-Transparent-Green-Logo-1.png","contentUrl":"https:\/\/africadailyreport.com\/wp-content\/uploads\/2024\/09\/ADR-Transparent-Green-Logo-1.png","width":267,"height":185,"caption":"Africa Daily Report"},"image":{"@id":"https:\/\/africadailyreport.com\/fr\/#\/schema\/logo\/image\/"},"sameAs":["https:\/\/www.facebook.com\/africadailyreport","https:\/\/x.com\/adr_africa","https:\/\/www.youtube.com\/@africadailyreport","https:\/\/instagram.com\/africadailyreport"]},{"@type":"Person","@id":"https:\/\/africadailyreport.com\/fr\/#\/schema\/person\/c44d86d79f5570b3ba4cf70c989843f8","name":"ADR\/AFP","image":{"@type":"ImageObject","inLanguage":"fr-FR","@id":"https:\/\/secure.gravatar.com\/avatar\/2fbdc3782aa386b408fd9a36f0bc78ee569c94a7a05670cab3a1d72916408214?s=96&d=mm&r=g","url":"https:\/\/secure.gravatar.com\/avatar\/2fbdc3782aa386b408fd9a36f0bc78ee569c94a7a05670cab3a1d72916408214?s=96&d=mm&r=g","contentUrl":"https:\/\/secure.gravatar.com\/avatar\/2fbdc3782aa386b408fd9a36f0bc78ee569c94a7a05670cab3a1d72916408214?s=96&d=mm&r=g","caption":"ADR\/AFP"},"sameAs":["http:\/\/africadailyreport.com"],"url":"https:\/\/africadailyreport.com\/fr\/author\/both\/"}]}},"jetpack_featured_media_url":"https:\/\/i0.wp.com\/africadailyreport.com\/wp-content\/uploads\/2024\/11\/AFP__20240925__2174485205__v1__HighRes__GlobalCitizenNowHealthClimateFinancingSessio.jpg?fit=%2C&ssl=1","jetpack_sharing_enabled":true,"amp_enabled":true,"_links":{"self":[{"href":"https:\/\/africadailyreport.com\/fr\/wp-json\/wp\/v2\/posts\/14820","targetHints":{"allow":["GET"]}}],"collection":[{"href":"https:\/\/africadailyreport.com\/fr\/wp-json\/wp\/v2\/posts"}],"about":[{"href":"https:\/\/africadailyreport.com\/fr\/wp-json\/wp\/v2\/types\/post"}],"author":[{"embeddable":true,"href":"https:\/\/africadailyreport.com\/fr\/wp-json\/wp\/v2\/users\/10"}],"replies":[{"embeddable":true,"href":"https:\/\/africadailyreport.com\/fr\/wp-json\/wp\/v2\/comments?post=14820"}],"version-history":[{"count":2,"href":"https:\/\/africadailyreport.com\/fr\/wp-json\/wp\/v2\/posts\/14820\/revisions"}],"predecessor-version":[{"id":14824,"href":"https:\/\/africadailyreport.com\/fr\/wp-json\/wp\/v2\/posts\/14820\/revisions\/14824"}],"wp:featuredmedia":[{"embeddable":true,"href":"https:\/\/africadailyreport.com\/fr\/wp-json\/wp\/v2\/media\/14818"}],"wp:attachment":[{"href":"https:\/\/africadailyreport.com\/fr\/wp-json\/wp\/v2\/media?parent=14820"}],"wp:term":[{"taxonomy":"category","embeddable":true,"href":"https:\/\/africadailyreport.com\/fr\/wp-json\/wp\/v2\/categories?post=14820"},{"taxonomy":"post_tag","embeddable":true,"href":"https:\/\/africadailyreport.com\/fr\/wp-json\/wp\/v2\/tags?post=14820"},{"taxonomy":"adr_country","embeddable":true,"href":"https:\/\/africadailyreport.com\/fr\/wp-json\/wp\/v2\/adr_country?post=14820"}],"curies":[{"name":"wp","href":"https:\/\/api.w.org\/{rel}","templated":true}]}}