{"id":14811,"date":"2024-11-27T22:48:39","date_gmt":"2024-11-27T22:48:39","guid":{"rendered":"https:\/\/africadailyreport.com\/2024\/11\/27\/france-must-apologise-for-wwii-senegal-massacre-says-descendant\/"},"modified":"2024-11-27T22:59:12","modified_gmt":"2024-11-27T22:59:12","slug":"france-must-apologise-for-wwii-senegal-massacre-says-descendant","status":"publish","type":"post","link":"https:\/\/africadailyreport.com\/fr\/2024\/11\/27\/france-must-apologise-for-wwii-senegal-massacre-says-descendant\/","title":{"rendered":"France must &lsquo;apologise&rsquo; for WWII Senegal massacre, says descendant"},"content":{"rendered":"\n<h2 class=\"wp-block-heading\" id=\"h-diakhao-senegal-afp\">Diakhao,\u00a0Senegal &#8211; (AFP) <\/h2>\n\n\n<figure class=\"wp-block-embed wp-embed-aspect-16-9 wp-has-aspect-ratio  is-type-video is-provider-youtube wp-block-embed-youtube\"><div class=\"wp-block-embed__wrapper video-seo-youtube-embed-wrapper\"><div class=\"video-seo-youtube-player\" data-id=\"MoTDjDOzOrM\"><\/div><\/div><\/figure>\n\n\n<p class=\"\">Biram Senghor has a led a 50-year battle to get justice and reparations for Senegalese soldiers, including his father, who were killed by French colonial troops in a 1944 massacre. This as Senegal prepares to mark the 80th anniversary of the gruesome execution, on 1 December. \u201cFrance must repent, apologize to the rightful heirs,\u201d he says. \u201cThen, France must pay the damages and interest of the people they massacred like that.\u201d&nbsp;<\/p>\n\n\n\n<p class=\"\"><\/p>\n\n\n\n<h2 class=\"wp-block-heading\" id=\"h-la-france-doit-s-excuser-estime-le-fils-d-un-tirailleur-senegalais-tue-a-thiaroye\">La France doit s&rsquo;excuser\u00a0\u00bb estime le fils d&rsquo;un tirailleur s\u00e9n\u00e9galais tu\u00e9 \u00e0 Thiaroye<\/h2>\n\n\n\n<p class=\"\"><\/p>\n\n\n\n<p class=\"\">Son p\u00e8re fait partie des nombreux tirailleurs massacr\u00e9s par l&rsquo;arm\u00e9e coloniale fran\u00e7aise en 1944 \u00e0 Thiaroye, pr\u00e8s de Dakar. \u00c0 quelques jours du 80e anniversaire de la tuerie, Biram Senghor, 86 ans, seul descendant vivant connu de la victime, r\u00e9clame des excuses et une indemnisation.<\/p>\n","protected":false},"excerpt":{"rendered":"<p>Diakhao,\u00a0Senegal &#8211; (AFP) Biram Senghor has a led a 50-year battle to get justice and reparations for Senegalese soldiers, including his father, who were killed by French colonial troops in a 1944 massacre. This as Senegal prepares to mark the 80th anniversary of the gruesome execution, on 1 December. \u201cFrance must repent, apologize to the [&hellip;]<\/p>\n","protected":false},"author":10,"featured_media":14806,"comment_status":"open","ping_status":"open","sticky":false,"template":"","format":"standard","meta":{"_acf_changed":false,"om_disable_all_campaigns":false,"_monsterinsights_skip_tracking":false,"_monsterinsights_sitenote_active":false,"_monsterinsights_sitenote_note":"","_monsterinsights_sitenote_category":0,"tdm_status":"","tdm_grid_status":"","_jetpack_newsletter_access":"","_jetpack_dont_email_post_to_subs":false,"_jetpack_newsletter_tier_id":0,"_jetpack_memberships_contains_paywalled_content":false,"_jetpack_memberships_contains_paid_content":false,"footnotes":""},"categories":[837,2108],"tags":[2109,812,2110,2111,815,2112],"adr_country":[1092],"class_list":{"0":"post-14811","1":"post","2":"type-post","3":"status-publish","4":"format-standard","5":"has-post-thumbnail","7":"category-afrique-fr","8":"category-senegal-fr","9":"tag-anniversary-fr","10":"tag-france-fr","11":"tag-massacre-fr","12":"tag-riflemen-fr","13":"tag-senegal-2-fr","14":"tag-wwii-fr","15":"adr_country-senegal"},"acf":{"post_version":""},"yoast_head":"<!-- This site is optimized with the Yoast SEO Premium plugin v26.0 (Yoast SEO v27.4) - https:\/\/yoast.com\/product\/yoast-seo-premium-wordpress\/ -->\n<title>France must &#039;apologise&#039; for WWII Senegal massacre, says descendant - Africa Daily Report<\/title>\n<meta name=\"robots\" content=\"index, follow, max-snippet:-1, max-image-preview:large, max-video-preview:-1\" \/>\n<link rel=\"canonical\" href=\"https:\/\/africadailyreport.com\/fr\/2024\/11\/27\/france-must-apologise-for-wwii-senegal-massacre-says-descendant\/\" \/>\n<meta property=\"og:locale\" content=\"fr_FR\" \/>\n<meta property=\"og:type\" content=\"article\" \/>\n<meta property=\"og:title\" content=\"France must &#039;apologise&#039; for WWII Senegal massacre, says descendant\" \/>\n<meta property=\"og:description\" content=\"Diakhao,\u00a0Senegal &#8211; (AFP) Biram Senghor has a led a 50-year battle to get justice and reparations for Senegalese soldiers, including his father, who were killed by French colonial troops in a 1944 massacre. This as Senegal prepares to mark the 80th anniversary of the gruesome execution, on 1 December. \u201cFrance must repent, apologize to the [&hellip;]\" \/>\n<meta property=\"og:url\" content=\"https:\/\/africadailyreport.com\/fr\/2024\/11\/27\/france-must-apologise-for-wwii-senegal-massacre-says-descendant\/\" \/>\n<meta property=\"og:site_name\" content=\"Africa Daily Report\" \/>\n<meta property=\"article:publisher\" content=\"https:\/\/www.facebook.com\/africadailyreport\" \/>\n<meta property=\"article:published_time\" content=\"2024-11-27T22:48:39+00:00\" \/>\n<meta property=\"article:modified_time\" content=\"2024-11-27T22:59:12+00:00\" \/>\n<meta property=\"og:image\" content=\"https:\/\/i0.wp.com\/africadailyreport.com\/wp-content\/uploads\/2024\/11\/maxresdefault-16.jpg?fit=1280%2C720&ssl=1\" \/>\n\t<meta property=\"og:image:width\" content=\"1280\" \/>\n\t<meta property=\"og:image:height\" content=\"720\" \/>\n\t<meta property=\"og:image:type\" content=\"image\/jpeg\" \/>\n<meta name=\"author\" content=\"ADR\/AFP\" \/>\n<meta name=\"twitter:card\" content=\"summary_large_image\" \/>\n<meta name=\"twitter:creator\" content=\"@adr_africa\" \/>\n<meta name=\"twitter:site\" content=\"@adr_africa\" \/>\n<meta name=\"twitter:label1\" content=\"\u00c9crit par\" \/>\n\t<meta name=\"twitter:data1\" content=\"ADR\/AFP\" \/>\n\t<meta name=\"twitter:label2\" content=\"Dur\u00e9e de lecture estim\u00e9e\" \/>\n\t<meta name=\"twitter:data2\" content=\"1 minute\" \/>\n<script type=\"application\/ld+json\" class=\"yoast-schema-graph\">{\"@context\":\"https:\\\/\\\/schema.org\",\"@graph\":[{\"@type\":\"Article\",\"@id\":\"https:\\\/\\\/africadailyreport.com\\\/fr\\\/2024\\\/11\\\/27\\\/france-must-apologise-for-wwii-senegal-massacre-says-descendant\\\/#article\",\"isPartOf\":{\"@id\":\"https:\\\/\\\/africadailyreport.com\\\/fr\\\/2024\\\/11\\\/27\\\/france-must-apologise-for-wwii-senegal-massacre-says-descendant\\\/\"},\"author\":{\"name\":\"ADR\\\/AFP\",\"@id\":\"https:\\\/\\\/africadailyreport.com\\\/fr\\\/#\\\/schema\\\/person\\\/c44d86d79f5570b3ba4cf70c989843f8\"},\"headline\":\"France must &lsquo;apologise&rsquo; for WWII Senegal massacre, says descendant\",\"datePublished\":\"2024-11-27T22:48:39+00:00\",\"dateModified\":\"2024-11-27T22:59:12+00:00\",\"mainEntityOfPage\":{\"@id\":\"https:\\\/\\\/africadailyreport.com\\\/fr\\\/2024\\\/11\\\/27\\\/france-must-apologise-for-wwii-senegal-massacre-says-descendant\\\/\"},\"wordCount\":152,\"commentCount\":0,\"publisher\":{\"@id\":\"https:\\\/\\\/africadailyreport.com\\\/fr\\\/#organization\"},\"image\":{\"@id\":\"https:\\\/\\\/africadailyreport.com\\\/fr\\\/2024\\\/11\\\/27\\\/france-must-apologise-for-wwii-senegal-massacre-says-descendant\\\/#primaryimage\"},\"thumbnailUrl\":\"https:\\\/\\\/i0.wp.com\\\/africadailyreport.com\\\/wp-content\\\/uploads\\\/2024\\\/11\\\/maxresdefault-16.jpg?fit=1280%2C720&ssl=1\",\"keywords\":[\"anniversary\",\"france\",\"massacre\",\"riflemen\",\"Senegal\",\"wwII\"],\"articleSection\":[\"AFRIQUE\",\"S\u00e9n\u00e9gal\"],\"inLanguage\":\"fr-FR\",\"potentialAction\":[{\"@type\":\"CommentAction\",\"name\":\"Comment\",\"target\":[\"https:\\\/\\\/africadailyreport.com\\\/fr\\\/2024\\\/11\\\/27\\\/france-must-apologise-for-wwii-senegal-massacre-says-descendant\\\/#respond\"]}],\"copyrightYear\":\"2024\",\"copyrightHolder\":{\"@id\":\"https:\\\/\\\/africadailyreport.com\\\/#organization\"}},{\"@type\":\"WebPage\",\"@id\":\"https:\\\/\\\/africadailyreport.com\\\/fr\\\/2024\\\/11\\\/27\\\/france-must-apologise-for-wwii-senegal-massacre-says-descendant\\\/\",\"url\":\"https:\\\/\\\/africadailyreport.com\\\/fr\\\/2024\\\/11\\\/27\\\/france-must-apologise-for-wwii-senegal-massacre-says-descendant\\\/\",\"name\":\"France must 'apologise' for WWII Senegal massacre, says descendant - Africa Daily Report\",\"isPartOf\":{\"@id\":\"https:\\\/\\\/africadailyreport.com\\\/fr\\\/#website\"},\"primaryImageOfPage\":{\"@id\":\"https:\\\/\\\/africadailyreport.com\\\/fr\\\/2024\\\/11\\\/27\\\/france-must-apologise-for-wwii-senegal-massacre-says-descendant\\\/#primaryimage\"},\"image\":{\"@id\":\"https:\\\/\\\/africadailyreport.com\\\/fr\\\/2024\\\/11\\\/27\\\/france-must-apologise-for-wwii-senegal-massacre-says-descendant\\\/#primaryimage\"},\"thumbnailUrl\":\"https:\\\/\\\/i0.wp.com\\\/africadailyreport.com\\\/wp-content\\\/uploads\\\/2024\\\/11\\\/maxresdefault-16.jpg?fit=1280%2C720&ssl=1\",\"datePublished\":\"2024-11-27T22:48:39+00:00\",\"dateModified\":\"2024-11-27T22:59:12+00:00\",\"breadcrumb\":{\"@id\":\"https:\\\/\\\/africadailyreport.com\\\/fr\\\/2024\\\/11\\\/27\\\/france-must-apologise-for-wwii-senegal-massacre-says-descendant\\\/#breadcrumb\"},\"inLanguage\":\"fr-FR\",\"potentialAction\":[{\"@type\":\"ReadAction\",\"target\":[\"https:\\\/\\\/africadailyreport.com\\\/fr\\\/2024\\\/11\\\/27\\\/france-must-apologise-for-wwii-senegal-massacre-says-descendant\\\/\"]}]},{\"@type\":\"ImageObject\",\"inLanguage\":\"fr-FR\",\"@id\":\"https:\\\/\\\/africadailyreport.com\\\/fr\\\/2024\\\/11\\\/27\\\/france-must-apologise-for-wwii-senegal-massacre-says-descendant\\\/#primaryimage\",\"url\":\"https:\\\/\\\/i0.wp.com\\\/africadailyreport.com\\\/wp-content\\\/uploads\\\/2024\\\/11\\\/maxresdefault-16.jpg?fit=1280%2C720&ssl=1\",\"contentUrl\":\"https:\\\/\\\/i0.wp.com\\\/africadailyreport.com\\\/wp-content\\\/uploads\\\/2024\\\/11\\\/maxresdefault-16.jpg?fit=1280%2C720&ssl=1\",\"width\":1280,\"height\":720},{\"@type\":\"BreadcrumbList\",\"@id\":\"https:\\\/\\\/africadailyreport.com\\\/fr\\\/2024\\\/11\\\/27\\\/france-must-apologise-for-wwii-senegal-massacre-says-descendant\\\/#breadcrumb\",\"itemListElement\":[{\"@type\":\"ListItem\",\"position\":1,\"name\":\"Home\",\"item\":\"https:\\\/\\\/africadailyreport.com\\\/fr\\\/\"},{\"@type\":\"ListItem\",\"position\":2,\"name\":\"France must &lsquo;apologise&rsquo; for WWII Senegal massacre, says descendant\"}]},{\"@type\":\"WebSite\",\"@id\":\"https:\\\/\\\/africadailyreport.com\\\/fr\\\/#website\",\"url\":\"https:\\\/\\\/africadailyreport.com\\\/fr\\\/\",\"name\":\"Africa Daily Report\",\"description\":\"\",\"publisher\":{\"@id\":\"https:\\\/\\\/africadailyreport.com\\\/fr\\\/#organization\"},\"potentialAction\":[{\"@type\":\"SearchAction\",\"target\":{\"@type\":\"EntryPoint\",\"urlTemplate\":\"https:\\\/\\\/africadailyreport.com\\\/fr\\\/?s={search_term_string}\"},\"query-input\":{\"@type\":\"PropertyValueSpecification\",\"valueRequired\":true,\"valueName\":\"search_term_string\"}}],\"inLanguage\":\"fr-FR\"},{\"@type\":\"Organization\",\"@id\":\"https:\\\/\\\/africadailyreport.com\\\/fr\\\/#organization\",\"name\":\"Africa Daily Report\",\"url\":\"https:\\\/\\\/africadailyreport.com\\\/fr\\\/\",\"logo\":{\"@type\":\"ImageObject\",\"inLanguage\":\"fr-FR\",\"@id\":\"https:\\\/\\\/africadailyreport.com\\\/fr\\\/#\\\/schema\\\/logo\\\/image\\\/\",\"url\":\"https:\\\/\\\/africadailyreport.com\\\/wp-content\\\/uploads\\\/2024\\\/09\\\/ADR-Transparent-Green-Logo-1.png\",\"contentUrl\":\"https:\\\/\\\/africadailyreport.com\\\/wp-content\\\/uploads\\\/2024\\\/09\\\/ADR-Transparent-Green-Logo-1.png\",\"width\":267,\"height\":185,\"caption\":\"Africa Daily Report\"},\"image\":{\"@id\":\"https:\\\/\\\/africadailyreport.com\\\/fr\\\/#\\\/schema\\\/logo\\\/image\\\/\"},\"sameAs\":[\"https:\\\/\\\/www.facebook.com\\\/africadailyreport\",\"https:\\\/\\\/x.com\\\/adr_africa\",\"https:\\\/\\\/www.youtube.com\\\/@africadailyreport\",\"https:\\\/\\\/instagram.com\\\/africadailyreport\"]},{\"@type\":\"Person\",\"@id\":\"https:\\\/\\\/africadailyreport.com\\\/fr\\\/#\\\/schema\\\/person\\\/c44d86d79f5570b3ba4cf70c989843f8\",\"name\":\"ADR\\\/AFP\",\"image\":{\"@type\":\"ImageObject\",\"inLanguage\":\"fr-FR\",\"@id\":\"https:\\\/\\\/secure.gravatar.com\\\/avatar\\\/2fbdc3782aa386b408fd9a36f0bc78ee569c94a7a05670cab3a1d72916408214?s=96&d=mm&r=g\",\"url\":\"https:\\\/\\\/secure.gravatar.com\\\/avatar\\\/2fbdc3782aa386b408fd9a36f0bc78ee569c94a7a05670cab3a1d72916408214?s=96&d=mm&r=g\",\"contentUrl\":\"https:\\\/\\\/secure.gravatar.com\\\/avatar\\\/2fbdc3782aa386b408fd9a36f0bc78ee569c94a7a05670cab3a1d72916408214?s=96&d=mm&r=g\",\"caption\":\"ADR\\\/AFP\"},\"sameAs\":[\"http:\\\/\\\/africadailyreport.com\"],\"url\":\"https:\\\/\\\/africadailyreport.com\\\/fr\\\/author\\\/both\\\/\"}]}<\/script>\n<meta property=\"og:video\" content=\"https:\/\/www.youtube.com\/embed\/MoTDjDOzOrM\" \/>\n<meta property=\"og:video:type\" content=\"text\/html\" \/>\n<meta property=\"og:video:duration\" content=\"323\" \/>\n<meta property=\"og:video:width\" content=\"480\" \/>\n<meta property=\"og:video:height\" content=\"270\" \/>\n<meta property=\"ya:ovs:adult\" content=\"false\" \/>\n<meta property=\"ya:ovs:upload_date\" content=\"2024-11-27T22:48:39+00:00\" \/>\n<meta property=\"ya:ovs:allow_embed\" content=\"true\" \/>\n<!-- \/ Yoast SEO Premium plugin. -->","yoast_head_json":{"title":"France must 'apologise' for WWII Senegal massacre, says descendant - Africa Daily Report","robots":{"index":"index","follow":"follow","max-snippet":"max-snippet:-1","max-image-preview":"max-image-preview:large","max-video-preview":"max-video-preview:-1"},"canonical":"https:\/\/africadailyreport.com\/fr\/2024\/11\/27\/france-must-apologise-for-wwii-senegal-massacre-says-descendant\/","og_locale":"fr_FR","og_type":"article","og_title":"France must 'apologise' for WWII Senegal massacre, says descendant","og_description":"Diakhao,\u00a0Senegal &#8211; (AFP) Biram Senghor has a led a 50-year battle to get justice and reparations for Senegalese soldiers, including his father, who were killed by French colonial troops in a 1944 massacre. This as Senegal prepares to mark the 80th anniversary of the gruesome execution, on 1 December. \u201cFrance must repent, apologize to the [&hellip;]","og_url":"https:\/\/africadailyreport.com\/fr\/2024\/11\/27\/france-must-apologise-for-wwii-senegal-massacre-says-descendant\/","og_site_name":"Africa Daily Report","article_publisher":"https:\/\/www.facebook.com\/africadailyreport","article_published_time":"2024-11-27T22:48:39+00:00","article_modified_time":"2024-11-27T22:59:12+00:00","og_image":[{"width":1280,"height":720,"url":"https:\/\/i0.wp.com\/africadailyreport.com\/wp-content\/uploads\/2024\/11\/maxresdefault-16.jpg?fit=1280%2C720&ssl=1","type":"image\/jpeg"}],"author":"ADR\/AFP","twitter_card":"summary_large_image","twitter_creator":"@adr_africa","twitter_site":"@adr_africa","twitter_misc":{"\u00c9crit par":"ADR\/AFP","Dur\u00e9e de lecture estim\u00e9e":"1 minute"},"schema":{"@context":"https:\/\/schema.org","@graph":[{"@type":"Article","@id":"https:\/\/africadailyreport.com\/fr\/2024\/11\/27\/france-must-apologise-for-wwii-senegal-massacre-says-descendant\/#article","isPartOf":{"@id":"https:\/\/africadailyreport.com\/fr\/2024\/11\/27\/france-must-apologise-for-wwii-senegal-massacre-says-descendant\/"},"author":{"name":"ADR\/AFP","@id":"https:\/\/africadailyreport.com\/fr\/#\/schema\/person\/c44d86d79f5570b3ba4cf70c989843f8"},"headline":"France must &lsquo;apologise&rsquo; for WWII Senegal massacre, says descendant","datePublished":"2024-11-27T22:48:39+00:00","dateModified":"2024-11-27T22:59:12+00:00","mainEntityOfPage":{"@id":"https:\/\/africadailyreport.com\/fr\/2024\/11\/27\/france-must-apologise-for-wwii-senegal-massacre-says-descendant\/"},"wordCount":152,"commentCount":0,"publisher":{"@id":"https:\/\/africadailyreport.com\/fr\/#organization"},"image":{"@id":"https:\/\/africadailyreport.com\/fr\/2024\/11\/27\/france-must-apologise-for-wwii-senegal-massacre-says-descendant\/#primaryimage"},"thumbnailUrl":"https:\/\/i0.wp.com\/africadailyreport.com\/wp-content\/uploads\/2024\/11\/maxresdefault-16.jpg?fit=1280%2C720&ssl=1","keywords":["anniversary","france","massacre","riflemen","Senegal","wwII"],"articleSection":["AFRIQUE","S\u00e9n\u00e9gal"],"inLanguage":"fr-FR","potentialAction":[{"@type":"CommentAction","name":"Comment","target":["https:\/\/africadailyreport.com\/fr\/2024\/11\/27\/france-must-apologise-for-wwii-senegal-massacre-says-descendant\/#respond"]}],"copyrightYear":"2024","copyrightHolder":{"@id":"https:\/\/africadailyreport.com\/#organization"}},{"@type":"WebPage","@id":"https:\/\/africadailyreport.com\/fr\/2024\/11\/27\/france-must-apologise-for-wwii-senegal-massacre-says-descendant\/","url":"https:\/\/africadailyreport.com\/fr\/2024\/11\/27\/france-must-apologise-for-wwii-senegal-massacre-says-descendant\/","name":"France must 'apologise' for WWII Senegal massacre, says descendant - Africa Daily Report","isPartOf":{"@id":"https:\/\/africadailyreport.com\/fr\/#website"},"primaryImageOfPage":{"@id":"https:\/\/africadailyreport.com\/fr\/2024\/11\/27\/france-must-apologise-for-wwii-senegal-massacre-says-descendant\/#primaryimage"},"image":{"@id":"https:\/\/africadailyreport.com\/fr\/2024\/11\/27\/france-must-apologise-for-wwii-senegal-massacre-says-descendant\/#primaryimage"},"thumbnailUrl":"https:\/\/i0.wp.com\/africadailyreport.com\/wp-content\/uploads\/2024\/11\/maxresdefault-16.jpg?fit=1280%2C720&ssl=1","datePublished":"2024-11-27T22:48:39+00:00","dateModified":"2024-11-27T22:59:12+00:00","breadcrumb":{"@id":"https:\/\/africadailyreport.com\/fr\/2024\/11\/27\/france-must-apologise-for-wwii-senegal-massacre-says-descendant\/#breadcrumb"},"inLanguage":"fr-FR","potentialAction":[{"@type":"ReadAction","target":["https:\/\/africadailyreport.com\/fr\/2024\/11\/27\/france-must-apologise-for-wwii-senegal-massacre-says-descendant\/"]}]},{"@type":"ImageObject","inLanguage":"fr-FR","@id":"https:\/\/africadailyreport.com\/fr\/2024\/11\/27\/france-must-apologise-for-wwii-senegal-massacre-says-descendant\/#primaryimage","url":"https:\/\/i0.wp.com\/africadailyreport.com\/wp-content\/uploads\/2024\/11\/maxresdefault-16.jpg?fit=1280%2C720&ssl=1","contentUrl":"https:\/\/i0.wp.com\/africadailyreport.com\/wp-content\/uploads\/2024\/11\/maxresdefault-16.jpg?fit=1280%2C720&ssl=1","width":1280,"height":720},{"@type":"BreadcrumbList","@id":"https:\/\/africadailyreport.com\/fr\/2024\/11\/27\/france-must-apologise-for-wwii-senegal-massacre-says-descendant\/#breadcrumb","itemListElement":[{"@type":"ListItem","position":1,"name":"Home","item":"https:\/\/africadailyreport.com\/fr\/"},{"@type":"ListItem","position":2,"name":"France must &lsquo;apologise&rsquo; for WWII Senegal massacre, says descendant"}]},{"@type":"WebSite","@id":"https:\/\/africadailyreport.com\/fr\/#website","url":"https:\/\/africadailyreport.com\/fr\/","name":"Africa Daily Report","description":"","publisher":{"@id":"https:\/\/africadailyreport.com\/fr\/#organization"},"potentialAction":[{"@type":"SearchAction","target":{"@type":"EntryPoint","urlTemplate":"https:\/\/africadailyreport.com\/fr\/?s={search_term_string}"},"query-input":{"@type":"PropertyValueSpecification","valueRequired":true,"valueName":"search_term_string"}}],"inLanguage":"fr-FR"},{"@type":"Organization","@id":"https:\/\/africadailyreport.com\/fr\/#organization","name":"Africa Daily Report","url":"https:\/\/africadailyreport.com\/fr\/","logo":{"@type":"ImageObject","inLanguage":"fr-FR","@id":"https:\/\/africadailyreport.com\/fr\/#\/schema\/logo\/image\/","url":"https:\/\/africadailyreport.com\/wp-content\/uploads\/2024\/09\/ADR-Transparent-Green-Logo-1.png","contentUrl":"https:\/\/africadailyreport.com\/wp-content\/uploads\/2024\/09\/ADR-Transparent-Green-Logo-1.png","width":267,"height":185,"caption":"Africa Daily Report"},"image":{"@id":"https:\/\/africadailyreport.com\/fr\/#\/schema\/logo\/image\/"},"sameAs":["https:\/\/www.facebook.com\/africadailyreport","https:\/\/x.com\/adr_africa","https:\/\/www.youtube.com\/@africadailyreport","https:\/\/instagram.com\/africadailyreport"]},{"@type":"Person","@id":"https:\/\/africadailyreport.com\/fr\/#\/schema\/person\/c44d86d79f5570b3ba4cf70c989843f8","name":"ADR\/AFP","image":{"@type":"ImageObject","inLanguage":"fr-FR","@id":"https:\/\/secure.gravatar.com\/avatar\/2fbdc3782aa386b408fd9a36f0bc78ee569c94a7a05670cab3a1d72916408214?s=96&d=mm&r=g","url":"https:\/\/secure.gravatar.com\/avatar\/2fbdc3782aa386b408fd9a36f0bc78ee569c94a7a05670cab3a1d72916408214?s=96&d=mm&r=g","contentUrl":"https:\/\/secure.gravatar.com\/avatar\/2fbdc3782aa386b408fd9a36f0bc78ee569c94a7a05670cab3a1d72916408214?s=96&d=mm&r=g","caption":"ADR\/AFP"},"sameAs":["http:\/\/africadailyreport.com"],"url":"https:\/\/africadailyreport.com\/fr\/author\/both\/"}]},"og_video":"https:\/\/www.youtube.com\/embed\/MoTDjDOzOrM","og_video_type":"text\/html","og_video_duration":"323","og_video_width":"480","og_video_height":"270","ya_ovs_adult":"false","ya_ovs_upload_date":"2024-11-27T22:48:39+00:00","ya_ovs_allow_embed":"true"},"jetpack_featured_media_url":"https:\/\/i0.wp.com\/africadailyreport.com\/wp-content\/uploads\/2024\/11\/maxresdefault-16.jpg?fit=1280%2C720&ssl=1","jetpack_sharing_enabled":true,"amp_enabled":true,"_links":{"self":[{"href":"https:\/\/africadailyreport.com\/fr\/wp-json\/wp\/v2\/posts\/14811","targetHints":{"allow":["GET"]}}],"collection":[{"href":"https:\/\/africadailyreport.com\/fr\/wp-json\/wp\/v2\/posts"}],"about":[{"href":"https:\/\/africadailyreport.com\/fr\/wp-json\/wp\/v2\/types\/post"}],"author":[{"embeddable":true,"href":"https:\/\/africadailyreport.com\/fr\/wp-json\/wp\/v2\/users\/10"}],"replies":[{"embeddable":true,"href":"https:\/\/africadailyreport.com\/fr\/wp-json\/wp\/v2\/comments?post=14811"}],"version-history":[{"count":1,"href":"https:\/\/africadailyreport.com\/fr\/wp-json\/wp\/v2\/posts\/14811\/revisions"}],"predecessor-version":[{"id":14815,"href":"https:\/\/africadailyreport.com\/fr\/wp-json\/wp\/v2\/posts\/14811\/revisions\/14815"}],"wp:featuredmedia":[{"embeddable":true,"href":"https:\/\/africadailyreport.com\/fr\/wp-json\/wp\/v2\/media\/14806"}],"wp:attachment":[{"href":"https:\/\/africadailyreport.com\/fr\/wp-json\/wp\/v2\/media?parent=14811"}],"wp:term":[{"taxonomy":"category","embeddable":true,"href":"https:\/\/africadailyreport.com\/fr\/wp-json\/wp\/v2\/categories?post=14811"},{"taxonomy":"post_tag","embeddable":true,"href":"https:\/\/africadailyreport.com\/fr\/wp-json\/wp\/v2\/tags?post=14811"},{"taxonomy":"adr_country","embeddable":true,"href":"https:\/\/africadailyreport.com\/fr\/wp-json\/wp\/v2\/adr_country?post=14811"}],"curies":[{"name":"wp","href":"https:\/\/api.w.org\/{rel}","templated":true}]}}