{"id":14716,"date":"2024-11-26T20:37:03","date_gmt":"2024-11-26T20:37:03","guid":{"rendered":"https:\/\/africadailyreport.com\/2024\/11\/26\/netanyahu-says-israel-security-cabinet-set-to-approve-lebanon-truce\/"},"modified":"2024-11-26T20:41:45","modified_gmt":"2024-11-26T20:41:45","slug":"netanyahu-says-israel-security-cabinet-set-to-approve-lebanon-truce","status":"publish","type":"post","link":"https:\/\/africadailyreport.com\/fr\/2024\/11\/26\/netanyahu-says-israel-security-cabinet-set-to-approve-lebanon-truce\/","title":{"rendered":"Netanyahu annonce qu&rsquo;Isra\u00ebl va adopter un cessez-le-feu au Liban \u00ab\u00a0ce soir\u00a0\u00bb"},"content":{"rendered":"\n<h2 class=\"wp-block-heading\" id=\"h-jerusalem-i-srael-afp-le-premier-ministre-israelien-benjamin-netanyahu-a-annonce-mardi-a-la-television-avoir-un-accord-au-sein-du-cabinet-de-securite-en-vue-d-un-cessez-le-feu-au-liban-ou-israel-combat-le-mouvement-islamiste-hezbollah-sans-en-preciser-la-duree\"><em>J\u00e9rusalem,\u00a0I<a>srael &#8211;  (AFP) <\/a><\/em><a>&#8211; <\/a>Le Premier ministre isra\u00e9lien Benjamin Netanyahu a annonc\u00e9 mardi \u00e0 la t\u00e9l\u00e9vision avoir un accord au sein du cabinet de s\u00e9curit\u00e9 en vue d&rsquo;un cessez-le-feu au Liban o\u00f9 Isra\u00ebl combat le mouvement islamiste Hezbollah, sans en pr\u00e9ciser la dur\u00e9e.<\/h2>\n\n\n<figure class=\"wp-block-embed wp-embed-aspect-16-9 wp-has-aspect-ratio  is-type-video is-provider-youtube wp-block-embed-youtube\"><div class=\"wp-block-embed__wrapper video-seo-youtube-embed-wrapper\"><div class=\"video-seo-youtube-player\" data-id=\"l88DTTRvZ7M\"><\/div><\/div><\/figure>\n\n\n<p class=\"\"><\/p>\n\n\n\n<p class=\"\">\u00ab\u00a0Ce soir, je pr\u00e9senterai au cabinet (de s\u00e9curit\u00e9) pour approbation un projet de cessez-le-feu au Liban. La dur\u00e9e du cessez-le-feu d\u00e9pend de ce qui se passera au Liban\u00a0\u00bb, a d\u00e9clar\u00e9 M. Netanyahu.<\/p>\n\n\n\n<p class=\"\">\u00ab\u00a0En accord total avec les Etats-Unis, nous maintenons une totale libert\u00e9 d&rsquo;action militaire\u00a0\u00bb au Liban, a-t-il ajout\u00e9. \u00ab\u00a0Si le Hezbollah viole l&rsquo;accord et tente de se r\u00e9armer, nous attaquerons.\u00a0\u00bb<\/p>\n\n\n\n<p class=\"\">Il n&rsquo;a cependant pas annonc\u00e9 \u00e0 quelle date les quelque 60.000 habitants du nord du pays d\u00e9plac\u00e9s par la guerre avec le Hezbollah pourraient rentrer chez eux et s&rsquo;est abstenu de faire la moindre annonce sur le sujet.<\/p>\n\n\n\n<p class=\"\">Evoquant les \u00ab\u00a0sept fronts\u00a0\u00bb (Gaza, la Cisjordanie, le Liban, la Syrie, l&rsquo;Iran, les rebelles Houthis au Y\u00e9men et les groupes paramilitaires irakiens soutenus par T\u00e9h\u00e9ran) sur lesquels Isra\u00ebl combat, M. Netanyahu a affirm\u00e9 que cette tr\u00eave permettrait \u00ab\u00a0de se concentrer sur la menace iranienne\u00a0\u00bb commune selon lui \u00e0 tous ces fronts.<\/p>\n\n\n\n<p class=\"\">\u00ab\u00a0Le cessez-le-feu a trois raisons d&rsquo;\u00eatre: la premi\u00e8re, se concentrer sur la menace iranienne et je ne m&rsquo;\u00e9tendrai pas sur le sujet\u00a0\u00bb, a d\u00e9clar\u00e9 M. Netanyahu.<\/p>\n\n\n\n<p class=\"\">Il permettra aussi de \u00ab\u00a0rafra\u00eechir les troupes et de se r\u00e9approvisionner\u00a0\u00bb en&nbsp;armes et en \u00e9quipement \u00ab\u00a0pour achever notre mission\u00a0\u00bb.<\/p>\n\n\n\n<p class=\"\">Troisi\u00e8mement, \u00ab\u00a0sur le Hamas\u00a0\u00bb, le mouvement islamiste palestinien qu&rsquo;Isra\u00ebl combat \u00e0 Gaza, le cessez-le-feu contribue \u00e0 son \u00ab\u00a0isolement\u00a0\u00bb, a dit M. Netanyahu.<\/p>\n\n\n\n<p class=\"\">\u00ab\u00a0Lorsque le Hezbollah est hors jeu, le Hamas se retrouve seul (\u00e0 Gaza). Notre pression va s&rsquo;intensifier, et cela contribuera \u00e0 la mission sacr\u00e9e de lib\u00e9rer nos otages\u00a0\u00bb, a-t-il ajout\u00e9.<\/p>\n\n\n\n<p class=\"\">Le retour en toute s\u00e9curit\u00e9 des d\u00e9plac\u00e9s du nord d&rsquo;Isra\u00ebl, l&rsquo;an\u00e9antissement du Hamas et le retour de tous les otages d\u00e9tenus \u00e0 Gaza sont parmi les principaux buts de guerre affich\u00e9s par le gouvernement Netanyahu.<\/p>\n\n\n\n<p class=\"\"><\/p>\n\n\n\n<p class=\"\">\u00a9 Agence France-Presse<\/p>\n","protected":false},"excerpt":{"rendered":"<p>J\u00e9rusalem,\u00a0Israel &#8211; (AFP) &#8211; Le Premier ministre isra\u00e9lien Benjamin Netanyahu a annonc\u00e9 mardi \u00e0 la t\u00e9l\u00e9vision avoir un accord au sein du cabinet de s\u00e9curit\u00e9 en vue d&rsquo;un cessez-le-feu au Liban o\u00f9 Isra\u00ebl combat le mouvement islamiste Hezbollah, sans en pr\u00e9ciser la dur\u00e9e. \u00ab\u00a0Ce soir, je pr\u00e9senterai au cabinet (de s\u00e9curit\u00e9) pour approbation un projet [&hellip;]<\/p>\n","protected":false},"author":10,"featured_media":14713,"comment_status":"open","ping_status":"open","sticky":false,"template":"","format":"standard","meta":{"_acf_changed":false,"om_disable_all_campaigns":false,"_monsterinsights_skip_tracking":false,"_monsterinsights_sitenote_active":false,"_monsterinsights_sitenote_note":"","_monsterinsights_sitenote_category":0,"tdm_status":"","tdm_grid_status":"","_jetpack_newsletter_access":"","_jetpack_dont_email_post_to_subs":false,"_jetpack_newsletter_tier_id":0,"_jetpack_memberships_contains_paywalled_content":false,"_jetpack_memberships_contains_paid_content":false,"footnotes":""},"categories":[293,1765,1274],"tags":[2043,1074,2044,1276,2045,1880,1277],"adr_country":[1279,1205,1209],"class_list":{"0":"post-14716","1":"post","2":"type-post","3":"status-publish","4":"format-standard","5":"has-post-thumbnail","7":"category-actualites-fr","8":"category-war-fr","9":"category-world-fr","10":"tag-ceasefire-fr","11":"tag-conflict-fr","12":"tag-hezbollah-2-fr","13":"tag-israel-2-fr","14":"tag-lebanon-2-fr","15":"tag-netanyahu-fr","16":"tag-palestine-fr","17":"adr_country-iran-fr","18":"adr_country-israel","19":"adr_country-liban"},"acf":{"post_version":""},"yoast_head":"<!-- This site is optimized with the Yoast SEO Premium plugin v26.0 (Yoast SEO v27.4) - https:\/\/yoast.com\/product\/yoast-seo-premium-wordpress\/ -->\n<title>Netanyahu annonce qu&#039;Isra\u00ebl va adopter un cessez-le-feu au Liban &quot;ce soir&quot; - Africa Daily Report<\/title>\n<meta name=\"robots\" content=\"index, follow, max-snippet:-1, max-image-preview:large, max-video-preview:-1\" \/>\n<link rel=\"canonical\" href=\"https:\/\/africadailyreport.com\/fr\/2024\/11\/26\/netanyahu-says-israel-security-cabinet-set-to-approve-lebanon-truce\/\" \/>\n<meta property=\"og:locale\" content=\"fr_FR\" \/>\n<meta property=\"og:type\" content=\"article\" \/>\n<meta property=\"og:title\" content=\"Netanyahu annonce qu&#039;Isra\u00ebl va adopter un cessez-le-feu au Liban &quot;ce soir&quot;\" \/>\n<meta property=\"og:description\" content=\"J\u00e9rusalem,\u00a0Israel &#8211; (AFP) &#8211; Le Premier ministre isra\u00e9lien Benjamin Netanyahu a annonc\u00e9 mardi \u00e0 la t\u00e9l\u00e9vision avoir un accord au sein du cabinet de s\u00e9curit\u00e9 en vue d&rsquo;un cessez-le-feu au Liban o\u00f9 Isra\u00ebl combat le mouvement islamiste Hezbollah, sans en pr\u00e9ciser la dur\u00e9e. \u00ab\u00a0Ce soir, je pr\u00e9senterai au cabinet (de s\u00e9curit\u00e9) pour approbation un projet [&hellip;]\" \/>\n<meta property=\"og:url\" content=\"https:\/\/africadailyreport.com\/fr\/2024\/11\/26\/netanyahu-says-israel-security-cabinet-set-to-approve-lebanon-truce\/\" \/>\n<meta property=\"og:site_name\" content=\"Africa Daily Report\" \/>\n<meta property=\"article:publisher\" content=\"https:\/\/www.facebook.com\/africadailyreport\" \/>\n<meta property=\"article:published_time\" content=\"2024-11-26T20:37:03+00:00\" \/>\n<meta property=\"article:modified_time\" content=\"2024-11-26T20:41:45+00:00\" \/>\n<meta property=\"og:image\" content=\"https:\/\/i0.wp.com\/africadailyreport.com\/wp-content\/uploads\/2024\/11\/maxresdefault-15.jpg?fit=1280%2C720&ssl=1\" \/>\n\t<meta property=\"og:image:width\" content=\"1280\" \/>\n\t<meta property=\"og:image:height\" content=\"720\" \/>\n\t<meta property=\"og:image:type\" content=\"image\/jpeg\" \/>\n<meta name=\"author\" content=\"ADR\/AFP\" \/>\n<meta name=\"twitter:card\" content=\"summary_large_image\" \/>\n<meta name=\"twitter:creator\" content=\"@adr_africa\" \/>\n<meta name=\"twitter:site\" content=\"@adr_africa\" \/>\n<meta name=\"twitter:label1\" content=\"\u00c9crit par\" \/>\n\t<meta name=\"twitter:data1\" content=\"ADR\/AFP\" \/>\n\t<meta name=\"twitter:label2\" content=\"Dur\u00e9e de lecture estim\u00e9e\" \/>\n\t<meta name=\"twitter:data2\" content=\"2 minutes\" \/>\n<script type=\"application\/ld+json\" class=\"yoast-schema-graph\">{\"@context\":\"https:\\\/\\\/schema.org\",\"@graph\":[{\"@type\":\"Article\",\"@id\":\"https:\\\/\\\/africadailyreport.com\\\/fr\\\/2024\\\/11\\\/26\\\/netanyahu-says-israel-security-cabinet-set-to-approve-lebanon-truce\\\/#article\",\"isPartOf\":{\"@id\":\"https:\\\/\\\/africadailyreport.com\\\/fr\\\/2024\\\/11\\\/26\\\/netanyahu-says-israel-security-cabinet-set-to-approve-lebanon-truce\\\/\"},\"author\":{\"name\":\"ADR\\\/AFP\",\"@id\":\"https:\\\/\\\/africadailyreport.com\\\/fr\\\/#\\\/schema\\\/person\\\/c44d86d79f5570b3ba4cf70c989843f8\"},\"headline\":\"Netanyahu annonce qu&rsquo;Isra\u00ebl va adopter un cessez-le-feu au Liban \u00ab\u00a0ce soir\u00a0\u00bb\",\"datePublished\":\"2024-11-26T20:37:03+00:00\",\"dateModified\":\"2024-11-26T20:41:45+00:00\",\"mainEntityOfPage\":{\"@id\":\"https:\\\/\\\/africadailyreport.com\\\/fr\\\/2024\\\/11\\\/26\\\/netanyahu-says-israel-security-cabinet-set-to-approve-lebanon-truce\\\/\"},\"wordCount\":391,\"commentCount\":0,\"publisher\":{\"@id\":\"https:\\\/\\\/africadailyreport.com\\\/fr\\\/#organization\"},\"image\":{\"@id\":\"https:\\\/\\\/africadailyreport.com\\\/fr\\\/2024\\\/11\\\/26\\\/netanyahu-says-israel-security-cabinet-set-to-approve-lebanon-truce\\\/#primaryimage\"},\"thumbnailUrl\":\"https:\\\/\\\/i0.wp.com\\\/africadailyreport.com\\\/wp-content\\\/uploads\\\/2024\\\/11\\\/maxresdefault-15.jpg?fit=1280%2C720&ssl=1\",\"keywords\":[\"ceasefire\",\"conflict\",\"HEZBOLLAH\",\"israel\",\"lebanon\",\"netanyahu\",\"palestine\"],\"articleSection\":[\"Actualit\u00e9s\",\"war\",\"WORLD\"],\"inLanguage\":\"fr-FR\",\"potentialAction\":[{\"@type\":\"CommentAction\",\"name\":\"Comment\",\"target\":[\"https:\\\/\\\/africadailyreport.com\\\/fr\\\/2024\\\/11\\\/26\\\/netanyahu-says-israel-security-cabinet-set-to-approve-lebanon-truce\\\/#respond\"]}],\"copyrightYear\":\"2024\",\"copyrightHolder\":{\"@id\":\"https:\\\/\\\/africadailyreport.com\\\/#organization\"}},{\"@type\":\"WebPage\",\"@id\":\"https:\\\/\\\/africadailyreport.com\\\/fr\\\/2024\\\/11\\\/26\\\/netanyahu-says-israel-security-cabinet-set-to-approve-lebanon-truce\\\/\",\"url\":\"https:\\\/\\\/africadailyreport.com\\\/fr\\\/2024\\\/11\\\/26\\\/netanyahu-says-israel-security-cabinet-set-to-approve-lebanon-truce\\\/\",\"name\":\"Netanyahu annonce qu'Isra\u00ebl va adopter un cessez-le-feu au Liban \\\"ce soir\\\" - Africa Daily Report\",\"isPartOf\":{\"@id\":\"https:\\\/\\\/africadailyreport.com\\\/fr\\\/#website\"},\"primaryImageOfPage\":{\"@id\":\"https:\\\/\\\/africadailyreport.com\\\/fr\\\/2024\\\/11\\\/26\\\/netanyahu-says-israel-security-cabinet-set-to-approve-lebanon-truce\\\/#primaryimage\"},\"image\":{\"@id\":\"https:\\\/\\\/africadailyreport.com\\\/fr\\\/2024\\\/11\\\/26\\\/netanyahu-says-israel-security-cabinet-set-to-approve-lebanon-truce\\\/#primaryimage\"},\"thumbnailUrl\":\"https:\\\/\\\/i0.wp.com\\\/africadailyreport.com\\\/wp-content\\\/uploads\\\/2024\\\/11\\\/maxresdefault-15.jpg?fit=1280%2C720&ssl=1\",\"datePublished\":\"2024-11-26T20:37:03+00:00\",\"dateModified\":\"2024-11-26T20:41:45+00:00\",\"breadcrumb\":{\"@id\":\"https:\\\/\\\/africadailyreport.com\\\/fr\\\/2024\\\/11\\\/26\\\/netanyahu-says-israel-security-cabinet-set-to-approve-lebanon-truce\\\/#breadcrumb\"},\"inLanguage\":\"fr-FR\",\"potentialAction\":[{\"@type\":\"ReadAction\",\"target\":[\"https:\\\/\\\/africadailyreport.com\\\/fr\\\/2024\\\/11\\\/26\\\/netanyahu-says-israel-security-cabinet-set-to-approve-lebanon-truce\\\/\"]}]},{\"@type\":\"ImageObject\",\"inLanguage\":\"fr-FR\",\"@id\":\"https:\\\/\\\/africadailyreport.com\\\/fr\\\/2024\\\/11\\\/26\\\/netanyahu-says-israel-security-cabinet-set-to-approve-lebanon-truce\\\/#primaryimage\",\"url\":\"https:\\\/\\\/i0.wp.com\\\/africadailyreport.com\\\/wp-content\\\/uploads\\\/2024\\\/11\\\/maxresdefault-15.jpg?fit=1280%2C720&ssl=1\",\"contentUrl\":\"https:\\\/\\\/i0.wp.com\\\/africadailyreport.com\\\/wp-content\\\/uploads\\\/2024\\\/11\\\/maxresdefault-15.jpg?fit=1280%2C720&ssl=1\",\"width\":1280,\"height\":720},{\"@type\":\"BreadcrumbList\",\"@id\":\"https:\\\/\\\/africadailyreport.com\\\/fr\\\/2024\\\/11\\\/26\\\/netanyahu-says-israel-security-cabinet-set-to-approve-lebanon-truce\\\/#breadcrumb\",\"itemListElement\":[{\"@type\":\"ListItem\",\"position\":1,\"name\":\"Home\",\"item\":\"https:\\\/\\\/africadailyreport.com\\\/fr\\\/\"},{\"@type\":\"ListItem\",\"position\":2,\"name\":\"Netanyahu annonce qu&rsquo;Isra\u00ebl va adopter un cessez-le-feu au Liban \u00ab\u00a0ce soir\u00a0\u00bb\"}]},{\"@type\":\"WebSite\",\"@id\":\"https:\\\/\\\/africadailyreport.com\\\/fr\\\/#website\",\"url\":\"https:\\\/\\\/africadailyreport.com\\\/fr\\\/\",\"name\":\"Africa Daily Report\",\"description\":\"\",\"publisher\":{\"@id\":\"https:\\\/\\\/africadailyreport.com\\\/fr\\\/#organization\"},\"potentialAction\":[{\"@type\":\"SearchAction\",\"target\":{\"@type\":\"EntryPoint\",\"urlTemplate\":\"https:\\\/\\\/africadailyreport.com\\\/fr\\\/?s={search_term_string}\"},\"query-input\":{\"@type\":\"PropertyValueSpecification\",\"valueRequired\":true,\"valueName\":\"search_term_string\"}}],\"inLanguage\":\"fr-FR\"},{\"@type\":\"Organization\",\"@id\":\"https:\\\/\\\/africadailyreport.com\\\/fr\\\/#organization\",\"name\":\"Africa Daily Report\",\"url\":\"https:\\\/\\\/africadailyreport.com\\\/fr\\\/\",\"logo\":{\"@type\":\"ImageObject\",\"inLanguage\":\"fr-FR\",\"@id\":\"https:\\\/\\\/africadailyreport.com\\\/fr\\\/#\\\/schema\\\/logo\\\/image\\\/\",\"url\":\"https:\\\/\\\/africadailyreport.com\\\/wp-content\\\/uploads\\\/2024\\\/09\\\/ADR-Transparent-Green-Logo-1.png\",\"contentUrl\":\"https:\\\/\\\/africadailyreport.com\\\/wp-content\\\/uploads\\\/2024\\\/09\\\/ADR-Transparent-Green-Logo-1.png\",\"width\":267,\"height\":185,\"caption\":\"Africa Daily Report\"},\"image\":{\"@id\":\"https:\\\/\\\/africadailyreport.com\\\/fr\\\/#\\\/schema\\\/logo\\\/image\\\/\"},\"sameAs\":[\"https:\\\/\\\/www.facebook.com\\\/africadailyreport\",\"https:\\\/\\\/x.com\\\/adr_africa\",\"https:\\\/\\\/www.youtube.com\\\/@africadailyreport\",\"https:\\\/\\\/instagram.com\\\/africadailyreport\"]},{\"@type\":\"Person\",\"@id\":\"https:\\\/\\\/africadailyreport.com\\\/fr\\\/#\\\/schema\\\/person\\\/c44d86d79f5570b3ba4cf70c989843f8\",\"name\":\"ADR\\\/AFP\",\"image\":{\"@type\":\"ImageObject\",\"inLanguage\":\"fr-FR\",\"@id\":\"https:\\\/\\\/secure.gravatar.com\\\/avatar\\\/2fbdc3782aa386b408fd9a36f0bc78ee569c94a7a05670cab3a1d72916408214?s=96&d=mm&r=g\",\"url\":\"https:\\\/\\\/secure.gravatar.com\\\/avatar\\\/2fbdc3782aa386b408fd9a36f0bc78ee569c94a7a05670cab3a1d72916408214?s=96&d=mm&r=g\",\"contentUrl\":\"https:\\\/\\\/secure.gravatar.com\\\/avatar\\\/2fbdc3782aa386b408fd9a36f0bc78ee569c94a7a05670cab3a1d72916408214?s=96&d=mm&r=g\",\"caption\":\"ADR\\\/AFP\"},\"sameAs\":[\"http:\\\/\\\/africadailyreport.com\"],\"url\":\"https:\\\/\\\/africadailyreport.com\\\/fr\\\/author\\\/both\\\/\"}]}<\/script>\n<meta property=\"og:video\" content=\"https:\/\/www.youtube.com\/embed\/l88DTTRvZ7M\" \/>\n<meta property=\"og:video:type\" content=\"text\/html\" \/>\n<meta property=\"og:video:duration\" content=\"151\" \/>\n<meta property=\"og:video:width\" content=\"480\" \/>\n<meta property=\"og:video:height\" content=\"270\" \/>\n<meta property=\"ya:ovs:adult\" content=\"false\" \/>\n<meta property=\"ya:ovs:upload_date\" content=\"2024-11-26T20:37:03+00:00\" \/>\n<meta property=\"ya:ovs:allow_embed\" content=\"true\" \/>\n<!-- \/ Yoast SEO Premium plugin. -->","yoast_head_json":{"title":"Netanyahu annonce qu'Isra\u00ebl va adopter un cessez-le-feu au Liban \"ce soir\" - Africa Daily Report","robots":{"index":"index","follow":"follow","max-snippet":"max-snippet:-1","max-image-preview":"max-image-preview:large","max-video-preview":"max-video-preview:-1"},"canonical":"https:\/\/africadailyreport.com\/fr\/2024\/11\/26\/netanyahu-says-israel-security-cabinet-set-to-approve-lebanon-truce\/","og_locale":"fr_FR","og_type":"article","og_title":"Netanyahu annonce qu'Isra\u00ebl va adopter un cessez-le-feu au Liban \"ce soir\"","og_description":"J\u00e9rusalem,\u00a0Israel &#8211; (AFP) &#8211; Le Premier ministre isra\u00e9lien Benjamin Netanyahu a annonc\u00e9 mardi \u00e0 la t\u00e9l\u00e9vision avoir un accord au sein du cabinet de s\u00e9curit\u00e9 en vue d&rsquo;un cessez-le-feu au Liban o\u00f9 Isra\u00ebl combat le mouvement islamiste Hezbollah, sans en pr\u00e9ciser la dur\u00e9e. \u00ab\u00a0Ce soir, je pr\u00e9senterai au cabinet (de s\u00e9curit\u00e9) pour approbation un projet [&hellip;]","og_url":"https:\/\/africadailyreport.com\/fr\/2024\/11\/26\/netanyahu-says-israel-security-cabinet-set-to-approve-lebanon-truce\/","og_site_name":"Africa Daily Report","article_publisher":"https:\/\/www.facebook.com\/africadailyreport","article_published_time":"2024-11-26T20:37:03+00:00","article_modified_time":"2024-11-26T20:41:45+00:00","og_image":[{"width":1280,"height":720,"url":"https:\/\/i0.wp.com\/africadailyreport.com\/wp-content\/uploads\/2024\/11\/maxresdefault-15.jpg?fit=1280%2C720&ssl=1","type":"image\/jpeg"}],"author":"ADR\/AFP","twitter_card":"summary_large_image","twitter_creator":"@adr_africa","twitter_site":"@adr_africa","twitter_misc":{"\u00c9crit par":"ADR\/AFP","Dur\u00e9e de lecture estim\u00e9e":"2 minutes"},"schema":{"@context":"https:\/\/schema.org","@graph":[{"@type":"Article","@id":"https:\/\/africadailyreport.com\/fr\/2024\/11\/26\/netanyahu-says-israel-security-cabinet-set-to-approve-lebanon-truce\/#article","isPartOf":{"@id":"https:\/\/africadailyreport.com\/fr\/2024\/11\/26\/netanyahu-says-israel-security-cabinet-set-to-approve-lebanon-truce\/"},"author":{"name":"ADR\/AFP","@id":"https:\/\/africadailyreport.com\/fr\/#\/schema\/person\/c44d86d79f5570b3ba4cf70c989843f8"},"headline":"Netanyahu annonce qu&rsquo;Isra\u00ebl va adopter un cessez-le-feu au Liban \u00ab\u00a0ce soir\u00a0\u00bb","datePublished":"2024-11-26T20:37:03+00:00","dateModified":"2024-11-26T20:41:45+00:00","mainEntityOfPage":{"@id":"https:\/\/africadailyreport.com\/fr\/2024\/11\/26\/netanyahu-says-israel-security-cabinet-set-to-approve-lebanon-truce\/"},"wordCount":391,"commentCount":0,"publisher":{"@id":"https:\/\/africadailyreport.com\/fr\/#organization"},"image":{"@id":"https:\/\/africadailyreport.com\/fr\/2024\/11\/26\/netanyahu-says-israel-security-cabinet-set-to-approve-lebanon-truce\/#primaryimage"},"thumbnailUrl":"https:\/\/i0.wp.com\/africadailyreport.com\/wp-content\/uploads\/2024\/11\/maxresdefault-15.jpg?fit=1280%2C720&ssl=1","keywords":["ceasefire","conflict","HEZBOLLAH","israel","lebanon","netanyahu","palestine"],"articleSection":["Actualit\u00e9s","war","WORLD"],"inLanguage":"fr-FR","potentialAction":[{"@type":"CommentAction","name":"Comment","target":["https:\/\/africadailyreport.com\/fr\/2024\/11\/26\/netanyahu-says-israel-security-cabinet-set-to-approve-lebanon-truce\/#respond"]}],"copyrightYear":"2024","copyrightHolder":{"@id":"https:\/\/africadailyreport.com\/#organization"}},{"@type":"WebPage","@id":"https:\/\/africadailyreport.com\/fr\/2024\/11\/26\/netanyahu-says-israel-security-cabinet-set-to-approve-lebanon-truce\/","url":"https:\/\/africadailyreport.com\/fr\/2024\/11\/26\/netanyahu-says-israel-security-cabinet-set-to-approve-lebanon-truce\/","name":"Netanyahu annonce qu'Isra\u00ebl va adopter un cessez-le-feu au Liban \"ce soir\" - Africa Daily Report","isPartOf":{"@id":"https:\/\/africadailyreport.com\/fr\/#website"},"primaryImageOfPage":{"@id":"https:\/\/africadailyreport.com\/fr\/2024\/11\/26\/netanyahu-says-israel-security-cabinet-set-to-approve-lebanon-truce\/#primaryimage"},"image":{"@id":"https:\/\/africadailyreport.com\/fr\/2024\/11\/26\/netanyahu-says-israel-security-cabinet-set-to-approve-lebanon-truce\/#primaryimage"},"thumbnailUrl":"https:\/\/i0.wp.com\/africadailyreport.com\/wp-content\/uploads\/2024\/11\/maxresdefault-15.jpg?fit=1280%2C720&ssl=1","datePublished":"2024-11-26T20:37:03+00:00","dateModified":"2024-11-26T20:41:45+00:00","breadcrumb":{"@id":"https:\/\/africadailyreport.com\/fr\/2024\/11\/26\/netanyahu-says-israel-security-cabinet-set-to-approve-lebanon-truce\/#breadcrumb"},"inLanguage":"fr-FR","potentialAction":[{"@type":"ReadAction","target":["https:\/\/africadailyreport.com\/fr\/2024\/11\/26\/netanyahu-says-israel-security-cabinet-set-to-approve-lebanon-truce\/"]}]},{"@type":"ImageObject","inLanguage":"fr-FR","@id":"https:\/\/africadailyreport.com\/fr\/2024\/11\/26\/netanyahu-says-israel-security-cabinet-set-to-approve-lebanon-truce\/#primaryimage","url":"https:\/\/i0.wp.com\/africadailyreport.com\/wp-content\/uploads\/2024\/11\/maxresdefault-15.jpg?fit=1280%2C720&ssl=1","contentUrl":"https:\/\/i0.wp.com\/africadailyreport.com\/wp-content\/uploads\/2024\/11\/maxresdefault-15.jpg?fit=1280%2C720&ssl=1","width":1280,"height":720},{"@type":"BreadcrumbList","@id":"https:\/\/africadailyreport.com\/fr\/2024\/11\/26\/netanyahu-says-israel-security-cabinet-set-to-approve-lebanon-truce\/#breadcrumb","itemListElement":[{"@type":"ListItem","position":1,"name":"Home","item":"https:\/\/africadailyreport.com\/fr\/"},{"@type":"ListItem","position":2,"name":"Netanyahu annonce qu&rsquo;Isra\u00ebl va adopter un cessez-le-feu au Liban \u00ab\u00a0ce soir\u00a0\u00bb"}]},{"@type":"WebSite","@id":"https:\/\/africadailyreport.com\/fr\/#website","url":"https:\/\/africadailyreport.com\/fr\/","name":"Africa Daily Report","description":"","publisher":{"@id":"https:\/\/africadailyreport.com\/fr\/#organization"},"potentialAction":[{"@type":"SearchAction","target":{"@type":"EntryPoint","urlTemplate":"https:\/\/africadailyreport.com\/fr\/?s={search_term_string}"},"query-input":{"@type":"PropertyValueSpecification","valueRequired":true,"valueName":"search_term_string"}}],"inLanguage":"fr-FR"},{"@type":"Organization","@id":"https:\/\/africadailyreport.com\/fr\/#organization","name":"Africa Daily Report","url":"https:\/\/africadailyreport.com\/fr\/","logo":{"@type":"ImageObject","inLanguage":"fr-FR","@id":"https:\/\/africadailyreport.com\/fr\/#\/schema\/logo\/image\/","url":"https:\/\/africadailyreport.com\/wp-content\/uploads\/2024\/09\/ADR-Transparent-Green-Logo-1.png","contentUrl":"https:\/\/africadailyreport.com\/wp-content\/uploads\/2024\/09\/ADR-Transparent-Green-Logo-1.png","width":267,"height":185,"caption":"Africa Daily Report"},"image":{"@id":"https:\/\/africadailyreport.com\/fr\/#\/schema\/logo\/image\/"},"sameAs":["https:\/\/www.facebook.com\/africadailyreport","https:\/\/x.com\/adr_africa","https:\/\/www.youtube.com\/@africadailyreport","https:\/\/instagram.com\/africadailyreport"]},{"@type":"Person","@id":"https:\/\/africadailyreport.com\/fr\/#\/schema\/person\/c44d86d79f5570b3ba4cf70c989843f8","name":"ADR\/AFP","image":{"@type":"ImageObject","inLanguage":"fr-FR","@id":"https:\/\/secure.gravatar.com\/avatar\/2fbdc3782aa386b408fd9a36f0bc78ee569c94a7a05670cab3a1d72916408214?s=96&d=mm&r=g","url":"https:\/\/secure.gravatar.com\/avatar\/2fbdc3782aa386b408fd9a36f0bc78ee569c94a7a05670cab3a1d72916408214?s=96&d=mm&r=g","contentUrl":"https:\/\/secure.gravatar.com\/avatar\/2fbdc3782aa386b408fd9a36f0bc78ee569c94a7a05670cab3a1d72916408214?s=96&d=mm&r=g","caption":"ADR\/AFP"},"sameAs":["http:\/\/africadailyreport.com"],"url":"https:\/\/africadailyreport.com\/fr\/author\/both\/"}]},"og_video":"https:\/\/www.youtube.com\/embed\/l88DTTRvZ7M","og_video_type":"text\/html","og_video_duration":"151","og_video_width":"480","og_video_height":"270","ya_ovs_adult":"false","ya_ovs_upload_date":"2024-11-26T20:37:03+00:00","ya_ovs_allow_embed":"true"},"jetpack_featured_media_url":"https:\/\/i0.wp.com\/africadailyreport.com\/wp-content\/uploads\/2024\/11\/maxresdefault-15.jpg?fit=1280%2C720&ssl=1","jetpack_sharing_enabled":true,"amp_enabled":true,"_links":{"self":[{"href":"https:\/\/africadailyreport.com\/fr\/wp-json\/wp\/v2\/posts\/14716","targetHints":{"allow":["GET"]}}],"collection":[{"href":"https:\/\/africadailyreport.com\/fr\/wp-json\/wp\/v2\/posts"}],"about":[{"href":"https:\/\/africadailyreport.com\/fr\/wp-json\/wp\/v2\/types\/post"}],"author":[{"embeddable":true,"href":"https:\/\/africadailyreport.com\/fr\/wp-json\/wp\/v2\/users\/10"}],"replies":[{"embeddable":true,"href":"https:\/\/africadailyreport.com\/fr\/wp-json\/wp\/v2\/comments?post=14716"}],"version-history":[{"count":2,"href":"https:\/\/africadailyreport.com\/fr\/wp-json\/wp\/v2\/posts\/14716\/revisions"}],"predecessor-version":[{"id":14723,"href":"https:\/\/africadailyreport.com\/fr\/wp-json\/wp\/v2\/posts\/14716\/revisions\/14723"}],"wp:featuredmedia":[{"embeddable":true,"href":"https:\/\/africadailyreport.com\/fr\/wp-json\/wp\/v2\/media\/14713"}],"wp:attachment":[{"href":"https:\/\/africadailyreport.com\/fr\/wp-json\/wp\/v2\/media?parent=14716"}],"wp:term":[{"taxonomy":"category","embeddable":true,"href":"https:\/\/africadailyreport.com\/fr\/wp-json\/wp\/v2\/categories?post=14716"},{"taxonomy":"post_tag","embeddable":true,"href":"https:\/\/africadailyreport.com\/fr\/wp-json\/wp\/v2\/tags?post=14716"},{"taxonomy":"adr_country","embeddable":true,"href":"https:\/\/africadailyreport.com\/fr\/wp-json\/wp\/v2\/adr_country?post=14716"}],"curies":[{"name":"wp","href":"https:\/\/api.w.org\/{rel}","templated":true}]}}