{"id":14650,"date":"2024-11-24T02:28:25","date_gmt":"2024-11-24T02:28:25","guid":{"rendered":"https:\/\/africadailyreport.com\/2024\/11\/24\/thousands-march-against-angola-govt\/"},"modified":"2024-11-24T02:39:58","modified_gmt":"2024-11-24T02:39:58","slug":"thousands-march-against-angola-govt","status":"publish","type":"post","link":"https:\/\/africadailyreport.com\/fr\/2024\/11\/24\/thousands-march-against-angola-govt\/","title":{"rendered":"Des milliers de manifestants d\u00e9filent contre le gouvernement angolais et la faim"},"content":{"rendered":"\n<h2 class=\"wp-block-heading\" id=\"h-luanda-angola-afp-plusieurs-milliers-de-partisans-de-l-opposition-angolaise-ont-manifeste-samedi-dans-leur-capitale-luanda-contre-le-gouvernement-leur-premier-grand-rassemblement-depuis-les-elections-controversees-de-2022\"><em>Luanda,\u00a0Angola &#8211; (AFP) <\/em>&#8211; Plusieurs milliers de partisans de l&rsquo;opposition angolaise ont manifest\u00e9 samedi dans leur capitale Luanda contre le gouvernement, leur premier grand rassemblement depuis les \u00e9lections controvers\u00e9es de 2022.<\/h2>\n\n\n<figure class=\"wp-block-embed wp-embed-aspect-16-9 wp-has-aspect-ratio  is-type-video is-provider-youtube wp-block-embed-youtube\"><div class=\"wp-block-embed__wrapper video-seo-youtube-embed-wrapper\"><div class=\"video-seo-youtube-player\" data-id=\"02-Dz6UYQcM\"><\/div><\/div><\/figure>\n\n\n<p class=\"\"><\/p>\n\n\n\n<p class=\"\">\u00c9troitement encadr\u00e9es par la police, quelque 4.000 personnes ont march\u00e9 pacifiquement avec des banderoles critiquant le Mouvement populaire de lib\u00e9ration de l&rsquo;Angola (MPLA) au pouvoir et le pr\u00e9sident Joao Louren\u00e7o, a constat\u00e9 un journaliste de l&rsquo;AFP.<\/p>\n\n\n\n<p class=\"\">La manifestation \u00e9tait organis\u00e9e par l&rsquo;Union nationale pour l&rsquo;ind\u00e9pendance totale de l&rsquo;Angola (Unita), parti dont la popularit\u00e9 n&rsquo;a cess\u00e9 de grimper ces derni\u00e8res ann\u00e9es.<\/p>\n\n\n\n<p class=\"\">L&rsquo;Unita a refus\u00e9 sa d\u00e9faite aux \u00e9lections g\u00e9n\u00e9rales de &nbsp;2022 et a contest\u00e9 leur r\u00e9sultat en justice, mais la cour supr\u00eame du pays a rejet\u00e9 sa requ\u00eate.<\/p>\n\n\n\n<p class=\"\">Les banderoles portaient samedi divers slogans: \u00ab\u00a0Louren\u00e7o d\u00e9gage\u00a0\u00bb, \u00ab\u00a0MPLA d\u00e9gage\u00a0\u00bb, \u00ab\u00a0Louren\u00e7o le peuple meurt de faim, d\u00e9gage vous ne faites rien\u00a0\u00bb, ou encore \u00ab\u00a0Rien ne va, nous ne voulons plus la dictature \u00ab\u00a0<\/p>\n\n\n\n<p class=\"\">Nombre de manifestants arboraient les couleurs rouge et vert de l&rsquo;opposition en d\u00e9filant dans les rues encadr\u00e9s par la police, dont des agents \u00e0 cheval.<\/p>\n\n\n\n<p class=\"\">Joao Louren\u00e7o gouverne le deuxi\u00e8me producteur africain de p\u00e9trole depuis 2017 et a souvent \u00e9t\u00e9 accus\u00e9 d&rsquo;autoritarisme par ses opposants.<\/p>\n\n\n\n<p class=\"\">Le secr\u00e9taire g\u00e9n\u00e9ral de l&rsquo;Unita, Alvaro Chikwamanga, a expliqu\u00e9 que la manifestation visait \u00e0 protester contre \u00ab\u00a0la mauvaise gouvernance de Joao Louren\u00e7o\u00a0\u00bb.<\/p>\n\n\n\n<p class=\"\">\u00ab\u00a0Le peuple angolais meurt de faim, les enfants sont atteints de malnutrition et s&rsquo;alimentent dans des poubelles alors que notre pays est riche en ressources\u00a0\u00bb, a-t-il d\u00e9nonc\u00e9.<\/p>\n\n\n\n<p class=\"\">Dans la foule, Elisabeth Ana Bela, une \u00e9tudiante de 24 ans, a affirm\u00e9 avoir rejoint le mouvement car \u00ab\u00a0la famine est \u00e9norme dans notre pays, il faut que les choses changent\u00a0\u00bb.<\/p>\n\n\n\n<p class=\"\">Une s\u00e9cheresse record a d\u00e9vast\u00e9 les r\u00e9coltes en Afrique australe cette ann\u00e9e, faisant souffrir des millions de personnes de la faim, ont pr\u00e9venu les Nations unies.<\/p>\n\n\n\n<p class=\"\">Un autre protestataire, Jose Venancio, 19 ans, a accus\u00e9 le parti au pouvoir d&rsquo;\u00eatre responsable des probl\u00e8mes du pays.<\/p>\n\n\n\n<p class=\"\">\u00ab\u00a0Notre pays ne vaut plus rien (&#8230;) La famine est devenue comme une seconde guerre et ce n&rsquo;est pas s\u00e9rieux avec la gouvernance de MPLA qui ne change rien \u00e0 la vie de la population\u00a0\u00bb, a-t-il estim\u00e9.<\/p>\n\n\n\n<p class=\"\">L&rsquo;Unita, un ancien groupe rebelle devenu le deuxi\u00e8me plus grand parti politique du pays, a invit\u00e9 la soci\u00e9t\u00e9 civile et d&rsquo;autres mouvements d&rsquo;opposition \u00e0 rejoindre la manifestation.<\/p>\n\n\n\n<p class=\"\">Aux derni\u00e8res \u00e9lections, le MPLA avait \u00e9t\u00e9 reconduit au pouvoir avec 51% des voix, suivi de pr\u00e8s par l&rsquo;Unita avec 44%.<\/p>\n\n\n\n<p class=\"\"><\/p>\n\n\n\n<p class=\"\">\u00a9 Agence France-Presse<\/p>\n","protected":false},"excerpt":{"rendered":"<p>Luanda,\u00a0Angola &#8211; (AFP) &#8211; Plusieurs milliers de partisans de l&rsquo;opposition angolaise ont manifest\u00e9 samedi dans leur capitale Luanda contre le gouvernement, leur premier grand rassemblement depuis les \u00e9lections controvers\u00e9es de 2022. \u00c9troitement encadr\u00e9es par la police, quelque 4.000 personnes ont march\u00e9 pacifiquement avec des banderoles critiquant le Mouvement populaire de lib\u00e9ration de l&rsquo;Angola (MPLA) au [&hellip;]<\/p>\n","protected":false},"author":10,"featured_media":14651,"comment_status":"open","ping_status":"open","sticky":false,"template":"","format":"standard","meta":{"_acf_changed":false,"om_disable_all_campaigns":false,"_monsterinsights_skip_tracking":false,"_monsterinsights_sitenote_active":false,"_monsterinsights_sitenote_note":"","_monsterinsights_sitenote_category":0,"tdm_status":"","tdm_grid_status":"","_jetpack_newsletter_access":"","_jetpack_dont_email_post_to_subs":false,"_jetpack_newsletter_tier_id":0,"_jetpack_memberships_contains_paywalled_content":false,"_jetpack_memberships_contains_paid_content":false,"footnotes":""},"categories":[293],"tags":[1056,2026,1168,1439,2025,1979,692],"adr_country":[1095],"class_list":{"0":"post-14650","1":"post","2":"type-post","3":"status-publish","4":"format-standard","5":"has-post-thumbnail","7":"category-actualites-fr","8":"tag-angola-fr","9":"tag-famine","10":"tag-government-fr","11":"tag-manifestation-2","12":"tag-march-fr","13":"tag-opposition-fr","14":"tag-politique-3","15":"adr_country-angola"},"acf":{"post_version":""},"yoast_head":"<!-- This site is optimized with the Yoast SEO Premium plugin v26.0 (Yoast SEO v27.4) - https:\/\/yoast.com\/product\/yoast-seo-premium-wordpress\/ -->\n<title>Des milliers de manifestants d\u00e9filent contre le gouvernement angolais et la faim - Africa Daily Report<\/title>\n<meta name=\"robots\" content=\"index, follow, max-snippet:-1, max-image-preview:large, max-video-preview:-1\" \/>\n<link rel=\"canonical\" href=\"https:\/\/africadailyreport.com\/fr\/2024\/11\/24\/thousands-march-against-angola-govt\/\" \/>\n<meta property=\"og:locale\" content=\"fr_FR\" \/>\n<meta property=\"og:type\" content=\"article\" \/>\n<meta property=\"og:title\" content=\"Des milliers de manifestants d\u00e9filent contre le gouvernement angolais et la faim\" \/>\n<meta property=\"og:description\" content=\"Luanda,\u00a0Angola &#8211; (AFP) &#8211; Plusieurs milliers de partisans de l&rsquo;opposition angolaise ont manifest\u00e9 samedi dans leur capitale Luanda contre le gouvernement, leur premier grand rassemblement depuis les \u00e9lections controvers\u00e9es de 2022. \u00c9troitement encadr\u00e9es par la police, quelque 4.000 personnes ont march\u00e9 pacifiquement avec des banderoles critiquant le Mouvement populaire de lib\u00e9ration de l&rsquo;Angola (MPLA) au [&hellip;]\" \/>\n<meta property=\"og:url\" content=\"https:\/\/africadailyreport.com\/fr\/2024\/11\/24\/thousands-march-against-angola-govt\/\" \/>\n<meta property=\"og:site_name\" content=\"Africa Daily Report\" \/>\n<meta property=\"article:publisher\" content=\"https:\/\/www.facebook.com\/africadailyreport\" \/>\n<meta property=\"article:published_time\" content=\"2024-11-24T02:28:25+00:00\" \/>\n<meta property=\"article:modified_time\" content=\"2024-11-24T02:39:58+00:00\" \/>\n<meta property=\"og:image\" content=\"https:\/\/i0.wp.com\/africadailyreport.com\/wp-content\/uploads\/2024\/11\/02-dz6uyqcm-1.jpg?fit=1280%2C720&ssl=1\" \/>\n\t<meta property=\"og:image:width\" content=\"1280\" \/>\n\t<meta property=\"og:image:height\" content=\"720\" \/>\n\t<meta property=\"og:image:type\" content=\"image\/jpeg\" \/>\n<meta name=\"author\" content=\"ADR\/AFP\" \/>\n<meta name=\"twitter:card\" content=\"summary_large_image\" \/>\n<meta name=\"twitter:creator\" content=\"@adr_africa\" \/>\n<meta name=\"twitter:site\" content=\"@adr_africa\" \/>\n<meta name=\"twitter:label1\" content=\"\u00c9crit par\" \/>\n\t<meta name=\"twitter:data1\" content=\"ADR\/AFP\" \/>\n\t<meta name=\"twitter:label2\" content=\"Dur\u00e9e de lecture estim\u00e9e\" \/>\n\t<meta name=\"twitter:data2\" content=\"2 minutes\" \/>\n<script type=\"application\/ld+json\" class=\"yoast-schema-graph\">{\"@context\":\"https:\\\/\\\/schema.org\",\"@graph\":[{\"@type\":\"Article\",\"@id\":\"https:\\\/\\\/africadailyreport.com\\\/fr\\\/2024\\\/11\\\/24\\\/thousands-march-against-angola-govt\\\/#article\",\"isPartOf\":{\"@id\":\"https:\\\/\\\/africadailyreport.com\\\/fr\\\/2024\\\/11\\\/24\\\/thousands-march-against-angola-govt\\\/\"},\"author\":{\"name\":\"ADR\\\/AFP\",\"@id\":\"https:\\\/\\\/africadailyreport.com\\\/fr\\\/#\\\/schema\\\/person\\\/c44d86d79f5570b3ba4cf70c989843f8\"},\"headline\":\"Des milliers de manifestants d\u00e9filent contre le gouvernement angolais et la faim\",\"datePublished\":\"2024-11-24T02:28:25+00:00\",\"dateModified\":\"2024-11-24T02:39:58+00:00\",\"mainEntityOfPage\":{\"@id\":\"https:\\\/\\\/africadailyreport.com\\\/fr\\\/2024\\\/11\\\/24\\\/thousands-march-against-angola-govt\\\/\"},\"wordCount\":474,\"commentCount\":0,\"publisher\":{\"@id\":\"https:\\\/\\\/africadailyreport.com\\\/fr\\\/#organization\"},\"image\":{\"@id\":\"https:\\\/\\\/africadailyreport.com\\\/fr\\\/2024\\\/11\\\/24\\\/thousands-march-against-angola-govt\\\/#primaryimage\"},\"thumbnailUrl\":\"https:\\\/\\\/i0.wp.com\\\/africadailyreport.com\\\/wp-content\\\/uploads\\\/2024\\\/11\\\/02-dz6uyqcm-1.jpg?fit=1280%2C720&ssl=1\",\"keywords\":[\"angola\",\"famine\",\"Government\",\"manifestation\",\"march\",\"opposition\",\"politique\"],\"articleSection\":[\"Actualit\u00e9s\"],\"inLanguage\":\"fr-FR\",\"potentialAction\":[{\"@type\":\"CommentAction\",\"name\":\"Comment\",\"target\":[\"https:\\\/\\\/africadailyreport.com\\\/fr\\\/2024\\\/11\\\/24\\\/thousands-march-against-angola-govt\\\/#respond\"]}],\"copyrightYear\":\"2024\",\"copyrightHolder\":{\"@id\":\"https:\\\/\\\/africadailyreport.com\\\/#organization\"}},{\"@type\":\"WebPage\",\"@id\":\"https:\\\/\\\/africadailyreport.com\\\/fr\\\/2024\\\/11\\\/24\\\/thousands-march-against-angola-govt\\\/\",\"url\":\"https:\\\/\\\/africadailyreport.com\\\/fr\\\/2024\\\/11\\\/24\\\/thousands-march-against-angola-govt\\\/\",\"name\":\"Des milliers de manifestants d\u00e9filent contre le gouvernement angolais et la faim - Africa Daily Report\",\"isPartOf\":{\"@id\":\"https:\\\/\\\/africadailyreport.com\\\/fr\\\/#website\"},\"primaryImageOfPage\":{\"@id\":\"https:\\\/\\\/africadailyreport.com\\\/fr\\\/2024\\\/11\\\/24\\\/thousands-march-against-angola-govt\\\/#primaryimage\"},\"image\":{\"@id\":\"https:\\\/\\\/africadailyreport.com\\\/fr\\\/2024\\\/11\\\/24\\\/thousands-march-against-angola-govt\\\/#primaryimage\"},\"thumbnailUrl\":\"https:\\\/\\\/i0.wp.com\\\/africadailyreport.com\\\/wp-content\\\/uploads\\\/2024\\\/11\\\/02-dz6uyqcm-1.jpg?fit=1280%2C720&ssl=1\",\"datePublished\":\"2024-11-24T02:28:25+00:00\",\"dateModified\":\"2024-11-24T02:39:58+00:00\",\"breadcrumb\":{\"@id\":\"https:\\\/\\\/africadailyreport.com\\\/fr\\\/2024\\\/11\\\/24\\\/thousands-march-against-angola-govt\\\/#breadcrumb\"},\"inLanguage\":\"fr-FR\",\"potentialAction\":[{\"@type\":\"ReadAction\",\"target\":[\"https:\\\/\\\/africadailyreport.com\\\/fr\\\/2024\\\/11\\\/24\\\/thousands-march-against-angola-govt\\\/\"]}]},{\"@type\":\"ImageObject\",\"inLanguage\":\"fr-FR\",\"@id\":\"https:\\\/\\\/africadailyreport.com\\\/fr\\\/2024\\\/11\\\/24\\\/thousands-march-against-angola-govt\\\/#primaryimage\",\"url\":\"https:\\\/\\\/i0.wp.com\\\/africadailyreport.com\\\/wp-content\\\/uploads\\\/2024\\\/11\\\/02-dz6uyqcm-1.jpg?fit=1280%2C720&ssl=1\",\"contentUrl\":\"https:\\\/\\\/i0.wp.com\\\/africadailyreport.com\\\/wp-content\\\/uploads\\\/2024\\\/11\\\/02-dz6uyqcm-1.jpg?fit=1280%2C720&ssl=1\",\"width\":1280,\"height\":720},{\"@type\":\"BreadcrumbList\",\"@id\":\"https:\\\/\\\/africadailyreport.com\\\/fr\\\/2024\\\/11\\\/24\\\/thousands-march-against-angola-govt\\\/#breadcrumb\",\"itemListElement\":[{\"@type\":\"ListItem\",\"position\":1,\"name\":\"Home\",\"item\":\"https:\\\/\\\/africadailyreport.com\\\/fr\\\/\"},{\"@type\":\"ListItem\",\"position\":2,\"name\":\"Des milliers de manifestants d\u00e9filent contre le gouvernement angolais et la faim\"}]},{\"@type\":\"WebSite\",\"@id\":\"https:\\\/\\\/africadailyreport.com\\\/fr\\\/#website\",\"url\":\"https:\\\/\\\/africadailyreport.com\\\/fr\\\/\",\"name\":\"Africa Daily Report\",\"description\":\"\",\"publisher\":{\"@id\":\"https:\\\/\\\/africadailyreport.com\\\/fr\\\/#organization\"},\"potentialAction\":[{\"@type\":\"SearchAction\",\"target\":{\"@type\":\"EntryPoint\",\"urlTemplate\":\"https:\\\/\\\/africadailyreport.com\\\/fr\\\/?s={search_term_string}\"},\"query-input\":{\"@type\":\"PropertyValueSpecification\",\"valueRequired\":true,\"valueName\":\"search_term_string\"}}],\"inLanguage\":\"fr-FR\"},{\"@type\":\"Organization\",\"@id\":\"https:\\\/\\\/africadailyreport.com\\\/fr\\\/#organization\",\"name\":\"Africa Daily Report\",\"url\":\"https:\\\/\\\/africadailyreport.com\\\/fr\\\/\",\"logo\":{\"@type\":\"ImageObject\",\"inLanguage\":\"fr-FR\",\"@id\":\"https:\\\/\\\/africadailyreport.com\\\/fr\\\/#\\\/schema\\\/logo\\\/image\\\/\",\"url\":\"https:\\\/\\\/africadailyreport.com\\\/wp-content\\\/uploads\\\/2024\\\/09\\\/ADR-Transparent-Green-Logo-1.png\",\"contentUrl\":\"https:\\\/\\\/africadailyreport.com\\\/wp-content\\\/uploads\\\/2024\\\/09\\\/ADR-Transparent-Green-Logo-1.png\",\"width\":267,\"height\":185,\"caption\":\"Africa Daily Report\"},\"image\":{\"@id\":\"https:\\\/\\\/africadailyreport.com\\\/fr\\\/#\\\/schema\\\/logo\\\/image\\\/\"},\"sameAs\":[\"https:\\\/\\\/www.facebook.com\\\/africadailyreport\",\"https:\\\/\\\/x.com\\\/adr_africa\",\"https:\\\/\\\/www.youtube.com\\\/@africadailyreport\",\"https:\\\/\\\/instagram.com\\\/africadailyreport\"]},{\"@type\":\"Person\",\"@id\":\"https:\\\/\\\/africadailyreport.com\\\/fr\\\/#\\\/schema\\\/person\\\/c44d86d79f5570b3ba4cf70c989843f8\",\"name\":\"ADR\\\/AFP\",\"image\":{\"@type\":\"ImageObject\",\"inLanguage\":\"fr-FR\",\"@id\":\"https:\\\/\\\/secure.gravatar.com\\\/avatar\\\/2fbdc3782aa386b408fd9a36f0bc78ee569c94a7a05670cab3a1d72916408214?s=96&d=mm&r=g\",\"url\":\"https:\\\/\\\/secure.gravatar.com\\\/avatar\\\/2fbdc3782aa386b408fd9a36f0bc78ee569c94a7a05670cab3a1d72916408214?s=96&d=mm&r=g\",\"contentUrl\":\"https:\\\/\\\/secure.gravatar.com\\\/avatar\\\/2fbdc3782aa386b408fd9a36f0bc78ee569c94a7a05670cab3a1d72916408214?s=96&d=mm&r=g\",\"caption\":\"ADR\\\/AFP\"},\"sameAs\":[\"http:\\\/\\\/africadailyreport.com\"],\"url\":\"https:\\\/\\\/africadailyreport.com\\\/fr\\\/author\\\/both\\\/\"}]}<\/script>\n<meta property=\"og:video\" content=\"https:\/\/www.youtube.com\/embed\/02-Dz6UYQcM\" \/>\n<meta property=\"og:video:type\" content=\"text\/html\" \/>\n<meta property=\"og:video:duration\" content=\"298\" \/>\n<meta property=\"og:video:width\" content=\"480\" \/>\n<meta property=\"og:video:height\" content=\"270\" \/>\n<meta property=\"ya:ovs:adult\" content=\"false\" \/>\n<meta property=\"ya:ovs:upload_date\" content=\"2024-11-24T02:28:25+00:00\" \/>\n<meta property=\"ya:ovs:allow_embed\" content=\"true\" \/>\n<!-- \/ Yoast SEO Premium plugin. -->","yoast_head_json":{"title":"Des milliers de manifestants d\u00e9filent contre le gouvernement angolais et la faim - Africa Daily Report","robots":{"index":"index","follow":"follow","max-snippet":"max-snippet:-1","max-image-preview":"max-image-preview:large","max-video-preview":"max-video-preview:-1"},"canonical":"https:\/\/africadailyreport.com\/fr\/2024\/11\/24\/thousands-march-against-angola-govt\/","og_locale":"fr_FR","og_type":"article","og_title":"Des milliers de manifestants d\u00e9filent contre le gouvernement angolais et la faim","og_description":"Luanda,\u00a0Angola &#8211; (AFP) &#8211; Plusieurs milliers de partisans de l&rsquo;opposition angolaise ont manifest\u00e9 samedi dans leur capitale Luanda contre le gouvernement, leur premier grand rassemblement depuis les \u00e9lections controvers\u00e9es de 2022. \u00c9troitement encadr\u00e9es par la police, quelque 4.000 personnes ont march\u00e9 pacifiquement avec des banderoles critiquant le Mouvement populaire de lib\u00e9ration de l&rsquo;Angola (MPLA) au [&hellip;]","og_url":"https:\/\/africadailyreport.com\/fr\/2024\/11\/24\/thousands-march-against-angola-govt\/","og_site_name":"Africa Daily Report","article_publisher":"https:\/\/www.facebook.com\/africadailyreport","article_published_time":"2024-11-24T02:28:25+00:00","article_modified_time":"2024-11-24T02:39:58+00:00","og_image":[{"width":1280,"height":720,"url":"https:\/\/i0.wp.com\/africadailyreport.com\/wp-content\/uploads\/2024\/11\/02-dz6uyqcm-1.jpg?fit=1280%2C720&ssl=1","type":"image\/jpeg"}],"author":"ADR\/AFP","twitter_card":"summary_large_image","twitter_creator":"@adr_africa","twitter_site":"@adr_africa","twitter_misc":{"\u00c9crit par":"ADR\/AFP","Dur\u00e9e de lecture estim\u00e9e":"2 minutes"},"schema":{"@context":"https:\/\/schema.org","@graph":[{"@type":"Article","@id":"https:\/\/africadailyreport.com\/fr\/2024\/11\/24\/thousands-march-against-angola-govt\/#article","isPartOf":{"@id":"https:\/\/africadailyreport.com\/fr\/2024\/11\/24\/thousands-march-against-angola-govt\/"},"author":{"name":"ADR\/AFP","@id":"https:\/\/africadailyreport.com\/fr\/#\/schema\/person\/c44d86d79f5570b3ba4cf70c989843f8"},"headline":"Des milliers de manifestants d\u00e9filent contre le gouvernement angolais et la faim","datePublished":"2024-11-24T02:28:25+00:00","dateModified":"2024-11-24T02:39:58+00:00","mainEntityOfPage":{"@id":"https:\/\/africadailyreport.com\/fr\/2024\/11\/24\/thousands-march-against-angola-govt\/"},"wordCount":474,"commentCount":0,"publisher":{"@id":"https:\/\/africadailyreport.com\/fr\/#organization"},"image":{"@id":"https:\/\/africadailyreport.com\/fr\/2024\/11\/24\/thousands-march-against-angola-govt\/#primaryimage"},"thumbnailUrl":"https:\/\/i0.wp.com\/africadailyreport.com\/wp-content\/uploads\/2024\/11\/02-dz6uyqcm-1.jpg?fit=1280%2C720&ssl=1","keywords":["angola","famine","Government","manifestation","march","opposition","politique"],"articleSection":["Actualit\u00e9s"],"inLanguage":"fr-FR","potentialAction":[{"@type":"CommentAction","name":"Comment","target":["https:\/\/africadailyreport.com\/fr\/2024\/11\/24\/thousands-march-against-angola-govt\/#respond"]}],"copyrightYear":"2024","copyrightHolder":{"@id":"https:\/\/africadailyreport.com\/#organization"}},{"@type":"WebPage","@id":"https:\/\/africadailyreport.com\/fr\/2024\/11\/24\/thousands-march-against-angola-govt\/","url":"https:\/\/africadailyreport.com\/fr\/2024\/11\/24\/thousands-march-against-angola-govt\/","name":"Des milliers de manifestants d\u00e9filent contre le gouvernement angolais et la faim - Africa Daily Report","isPartOf":{"@id":"https:\/\/africadailyreport.com\/fr\/#website"},"primaryImageOfPage":{"@id":"https:\/\/africadailyreport.com\/fr\/2024\/11\/24\/thousands-march-against-angola-govt\/#primaryimage"},"image":{"@id":"https:\/\/africadailyreport.com\/fr\/2024\/11\/24\/thousands-march-against-angola-govt\/#primaryimage"},"thumbnailUrl":"https:\/\/i0.wp.com\/africadailyreport.com\/wp-content\/uploads\/2024\/11\/02-dz6uyqcm-1.jpg?fit=1280%2C720&ssl=1","datePublished":"2024-11-24T02:28:25+00:00","dateModified":"2024-11-24T02:39:58+00:00","breadcrumb":{"@id":"https:\/\/africadailyreport.com\/fr\/2024\/11\/24\/thousands-march-against-angola-govt\/#breadcrumb"},"inLanguage":"fr-FR","potentialAction":[{"@type":"ReadAction","target":["https:\/\/africadailyreport.com\/fr\/2024\/11\/24\/thousands-march-against-angola-govt\/"]}]},{"@type":"ImageObject","inLanguage":"fr-FR","@id":"https:\/\/africadailyreport.com\/fr\/2024\/11\/24\/thousands-march-against-angola-govt\/#primaryimage","url":"https:\/\/i0.wp.com\/africadailyreport.com\/wp-content\/uploads\/2024\/11\/02-dz6uyqcm-1.jpg?fit=1280%2C720&ssl=1","contentUrl":"https:\/\/i0.wp.com\/africadailyreport.com\/wp-content\/uploads\/2024\/11\/02-dz6uyqcm-1.jpg?fit=1280%2C720&ssl=1","width":1280,"height":720},{"@type":"BreadcrumbList","@id":"https:\/\/africadailyreport.com\/fr\/2024\/11\/24\/thousands-march-against-angola-govt\/#breadcrumb","itemListElement":[{"@type":"ListItem","position":1,"name":"Home","item":"https:\/\/africadailyreport.com\/fr\/"},{"@type":"ListItem","position":2,"name":"Des milliers de manifestants d\u00e9filent contre le gouvernement angolais et la faim"}]},{"@type":"WebSite","@id":"https:\/\/africadailyreport.com\/fr\/#website","url":"https:\/\/africadailyreport.com\/fr\/","name":"Africa Daily Report","description":"","publisher":{"@id":"https:\/\/africadailyreport.com\/fr\/#organization"},"potentialAction":[{"@type":"SearchAction","target":{"@type":"EntryPoint","urlTemplate":"https:\/\/africadailyreport.com\/fr\/?s={search_term_string}"},"query-input":{"@type":"PropertyValueSpecification","valueRequired":true,"valueName":"search_term_string"}}],"inLanguage":"fr-FR"},{"@type":"Organization","@id":"https:\/\/africadailyreport.com\/fr\/#organization","name":"Africa Daily Report","url":"https:\/\/africadailyreport.com\/fr\/","logo":{"@type":"ImageObject","inLanguage":"fr-FR","@id":"https:\/\/africadailyreport.com\/fr\/#\/schema\/logo\/image\/","url":"https:\/\/africadailyreport.com\/wp-content\/uploads\/2024\/09\/ADR-Transparent-Green-Logo-1.png","contentUrl":"https:\/\/africadailyreport.com\/wp-content\/uploads\/2024\/09\/ADR-Transparent-Green-Logo-1.png","width":267,"height":185,"caption":"Africa Daily Report"},"image":{"@id":"https:\/\/africadailyreport.com\/fr\/#\/schema\/logo\/image\/"},"sameAs":["https:\/\/www.facebook.com\/africadailyreport","https:\/\/x.com\/adr_africa","https:\/\/www.youtube.com\/@africadailyreport","https:\/\/instagram.com\/africadailyreport"]},{"@type":"Person","@id":"https:\/\/africadailyreport.com\/fr\/#\/schema\/person\/c44d86d79f5570b3ba4cf70c989843f8","name":"ADR\/AFP","image":{"@type":"ImageObject","inLanguage":"fr-FR","@id":"https:\/\/secure.gravatar.com\/avatar\/2fbdc3782aa386b408fd9a36f0bc78ee569c94a7a05670cab3a1d72916408214?s=96&d=mm&r=g","url":"https:\/\/secure.gravatar.com\/avatar\/2fbdc3782aa386b408fd9a36f0bc78ee569c94a7a05670cab3a1d72916408214?s=96&d=mm&r=g","contentUrl":"https:\/\/secure.gravatar.com\/avatar\/2fbdc3782aa386b408fd9a36f0bc78ee569c94a7a05670cab3a1d72916408214?s=96&d=mm&r=g","caption":"ADR\/AFP"},"sameAs":["http:\/\/africadailyreport.com"],"url":"https:\/\/africadailyreport.com\/fr\/author\/both\/"}]},"og_video":"https:\/\/www.youtube.com\/embed\/02-Dz6UYQcM","og_video_type":"text\/html","og_video_duration":"298","og_video_width":"480","og_video_height":"270","ya_ovs_adult":"false","ya_ovs_upload_date":"2024-11-24T02:28:25+00:00","ya_ovs_allow_embed":"true"},"jetpack_featured_media_url":"https:\/\/i0.wp.com\/africadailyreport.com\/wp-content\/uploads\/2024\/11\/02-dz6uyqcm-1.jpg?fit=1280%2C720&ssl=1","jetpack_sharing_enabled":true,"amp_enabled":true,"_links":{"self":[{"href":"https:\/\/africadailyreport.com\/fr\/wp-json\/wp\/v2\/posts\/14650","targetHints":{"allow":["GET"]}}],"collection":[{"href":"https:\/\/africadailyreport.com\/fr\/wp-json\/wp\/v2\/posts"}],"about":[{"href":"https:\/\/africadailyreport.com\/fr\/wp-json\/wp\/v2\/types\/post"}],"author":[{"embeddable":true,"href":"https:\/\/africadailyreport.com\/fr\/wp-json\/wp\/v2\/users\/10"}],"replies":[{"embeddable":true,"href":"https:\/\/africadailyreport.com\/fr\/wp-json\/wp\/v2\/comments?post=14650"}],"version-history":[{"count":4,"href":"https:\/\/africadailyreport.com\/fr\/wp-json\/wp\/v2\/posts\/14650\/revisions"}],"predecessor-version":[{"id":14660,"href":"https:\/\/africadailyreport.com\/fr\/wp-json\/wp\/v2\/posts\/14650\/revisions\/14660"}],"wp:featuredmedia":[{"embeddable":true,"href":"https:\/\/africadailyreport.com\/fr\/wp-json\/wp\/v2\/media\/14651"}],"wp:attachment":[{"href":"https:\/\/africadailyreport.com\/fr\/wp-json\/wp\/v2\/media?parent=14650"}],"wp:term":[{"taxonomy":"category","embeddable":true,"href":"https:\/\/africadailyreport.com\/fr\/wp-json\/wp\/v2\/categories?post=14650"},{"taxonomy":"post_tag","embeddable":true,"href":"https:\/\/africadailyreport.com\/fr\/wp-json\/wp\/v2\/tags?post=14650"},{"taxonomy":"adr_country","embeddable":true,"href":"https:\/\/africadailyreport.com\/fr\/wp-json\/wp\/v2\/adr_country?post=14650"}],"curies":[{"name":"wp","href":"https:\/\/api.w.org\/{rel}","templated":true}]}}