{"id":14482,"date":"2024-11-22T01:47:12","date_gmt":"2024-11-22T01:47:12","guid":{"rendered":"https:\/\/africadailyreport.com\/2024\/11\/22\/seth-kikuni-faces-possible-prison-sentence-amid-growing-opposition-in-drc\/"},"modified":"2024-11-22T02:54:20","modified_gmt":"2024-11-22T02:54:20","slug":"seth-kikuni-faces-possible-prison-sentence-amid-growing-opposition-in-drc","status":"publish","type":"post","link":"https:\/\/africadailyreport.com\/fr\/2024\/11\/22\/seth-kikuni-faces-possible-prison-sentence-amid-growing-opposition-in-drc\/","title":{"rendered":"Seth Kikuni risque une peine de prison alors que l&rsquo;opposition se renforce en RDC"},"content":{"rendered":"\n<hr class=\"wp-block-separator has-alpha-channel-opacity\"\/>\n\n\n\n\n\n<p class=\"\"><\/p>\n\n\n\n<hr class=\"wp-block-separator has-alpha-channel-opacity\"\/>\n\n\n\n<p class=\"\"><strong>Trois ans de prison requis contre l&rsquo;opposant Seth Kikuni<\/strong><br>Le 20 novembre, un procureur du tribunal de paix de Kinshasa, si\u00e9geant \u00e0 la prison de Makala, a requis une peine de trois ans de prison contre Seth Kikuni, pr\u00e9sident du parti Piste pour l\u2019\u00c9mergence. Les charges, notamment \u00ab incitation \u00e0 la d\u00e9sob\u00e9issance civile \u00bb et \u00ab propagation de faux bruits \u00bb, sont li\u00e9es \u00e0 ses d\u00e9clarations critiques contre la gestion du gouvernement lors d\u2019une r\u00e9union publique \u00e0 Lubumbashi. Justin Inzun Kakiak, chef de l\u2019Agence nationale de renseignement (ANR), a d\u00e9crit ces propos comme une menace directe \u00e0 la stabilit\u00e9 nationale, exigeant une sanction exemplaire.<\/p>\n\n\n\n<p class=\"\"><strong>Contexte cl\u00e9 : Arrestation et proc\u00e8s de Kikuni<\/strong><br>Seth Kikuni, ancien candidat aux pr\u00e9sidentielles de 2018 et 2023, a \u00e9t\u00e9 arr\u00eat\u00e9 le 2 septembre par des agents de l\u2019ANR apr\u00e8s un discours incitant les jeunes Katangais \u00e0 s\u2019opposer \u00e0 la \u00ab m\u00e9gestion \u00bb du pays. D\u00e9tenu dans un lieu tenu secret pendant 11 jours, il a ensuite \u00e9t\u00e9 transf\u00e9r\u00e9 au parquet g\u00e9n\u00e9ral avant d\u2019\u00eatre incarc\u00e9r\u00e9 \u00e0 la prison centrale de Makala le 28 septembre.<\/p>\n\n\n\n<p class=\"\">Face aux accusations, Kikuni se d\u00e9fend et d\u00e9nonce une volont\u00e9 d\u2019\u00e9touffer les voix de l\u2019opposition. \u00ab Me condamner reviendrait \u00e0 condamner la libert\u00e9 d\u2019expression et la d\u00e9mocratie \u00bb, a-t-il affirm\u00e9 devant le tribunal.<\/p>\n\n\n\n<p class=\"\"><strong>L\u2019opposition s\u2019unit contre la r\u00e9pression gouvernementale pr\u00e9sum\u00e9e<\/strong><br>Ce proc\u00e8s intervient dans un contexte de tension politique accrue en RDC. Ce 20 novembre, une coalition d\u2019opposants, dont Mo\u00efse Katumbi, Joseph Kabila et Martin Fayulu, a lanc\u00e9 les \u00ab Forces contre la dictature et le changement de la Constitution \u00bb. Leur message commun rejette toute r\u00e9vision constitutionnelle visant \u00e0 prolonger le mandat de F\u00e9lix Tshisekedi ou \u00e0 renforcer son pouvoir.<\/p>\n\n\n\n<p class=\"\">L\u2019opposition cite \u00e9galement le proc\u00e8s de Kikuni comme preuve de la r\u00e9pression croissante. Les d\u00e9tentions de figures politiques comme Mike Mukebayi et Jean-Marc Kabund illustreraient une strat\u00e9gie visant \u00e0 museler toute dissidence.<\/p>\n\n\n\n<p class=\"\"><strong>Enjeux pour la libert\u00e9 d\u2019expression et la d\u00e9mocratie en RDC<\/strong><br>Le verdict du proc\u00e8s Kikuni pourrait marquer un tournant pour la libert\u00e9 d\u2019expression en RDC. Une condamnation risquerait d\u2019intensifier les tensions politiques et de remettre en question les principes d\u00e9mocratiques du pays. \u00c0 l\u2019inverse, un acquittement renforcerait la cr\u00e9dibilit\u00e9 d\u2019une justice ind\u00e9pendante et encouragerait l\u2019opposition \u00e0 poursuivre ses efforts en vue des prochaines \u00e9lections.<\/p>\n\n\n\n<p class=\"\">Alors que la situation \u00e9volue, l\u2019affaire Kikuni demeure un symbole du combat pour les libert\u00e9s fondamentales en RDC.<\/p>\n\n\n\n<p class=\"\">\u00a9 O Bulamba \/ Africa Daily Report<\/p>\n","protected":false},"excerpt":{"rendered":"<p>Trois ans de prison requis contre l&rsquo;opposant Seth KikuniLe 20 novembre, un procureur du tribunal de paix de Kinshasa, si\u00e9geant \u00e0 la prison de Makala, a requis une peine de trois ans de prison contre Seth Kikuni, pr\u00e9sident du parti Piste pour l\u2019\u00c9mergence. Les charges, notamment \u00ab incitation \u00e0 la d\u00e9sob\u00e9issance civile \u00bb et \u00ab [&hellip;]<\/p>\n","protected":false},"author":10,"featured_media":14479,"comment_status":"open","ping_status":"open","sticky":false,"template":"","format":"standard","meta":{"_acf_changed":false,"om_disable_all_campaigns":false,"_monsterinsights_skip_tracking":false,"_monsterinsights_sitenote_active":false,"_monsterinsights_sitenote_note":"","_monsterinsights_sitenote_category":0,"tdm_status":"","tdm_grid_status":"","_jetpack_newsletter_access":"","_jetpack_dont_email_post_to_subs":false,"_jetpack_newsletter_tier_id":0,"_jetpack_memberships_contains_paywalled_content":false,"_jetpack_memberships_contains_paid_content":false,"footnotes":""},"categories":[293,802,1008],"tags":[1126,1665,1946,1947,1170,785,313,1948],"adr_country":[1089],"class_list":{"0":"post-14482","1":"post","2":"type-post","3":"status-publish","4":"format-standard","5":"has-post-thumbnail","7":"category-actualites-fr","8":"category-depeche-fr","9":"category-politics-fr","10":"tag-drc-fr","11":"tag-felix-tshisekedi-fr","12":"tag-free-speech-fr","13":"tag-moise-katumbi-fr","14":"tag-politics-fr","15":"tag-politique-fr","16":"tag-rdc-fr","17":"tag-seth-kikuni-fr","18":"adr_country-d-r-congo"},"acf":{"post_version":""},"yoast_head":"<!-- This site is optimized with the Yoast SEO Premium plugin v26.0 (Yoast SEO v27.4) - https:\/\/yoast.com\/product\/yoast-seo-premium-wordpress\/ -->\n<title>Seth Kikuni risque une peine de prison alors que l&#039;opposition se renforce en RDC - Africa Daily Report<\/title>\n<meta name=\"robots\" content=\"index, follow, max-snippet:-1, max-image-preview:large, max-video-preview:-1\" \/>\n<link rel=\"canonical\" href=\"https:\/\/africadailyreport.com\/fr\/2024\/11\/22\/seth-kikuni-faces-possible-prison-sentence-amid-growing-opposition-in-drc\/\" \/>\n<meta property=\"og:locale\" content=\"fr_FR\" \/>\n<meta property=\"og:type\" content=\"article\" \/>\n<meta property=\"og:title\" content=\"Seth Kikuni risque une peine de prison alors que l&#039;opposition se renforce en RDC\" \/>\n<meta property=\"og:description\" content=\"Trois ans de prison requis contre l&rsquo;opposant Seth KikuniLe 20 novembre, un procureur du tribunal de paix de Kinshasa, si\u00e9geant \u00e0 la prison de Makala, a requis une peine de trois ans de prison contre Seth Kikuni, pr\u00e9sident du parti Piste pour l\u2019\u00c9mergence. Les charges, notamment \u00ab incitation \u00e0 la d\u00e9sob\u00e9issance civile \u00bb et \u00ab [&hellip;]\" \/>\n<meta property=\"og:url\" content=\"https:\/\/africadailyreport.com\/fr\/2024\/11\/22\/seth-kikuni-faces-possible-prison-sentence-amid-growing-opposition-in-drc\/\" \/>\n<meta property=\"og:site_name\" content=\"Africa Daily Report\" \/>\n<meta property=\"article:publisher\" content=\"https:\/\/www.facebook.com\/africadailyreport\" \/>\n<meta property=\"article:published_time\" content=\"2024-11-22T01:47:12+00:00\" \/>\n<meta property=\"article:modified_time\" content=\"2024-11-22T02:54:20+00:00\" \/>\n<meta property=\"og:image\" content=\"https:\/\/africadailyreport.com\/wp-content\/uploads\/2024\/11\/AFP__20231124__344Q2RA__v1__HighRes__DrcongoPoliticsElections-scaled.jpg\" \/>\n\t<meta property=\"og:image:width\" content=\"1\" \/>\n\t<meta property=\"og:image:height\" content=\"1\" \/>\n\t<meta property=\"og:image:type\" content=\"image\/jpeg\" \/>\n<meta name=\"author\" content=\"ADR\/AFP\" \/>\n<meta name=\"twitter:card\" content=\"summary_large_image\" \/>\n<meta name=\"twitter:creator\" content=\"@adr_africa\" \/>\n<meta name=\"twitter:site\" content=\"@adr_africa\" \/>\n<meta name=\"twitter:label1\" content=\"\u00c9crit par\" \/>\n\t<meta name=\"twitter:data1\" content=\"ADR\/AFP\" \/>\n\t<meta name=\"twitter:label2\" content=\"Dur\u00e9e de lecture estim\u00e9e\" \/>\n\t<meta name=\"twitter:data2\" content=\"3 minutes\" \/>\n<script type=\"application\/ld+json\" class=\"yoast-schema-graph\">{\"@context\":\"https:\\\/\\\/schema.org\",\"@graph\":[{\"@type\":\"Article\",\"@id\":\"https:\\\/\\\/africadailyreport.com\\\/fr\\\/2024\\\/11\\\/22\\\/seth-kikuni-faces-possible-prison-sentence-amid-growing-opposition-in-drc\\\/#article\",\"isPartOf\":{\"@id\":\"https:\\\/\\\/africadailyreport.com\\\/fr\\\/2024\\\/11\\\/22\\\/seth-kikuni-faces-possible-prison-sentence-amid-growing-opposition-in-drc\\\/\"},\"author\":{\"name\":\"ADR\\\/AFP\",\"@id\":\"https:\\\/\\\/africadailyreport.com\\\/fr\\\/#\\\/schema\\\/person\\\/c44d86d79f5570b3ba4cf70c989843f8\"},\"headline\":\"Seth Kikuni risque une peine de prison alors que l&rsquo;opposition se renforce en RDC\",\"datePublished\":\"2024-11-22T01:47:12+00:00\",\"dateModified\":\"2024-11-22T02:54:20+00:00\",\"mainEntityOfPage\":{\"@id\":\"https:\\\/\\\/africadailyreport.com\\\/fr\\\/2024\\\/11\\\/22\\\/seth-kikuni-faces-possible-prison-sentence-amid-growing-opposition-in-drc\\\/\"},\"wordCount\":440,\"commentCount\":0,\"publisher\":{\"@id\":\"https:\\\/\\\/africadailyreport.com\\\/fr\\\/#organization\"},\"image\":{\"@id\":\"https:\\\/\\\/africadailyreport.com\\\/fr\\\/2024\\\/11\\\/22\\\/seth-kikuni-faces-possible-prison-sentence-amid-growing-opposition-in-drc\\\/#primaryimage\"},\"thumbnailUrl\":\"https:\\\/\\\/i0.wp.com\\\/africadailyreport.com\\\/wp-content\\\/uploads\\\/2024\\\/11\\\/AFP__20231124__344Q2RA__v1__HighRes__DrcongoPoliticsElections-scaled.jpg?fit=%2C&ssl=1\",\"keywords\":[\"DRC\",\"felix tshisekedi\",\"free speech\",\"moise katumbi\",\"Politics\",\"politique\",\"rdc\",\"Seth Kikuni\"],\"articleSection\":[\"Actualit\u00e9s\",\"D\u00e9p\u00eache\",\"Politics\"],\"inLanguage\":\"fr-FR\",\"potentialAction\":[{\"@type\":\"CommentAction\",\"name\":\"Comment\",\"target\":[\"https:\\\/\\\/africadailyreport.com\\\/fr\\\/2024\\\/11\\\/22\\\/seth-kikuni-faces-possible-prison-sentence-amid-growing-opposition-in-drc\\\/#respond\"]}],\"copyrightYear\":\"2024\",\"copyrightHolder\":{\"@id\":\"https:\\\/\\\/africadailyreport.com\\\/#organization\"}},{\"@type\":\"WebPage\",\"@id\":\"https:\\\/\\\/africadailyreport.com\\\/fr\\\/2024\\\/11\\\/22\\\/seth-kikuni-faces-possible-prison-sentence-amid-growing-opposition-in-drc\\\/\",\"url\":\"https:\\\/\\\/africadailyreport.com\\\/fr\\\/2024\\\/11\\\/22\\\/seth-kikuni-faces-possible-prison-sentence-amid-growing-opposition-in-drc\\\/\",\"name\":\"Seth Kikuni risque une peine de prison alors que l'opposition se renforce en RDC - Africa Daily Report\",\"isPartOf\":{\"@id\":\"https:\\\/\\\/africadailyreport.com\\\/fr\\\/#website\"},\"primaryImageOfPage\":{\"@id\":\"https:\\\/\\\/africadailyreport.com\\\/fr\\\/2024\\\/11\\\/22\\\/seth-kikuni-faces-possible-prison-sentence-amid-growing-opposition-in-drc\\\/#primaryimage\"},\"image\":{\"@id\":\"https:\\\/\\\/africadailyreport.com\\\/fr\\\/2024\\\/11\\\/22\\\/seth-kikuni-faces-possible-prison-sentence-amid-growing-opposition-in-drc\\\/#primaryimage\"},\"thumbnailUrl\":\"https:\\\/\\\/i0.wp.com\\\/africadailyreport.com\\\/wp-content\\\/uploads\\\/2024\\\/11\\\/AFP__20231124__344Q2RA__v1__HighRes__DrcongoPoliticsElections-scaled.jpg?fit=%2C&ssl=1\",\"datePublished\":\"2024-11-22T01:47:12+00:00\",\"dateModified\":\"2024-11-22T02:54:20+00:00\",\"breadcrumb\":{\"@id\":\"https:\\\/\\\/africadailyreport.com\\\/fr\\\/2024\\\/11\\\/22\\\/seth-kikuni-faces-possible-prison-sentence-amid-growing-opposition-in-drc\\\/#breadcrumb\"},\"inLanguage\":\"fr-FR\",\"potentialAction\":[{\"@type\":\"ReadAction\",\"target\":[\"https:\\\/\\\/africadailyreport.com\\\/fr\\\/2024\\\/11\\\/22\\\/seth-kikuni-faces-possible-prison-sentence-amid-growing-opposition-in-drc\\\/\"]}]},{\"@type\":\"ImageObject\",\"inLanguage\":\"fr-FR\",\"@id\":\"https:\\\/\\\/africadailyreport.com\\\/fr\\\/2024\\\/11\\\/22\\\/seth-kikuni-faces-possible-prison-sentence-amid-growing-opposition-in-drc\\\/#primaryimage\",\"url\":\"https:\\\/\\\/i0.wp.com\\\/africadailyreport.com\\\/wp-content\\\/uploads\\\/2024\\\/11\\\/AFP__20231124__344Q2RA__v1__HighRes__DrcongoPoliticsElections-scaled.jpg?fit=%2C&ssl=1\",\"contentUrl\":\"https:\\\/\\\/i0.wp.com\\\/africadailyreport.com\\\/wp-content\\\/uploads\\\/2024\\\/11\\\/AFP__20231124__344Q2RA__v1__HighRes__DrcongoPoliticsElections-scaled.jpg?fit=%2C&ssl=1\",\"caption\":\"Moise Katumbi (C), one of the main opponents of President Felix Tshisekedi, and Seth Kikuni (R), an opponent who rallied Katumbi, parade in Goma, one of the largest cities in the east of the Democratic Republic of Congo, before holding an election rally on November 23, 2023. The DRC launched a month-long election campaign on November 19, 2023 with 23 candidates running for president amid a tense political climate and relentless fighting in the east of the country. Around 44 million registered voters, out of a population of almost 100 million, are set to elect a president on December 20. (Photo by ALEXIS HUGUET \\\/ AFP)\"},{\"@type\":\"BreadcrumbList\",\"@id\":\"https:\\\/\\\/africadailyreport.com\\\/fr\\\/2024\\\/11\\\/22\\\/seth-kikuni-faces-possible-prison-sentence-amid-growing-opposition-in-drc\\\/#breadcrumb\",\"itemListElement\":[{\"@type\":\"ListItem\",\"position\":1,\"name\":\"Home\",\"item\":\"https:\\\/\\\/africadailyreport.com\\\/fr\\\/\"},{\"@type\":\"ListItem\",\"position\":2,\"name\":\"Seth Kikuni risque une peine de prison alors que l&#8217;opposition se renforce en RDC\"}]},{\"@type\":\"WebSite\",\"@id\":\"https:\\\/\\\/africadailyreport.com\\\/fr\\\/#website\",\"url\":\"https:\\\/\\\/africadailyreport.com\\\/fr\\\/\",\"name\":\"Africa Daily Report\",\"description\":\"\",\"publisher\":{\"@id\":\"https:\\\/\\\/africadailyreport.com\\\/fr\\\/#organization\"},\"potentialAction\":[{\"@type\":\"SearchAction\",\"target\":{\"@type\":\"EntryPoint\",\"urlTemplate\":\"https:\\\/\\\/africadailyreport.com\\\/fr\\\/?s={search_term_string}\"},\"query-input\":{\"@type\":\"PropertyValueSpecification\",\"valueRequired\":true,\"valueName\":\"search_term_string\"}}],\"inLanguage\":\"fr-FR\"},{\"@type\":\"Organization\",\"@id\":\"https:\\\/\\\/africadailyreport.com\\\/fr\\\/#organization\",\"name\":\"Africa Daily Report\",\"url\":\"https:\\\/\\\/africadailyreport.com\\\/fr\\\/\",\"logo\":{\"@type\":\"ImageObject\",\"inLanguage\":\"fr-FR\",\"@id\":\"https:\\\/\\\/africadailyreport.com\\\/fr\\\/#\\\/schema\\\/logo\\\/image\\\/\",\"url\":\"https:\\\/\\\/africadailyreport.com\\\/wp-content\\\/uploads\\\/2024\\\/09\\\/ADR-Transparent-Green-Logo-1.png\",\"contentUrl\":\"https:\\\/\\\/africadailyreport.com\\\/wp-content\\\/uploads\\\/2024\\\/09\\\/ADR-Transparent-Green-Logo-1.png\",\"width\":267,\"height\":185,\"caption\":\"Africa Daily Report\"},\"image\":{\"@id\":\"https:\\\/\\\/africadailyreport.com\\\/fr\\\/#\\\/schema\\\/logo\\\/image\\\/\"},\"sameAs\":[\"https:\\\/\\\/www.facebook.com\\\/africadailyreport\",\"https:\\\/\\\/x.com\\\/adr_africa\",\"https:\\\/\\\/www.youtube.com\\\/@africadailyreport\",\"https:\\\/\\\/instagram.com\\\/africadailyreport\"]},{\"@type\":\"Person\",\"@id\":\"https:\\\/\\\/africadailyreport.com\\\/fr\\\/#\\\/schema\\\/person\\\/c44d86d79f5570b3ba4cf70c989843f8\",\"name\":\"ADR\\\/AFP\",\"image\":{\"@type\":\"ImageObject\",\"inLanguage\":\"fr-FR\",\"@id\":\"https:\\\/\\\/secure.gravatar.com\\\/avatar\\\/2fbdc3782aa386b408fd9a36f0bc78ee569c94a7a05670cab3a1d72916408214?s=96&d=mm&r=g\",\"url\":\"https:\\\/\\\/secure.gravatar.com\\\/avatar\\\/2fbdc3782aa386b408fd9a36f0bc78ee569c94a7a05670cab3a1d72916408214?s=96&d=mm&r=g\",\"contentUrl\":\"https:\\\/\\\/secure.gravatar.com\\\/avatar\\\/2fbdc3782aa386b408fd9a36f0bc78ee569c94a7a05670cab3a1d72916408214?s=96&d=mm&r=g\",\"caption\":\"ADR\\\/AFP\"},\"sameAs\":[\"http:\\\/\\\/africadailyreport.com\"],\"url\":\"https:\\\/\\\/africadailyreport.com\\\/fr\\\/author\\\/both\\\/\"}]}<\/script>\n<!-- \/ Yoast SEO Premium plugin. -->","yoast_head_json":{"title":"Seth Kikuni risque une peine de prison alors que l'opposition se renforce en RDC - Africa Daily Report","robots":{"index":"index","follow":"follow","max-snippet":"max-snippet:-1","max-image-preview":"max-image-preview:large","max-video-preview":"max-video-preview:-1"},"canonical":"https:\/\/africadailyreport.com\/fr\/2024\/11\/22\/seth-kikuni-faces-possible-prison-sentence-amid-growing-opposition-in-drc\/","og_locale":"fr_FR","og_type":"article","og_title":"Seth Kikuni risque une peine de prison alors que l'opposition se renforce en RDC","og_description":"Trois ans de prison requis contre l&rsquo;opposant Seth KikuniLe 20 novembre, un procureur du tribunal de paix de Kinshasa, si\u00e9geant \u00e0 la prison de Makala, a requis une peine de trois ans de prison contre Seth Kikuni, pr\u00e9sident du parti Piste pour l\u2019\u00c9mergence. Les charges, notamment \u00ab incitation \u00e0 la d\u00e9sob\u00e9issance civile \u00bb et \u00ab [&hellip;]","og_url":"https:\/\/africadailyreport.com\/fr\/2024\/11\/22\/seth-kikuni-faces-possible-prison-sentence-amid-growing-opposition-in-drc\/","og_site_name":"Africa Daily Report","article_publisher":"https:\/\/www.facebook.com\/africadailyreport","article_published_time":"2024-11-22T01:47:12+00:00","article_modified_time":"2024-11-22T02:54:20+00:00","og_image":[{"url":"https:\/\/africadailyreport.com\/wp-content\/uploads\/2024\/11\/AFP__20231124__344Q2RA__v1__HighRes__DrcongoPoliticsElections-scaled.jpg","width":1,"height":1,"type":"image\/jpeg"}],"author":"ADR\/AFP","twitter_card":"summary_large_image","twitter_creator":"@adr_africa","twitter_site":"@adr_africa","twitter_misc":{"\u00c9crit par":"ADR\/AFP","Dur\u00e9e de lecture estim\u00e9e":"3 minutes"},"schema":{"@context":"https:\/\/schema.org","@graph":[{"@type":"Article","@id":"https:\/\/africadailyreport.com\/fr\/2024\/11\/22\/seth-kikuni-faces-possible-prison-sentence-amid-growing-opposition-in-drc\/#article","isPartOf":{"@id":"https:\/\/africadailyreport.com\/fr\/2024\/11\/22\/seth-kikuni-faces-possible-prison-sentence-amid-growing-opposition-in-drc\/"},"author":{"name":"ADR\/AFP","@id":"https:\/\/africadailyreport.com\/fr\/#\/schema\/person\/c44d86d79f5570b3ba4cf70c989843f8"},"headline":"Seth Kikuni risque une peine de prison alors que l&rsquo;opposition se renforce en RDC","datePublished":"2024-11-22T01:47:12+00:00","dateModified":"2024-11-22T02:54:20+00:00","mainEntityOfPage":{"@id":"https:\/\/africadailyreport.com\/fr\/2024\/11\/22\/seth-kikuni-faces-possible-prison-sentence-amid-growing-opposition-in-drc\/"},"wordCount":440,"commentCount":0,"publisher":{"@id":"https:\/\/africadailyreport.com\/fr\/#organization"},"image":{"@id":"https:\/\/africadailyreport.com\/fr\/2024\/11\/22\/seth-kikuni-faces-possible-prison-sentence-amid-growing-opposition-in-drc\/#primaryimage"},"thumbnailUrl":"https:\/\/i0.wp.com\/africadailyreport.com\/wp-content\/uploads\/2024\/11\/AFP__20231124__344Q2RA__v1__HighRes__DrcongoPoliticsElections-scaled.jpg?fit=%2C&ssl=1","keywords":["DRC","felix tshisekedi","free speech","moise katumbi","Politics","politique","rdc","Seth Kikuni"],"articleSection":["Actualit\u00e9s","D\u00e9p\u00eache","Politics"],"inLanguage":"fr-FR","potentialAction":[{"@type":"CommentAction","name":"Comment","target":["https:\/\/africadailyreport.com\/fr\/2024\/11\/22\/seth-kikuni-faces-possible-prison-sentence-amid-growing-opposition-in-drc\/#respond"]}],"copyrightYear":"2024","copyrightHolder":{"@id":"https:\/\/africadailyreport.com\/#organization"}},{"@type":"WebPage","@id":"https:\/\/africadailyreport.com\/fr\/2024\/11\/22\/seth-kikuni-faces-possible-prison-sentence-amid-growing-opposition-in-drc\/","url":"https:\/\/africadailyreport.com\/fr\/2024\/11\/22\/seth-kikuni-faces-possible-prison-sentence-amid-growing-opposition-in-drc\/","name":"Seth Kikuni risque une peine de prison alors que l'opposition se renforce en RDC - Africa Daily Report","isPartOf":{"@id":"https:\/\/africadailyreport.com\/fr\/#website"},"primaryImageOfPage":{"@id":"https:\/\/africadailyreport.com\/fr\/2024\/11\/22\/seth-kikuni-faces-possible-prison-sentence-amid-growing-opposition-in-drc\/#primaryimage"},"image":{"@id":"https:\/\/africadailyreport.com\/fr\/2024\/11\/22\/seth-kikuni-faces-possible-prison-sentence-amid-growing-opposition-in-drc\/#primaryimage"},"thumbnailUrl":"https:\/\/i0.wp.com\/africadailyreport.com\/wp-content\/uploads\/2024\/11\/AFP__20231124__344Q2RA__v1__HighRes__DrcongoPoliticsElections-scaled.jpg?fit=%2C&ssl=1","datePublished":"2024-11-22T01:47:12+00:00","dateModified":"2024-11-22T02:54:20+00:00","breadcrumb":{"@id":"https:\/\/africadailyreport.com\/fr\/2024\/11\/22\/seth-kikuni-faces-possible-prison-sentence-amid-growing-opposition-in-drc\/#breadcrumb"},"inLanguage":"fr-FR","potentialAction":[{"@type":"ReadAction","target":["https:\/\/africadailyreport.com\/fr\/2024\/11\/22\/seth-kikuni-faces-possible-prison-sentence-amid-growing-opposition-in-drc\/"]}]},{"@type":"ImageObject","inLanguage":"fr-FR","@id":"https:\/\/africadailyreport.com\/fr\/2024\/11\/22\/seth-kikuni-faces-possible-prison-sentence-amid-growing-opposition-in-drc\/#primaryimage","url":"https:\/\/i0.wp.com\/africadailyreport.com\/wp-content\/uploads\/2024\/11\/AFP__20231124__344Q2RA__v1__HighRes__DrcongoPoliticsElections-scaled.jpg?fit=%2C&ssl=1","contentUrl":"https:\/\/i0.wp.com\/africadailyreport.com\/wp-content\/uploads\/2024\/11\/AFP__20231124__344Q2RA__v1__HighRes__DrcongoPoliticsElections-scaled.jpg?fit=%2C&ssl=1","caption":"Moise Katumbi (C), one of the main opponents of President Felix Tshisekedi, and Seth Kikuni (R), an opponent who rallied Katumbi, parade in Goma, one of the largest cities in the east of the Democratic Republic of Congo, before holding an election rally on November 23, 2023. The DRC launched a month-long election campaign on November 19, 2023 with 23 candidates running for president amid a tense political climate and relentless fighting in the east of the country. Around 44 million registered voters, out of a population of almost 100 million, are set to elect a president on December 20. (Photo by ALEXIS HUGUET \/ AFP)"},{"@type":"BreadcrumbList","@id":"https:\/\/africadailyreport.com\/fr\/2024\/11\/22\/seth-kikuni-faces-possible-prison-sentence-amid-growing-opposition-in-drc\/#breadcrumb","itemListElement":[{"@type":"ListItem","position":1,"name":"Home","item":"https:\/\/africadailyreport.com\/fr\/"},{"@type":"ListItem","position":2,"name":"Seth Kikuni risque une peine de prison alors que l&#8217;opposition se renforce en RDC"}]},{"@type":"WebSite","@id":"https:\/\/africadailyreport.com\/fr\/#website","url":"https:\/\/africadailyreport.com\/fr\/","name":"Africa Daily Report","description":"","publisher":{"@id":"https:\/\/africadailyreport.com\/fr\/#organization"},"potentialAction":[{"@type":"SearchAction","target":{"@type":"EntryPoint","urlTemplate":"https:\/\/africadailyreport.com\/fr\/?s={search_term_string}"},"query-input":{"@type":"PropertyValueSpecification","valueRequired":true,"valueName":"search_term_string"}}],"inLanguage":"fr-FR"},{"@type":"Organization","@id":"https:\/\/africadailyreport.com\/fr\/#organization","name":"Africa Daily Report","url":"https:\/\/africadailyreport.com\/fr\/","logo":{"@type":"ImageObject","inLanguage":"fr-FR","@id":"https:\/\/africadailyreport.com\/fr\/#\/schema\/logo\/image\/","url":"https:\/\/africadailyreport.com\/wp-content\/uploads\/2024\/09\/ADR-Transparent-Green-Logo-1.png","contentUrl":"https:\/\/africadailyreport.com\/wp-content\/uploads\/2024\/09\/ADR-Transparent-Green-Logo-1.png","width":267,"height":185,"caption":"Africa Daily Report"},"image":{"@id":"https:\/\/africadailyreport.com\/fr\/#\/schema\/logo\/image\/"},"sameAs":["https:\/\/www.facebook.com\/africadailyreport","https:\/\/x.com\/adr_africa","https:\/\/www.youtube.com\/@africadailyreport","https:\/\/instagram.com\/africadailyreport"]},{"@type":"Person","@id":"https:\/\/africadailyreport.com\/fr\/#\/schema\/person\/c44d86d79f5570b3ba4cf70c989843f8","name":"ADR\/AFP","image":{"@type":"ImageObject","inLanguage":"fr-FR","@id":"https:\/\/secure.gravatar.com\/avatar\/2fbdc3782aa386b408fd9a36f0bc78ee569c94a7a05670cab3a1d72916408214?s=96&d=mm&r=g","url":"https:\/\/secure.gravatar.com\/avatar\/2fbdc3782aa386b408fd9a36f0bc78ee569c94a7a05670cab3a1d72916408214?s=96&d=mm&r=g","contentUrl":"https:\/\/secure.gravatar.com\/avatar\/2fbdc3782aa386b408fd9a36f0bc78ee569c94a7a05670cab3a1d72916408214?s=96&d=mm&r=g","caption":"ADR\/AFP"},"sameAs":["http:\/\/africadailyreport.com"],"url":"https:\/\/africadailyreport.com\/fr\/author\/both\/"}]}},"jetpack_featured_media_url":"https:\/\/i0.wp.com\/africadailyreport.com\/wp-content\/uploads\/2024\/11\/AFP__20231124__344Q2RA__v1__HighRes__DrcongoPoliticsElections-scaled.jpg?fit=%2C&ssl=1","jetpack_sharing_enabled":true,"amp_enabled":true,"_links":{"self":[{"href":"https:\/\/africadailyreport.com\/fr\/wp-json\/wp\/v2\/posts\/14482","targetHints":{"allow":["GET"]}}],"collection":[{"href":"https:\/\/africadailyreport.com\/fr\/wp-json\/wp\/v2\/posts"}],"about":[{"href":"https:\/\/africadailyreport.com\/fr\/wp-json\/wp\/v2\/types\/post"}],"author":[{"embeddable":true,"href":"https:\/\/africadailyreport.com\/fr\/wp-json\/wp\/v2\/users\/10"}],"replies":[{"embeddable":true,"href":"https:\/\/africadailyreport.com\/fr\/wp-json\/wp\/v2\/comments?post=14482"}],"version-history":[{"count":3,"href":"https:\/\/africadailyreport.com\/fr\/wp-json\/wp\/v2\/posts\/14482\/revisions"}],"predecessor-version":[{"id":14487,"href":"https:\/\/africadailyreport.com\/fr\/wp-json\/wp\/v2\/posts\/14482\/revisions\/14487"}],"wp:featuredmedia":[{"embeddable":true,"href":"https:\/\/africadailyreport.com\/fr\/wp-json\/wp\/v2\/media\/14479"}],"wp:attachment":[{"href":"https:\/\/africadailyreport.com\/fr\/wp-json\/wp\/v2\/media?parent=14482"}],"wp:term":[{"taxonomy":"category","embeddable":true,"href":"https:\/\/africadailyreport.com\/fr\/wp-json\/wp\/v2\/categories?post=14482"},{"taxonomy":"post_tag","embeddable":true,"href":"https:\/\/africadailyreport.com\/fr\/wp-json\/wp\/v2\/tags?post=14482"},{"taxonomy":"adr_country","embeddable":true,"href":"https:\/\/africadailyreport.com\/fr\/wp-json\/wp\/v2\/adr_country?post=14482"}],"curies":[{"name":"wp","href":"https:\/\/api.w.org\/{rel}","templated":true}]}}