{"id":14459,"date":"2024-11-22T00:33:56","date_gmt":"2024-11-22T00:33:56","guid":{"rendered":"https:\/\/africadailyreport.com\/2024\/11\/22\/biden-juge-scandaleux-les-mandats-darret-de-la-cpi-contre-netanyahu-et-gallant\/"},"modified":"2024-11-22T00:36:24","modified_gmt":"2024-11-22T00:36:24","slug":"biden-juge-scandaleux-les-mandats-darret-de-la-cpi-contre-netanyahu-et-gallant","status":"publish","type":"post","link":"https:\/\/africadailyreport.com\/fr\/2024\/11\/22\/biden-juge-scandaleux-les-mandats-darret-de-la-cpi-contre-netanyahu-et-gallant\/","title":{"rendered":"Biden juge \u00ab\u00a0scandaleux\u00a0\u00bb les mandats d&rsquo;arr\u00eat de la CPI contre Netanyahu et Gallant"},"content":{"rendered":"\n<h2 class=\"wp-block-heading\" id=\"h-washington-etats-unis-afp-joe-biden-a-juge-scandaleux-les-mandats-d-arret-de-la-cour-penale-internationale-contre-des-dirigeants-israeliens-dans-un-communique-publie-jeudi\">Washington,\u00a0\u00c9tats-Unis (AFP) &#8211; Joe Biden a jug\u00e9 \u00ab\u00a0scandaleux\u00a0\u00bb les mandats d&rsquo;arr\u00eat de la Cour p\u00e9nale internationale contre des dirigeants isra\u00e9liens, dans un communiqu\u00e9 publi\u00e9 jeudi.<\/h2>\n\n\n\n\n\n<p class=\"\">\u00ab\u00a0Quoi que puisse sous-entendre la CPI, il n&rsquo;y a pas d&rsquo;\u00e9quivalence, aucune, entre Isra\u00ebl et le Hamas\u00a0\u00bb, a comment\u00e9 le pr\u00e9sident am\u00e9ricain apr\u00e8s que la juridiction internationale a \u00e9mis des mandats d&rsquo;arr\u00eat contre le Premier ministre isra\u00e9lien Benjamin Netanyahu, son ex-ministre de la D\u00e9fense Yoav Gallant, mais aussi le chef de la branche arm\u00e9e du Hamas Mohammed Deif pour crimes de guerre et crimes contre l&rsquo;humanit\u00e9.<\/p>\n\n\n\n<p class=\"\">\u00ab\u00a0Nous serons toujours aux c\u00f4t\u00e9s d&rsquo;Isra\u00ebl face aux menaces contre sa s\u00e9curit\u00e9\u00a0\u00bb, a encore \u00e9crit le pr\u00e9sident sortant.<\/p>\n\n\n\n<p class=\"\">\u00ab\u00a0Nous restons profond\u00e9ment pr\u00e9occup\u00e9s par l&#8217;empressement du procureur \u00e0 r\u00e9clamer des mandats d&rsquo;arr\u00eat et par les erreurs troublantes dans le processus qui a men\u00e9 \u00e0 cette d\u00e9cision\u00a0\u00bb, avait auparavant d\u00e9clar\u00e9 un porte-parole du Conseil de s\u00e9curit\u00e9 nationale de la Maison Blanche.<\/p>\n\n\n\n<p class=\"\">Il avait r\u00e9p\u00e9t\u00e9 que selon Washington \u00ab\u00a0la CPI n&rsquo;\u00e9tait pas comp\u00e9tente juridiquement dans cette affaire\u00a0\u00bb.<\/p>\n\n\n\n<p class=\"\">Le porte-parole a assur\u00e9 que Washington \u00ab\u00a0s&rsquo;entretenait des prochaines \u00e9tapes avec (ses) partenaires, y compris Isra\u00ebl\u00a0\u00bb.<\/p>\n\n\n\n<p class=\"\">Donald Trump n&rsquo;a pas r\u00e9agi \u00e0 ces mandats d&rsquo;arr\u00eat, mais son futur conseiller \u00e0 la S\u00e9curit\u00e9 nationale Mike Waltz a promis une \u00ab\u00a0r\u00e9ponse forte\u00a0\u00bb au \u00ab\u00a0biais antis\u00e9mite\u00a0\u00bb de la CPI quand le pr\u00e9sident \u00e9lu pr\u00eatera serment en janvier.<\/p>\n\n\n\n<p class=\"\">Au Congr\u00e8s, les r\u00e9publicains ont unanimement r\u00e9clam\u00e9 des sanctions contre l&rsquo;organisation internationale.<\/p>\n\n\n\n<p class=\"\">\u00ab\u00a0La Cour p\u00e9nale internationale a agi de la mani\u00e8re la plus absurde et la plus irresponsable qui soit\u00a0\u00bb, a critiqu\u00e9 le puissant s\u00e9nateur Lindsey Graham, proche de Donald Trump.<\/p>\n\n\n\n<p class=\"\">\u00ab\u00a0Il est temps que le S\u00e9nat am\u00e9ricain agisse et sanctionne cet organisme irresponsable\u00a0\u00bb, a-t-il affirm\u00e9.<\/p>\n\n\n\n<p class=\"\">Ni les Etats-Unis ni Isra\u00ebl ne sont membres de la CPI, une juridiction permanente charg\u00e9e de poursuivre et juger des individus accus\u00e9s de&nbsp;g\u00e9nocide, de&nbsp;crime contre l&rsquo;humanit\u00e9 et de crime de guerre.<\/p>\n\n\n\n<p class=\"\">Fond\u00e9e en 2002, cette institution qui compte aujourd&rsquo;hui 124 Etats membres n&rsquo;a prononc\u00e9 depuis sa cr\u00e9ation qu&rsquo;une poign\u00e9e de condamnations.<\/p>\n\n\n\n<p class=\"\"><\/p>\n\n\n\n<p class=\"\">\u00a9 Agence France-Presse<\/p>\n","protected":false},"excerpt":{"rendered":"<p>Washington,\u00a0\u00c9tats-Unis (AFP) &#8211; Joe Biden a jug\u00e9 \u00ab\u00a0scandaleux\u00a0\u00bb les mandats d&rsquo;arr\u00eat de la Cour p\u00e9nale internationale contre des dirigeants isra\u00e9liens, dans un communiqu\u00e9 publi\u00e9 jeudi. \u00ab\u00a0Quoi que puisse sous-entendre la CPI, il n&rsquo;y a pas d&rsquo;\u00e9quivalence, aucune, entre Isra\u00ebl et le Hamas\u00a0\u00bb, a comment\u00e9 le pr\u00e9sident am\u00e9ricain apr\u00e8s que la juridiction internationale a \u00e9mis des [&hellip;]<\/p>\n","protected":false},"author":10,"featured_media":14457,"comment_status":"open","ping_status":"open","sticky":false,"template":"","format":"standard","meta":{"_acf_changed":false,"om_disable_all_campaigns":false,"_monsterinsights_skip_tracking":false,"_monsterinsights_sitenote_active":false,"_monsterinsights_sitenote_note":"","_monsterinsights_sitenote_category":0,"tdm_status":"","tdm_grid_status":"","_jetpack_newsletter_access":"","_jetpack_dont_email_post_to_subs":false,"_jetpack_newsletter_tier_id":0,"_jetpack_memberships_contains_paywalled_content":false,"_jetpack_memberships_contains_paid_content":false,"footnotes":""},"categories":[802,954,782,1274],"tags":[1074,1935,1067,784,1276,1590,1277,1936,1483],"adr_country":[1205,1216],"class_list":{"0":"post-14459","1":"post","2":"type-post","3":"status-publish","4":"format-standard","5":"has-post-thumbnail","7":"category-depeche-fr","8":"category-bs-monde-fr","9":"category-politique-fr","10":"category-world-fr","11":"tag-conflict-fr","12":"tag-cpi-fr","13":"tag-diplomacy-fr","14":"tag-diplomatie-fr","15":"tag-israel-2-fr","16":"tag-justice-fr","17":"tag-palestine-fr","18":"tag-palestinien-fr","19":"tag-usa-fr","20":"adr_country-israel","21":"adr_country-usa"},"acf":{"post_version":""},"yoast_head":"<!-- This site is optimized with the Yoast SEO Premium plugin v26.0 (Yoast SEO v27.4) - https:\/\/yoast.com\/product\/yoast-seo-premium-wordpress\/ -->\n<title>Biden juge &quot;scandaleux&quot; les mandats d&#039;arr\u00eat de la CPI contre Netanyahu et Gallant - Africa Daily Report<\/title>\n<meta name=\"robots\" content=\"index, follow, max-snippet:-1, max-image-preview:large, max-video-preview:-1\" \/>\n<link rel=\"canonical\" href=\"https:\/\/africadailyreport.com\/fr\/2024\/11\/22\/biden-juge-scandaleux-les-mandats-darret-de-la-cpi-contre-netanyahu-et-gallant\/\" \/>\n<meta property=\"og:locale\" content=\"fr_FR\" \/>\n<meta property=\"og:type\" content=\"article\" \/>\n<meta property=\"og:title\" content=\"Biden juge &quot;scandaleux&quot; les mandats d&#039;arr\u00eat de la CPI contre Netanyahu et Gallant\" \/>\n<meta property=\"og:description\" content=\"Washington,\u00a0\u00c9tats-Unis (AFP) &#8211; Joe Biden a jug\u00e9 \u00ab\u00a0scandaleux\u00a0\u00bb les mandats d&rsquo;arr\u00eat de la Cour p\u00e9nale internationale contre des dirigeants isra\u00e9liens, dans un communiqu\u00e9 publi\u00e9 jeudi. \u00ab\u00a0Quoi que puisse sous-entendre la CPI, il n&rsquo;y a pas d&rsquo;\u00e9quivalence, aucune, entre Isra\u00ebl et le Hamas\u00a0\u00bb, a comment\u00e9 le pr\u00e9sident am\u00e9ricain apr\u00e8s que la juridiction internationale a \u00e9mis des [&hellip;]\" \/>\n<meta property=\"og:url\" content=\"https:\/\/africadailyreport.com\/fr\/2024\/11\/22\/biden-juge-scandaleux-les-mandats-darret-de-la-cpi-contre-netanyahu-et-gallant\/\" \/>\n<meta property=\"og:site_name\" content=\"Africa Daily Report\" \/>\n<meta property=\"article:publisher\" content=\"https:\/\/www.facebook.com\/africadailyreport\" \/>\n<meta property=\"article:published_time\" content=\"2024-11-22T00:33:56+00:00\" \/>\n<meta property=\"article:modified_time\" content=\"2024-11-22T00:36:24+00:00\" \/>\n<meta property=\"og:image\" content=\"https:\/\/africadailyreport.com\/wp-content\/uploads\/2024\/11\/AFP__20241121__2186011776__v1__HighRes__NbaChampionBostonCelticsVisitTheWhiteHouse-scaled.jpg\" \/>\n\t<meta property=\"og:image:width\" content=\"1\" \/>\n\t<meta property=\"og:image:height\" content=\"1\" \/>\n\t<meta property=\"og:image:type\" content=\"image\/jpeg\" \/>\n<meta name=\"author\" content=\"ADR\/AFP\" \/>\n<meta name=\"twitter:card\" content=\"summary_large_image\" \/>\n<meta name=\"twitter:creator\" content=\"@adr_africa\" \/>\n<meta name=\"twitter:site\" content=\"@adr_africa\" \/>\n<meta name=\"twitter:label1\" content=\"\u00c9crit par\" \/>\n\t<meta name=\"twitter:data1\" content=\"ADR\/AFP\" \/>\n\t<meta name=\"twitter:label2\" content=\"Dur\u00e9e de lecture estim\u00e9e\" \/>\n\t<meta name=\"twitter:data2\" content=\"2 minutes\" \/>\n<script type=\"application\/ld+json\" class=\"yoast-schema-graph\">{\"@context\":\"https:\\\/\\\/schema.org\",\"@graph\":[{\"@type\":\"Article\",\"@id\":\"https:\\\/\\\/africadailyreport.com\\\/fr\\\/2024\\\/11\\\/22\\\/biden-juge-scandaleux-les-mandats-darret-de-la-cpi-contre-netanyahu-et-gallant\\\/#article\",\"isPartOf\":{\"@id\":\"https:\\\/\\\/africadailyreport.com\\\/fr\\\/2024\\\/11\\\/22\\\/biden-juge-scandaleux-les-mandats-darret-de-la-cpi-contre-netanyahu-et-gallant\\\/\"},\"author\":{\"name\":\"ADR\\\/AFP\",\"@id\":\"https:\\\/\\\/africadailyreport.com\\\/fr\\\/#\\\/schema\\\/person\\\/c44d86d79f5570b3ba4cf70c989843f8\"},\"headline\":\"Biden juge \u00ab\u00a0scandaleux\u00a0\u00bb les mandats d&rsquo;arr\u00eat de la CPI contre Netanyahu et Gallant\",\"datePublished\":\"2024-11-22T00:33:56+00:00\",\"dateModified\":\"2024-11-22T00:36:24+00:00\",\"mainEntityOfPage\":{\"@id\":\"https:\\\/\\\/africadailyreport.com\\\/fr\\\/2024\\\/11\\\/22\\\/biden-juge-scandaleux-les-mandats-darret-de-la-cpi-contre-netanyahu-et-gallant\\\/\"},\"wordCount\":409,\"commentCount\":0,\"publisher\":{\"@id\":\"https:\\\/\\\/africadailyreport.com\\\/fr\\\/#organization\"},\"image\":{\"@id\":\"https:\\\/\\\/africadailyreport.com\\\/fr\\\/2024\\\/11\\\/22\\\/biden-juge-scandaleux-les-mandats-darret-de-la-cpi-contre-netanyahu-et-gallant\\\/#primaryimage\"},\"thumbnailUrl\":\"https:\\\/\\\/i0.wp.com\\\/africadailyreport.com\\\/wp-content\\\/uploads\\\/2024\\\/11\\\/AFP__20241121__2186011776__v1__HighRes__NbaChampionBostonCelticsVisitTheWhiteHouse-scaled.jpg?fit=%2C&ssl=1\",\"keywords\":[\"conflict\",\"cpi\",\"diplomacy\",\"diplomatie\",\"israel\",\"justice\",\"palestine\",\"palestinien\",\"usa\"],\"articleSection\":[\"D\u00e9p\u00eache\",\"MONDE\",\"POLITIQUE\",\"WORLD\"],\"inLanguage\":\"fr-FR\",\"potentialAction\":[{\"@type\":\"CommentAction\",\"name\":\"Comment\",\"target\":[\"https:\\\/\\\/africadailyreport.com\\\/fr\\\/2024\\\/11\\\/22\\\/biden-juge-scandaleux-les-mandats-darret-de-la-cpi-contre-netanyahu-et-gallant\\\/#respond\"]}],\"copyrightYear\":\"2024\",\"copyrightHolder\":{\"@id\":\"https:\\\/\\\/africadailyreport.com\\\/#organization\"}},{\"@type\":\"WebPage\",\"@id\":\"https:\\\/\\\/africadailyreport.com\\\/fr\\\/2024\\\/11\\\/22\\\/biden-juge-scandaleux-les-mandats-darret-de-la-cpi-contre-netanyahu-et-gallant\\\/\",\"url\":\"https:\\\/\\\/africadailyreport.com\\\/fr\\\/2024\\\/11\\\/22\\\/biden-juge-scandaleux-les-mandats-darret-de-la-cpi-contre-netanyahu-et-gallant\\\/\",\"name\":\"Biden juge \\\"scandaleux\\\" les mandats d'arr\u00eat de la CPI contre Netanyahu et Gallant - Africa Daily Report\",\"isPartOf\":{\"@id\":\"https:\\\/\\\/africadailyreport.com\\\/fr\\\/#website\"},\"primaryImageOfPage\":{\"@id\":\"https:\\\/\\\/africadailyreport.com\\\/fr\\\/2024\\\/11\\\/22\\\/biden-juge-scandaleux-les-mandats-darret-de-la-cpi-contre-netanyahu-et-gallant\\\/#primaryimage\"},\"image\":{\"@id\":\"https:\\\/\\\/africadailyreport.com\\\/fr\\\/2024\\\/11\\\/22\\\/biden-juge-scandaleux-les-mandats-darret-de-la-cpi-contre-netanyahu-et-gallant\\\/#primaryimage\"},\"thumbnailUrl\":\"https:\\\/\\\/i0.wp.com\\\/africadailyreport.com\\\/wp-content\\\/uploads\\\/2024\\\/11\\\/AFP__20241121__2186011776__v1__HighRes__NbaChampionBostonCelticsVisitTheWhiteHouse-scaled.jpg?fit=%2C&ssl=1\",\"datePublished\":\"2024-11-22T00:33:56+00:00\",\"dateModified\":\"2024-11-22T00:36:24+00:00\",\"breadcrumb\":{\"@id\":\"https:\\\/\\\/africadailyreport.com\\\/fr\\\/2024\\\/11\\\/22\\\/biden-juge-scandaleux-les-mandats-darret-de-la-cpi-contre-netanyahu-et-gallant\\\/#breadcrumb\"},\"inLanguage\":\"fr-FR\",\"potentialAction\":[{\"@type\":\"ReadAction\",\"target\":[\"https:\\\/\\\/africadailyreport.com\\\/fr\\\/2024\\\/11\\\/22\\\/biden-juge-scandaleux-les-mandats-darret-de-la-cpi-contre-netanyahu-et-gallant\\\/\"]}]},{\"@type\":\"ImageObject\",\"inLanguage\":\"fr-FR\",\"@id\":\"https:\\\/\\\/africadailyreport.com\\\/fr\\\/2024\\\/11\\\/22\\\/biden-juge-scandaleux-les-mandats-darret-de-la-cpi-contre-netanyahu-et-gallant\\\/#primaryimage\",\"url\":\"https:\\\/\\\/i0.wp.com\\\/africadailyreport.com\\\/wp-content\\\/uploads\\\/2024\\\/11\\\/AFP__20241121__2186011776__v1__HighRes__NbaChampionBostonCelticsVisitTheWhiteHouse-scaled.jpg?fit=%2C&ssl=1\",\"contentUrl\":\"https:\\\/\\\/i0.wp.com\\\/africadailyreport.com\\\/wp-content\\\/uploads\\\/2024\\\/11\\\/AFP__20241121__2186011776__v1__HighRes__NbaChampionBostonCelticsVisitTheWhiteHouse-scaled.jpg?fit=%2C&ssl=1\",\"caption\":\"WASHINGTON, DC - NOVEMBER 21: U.S. President Joe Biden delivers remarks while welcoming the 2024 NBA Champion Boston Celtics to the White House November 21, 2024 in Washington, DC. The Celtics beat the Dallas Mavericks 4 games to 1 to win the championship. Win McNamee\\\/Getty Images\\\/AFP (Photo by WIN MCNAMEE \\\/ GETTY IMAGES NORTH AMERICA \\\/ Getty Images via AFP)\"},{\"@type\":\"BreadcrumbList\",\"@id\":\"https:\\\/\\\/africadailyreport.com\\\/fr\\\/2024\\\/11\\\/22\\\/biden-juge-scandaleux-les-mandats-darret-de-la-cpi-contre-netanyahu-et-gallant\\\/#breadcrumb\",\"itemListElement\":[{\"@type\":\"ListItem\",\"position\":1,\"name\":\"Home\",\"item\":\"https:\\\/\\\/africadailyreport.com\\\/fr\\\/\"},{\"@type\":\"ListItem\",\"position\":2,\"name\":\"Biden juge &#8220;scandaleux&#8221; les mandats d&#8217;arr\u00eat de la CPI contre Netanyahu et Gallant\"}]},{\"@type\":\"WebSite\",\"@id\":\"https:\\\/\\\/africadailyreport.com\\\/fr\\\/#website\",\"url\":\"https:\\\/\\\/africadailyreport.com\\\/fr\\\/\",\"name\":\"Africa Daily Report\",\"description\":\"\",\"publisher\":{\"@id\":\"https:\\\/\\\/africadailyreport.com\\\/fr\\\/#organization\"},\"potentialAction\":[{\"@type\":\"SearchAction\",\"target\":{\"@type\":\"EntryPoint\",\"urlTemplate\":\"https:\\\/\\\/africadailyreport.com\\\/fr\\\/?s={search_term_string}\"},\"query-input\":{\"@type\":\"PropertyValueSpecification\",\"valueRequired\":true,\"valueName\":\"search_term_string\"}}],\"inLanguage\":\"fr-FR\"},{\"@type\":\"Organization\",\"@id\":\"https:\\\/\\\/africadailyreport.com\\\/fr\\\/#organization\",\"name\":\"Africa Daily Report\",\"url\":\"https:\\\/\\\/africadailyreport.com\\\/fr\\\/\",\"logo\":{\"@type\":\"ImageObject\",\"inLanguage\":\"fr-FR\",\"@id\":\"https:\\\/\\\/africadailyreport.com\\\/fr\\\/#\\\/schema\\\/logo\\\/image\\\/\",\"url\":\"https:\\\/\\\/africadailyreport.com\\\/wp-content\\\/uploads\\\/2024\\\/09\\\/ADR-Transparent-Green-Logo-1.png\",\"contentUrl\":\"https:\\\/\\\/africadailyreport.com\\\/wp-content\\\/uploads\\\/2024\\\/09\\\/ADR-Transparent-Green-Logo-1.png\",\"width\":267,\"height\":185,\"caption\":\"Africa Daily Report\"},\"image\":{\"@id\":\"https:\\\/\\\/africadailyreport.com\\\/fr\\\/#\\\/schema\\\/logo\\\/image\\\/\"},\"sameAs\":[\"https:\\\/\\\/www.facebook.com\\\/africadailyreport\",\"https:\\\/\\\/x.com\\\/adr_africa\",\"https:\\\/\\\/www.youtube.com\\\/@africadailyreport\",\"https:\\\/\\\/instagram.com\\\/africadailyreport\"]},{\"@type\":\"Person\",\"@id\":\"https:\\\/\\\/africadailyreport.com\\\/fr\\\/#\\\/schema\\\/person\\\/c44d86d79f5570b3ba4cf70c989843f8\",\"name\":\"ADR\\\/AFP\",\"image\":{\"@type\":\"ImageObject\",\"inLanguage\":\"fr-FR\",\"@id\":\"https:\\\/\\\/secure.gravatar.com\\\/avatar\\\/2fbdc3782aa386b408fd9a36f0bc78ee569c94a7a05670cab3a1d72916408214?s=96&d=mm&r=g\",\"url\":\"https:\\\/\\\/secure.gravatar.com\\\/avatar\\\/2fbdc3782aa386b408fd9a36f0bc78ee569c94a7a05670cab3a1d72916408214?s=96&d=mm&r=g\",\"contentUrl\":\"https:\\\/\\\/secure.gravatar.com\\\/avatar\\\/2fbdc3782aa386b408fd9a36f0bc78ee569c94a7a05670cab3a1d72916408214?s=96&d=mm&r=g\",\"caption\":\"ADR\\\/AFP\"},\"sameAs\":[\"http:\\\/\\\/africadailyreport.com\"],\"url\":\"https:\\\/\\\/africadailyreport.com\\\/fr\\\/author\\\/both\\\/\"}]}<\/script>\n<!-- \/ Yoast SEO Premium plugin. -->","yoast_head_json":{"title":"Biden juge \"scandaleux\" les mandats d'arr\u00eat de la CPI contre Netanyahu et Gallant - Africa Daily Report","robots":{"index":"index","follow":"follow","max-snippet":"max-snippet:-1","max-image-preview":"max-image-preview:large","max-video-preview":"max-video-preview:-1"},"canonical":"https:\/\/africadailyreport.com\/fr\/2024\/11\/22\/biden-juge-scandaleux-les-mandats-darret-de-la-cpi-contre-netanyahu-et-gallant\/","og_locale":"fr_FR","og_type":"article","og_title":"Biden juge \"scandaleux\" les mandats d'arr\u00eat de la CPI contre Netanyahu et Gallant","og_description":"Washington,\u00a0\u00c9tats-Unis (AFP) &#8211; Joe Biden a jug\u00e9 \u00ab\u00a0scandaleux\u00a0\u00bb les mandats d&rsquo;arr\u00eat de la Cour p\u00e9nale internationale contre des dirigeants isra\u00e9liens, dans un communiqu\u00e9 publi\u00e9 jeudi. \u00ab\u00a0Quoi que puisse sous-entendre la CPI, il n&rsquo;y a pas d&rsquo;\u00e9quivalence, aucune, entre Isra\u00ebl et le Hamas\u00a0\u00bb, a comment\u00e9 le pr\u00e9sident am\u00e9ricain apr\u00e8s que la juridiction internationale a \u00e9mis des [&hellip;]","og_url":"https:\/\/africadailyreport.com\/fr\/2024\/11\/22\/biden-juge-scandaleux-les-mandats-darret-de-la-cpi-contre-netanyahu-et-gallant\/","og_site_name":"Africa Daily Report","article_publisher":"https:\/\/www.facebook.com\/africadailyreport","article_published_time":"2024-11-22T00:33:56+00:00","article_modified_time":"2024-11-22T00:36:24+00:00","og_image":[{"url":"https:\/\/africadailyreport.com\/wp-content\/uploads\/2024\/11\/AFP__20241121__2186011776__v1__HighRes__NbaChampionBostonCelticsVisitTheWhiteHouse-scaled.jpg","width":1,"height":1,"type":"image\/jpeg"}],"author":"ADR\/AFP","twitter_card":"summary_large_image","twitter_creator":"@adr_africa","twitter_site":"@adr_africa","twitter_misc":{"\u00c9crit par":"ADR\/AFP","Dur\u00e9e de lecture estim\u00e9e":"2 minutes"},"schema":{"@context":"https:\/\/schema.org","@graph":[{"@type":"Article","@id":"https:\/\/africadailyreport.com\/fr\/2024\/11\/22\/biden-juge-scandaleux-les-mandats-darret-de-la-cpi-contre-netanyahu-et-gallant\/#article","isPartOf":{"@id":"https:\/\/africadailyreport.com\/fr\/2024\/11\/22\/biden-juge-scandaleux-les-mandats-darret-de-la-cpi-contre-netanyahu-et-gallant\/"},"author":{"name":"ADR\/AFP","@id":"https:\/\/africadailyreport.com\/fr\/#\/schema\/person\/c44d86d79f5570b3ba4cf70c989843f8"},"headline":"Biden juge \u00ab\u00a0scandaleux\u00a0\u00bb les mandats d&rsquo;arr\u00eat de la CPI contre Netanyahu et Gallant","datePublished":"2024-11-22T00:33:56+00:00","dateModified":"2024-11-22T00:36:24+00:00","mainEntityOfPage":{"@id":"https:\/\/africadailyreport.com\/fr\/2024\/11\/22\/biden-juge-scandaleux-les-mandats-darret-de-la-cpi-contre-netanyahu-et-gallant\/"},"wordCount":409,"commentCount":0,"publisher":{"@id":"https:\/\/africadailyreport.com\/fr\/#organization"},"image":{"@id":"https:\/\/africadailyreport.com\/fr\/2024\/11\/22\/biden-juge-scandaleux-les-mandats-darret-de-la-cpi-contre-netanyahu-et-gallant\/#primaryimage"},"thumbnailUrl":"https:\/\/i0.wp.com\/africadailyreport.com\/wp-content\/uploads\/2024\/11\/AFP__20241121__2186011776__v1__HighRes__NbaChampionBostonCelticsVisitTheWhiteHouse-scaled.jpg?fit=%2C&ssl=1","keywords":["conflict","cpi","diplomacy","diplomatie","israel","justice","palestine","palestinien","usa"],"articleSection":["D\u00e9p\u00eache","MONDE","POLITIQUE","WORLD"],"inLanguage":"fr-FR","potentialAction":[{"@type":"CommentAction","name":"Comment","target":["https:\/\/africadailyreport.com\/fr\/2024\/11\/22\/biden-juge-scandaleux-les-mandats-darret-de-la-cpi-contre-netanyahu-et-gallant\/#respond"]}],"copyrightYear":"2024","copyrightHolder":{"@id":"https:\/\/africadailyreport.com\/#organization"}},{"@type":"WebPage","@id":"https:\/\/africadailyreport.com\/fr\/2024\/11\/22\/biden-juge-scandaleux-les-mandats-darret-de-la-cpi-contre-netanyahu-et-gallant\/","url":"https:\/\/africadailyreport.com\/fr\/2024\/11\/22\/biden-juge-scandaleux-les-mandats-darret-de-la-cpi-contre-netanyahu-et-gallant\/","name":"Biden juge \"scandaleux\" les mandats d'arr\u00eat de la CPI contre Netanyahu et Gallant - Africa Daily Report","isPartOf":{"@id":"https:\/\/africadailyreport.com\/fr\/#website"},"primaryImageOfPage":{"@id":"https:\/\/africadailyreport.com\/fr\/2024\/11\/22\/biden-juge-scandaleux-les-mandats-darret-de-la-cpi-contre-netanyahu-et-gallant\/#primaryimage"},"image":{"@id":"https:\/\/africadailyreport.com\/fr\/2024\/11\/22\/biden-juge-scandaleux-les-mandats-darret-de-la-cpi-contre-netanyahu-et-gallant\/#primaryimage"},"thumbnailUrl":"https:\/\/i0.wp.com\/africadailyreport.com\/wp-content\/uploads\/2024\/11\/AFP__20241121__2186011776__v1__HighRes__NbaChampionBostonCelticsVisitTheWhiteHouse-scaled.jpg?fit=%2C&ssl=1","datePublished":"2024-11-22T00:33:56+00:00","dateModified":"2024-11-22T00:36:24+00:00","breadcrumb":{"@id":"https:\/\/africadailyreport.com\/fr\/2024\/11\/22\/biden-juge-scandaleux-les-mandats-darret-de-la-cpi-contre-netanyahu-et-gallant\/#breadcrumb"},"inLanguage":"fr-FR","potentialAction":[{"@type":"ReadAction","target":["https:\/\/africadailyreport.com\/fr\/2024\/11\/22\/biden-juge-scandaleux-les-mandats-darret-de-la-cpi-contre-netanyahu-et-gallant\/"]}]},{"@type":"ImageObject","inLanguage":"fr-FR","@id":"https:\/\/africadailyreport.com\/fr\/2024\/11\/22\/biden-juge-scandaleux-les-mandats-darret-de-la-cpi-contre-netanyahu-et-gallant\/#primaryimage","url":"https:\/\/i0.wp.com\/africadailyreport.com\/wp-content\/uploads\/2024\/11\/AFP__20241121__2186011776__v1__HighRes__NbaChampionBostonCelticsVisitTheWhiteHouse-scaled.jpg?fit=%2C&ssl=1","contentUrl":"https:\/\/i0.wp.com\/africadailyreport.com\/wp-content\/uploads\/2024\/11\/AFP__20241121__2186011776__v1__HighRes__NbaChampionBostonCelticsVisitTheWhiteHouse-scaled.jpg?fit=%2C&ssl=1","caption":"WASHINGTON, DC - NOVEMBER 21: U.S. President Joe Biden delivers remarks while welcoming the 2024 NBA Champion Boston Celtics to the White House November 21, 2024 in Washington, DC. The Celtics beat the Dallas Mavericks 4 games to 1 to win the championship. Win McNamee\/Getty Images\/AFP (Photo by WIN MCNAMEE \/ GETTY IMAGES NORTH AMERICA \/ Getty Images via AFP)"},{"@type":"BreadcrumbList","@id":"https:\/\/africadailyreport.com\/fr\/2024\/11\/22\/biden-juge-scandaleux-les-mandats-darret-de-la-cpi-contre-netanyahu-et-gallant\/#breadcrumb","itemListElement":[{"@type":"ListItem","position":1,"name":"Home","item":"https:\/\/africadailyreport.com\/fr\/"},{"@type":"ListItem","position":2,"name":"Biden juge &#8220;scandaleux&#8221; les mandats d&#8217;arr\u00eat de la CPI contre Netanyahu et Gallant"}]},{"@type":"WebSite","@id":"https:\/\/africadailyreport.com\/fr\/#website","url":"https:\/\/africadailyreport.com\/fr\/","name":"Africa Daily Report","description":"","publisher":{"@id":"https:\/\/africadailyreport.com\/fr\/#organization"},"potentialAction":[{"@type":"SearchAction","target":{"@type":"EntryPoint","urlTemplate":"https:\/\/africadailyreport.com\/fr\/?s={search_term_string}"},"query-input":{"@type":"PropertyValueSpecification","valueRequired":true,"valueName":"search_term_string"}}],"inLanguage":"fr-FR"},{"@type":"Organization","@id":"https:\/\/africadailyreport.com\/fr\/#organization","name":"Africa Daily Report","url":"https:\/\/africadailyreport.com\/fr\/","logo":{"@type":"ImageObject","inLanguage":"fr-FR","@id":"https:\/\/africadailyreport.com\/fr\/#\/schema\/logo\/image\/","url":"https:\/\/africadailyreport.com\/wp-content\/uploads\/2024\/09\/ADR-Transparent-Green-Logo-1.png","contentUrl":"https:\/\/africadailyreport.com\/wp-content\/uploads\/2024\/09\/ADR-Transparent-Green-Logo-1.png","width":267,"height":185,"caption":"Africa Daily Report"},"image":{"@id":"https:\/\/africadailyreport.com\/fr\/#\/schema\/logo\/image\/"},"sameAs":["https:\/\/www.facebook.com\/africadailyreport","https:\/\/x.com\/adr_africa","https:\/\/www.youtube.com\/@africadailyreport","https:\/\/instagram.com\/africadailyreport"]},{"@type":"Person","@id":"https:\/\/africadailyreport.com\/fr\/#\/schema\/person\/c44d86d79f5570b3ba4cf70c989843f8","name":"ADR\/AFP","image":{"@type":"ImageObject","inLanguage":"fr-FR","@id":"https:\/\/secure.gravatar.com\/avatar\/2fbdc3782aa386b408fd9a36f0bc78ee569c94a7a05670cab3a1d72916408214?s=96&d=mm&r=g","url":"https:\/\/secure.gravatar.com\/avatar\/2fbdc3782aa386b408fd9a36f0bc78ee569c94a7a05670cab3a1d72916408214?s=96&d=mm&r=g","contentUrl":"https:\/\/secure.gravatar.com\/avatar\/2fbdc3782aa386b408fd9a36f0bc78ee569c94a7a05670cab3a1d72916408214?s=96&d=mm&r=g","caption":"ADR\/AFP"},"sameAs":["http:\/\/africadailyreport.com"],"url":"https:\/\/africadailyreport.com\/fr\/author\/both\/"}]}},"jetpack_featured_media_url":"https:\/\/i0.wp.com\/africadailyreport.com\/wp-content\/uploads\/2024\/11\/AFP__20241121__2186011776__v1__HighRes__NbaChampionBostonCelticsVisitTheWhiteHouse-scaled.jpg?fit=%2C&ssl=1","jetpack_sharing_enabled":true,"amp_enabled":true,"_links":{"self":[{"href":"https:\/\/africadailyreport.com\/fr\/wp-json\/wp\/v2\/posts\/14459","targetHints":{"allow":["GET"]}}],"collection":[{"href":"https:\/\/africadailyreport.com\/fr\/wp-json\/wp\/v2\/posts"}],"about":[{"href":"https:\/\/africadailyreport.com\/fr\/wp-json\/wp\/v2\/types\/post"}],"author":[{"embeddable":true,"href":"https:\/\/africadailyreport.com\/fr\/wp-json\/wp\/v2\/users\/10"}],"replies":[{"embeddable":true,"href":"https:\/\/africadailyreport.com\/fr\/wp-json\/wp\/v2\/comments?post=14459"}],"version-history":[{"count":1,"href":"https:\/\/africadailyreport.com\/fr\/wp-json\/wp\/v2\/posts\/14459\/revisions"}],"predecessor-version":[{"id":14462,"href":"https:\/\/africadailyreport.com\/fr\/wp-json\/wp\/v2\/posts\/14459\/revisions\/14462"}],"wp:featuredmedia":[{"embeddable":true,"href":"https:\/\/africadailyreport.com\/fr\/wp-json\/wp\/v2\/media\/14457"}],"wp:attachment":[{"href":"https:\/\/africadailyreport.com\/fr\/wp-json\/wp\/v2\/media?parent=14459"}],"wp:term":[{"taxonomy":"category","embeddable":true,"href":"https:\/\/africadailyreport.com\/fr\/wp-json\/wp\/v2\/categories?post=14459"},{"taxonomy":"post_tag","embeddable":true,"href":"https:\/\/africadailyreport.com\/fr\/wp-json\/wp\/v2\/tags?post=14459"},{"taxonomy":"adr_country","embeddable":true,"href":"https:\/\/africadailyreport.com\/fr\/wp-json\/wp\/v2\/adr_country?post=14459"}],"curies":[{"name":"wp","href":"https:\/\/api.w.org\/{rel}","templated":true}]}}