{"id":14429,"date":"2024-11-21T23:24:35","date_gmt":"2024-11-21T23:24:35","guid":{"rendered":"https:\/\/africadailyreport.com\/2024\/11\/21\/macron-calls-haitian-officials-total-morons-over-pm-sacking\/"},"modified":"2024-11-22T00:10:51","modified_gmt":"2024-11-22T00:10:51","slug":"macron-calls-haitian-officials-total-morons-over-pm-sacking","status":"publish","type":"post","link":"https:\/\/africadailyreport.com\/fr\/2024\/11\/21\/macron-calls-haitian-officials-total-morons-over-pm-sacking\/","title":{"rendered":"Macron juge les dirigeants ha\u00eftiens \u00ab\u00a0compl\u00e8tement cons\u00a0\u00bb, vive protestation d&rsquo;Ha\u00efti"},"content":{"rendered":"\n<h2 class=\"wp-block-heading\" id=\"h-valparaiso-chili-afp-le-president-emmanuel-macron-a-juge-les-responsables-d-haiti-completement-cons-d-avoir-limoge-il-y-a-dix-jours-leur-premier-ministre-s-attirant-les-foudres-de-port-au-prince-qui-a-proteste-aupres-du-chef-de-la-diplomatie-francaise-jean-noel-barrot-et-convoque-son-ambassadeur\"><em>Valpara\u00edso,\u00a0Chili<\/em> <em>(AFP)<\/em> &#8211; Le pr\u00e9sident Emmanuel Macron a jug\u00e9 les responsables d&rsquo;Ha\u00efti \u00ab\u00a0compl\u00e8tement cons\u00a0\u00bb d&rsquo;avoir limog\u00e9 il y a dix jours leur Premier ministre, s&rsquo;attirant les foudres de Port-au-Prince qui a protest\u00e9 aupr\u00e8s du chef de la diplomatie fran\u00e7aise Jean-No\u00ebl Barrot et convoqu\u00e9 son ambassadeur.<\/h2>\n\n\n\n<figure class=\"wp-block-image size-full\"><img data-recalc-dims=\"1\" decoding=\"async\" src=\"https:\/\/i0.wp.com\/africadailyreport.com\/wp-content\/uploads\/2024\/11\/AFP__20241121__36MY9AB__v1__HighRes__ChileFrancePoliticsMacron-5.jpg?w=696&#038;ssl=1\" alt=\"\" class=\"wp-image-14426\"\/><figcaption class=\"wp-element-caption\">France&rsquo;s President Emmanuel Macron delivers a speech at the Congress building in Valparaiso, Chile on November 21, 2024. (Photo by Ludovic MARIN \/ AFP)<\/figcaption><\/figure>\n\n\n\n<h2 class=\"wp-block-heading\" id=\"h-\"><\/h2>\n\n\n\n<p class=\"\">Tout est parti d&rsquo;une vid\u00e9o tourn\u00e9e mercredi en marge du sommet du G20 \u00e0 Rio, en dehors de la pr\u00e9sence de la presse, et qui a circul\u00e9 sur les r\u00e9seaux sociaux.<\/p>\n\n\n\n<p class=\"\">M. Macron quittait alors le Br\u00e9sil pour le Chili.<\/p>\n\n\n\n<p class=\"\">Dans cette vid\u00e9o, le chef de l&rsquo;\u00c9tat r\u00e9pond, selon son entourage, \u00e0 un Ha\u00eftien qui l&rsquo;interpelle \u00ab\u00a0de mani\u00e8re insistante\u00a0\u00bb en l&rsquo;accusant lui et la France \u00ab\u00a0d&rsquo;\u00eatre responsables de la situation en Ha\u00efti\u00a0\u00bb.<\/p>\n\n\n\n<p class=\"\">\u00ab\u00a0L\u00e0 franchement, c&rsquo;est les Ha\u00eftiens qui ont tu\u00e9 Ha\u00efti, en laissant le narcotrafic\u00a0\u00bb, lui r\u00e9pond Emmanuel Macron. \u00ab\u00a0Et l\u00e0, ce qu&rsquo;ils ont fait, le Premier ministre \u00e9tait super, je l&rsquo;ai d\u00e9fendu, ils l&rsquo;ont vir\u00e9!\u00a0\u00bb, ajoute-t-il en r\u00e9f\u00e9rence au limogeage le 10 novembre du chef du gouvernement Garry Conille, nomm\u00e9 cinq mois plus t\u00f4t, par le Conseil pr\u00e9sidentiel de transition ha\u00eftien (CPT).<\/p>\n\n\n\n<h2 class=\"wp-block-heading\">&#8211; \u00ab\u00a0Premier ministre formidable\u00a0\u00bb &#8211;<\/h2>\n\n\n\n<p class=\"\">\u00ab\u00a0C&rsquo;est terrible. C&rsquo;est terrible. Et moi, je ne peux pas le remplacer. Ils sont compl\u00e8tement cons, ils n&rsquo;auraient jamais d\u00fb le sortir, le Premier ministre \u00e9tait formidable\u00a0\u00bb, poursuit-il avant que la vid\u00e9o s&rsquo;interrompe.<\/p>\n\n\n\n<p class=\"\">Les autorit\u00e9s d&rsquo;Ha\u00efti, pays pauvre des Cara\u00efbes en plein chaos politique, socio-\u00e9conomique, s\u00e9curitaire et humanitaire, ont vivement r\u00e9agi.<\/p>\n\n\n\n<p class=\"\">Le ministre des Affaires \u00e9trang\u00e8res Jean-Victor Harvel Jean-Baptiste a convoqu\u00e9 jeudi l&rsquo;ambassadeur de France Antoine Michon et protest\u00e9 contre les \u00ab\u00a0propos jug\u00e9s inacceptables\u00a0\u00bb du pr\u00e9sident Macron, selon un communiqu\u00e9 officiel obtenu par l&rsquo;AFP.<\/p>\n\n\n\n<p class=\"\">Port-au-Prince a exprim\u00e9 \u00ab\u00a0l&rsquo;indignation du Pouvoir de Transition face \u00e0 ce qu&rsquo;il consid\u00e8re comme un geste inamical et inappropri\u00e9 qui m\u00e9rite d&rsquo;\u00eatre rectifi\u00e9\u00a0\u00bb et \u00ab\u00a0une lettre de protestation adress\u00e9e au ministre de l&rsquo;Europe et des Affaires \u00e9trang\u00e8res Jean-No\u00ebl Barrot a \u00e9t\u00e9 remise \u00e0 l&rsquo;ambassadeur\u00a0\u00bb Michon.<\/p>\n\n\n\n<p class=\"\">Selon la diplomatie ha\u00eftienne, le diplomate fran\u00e7ais a \u00ab\u00a0reconnu qu&rsquo;il s&rsquo;agissait de propos malheureux\u00a0\u00bb.<\/p>\n\n\n\n<p class=\"\">Arriv\u00e9 jeudi au Chili, Emmanuel Macron est revenu sur la crise ha\u00eftienne lors d&rsquo;un discours sur la relation avec l&rsquo;Am\u00e9rique latine prononc\u00e9 devant le Congr\u00e8s du Chili, \u00e0 Valparaiso.<\/p>\n\n\n\n<p class=\"\">\u00ab\u00a0La France continuera d&rsquo;apporter son soutien au peuple ha\u00eftien et de soutenir toutes les initiatives visant \u00e0 r\u00e9tablir la s\u00e9curit\u00e9 et recr\u00e9er un chemin vers une situation politique stable. Les Ha\u00eftiens le m\u00e9ritent\u00a0\u00bb, a-t-il d\u00e9clar\u00e9.<\/p>\n\n\n\n<p class=\"\">La d\u00e9cision de d\u00e9mettre Garry Conille est survenue alors que le CPT souhaitait changer des responsables des minist\u00e8res de la Justice, des Finances, de la D\u00e9fense et de la Sant\u00e9, contre son avis.<\/p>\n\n\n\n<p class=\"\">Pour M. Conille, \u00ab\u00a0la r\u00e9solution du Conseil pr\u00e9sidentiel de transition (&#8230;) est clairement entach\u00e9e d&rsquo;ill\u00e9galit\u00e9\u00a0\u00bb.<\/p>\n\n\n\n<p class=\"\">Il a \u00e9t\u00e9 remplac\u00e9 d\u00e8s le 11 novembre par l&rsquo;homme d&rsquo;affaires Alix Didier Fils-Aim\u00e9 qui a promis de r\u00e9tablir la s\u00e9curit\u00e9 et d&rsquo;organiser les premi\u00e8res \u00e9lections depuis 2016.<\/p>\n\n\n\n<p class=\"\">Priv\u00e9 de pr\u00e9sident depuis 2021, Ha\u00efti p\u00e2tit depuis des dizaines d&rsquo;ann\u00e9es d&rsquo;une instabilit\u00e9 politique chronique. Le pays fait aussi face \u00e0 la violence des gangs, accus\u00e9s de meurtres, d&rsquo;enl\u00e8vements et de violences sexuelles.<\/p>\n\n\n\n<p class=\"\">Au moins 150 personnes ont \u00e9t\u00e9 tu\u00e9es en une semaine dans la capitale Port-au-Prince, contr\u00f4l\u00e9e dor\u00e9navant \u00e0 85% par ces bandes criminelles, portant le bilan \u00e0 au moins 4.544 morts dans le pays depuis le d\u00e9but de l&rsquo;ann\u00e9e, selon l&rsquo;ONU.<\/p>\n\n\n\n<p class=\"\"><\/p>\n\n\n\n<p class=\"\">\u00a9 Agence France-Presse<\/p>\n\n\n\n<p class=\"\"><\/p>\n","protected":false},"excerpt":{"rendered":"<p>Valpara\u00edso,\u00a0Chili (AFP) &#8211; Le pr\u00e9sident Emmanuel Macron a jug\u00e9 les responsables d&rsquo;Ha\u00efti \u00ab\u00a0compl\u00e8tement cons\u00a0\u00bb d&rsquo;avoir limog\u00e9 il y a dix jours leur Premier ministre, s&rsquo;attirant les foudres de Port-au-Prince qui a protest\u00e9 aupr\u00e8s du chef de la diplomatie fran\u00e7aise Jean-No\u00ebl Barrot et convoqu\u00e9 son ambassadeur. Tout est parti d&rsquo;une vid\u00e9o tourn\u00e9e mercredi en marge du [&hellip;]<\/p>\n","protected":false},"author":10,"featured_media":14423,"comment_status":"open","ping_status":"open","sticky":false,"template":"","format":"standard","meta":{"_acf_changed":false,"om_disable_all_campaigns":false,"_monsterinsights_skip_tracking":false,"_monsterinsights_sitenote_active":false,"_monsterinsights_sitenote_note":"","_monsterinsights_sitenote_category":0,"tdm_status":"","tdm_grid_status":"","_jetpack_newsletter_access":"","_jetpack_dont_email_post_to_subs":false,"_jetpack_newsletter_tier_id":0,"_jetpack_memberships_contains_paywalled_content":false,"_jetpack_memberships_contains_paid_content":false,"footnotes":""},"categories":[293,782],"tags":[1067,812,1170],"adr_country":[1090,1915],"class_list":{"0":"post-14429","1":"post","2":"type-post","3":"status-publish","4":"format-standard","5":"has-post-thumbnail","7":"category-actualites-fr","8":"category-politique-fr","9":"tag-diplomacy-fr","10":"tag-france-fr","11":"tag-politics-fr","12":"adr_country-france","13":"adr_country-haiti-fr"},"acf":{"post_version":""},"yoast_head":"<!-- This site is optimized with the Yoast SEO Premium plugin v26.0 (Yoast SEO v27.4) - https:\/\/yoast.com\/product\/yoast-seo-premium-wordpress\/ -->\n<title>Macron juge les dirigeants ha\u00eftiens &quot;compl\u00e8tement cons&quot;, vive protestation d&#039;Ha\u00efti - Africa Daily Report<\/title>\n<meta name=\"robots\" content=\"index, follow, max-snippet:-1, max-image-preview:large, max-video-preview:-1\" \/>\n<link rel=\"canonical\" href=\"https:\/\/africadailyreport.com\/fr\/2024\/11\/21\/macron-calls-haitian-officials-total-morons-over-pm-sacking\/\" \/>\n<meta property=\"og:locale\" content=\"fr_FR\" \/>\n<meta property=\"og:type\" content=\"article\" \/>\n<meta property=\"og:title\" content=\"Macron juge les dirigeants ha\u00eftiens &quot;compl\u00e8tement cons&quot;, vive protestation d&#039;Ha\u00efti\" \/>\n<meta property=\"og:description\" content=\"Valpara\u00edso,\u00a0Chili (AFP) &#8211; Le pr\u00e9sident Emmanuel Macron a jug\u00e9 les responsables d&rsquo;Ha\u00efti \u00ab\u00a0compl\u00e8tement cons\u00a0\u00bb d&rsquo;avoir limog\u00e9 il y a dix jours leur Premier ministre, s&rsquo;attirant les foudres de Port-au-Prince qui a protest\u00e9 aupr\u00e8s du chef de la diplomatie fran\u00e7aise Jean-No\u00ebl Barrot et convoqu\u00e9 son ambassadeur. Tout est parti d&rsquo;une vid\u00e9o tourn\u00e9e mercredi en marge du [&hellip;]\" \/>\n<meta property=\"og:url\" content=\"https:\/\/africadailyreport.com\/fr\/2024\/11\/21\/macron-calls-haitian-officials-total-morons-over-pm-sacking\/\" \/>\n<meta property=\"og:site_name\" content=\"Africa Daily Report\" \/>\n<meta property=\"article:publisher\" content=\"https:\/\/www.facebook.com\/africadailyreport\" \/>\n<meta property=\"article:published_time\" content=\"2024-11-21T23:24:35+00:00\" \/>\n<meta property=\"article:modified_time\" content=\"2024-11-22T00:10:51+00:00\" \/>\n<meta property=\"og:image\" content=\"https:\/\/africadailyreport.com\/wp-content\/uploads\/2024\/11\/AFP__20241121__36MY9AB__v1__HighRes__ChileFrancePoliticsMacron-3-scaled.jpg\" \/>\n\t<meta property=\"og:image:width\" content=\"1\" \/>\n\t<meta property=\"og:image:height\" content=\"1\" \/>\n\t<meta property=\"og:image:type\" content=\"image\/jpeg\" \/>\n<meta name=\"author\" content=\"ADR\/AFP\" \/>\n<meta name=\"twitter:card\" content=\"summary_large_image\" \/>\n<meta name=\"twitter:creator\" content=\"@adr_africa\" \/>\n<meta name=\"twitter:site\" content=\"@adr_africa\" \/>\n<meta name=\"twitter:label1\" content=\"\u00c9crit par\" \/>\n\t<meta name=\"twitter:data1\" content=\"ADR\/AFP\" \/>\n\t<meta name=\"twitter:label2\" content=\"Dur\u00e9e de lecture estim\u00e9e\" \/>\n\t<meta name=\"twitter:data2\" content=\"3 minutes\" \/>\n<script type=\"application\/ld+json\" class=\"yoast-schema-graph\">{\"@context\":\"https:\\\/\\\/schema.org\",\"@graph\":[{\"@type\":\"Article\",\"@id\":\"https:\\\/\\\/africadailyreport.com\\\/fr\\\/2024\\\/11\\\/21\\\/macron-calls-haitian-officials-total-morons-over-pm-sacking\\\/#article\",\"isPartOf\":{\"@id\":\"https:\\\/\\\/africadailyreport.com\\\/fr\\\/2024\\\/11\\\/21\\\/macron-calls-haitian-officials-total-morons-over-pm-sacking\\\/\"},\"author\":{\"name\":\"ADR\\\/AFP\",\"@id\":\"https:\\\/\\\/africadailyreport.com\\\/fr\\\/#\\\/schema\\\/person\\\/c44d86d79f5570b3ba4cf70c989843f8\"},\"headline\":\"Macron juge les dirigeants ha\u00eftiens \u00ab\u00a0compl\u00e8tement cons\u00a0\u00bb, vive protestation d&rsquo;Ha\u00efti\",\"datePublished\":\"2024-11-21T23:24:35+00:00\",\"dateModified\":\"2024-11-22T00:10:51+00:00\",\"mainEntityOfPage\":{\"@id\":\"https:\\\/\\\/africadailyreport.com\\\/fr\\\/2024\\\/11\\\/21\\\/macron-calls-haitian-officials-total-morons-over-pm-sacking\\\/\"},\"wordCount\":677,\"commentCount\":0,\"publisher\":{\"@id\":\"https:\\\/\\\/africadailyreport.com\\\/fr\\\/#organization\"},\"image\":{\"@id\":\"https:\\\/\\\/africadailyreport.com\\\/fr\\\/2024\\\/11\\\/21\\\/macron-calls-haitian-officials-total-morons-over-pm-sacking\\\/#primaryimage\"},\"thumbnailUrl\":\"https:\\\/\\\/i0.wp.com\\\/africadailyreport.com\\\/wp-content\\\/uploads\\\/2024\\\/11\\\/AFP__20241121__36MY9AB__v1__HighRes__ChileFrancePoliticsMacron-3-scaled.jpg?fit=%2C&ssl=1\",\"keywords\":[\"diplomacy\",\"france\",\"Politics\"],\"articleSection\":[\"Actualit\u00e9s\",\"POLITIQUE\"],\"inLanguage\":\"fr-FR\",\"potentialAction\":[{\"@type\":\"CommentAction\",\"name\":\"Comment\",\"target\":[\"https:\\\/\\\/africadailyreport.com\\\/fr\\\/2024\\\/11\\\/21\\\/macron-calls-haitian-officials-total-morons-over-pm-sacking\\\/#respond\"]}],\"copyrightYear\":\"2024\",\"copyrightHolder\":{\"@id\":\"https:\\\/\\\/africadailyreport.com\\\/#organization\"}},{\"@type\":\"WebPage\",\"@id\":\"https:\\\/\\\/africadailyreport.com\\\/fr\\\/2024\\\/11\\\/21\\\/macron-calls-haitian-officials-total-morons-over-pm-sacking\\\/\",\"url\":\"https:\\\/\\\/africadailyreport.com\\\/fr\\\/2024\\\/11\\\/21\\\/macron-calls-haitian-officials-total-morons-over-pm-sacking\\\/\",\"name\":\"Macron juge les dirigeants ha\u00eftiens \\\"compl\u00e8tement cons\\\", vive protestation d'Ha\u00efti - Africa Daily Report\",\"isPartOf\":{\"@id\":\"https:\\\/\\\/africadailyreport.com\\\/fr\\\/#website\"},\"primaryImageOfPage\":{\"@id\":\"https:\\\/\\\/africadailyreport.com\\\/fr\\\/2024\\\/11\\\/21\\\/macron-calls-haitian-officials-total-morons-over-pm-sacking\\\/#primaryimage\"},\"image\":{\"@id\":\"https:\\\/\\\/africadailyreport.com\\\/fr\\\/2024\\\/11\\\/21\\\/macron-calls-haitian-officials-total-morons-over-pm-sacking\\\/#primaryimage\"},\"thumbnailUrl\":\"https:\\\/\\\/i0.wp.com\\\/africadailyreport.com\\\/wp-content\\\/uploads\\\/2024\\\/11\\\/AFP__20241121__36MY9AB__v1__HighRes__ChileFrancePoliticsMacron-3-scaled.jpg?fit=%2C&ssl=1\",\"datePublished\":\"2024-11-21T23:24:35+00:00\",\"dateModified\":\"2024-11-22T00:10:51+00:00\",\"breadcrumb\":{\"@id\":\"https:\\\/\\\/africadailyreport.com\\\/fr\\\/2024\\\/11\\\/21\\\/macron-calls-haitian-officials-total-morons-over-pm-sacking\\\/#breadcrumb\"},\"inLanguage\":\"fr-FR\",\"potentialAction\":[{\"@type\":\"ReadAction\",\"target\":[\"https:\\\/\\\/africadailyreport.com\\\/fr\\\/2024\\\/11\\\/21\\\/macron-calls-haitian-officials-total-morons-over-pm-sacking\\\/\"]}]},{\"@type\":\"ImageObject\",\"inLanguage\":\"fr-FR\",\"@id\":\"https:\\\/\\\/africadailyreport.com\\\/fr\\\/2024\\\/11\\\/21\\\/macron-calls-haitian-officials-total-morons-over-pm-sacking\\\/#primaryimage\",\"url\":\"https:\\\/\\\/i0.wp.com\\\/africadailyreport.com\\\/wp-content\\\/uploads\\\/2024\\\/11\\\/AFP__20241121__36MY9AB__v1__HighRes__ChileFrancePoliticsMacron-3-scaled.jpg?fit=%2C&ssl=1\",\"contentUrl\":\"https:\\\/\\\/i0.wp.com\\\/africadailyreport.com\\\/wp-content\\\/uploads\\\/2024\\\/11\\\/AFP__20241121__36MY9AB__v1__HighRes__ChileFrancePoliticsMacron-3-scaled.jpg?fit=%2C&ssl=1\",\"caption\":\"France's President Emmanuel Macron delivers a speech at the Congress building in Valparaiso, Chile on November 21, 2024. (Photo by Ludovic MARIN \\\/ AFP)\"},{\"@type\":\"BreadcrumbList\",\"@id\":\"https:\\\/\\\/africadailyreport.com\\\/fr\\\/2024\\\/11\\\/21\\\/macron-calls-haitian-officials-total-morons-over-pm-sacking\\\/#breadcrumb\",\"itemListElement\":[{\"@type\":\"ListItem\",\"position\":1,\"name\":\"Home\",\"item\":\"https:\\\/\\\/africadailyreport.com\\\/fr\\\/\"},{\"@type\":\"ListItem\",\"position\":2,\"name\":\"Macron juge les dirigeants ha\u00eftiens &#8220;compl\u00e8tement cons&#8221;, vive protestation d&#8217;Ha\u00efti\"}]},{\"@type\":\"WebSite\",\"@id\":\"https:\\\/\\\/africadailyreport.com\\\/fr\\\/#website\",\"url\":\"https:\\\/\\\/africadailyreport.com\\\/fr\\\/\",\"name\":\"Africa Daily Report\",\"description\":\"\",\"publisher\":{\"@id\":\"https:\\\/\\\/africadailyreport.com\\\/fr\\\/#organization\"},\"potentialAction\":[{\"@type\":\"SearchAction\",\"target\":{\"@type\":\"EntryPoint\",\"urlTemplate\":\"https:\\\/\\\/africadailyreport.com\\\/fr\\\/?s={search_term_string}\"},\"query-input\":{\"@type\":\"PropertyValueSpecification\",\"valueRequired\":true,\"valueName\":\"search_term_string\"}}],\"inLanguage\":\"fr-FR\"},{\"@type\":\"Organization\",\"@id\":\"https:\\\/\\\/africadailyreport.com\\\/fr\\\/#organization\",\"name\":\"Africa Daily Report\",\"url\":\"https:\\\/\\\/africadailyreport.com\\\/fr\\\/\",\"logo\":{\"@type\":\"ImageObject\",\"inLanguage\":\"fr-FR\",\"@id\":\"https:\\\/\\\/africadailyreport.com\\\/fr\\\/#\\\/schema\\\/logo\\\/image\\\/\",\"url\":\"https:\\\/\\\/africadailyreport.com\\\/wp-content\\\/uploads\\\/2024\\\/09\\\/ADR-Transparent-Green-Logo-1.png\",\"contentUrl\":\"https:\\\/\\\/africadailyreport.com\\\/wp-content\\\/uploads\\\/2024\\\/09\\\/ADR-Transparent-Green-Logo-1.png\",\"width\":267,\"height\":185,\"caption\":\"Africa Daily Report\"},\"image\":{\"@id\":\"https:\\\/\\\/africadailyreport.com\\\/fr\\\/#\\\/schema\\\/logo\\\/image\\\/\"},\"sameAs\":[\"https:\\\/\\\/www.facebook.com\\\/africadailyreport\",\"https:\\\/\\\/x.com\\\/adr_africa\",\"https:\\\/\\\/www.youtube.com\\\/@africadailyreport\",\"https:\\\/\\\/instagram.com\\\/africadailyreport\"]},{\"@type\":\"Person\",\"@id\":\"https:\\\/\\\/africadailyreport.com\\\/fr\\\/#\\\/schema\\\/person\\\/c44d86d79f5570b3ba4cf70c989843f8\",\"name\":\"ADR\\\/AFP\",\"image\":{\"@type\":\"ImageObject\",\"inLanguage\":\"fr-FR\",\"@id\":\"https:\\\/\\\/secure.gravatar.com\\\/avatar\\\/2fbdc3782aa386b408fd9a36f0bc78ee569c94a7a05670cab3a1d72916408214?s=96&d=mm&r=g\",\"url\":\"https:\\\/\\\/secure.gravatar.com\\\/avatar\\\/2fbdc3782aa386b408fd9a36f0bc78ee569c94a7a05670cab3a1d72916408214?s=96&d=mm&r=g\",\"contentUrl\":\"https:\\\/\\\/secure.gravatar.com\\\/avatar\\\/2fbdc3782aa386b408fd9a36f0bc78ee569c94a7a05670cab3a1d72916408214?s=96&d=mm&r=g\",\"caption\":\"ADR\\\/AFP\"},\"sameAs\":[\"http:\\\/\\\/africadailyreport.com\"],\"url\":\"https:\\\/\\\/africadailyreport.com\\\/fr\\\/author\\\/both\\\/\"}]}<\/script>\n<!-- \/ Yoast SEO Premium plugin. -->","yoast_head_json":{"title":"Macron juge les dirigeants ha\u00eftiens \"compl\u00e8tement cons\", vive protestation d'Ha\u00efti - Africa Daily Report","robots":{"index":"index","follow":"follow","max-snippet":"max-snippet:-1","max-image-preview":"max-image-preview:large","max-video-preview":"max-video-preview:-1"},"canonical":"https:\/\/africadailyreport.com\/fr\/2024\/11\/21\/macron-calls-haitian-officials-total-morons-over-pm-sacking\/","og_locale":"fr_FR","og_type":"article","og_title":"Macron juge les dirigeants ha\u00eftiens \"compl\u00e8tement cons\", vive protestation d'Ha\u00efti","og_description":"Valpara\u00edso,\u00a0Chili (AFP) &#8211; Le pr\u00e9sident Emmanuel Macron a jug\u00e9 les responsables d&rsquo;Ha\u00efti \u00ab\u00a0compl\u00e8tement cons\u00a0\u00bb d&rsquo;avoir limog\u00e9 il y a dix jours leur Premier ministre, s&rsquo;attirant les foudres de Port-au-Prince qui a protest\u00e9 aupr\u00e8s du chef de la diplomatie fran\u00e7aise Jean-No\u00ebl Barrot et convoqu\u00e9 son ambassadeur. Tout est parti d&rsquo;une vid\u00e9o tourn\u00e9e mercredi en marge du [&hellip;]","og_url":"https:\/\/africadailyreport.com\/fr\/2024\/11\/21\/macron-calls-haitian-officials-total-morons-over-pm-sacking\/","og_site_name":"Africa Daily Report","article_publisher":"https:\/\/www.facebook.com\/africadailyreport","article_published_time":"2024-11-21T23:24:35+00:00","article_modified_time":"2024-11-22T00:10:51+00:00","og_image":[{"url":"https:\/\/africadailyreport.com\/wp-content\/uploads\/2024\/11\/AFP__20241121__36MY9AB__v1__HighRes__ChileFrancePoliticsMacron-3-scaled.jpg","width":1,"height":1,"type":"image\/jpeg"}],"author":"ADR\/AFP","twitter_card":"summary_large_image","twitter_creator":"@adr_africa","twitter_site":"@adr_africa","twitter_misc":{"\u00c9crit par":"ADR\/AFP","Dur\u00e9e de lecture estim\u00e9e":"3 minutes"},"schema":{"@context":"https:\/\/schema.org","@graph":[{"@type":"Article","@id":"https:\/\/africadailyreport.com\/fr\/2024\/11\/21\/macron-calls-haitian-officials-total-morons-over-pm-sacking\/#article","isPartOf":{"@id":"https:\/\/africadailyreport.com\/fr\/2024\/11\/21\/macron-calls-haitian-officials-total-morons-over-pm-sacking\/"},"author":{"name":"ADR\/AFP","@id":"https:\/\/africadailyreport.com\/fr\/#\/schema\/person\/c44d86d79f5570b3ba4cf70c989843f8"},"headline":"Macron juge les dirigeants ha\u00eftiens \u00ab\u00a0compl\u00e8tement cons\u00a0\u00bb, vive protestation d&rsquo;Ha\u00efti","datePublished":"2024-11-21T23:24:35+00:00","dateModified":"2024-11-22T00:10:51+00:00","mainEntityOfPage":{"@id":"https:\/\/africadailyreport.com\/fr\/2024\/11\/21\/macron-calls-haitian-officials-total-morons-over-pm-sacking\/"},"wordCount":677,"commentCount":0,"publisher":{"@id":"https:\/\/africadailyreport.com\/fr\/#organization"},"image":{"@id":"https:\/\/africadailyreport.com\/fr\/2024\/11\/21\/macron-calls-haitian-officials-total-morons-over-pm-sacking\/#primaryimage"},"thumbnailUrl":"https:\/\/i0.wp.com\/africadailyreport.com\/wp-content\/uploads\/2024\/11\/AFP__20241121__36MY9AB__v1__HighRes__ChileFrancePoliticsMacron-3-scaled.jpg?fit=%2C&ssl=1","keywords":["diplomacy","france","Politics"],"articleSection":["Actualit\u00e9s","POLITIQUE"],"inLanguage":"fr-FR","potentialAction":[{"@type":"CommentAction","name":"Comment","target":["https:\/\/africadailyreport.com\/fr\/2024\/11\/21\/macron-calls-haitian-officials-total-morons-over-pm-sacking\/#respond"]}],"copyrightYear":"2024","copyrightHolder":{"@id":"https:\/\/africadailyreport.com\/#organization"}},{"@type":"WebPage","@id":"https:\/\/africadailyreport.com\/fr\/2024\/11\/21\/macron-calls-haitian-officials-total-morons-over-pm-sacking\/","url":"https:\/\/africadailyreport.com\/fr\/2024\/11\/21\/macron-calls-haitian-officials-total-morons-over-pm-sacking\/","name":"Macron juge les dirigeants ha\u00eftiens \"compl\u00e8tement cons\", vive protestation d'Ha\u00efti - Africa Daily Report","isPartOf":{"@id":"https:\/\/africadailyreport.com\/fr\/#website"},"primaryImageOfPage":{"@id":"https:\/\/africadailyreport.com\/fr\/2024\/11\/21\/macron-calls-haitian-officials-total-morons-over-pm-sacking\/#primaryimage"},"image":{"@id":"https:\/\/africadailyreport.com\/fr\/2024\/11\/21\/macron-calls-haitian-officials-total-morons-over-pm-sacking\/#primaryimage"},"thumbnailUrl":"https:\/\/i0.wp.com\/africadailyreport.com\/wp-content\/uploads\/2024\/11\/AFP__20241121__36MY9AB__v1__HighRes__ChileFrancePoliticsMacron-3-scaled.jpg?fit=%2C&ssl=1","datePublished":"2024-11-21T23:24:35+00:00","dateModified":"2024-11-22T00:10:51+00:00","breadcrumb":{"@id":"https:\/\/africadailyreport.com\/fr\/2024\/11\/21\/macron-calls-haitian-officials-total-morons-over-pm-sacking\/#breadcrumb"},"inLanguage":"fr-FR","potentialAction":[{"@type":"ReadAction","target":["https:\/\/africadailyreport.com\/fr\/2024\/11\/21\/macron-calls-haitian-officials-total-morons-over-pm-sacking\/"]}]},{"@type":"ImageObject","inLanguage":"fr-FR","@id":"https:\/\/africadailyreport.com\/fr\/2024\/11\/21\/macron-calls-haitian-officials-total-morons-over-pm-sacking\/#primaryimage","url":"https:\/\/i0.wp.com\/africadailyreport.com\/wp-content\/uploads\/2024\/11\/AFP__20241121__36MY9AB__v1__HighRes__ChileFrancePoliticsMacron-3-scaled.jpg?fit=%2C&ssl=1","contentUrl":"https:\/\/i0.wp.com\/africadailyreport.com\/wp-content\/uploads\/2024\/11\/AFP__20241121__36MY9AB__v1__HighRes__ChileFrancePoliticsMacron-3-scaled.jpg?fit=%2C&ssl=1","caption":"France's President Emmanuel Macron delivers a speech at the Congress building in Valparaiso, Chile on November 21, 2024. (Photo by Ludovic MARIN \/ AFP)"},{"@type":"BreadcrumbList","@id":"https:\/\/africadailyreport.com\/fr\/2024\/11\/21\/macron-calls-haitian-officials-total-morons-over-pm-sacking\/#breadcrumb","itemListElement":[{"@type":"ListItem","position":1,"name":"Home","item":"https:\/\/africadailyreport.com\/fr\/"},{"@type":"ListItem","position":2,"name":"Macron juge les dirigeants ha\u00eftiens &#8220;compl\u00e8tement cons&#8221;, vive protestation d&#8217;Ha\u00efti"}]},{"@type":"WebSite","@id":"https:\/\/africadailyreport.com\/fr\/#website","url":"https:\/\/africadailyreport.com\/fr\/","name":"Africa Daily Report","description":"","publisher":{"@id":"https:\/\/africadailyreport.com\/fr\/#organization"},"potentialAction":[{"@type":"SearchAction","target":{"@type":"EntryPoint","urlTemplate":"https:\/\/africadailyreport.com\/fr\/?s={search_term_string}"},"query-input":{"@type":"PropertyValueSpecification","valueRequired":true,"valueName":"search_term_string"}}],"inLanguage":"fr-FR"},{"@type":"Organization","@id":"https:\/\/africadailyreport.com\/fr\/#organization","name":"Africa Daily Report","url":"https:\/\/africadailyreport.com\/fr\/","logo":{"@type":"ImageObject","inLanguage":"fr-FR","@id":"https:\/\/africadailyreport.com\/fr\/#\/schema\/logo\/image\/","url":"https:\/\/africadailyreport.com\/wp-content\/uploads\/2024\/09\/ADR-Transparent-Green-Logo-1.png","contentUrl":"https:\/\/africadailyreport.com\/wp-content\/uploads\/2024\/09\/ADR-Transparent-Green-Logo-1.png","width":267,"height":185,"caption":"Africa Daily Report"},"image":{"@id":"https:\/\/africadailyreport.com\/fr\/#\/schema\/logo\/image\/"},"sameAs":["https:\/\/www.facebook.com\/africadailyreport","https:\/\/x.com\/adr_africa","https:\/\/www.youtube.com\/@africadailyreport","https:\/\/instagram.com\/africadailyreport"]},{"@type":"Person","@id":"https:\/\/africadailyreport.com\/fr\/#\/schema\/person\/c44d86d79f5570b3ba4cf70c989843f8","name":"ADR\/AFP","image":{"@type":"ImageObject","inLanguage":"fr-FR","@id":"https:\/\/secure.gravatar.com\/avatar\/2fbdc3782aa386b408fd9a36f0bc78ee569c94a7a05670cab3a1d72916408214?s=96&d=mm&r=g","url":"https:\/\/secure.gravatar.com\/avatar\/2fbdc3782aa386b408fd9a36f0bc78ee569c94a7a05670cab3a1d72916408214?s=96&d=mm&r=g","contentUrl":"https:\/\/secure.gravatar.com\/avatar\/2fbdc3782aa386b408fd9a36f0bc78ee569c94a7a05670cab3a1d72916408214?s=96&d=mm&r=g","caption":"ADR\/AFP"},"sameAs":["http:\/\/africadailyreport.com"],"url":"https:\/\/africadailyreport.com\/fr\/author\/both\/"}]}},"jetpack_featured_media_url":"https:\/\/i0.wp.com\/africadailyreport.com\/wp-content\/uploads\/2024\/11\/AFP__20241121__36MY9AB__v1__HighRes__ChileFrancePoliticsMacron-3-scaled.jpg?fit=%2C&ssl=1","jetpack_sharing_enabled":true,"amp_enabled":true,"_links":{"self":[{"href":"https:\/\/africadailyreport.com\/fr\/wp-json\/wp\/v2\/posts\/14429","targetHints":{"allow":["GET"]}}],"collection":[{"href":"https:\/\/africadailyreport.com\/fr\/wp-json\/wp\/v2\/posts"}],"about":[{"href":"https:\/\/africadailyreport.com\/fr\/wp-json\/wp\/v2\/types\/post"}],"author":[{"embeddable":true,"href":"https:\/\/africadailyreport.com\/fr\/wp-json\/wp\/v2\/users\/10"}],"replies":[{"embeddable":true,"href":"https:\/\/africadailyreport.com\/fr\/wp-json\/wp\/v2\/comments?post=14429"}],"version-history":[{"count":6,"href":"https:\/\/africadailyreport.com\/fr\/wp-json\/wp\/v2\/posts\/14429\/revisions"}],"predecessor-version":[{"id":14448,"href":"https:\/\/africadailyreport.com\/fr\/wp-json\/wp\/v2\/posts\/14429\/revisions\/14448"}],"wp:featuredmedia":[{"embeddable":true,"href":"https:\/\/africadailyreport.com\/fr\/wp-json\/wp\/v2\/media\/14423"}],"wp:attachment":[{"href":"https:\/\/africadailyreport.com\/fr\/wp-json\/wp\/v2\/media?parent=14429"}],"wp:term":[{"taxonomy":"category","embeddable":true,"href":"https:\/\/africadailyreport.com\/fr\/wp-json\/wp\/v2\/categories?post=14429"},{"taxonomy":"post_tag","embeddable":true,"href":"https:\/\/africadailyreport.com\/fr\/wp-json\/wp\/v2\/tags?post=14429"},{"taxonomy":"adr_country","embeddable":true,"href":"https:\/\/africadailyreport.com\/fr\/wp-json\/wp\/v2\/adr_country?post=14429"}],"curies":[{"name":"wp","href":"https:\/\/api.w.org\/{rel}","templated":true}]}}