{"id":14265,"date":"2024-11-20T00:05:13","date_gmt":"2024-11-20T00:05:13","guid":{"rendered":"https:\/\/africadailyreport.com\/2024\/11\/20\/vandals-attack-dr-congo-mausoleum-of-anti-colonial-icon-lumumba\/"},"modified":"2024-11-20T00:08:29","modified_gmt":"2024-11-20T00:08:29","slug":"vandals-attack-dr-congo-mausoleum-of-anti-colonial-icon-lumumba","status":"publish","type":"post","link":"https:\/\/africadailyreport.com\/fr\/2024\/11\/20\/vandals-attack-dr-congo-mausoleum-of-anti-colonial-icon-lumumba\/","title":{"rendered":"RDC: le mausol\u00e9e qui abrite la dent du martyr de l&rsquo;ind\u00e9pendance Lumumba vandalis\u00e9"},"content":{"rendered":"\n<h2 class=\"wp-block-heading\" id=\"h-\"><\/h2>\n\n\n\n<figure class=\"wp-block-image size-large\"><img data-recalc-dims=\"1\" loading=\"lazy\" decoding=\"async\" width=\"696\" height=\"463\" src=\"https:\/\/i0.wp.com\/africadailyreport.com\/wp-content\/uploads\/2024\/11\/AFP__20241119__36MV3HF__v1__HighRes__DrcongoPoliticsPolice.jpg?resize=696%2C463&#038;ssl=1\" alt=\"\" class=\"wp-image-14262\" srcset=\"https:\/\/i0.wp.com\/africadailyreport.com\/wp-content\/uploads\/2024\/11\/AFP__20241119__36MV3HF__v1__HighRes__DrcongoPoliticsPolice-scaled.jpg?resize=1024%2C681&amp;ssl=1 1024w, https:\/\/i0.wp.com\/africadailyreport.com\/wp-content\/uploads\/2024\/11\/AFP__20241119__36MV3HF__v1__HighRes__DrcongoPoliticsPolice-scaled.jpg?resize=300%2C200&amp;ssl=1 300w, https:\/\/i0.wp.com\/africadailyreport.com\/wp-content\/uploads\/2024\/11\/AFP__20241119__36MV3HF__v1__HighRes__DrcongoPoliticsPolice-scaled.jpg?resize=768%2C511&amp;ssl=1 768w, https:\/\/i0.wp.com\/africadailyreport.com\/wp-content\/uploads\/2024\/11\/AFP__20241119__36MV3HF__v1__HighRes__DrcongoPoliticsPolice-scaled.jpg?resize=1536%2C1022&amp;ssl=1 1536w, https:\/\/i0.wp.com\/africadailyreport.com\/wp-content\/uploads\/2024\/11\/AFP__20241119__36MV3HF__v1__HighRes__DrcongoPoliticsPolice-scaled.jpg?resize=2048%2C1363&amp;ssl=1 2048w, https:\/\/i0.wp.com\/africadailyreport.com\/wp-content\/uploads\/2024\/11\/AFP__20241119__36MV3HF__v1__HighRes__DrcongoPoliticsPolice-scaled.jpg?resize=631%2C420&amp;ssl=1 631w, https:\/\/i0.wp.com\/africadailyreport.com\/wp-content\/uploads\/2024\/11\/AFP__20241119__36MV3HF__v1__HighRes__DrcongoPoliticsPolice-scaled.jpg?resize=150%2C100&amp;ssl=1 150w, https:\/\/i0.wp.com\/africadailyreport.com\/wp-content\/uploads\/2024\/11\/AFP__20241119__36MV3HF__v1__HighRes__DrcongoPoliticsPolice-scaled.jpg?resize=696%2C463&amp;ssl=1 696w, https:\/\/i0.wp.com\/africadailyreport.com\/wp-content\/uploads\/2024\/11\/AFP__20241119__36MV3HF__v1__HighRes__DrcongoPoliticsPolice-scaled.jpg?resize=1068%2C711&amp;ssl=1 1068w, https:\/\/i0.wp.com\/africadailyreport.com\/wp-content\/uploads\/2024\/11\/AFP__20241119__36MV3HF__v1__HighRes__DrcongoPoliticsPolice-scaled.jpg?resize=1920%2C1277&amp;ssl=1 1920w, https:\/\/i0.wp.com\/africadailyreport.com\/wp-content\/uploads\/2024\/11\/AFP__20241119__36MV3HF__v1__HighRes__DrcongoPoliticsPolice-scaled.jpg?w=1392&amp;ssl=1 1392w\" sizes=\"auto, (max-width: 696px) 100vw, 696px\" \/><figcaption class=\"wp-element-caption\">A general view of yellow ribbon placed on the broken windows on the door to the mausoleum of Patrice Lumumba in Kinshasa on November 19, 2024. &#8211; The mausoleum where the scant remains of DR Congo&rsquo;s fiery independence hero Patrice Lumumba are interred has been vandalised, the culture ministry said on November 19, 2024.\nA tooth is all that is left of the anti-colonialist icon and first prime minister after the country gained independence from Belgium in 1960. \nCulture Minister Yolande Elebe was unable to confirm to AFP whether the tooth &#8212; considered a relic &#8212; had been stolen. (Photo by Hardy BOPE \/ AFP)<\/figcaption><\/figure>\n\n\n\n<p>Le mausol\u00e9e du martyr congolais de l&rsquo;ind\u00e9pendance Patrice Lumumba a \u00e9t\u00e9 vandalis\u00e9 lundi \u00e0 Kinshasa, a d\u00e9plor\u00e9 mardi le minist\u00e8re de la Culture, sans pr\u00e9ciser si la dent de l&rsquo;ancien Premier ministre qu&rsquo;il abrite a \u00e9t\u00e9 d\u00e9rob\u00e9e.<\/p>\n\n\n\n<p>\u00ab\u00a0Un acte de vandalisme a \u00e9t\u00e9 perp\u00e9tr\u00e9 le lundi 18 novembre 2024 au mausol\u00e9e du h\u00e9ros national Patrice Lumumba\u00a0\u00bb, a annonc\u00e9 le minist\u00e8re dans un communiqu\u00e9, condamnant un \u00ab\u00a0acte odieux visant \u00e0 d\u00e9sacraliser la s\u00e9pulture\u00a0\u00bb.<\/p>\n\n\n\n<p>Jointe par t\u00e9l\u00e9phone, la ministre Yolande Elebe n&rsquo;\u00e9tait pas en mesure de confirmer si la pr\u00e9cieuse dent, consid\u00e9r\u00e9e comme une relique, a \u00e9t\u00e9 d\u00e9rob\u00e9e ou non.<\/p>\n\n\n\n<p>\u00ab\u00a0Une enqu\u00eate est en cours et il faudra attendre les r\u00e9sultats de la police pour en savoir plus\u00a0\u00bb, a-t-elle seulement pr\u00e9cis\u00e9 \u00e0 ce stade.<\/p>\n\n\n\n<p>La relique avait \u00e9t\u00e9 rendue par la Belgique en 2022 et ramen\u00e9e en RDC lors d&rsquo;une c\u00e9r\u00e9monie men\u00e9e en grande pompe en pr\u00e9sence du pr\u00e9sident F\u00e9lix Tshisekedi.&nbsp;Un deuil national de trois jours avait \u00e9t\u00e9 d\u00e9clar\u00e9.<\/p>\n\n\n\n<p>La dent avait \u00e9t\u00e9 plac\u00e9e sous haute surveillance dans cet imposant mausol\u00e9e tout en b\u00e9ton, nich\u00e9 au pied de la tour de la tour de l\u2019\u00c9changeur, un symbole de la capitale congolaise.<\/p>\n\n\n\n<p>Patrice Lumumba, assassin\u00e9 il y a 63 ans, \u00e9tait entr\u00e9 dans la l\u00e9gende le 30 juin 1960, jour de la proclamation de l&rsquo;ind\u00e9pendance de l&rsquo;ex-Congo belge, en pronon\u00e7ant un discours tr\u00e8s fort contre le racisme des colons.<\/p>\n\n\n\n<p>Mais d\u00e8s le mois de septembre suivant, le chef du premier gouvernement du Congo ind\u00e9pendant avait \u00e9t\u00e9 renvers\u00e9, puis ex\u00e9cut\u00e9 en janvier 1961 avec deux fr\u00e8res d&rsquo;armes, Maurice Mpolo et Joseph Okito, par des s\u00e9paratistes de la r\u00e9gion du Katanga (sud) avec l&rsquo;appui de mercenaires belges.&nbsp;Il avait 35 ans.<\/p>\n\n\n\n<p>Son corps, dissous dans l&rsquo;acide, n&rsquo;avait jamais \u00e9t\u00e9 retrouv\u00e9. Il a fallu des d\u00e9cennies pour d\u00e9couvrir que des restes humains avaient \u00e9t\u00e9 conserv\u00e9s en Belgique, quand un policier belge ayant particip\u00e9 \u00e0 la disparition s&rsquo;en est vant\u00e9 dans les m\u00e9dias. Ce policier d\u00e9tenait une dent que la justice belge a saisie en 2016.<\/p>\n\n\n\n<p>Lors d&rsquo;une c\u00e9r\u00e9monie \u00e0 Bruxelles de remise aux autorit\u00e9s congolaises il y a deux ans, en pr\u00e9sence de la famille de Patrice Lumumba, le Premier ministre belge Alexander De Croo avait renouvel\u00e9 les \u00ab\u00a0excuses\u00a0\u00bb du gouvernement belge pour sa \u00ab\u00a0responsabilit\u00e9 morale\u00a0\u00bb dans sa disparition.<\/p>\n\n\n\n<p><\/p>\n\n\n\n<p>\u00a9 Agence France-Presse<\/p>\n","protected":false},"excerpt":{"rendered":"<p>Le mausol\u00e9e du martyr congolais de l&rsquo;ind\u00e9pendance Patrice Lumumba a \u00e9t\u00e9 vandalis\u00e9 lundi \u00e0 Kinshasa, a d\u00e9plor\u00e9 mardi le minist\u00e8re de la Culture, sans pr\u00e9ciser si la dent de l&rsquo;ancien Premier ministre qu&rsquo;il abrite a \u00e9t\u00e9 d\u00e9rob\u00e9e. \u00ab\u00a0Un acte de vandalisme a \u00e9t\u00e9 perp\u00e9tr\u00e9 le lundi 18 novembre 2024 au mausol\u00e9e du h\u00e9ros national Patrice [&hellip;]<\/p>\n","protected":false},"author":10,"featured_media":14263,"comment_status":"open","ping_status":"open","sticky":false,"template":"","format":"standard","meta":{"_acf_changed":false,"om_disable_all_campaigns":false,"_monsterinsights_skip_tracking":false,"_monsterinsights_sitenote_active":false,"_monsterinsights_sitenote_note":"","_monsterinsights_sitenote_category":0,"tdm_status":"","tdm_grid_status":"","_jetpack_newsletter_access":"","_jetpack_dont_email_post_to_subs":false,"_jetpack_newsletter_tier_id":0,"_jetpack_memberships_contains_paywalled_content":false,"_jetpack_memberships_contains_paid_content":false,"footnotes":""},"categories":[293,1008],"tags":[1839,1837,1170,692,313,1840],"adr_country":[1089],"class_list":{"0":"post-14265","1":"post","2":"type-post","3":"status-publish","4":"format-standard","5":"has-post-thumbnail","7":"category-actualites-fr","8":"category-politics-fr","9":"tag-congo-kinshasa","10":"tag-lumumba-fr","11":"tag-politics-fr","12":"tag-politique-3","13":"tag-rdc-fr","14":"tag-vol","15":"adr_country-d-r-congo"},"acf":{"post_version":""},"yoast_head":"<!-- This site is optimized with the Yoast SEO Premium plugin v26.0 (Yoast SEO v27.4) - https:\/\/yoast.com\/product\/yoast-seo-premium-wordpress\/ -->\n<title>RDC: le mausol\u00e9e qui abrite la dent du martyr de l&#039;ind\u00e9pendance Lumumba vandalis\u00e9 - Africa Daily Report<\/title>\n<meta name=\"robots\" content=\"index, follow, max-snippet:-1, max-image-preview:large, max-video-preview:-1\" \/>\n<link rel=\"canonical\" href=\"https:\/\/africadailyreport.com\/fr\/2024\/11\/20\/vandals-attack-dr-congo-mausoleum-of-anti-colonial-icon-lumumba\/\" \/>\n<meta property=\"og:locale\" content=\"fr_FR\" \/>\n<meta property=\"og:type\" content=\"article\" \/>\n<meta property=\"og:title\" content=\"RDC: le mausol\u00e9e qui abrite la dent du martyr de l&#039;ind\u00e9pendance Lumumba vandalis\u00e9\" \/>\n<meta property=\"og:description\" content=\"Le mausol\u00e9e du martyr congolais de l&rsquo;ind\u00e9pendance Patrice Lumumba a \u00e9t\u00e9 vandalis\u00e9 lundi \u00e0 Kinshasa, a d\u00e9plor\u00e9 mardi le minist\u00e8re de la Culture, sans pr\u00e9ciser si la dent de l&rsquo;ancien Premier ministre qu&rsquo;il abrite a \u00e9t\u00e9 d\u00e9rob\u00e9e. \u00ab\u00a0Un acte de vandalisme a \u00e9t\u00e9 perp\u00e9tr\u00e9 le lundi 18 novembre 2024 au mausol\u00e9e du h\u00e9ros national Patrice [&hellip;]\" \/>\n<meta property=\"og:url\" content=\"https:\/\/africadailyreport.com\/fr\/2024\/11\/20\/vandals-attack-dr-congo-mausoleum-of-anti-colonial-icon-lumumba\/\" \/>\n<meta property=\"og:site_name\" content=\"Africa Daily Report\" \/>\n<meta property=\"article:publisher\" content=\"https:\/\/www.facebook.com\/africadailyreport\" \/>\n<meta property=\"article:published_time\" content=\"2024-11-20T00:05:13+00:00\" \/>\n<meta property=\"article:modified_time\" content=\"2024-11-20T00:08:29+00:00\" \/>\n<meta property=\"og:image\" content=\"https:\/\/africadailyreport.com\/wp-content\/uploads\/2024\/11\/AFP__20241119__36MV3HF__v1__HighRes__DrcongoPoliticsPolice-scaled.jpg\" \/>\n\t<meta property=\"og:image:width\" content=\"2560\" \/>\n\t<meta property=\"og:image:height\" content=\"1703\" \/>\n\t<meta property=\"og:image:type\" content=\"image\/jpeg\" \/>\n<meta name=\"author\" content=\"ADR\/AFP\" \/>\n<meta name=\"twitter:card\" content=\"summary_large_image\" \/>\n<meta name=\"twitter:creator\" content=\"@adr_africa\" \/>\n<meta name=\"twitter:site\" content=\"@adr_africa\" \/>\n<meta name=\"twitter:label1\" content=\"\u00c9crit par\" \/>\n\t<meta name=\"twitter:data1\" content=\"ADR\/AFP\" \/>\n\t<meta name=\"twitter:label2\" content=\"Dur\u00e9e de lecture estim\u00e9e\" \/>\n\t<meta name=\"twitter:data2\" content=\"3 minutes\" \/>\n<script type=\"application\/ld+json\" class=\"yoast-schema-graph\">{\"@context\":\"https:\\\/\\\/schema.org\",\"@graph\":[{\"@type\":\"Article\",\"@id\":\"https:\\\/\\\/africadailyreport.com\\\/fr\\\/2024\\\/11\\\/20\\\/vandals-attack-dr-congo-mausoleum-of-anti-colonial-icon-lumumba\\\/#article\",\"isPartOf\":{\"@id\":\"https:\\\/\\\/africadailyreport.com\\\/fr\\\/2024\\\/11\\\/20\\\/vandals-attack-dr-congo-mausoleum-of-anti-colonial-icon-lumumba\\\/\"},\"author\":{\"name\":\"ADR\\\/AFP\",\"@id\":\"https:\\\/\\\/africadailyreport.com\\\/fr\\\/#\\\/schema\\\/person\\\/c44d86d79f5570b3ba4cf70c989843f8\"},\"headline\":\"RDC: le mausol\u00e9e qui abrite la dent du martyr de l&rsquo;ind\u00e9pendance Lumumba vandalis\u00e9\",\"datePublished\":\"2024-11-20T00:05:13+00:00\",\"dateModified\":\"2024-11-20T00:08:29+00:00\",\"mainEntityOfPage\":{\"@id\":\"https:\\\/\\\/africadailyreport.com\\\/fr\\\/2024\\\/11\\\/20\\\/vandals-attack-dr-congo-mausoleum-of-anti-colonial-icon-lumumba\\\/\"},\"wordCount\":547,\"commentCount\":0,\"publisher\":{\"@id\":\"https:\\\/\\\/africadailyreport.com\\\/fr\\\/#organization\"},\"image\":{\"@id\":\"https:\\\/\\\/africadailyreport.com\\\/fr\\\/2024\\\/11\\\/20\\\/vandals-attack-dr-congo-mausoleum-of-anti-colonial-icon-lumumba\\\/#primaryimage\"},\"thumbnailUrl\":\"https:\\\/\\\/i0.wp.com\\\/africadailyreport.com\\\/wp-content\\\/uploads\\\/2024\\\/11\\\/AFP__20241119__36MV3HF__v1__HighRes__DrcongoPoliticsPolice-scaled.jpg?fit=2560%2C1703&ssl=1\",\"keywords\":[\"congo kinshasa\",\"lumumba\",\"Politics\",\"politique\",\"rdc\",\"vol\"],\"articleSection\":[\"Actualit\u00e9s\",\"Politics\"],\"inLanguage\":\"fr-FR\",\"potentialAction\":[{\"@type\":\"CommentAction\",\"name\":\"Comment\",\"target\":[\"https:\\\/\\\/africadailyreport.com\\\/fr\\\/2024\\\/11\\\/20\\\/vandals-attack-dr-congo-mausoleum-of-anti-colonial-icon-lumumba\\\/#respond\"]}],\"copyrightYear\":\"2024\",\"copyrightHolder\":{\"@id\":\"https:\\\/\\\/africadailyreport.com\\\/#organization\"}},{\"@type\":\"WebPage\",\"@id\":\"https:\\\/\\\/africadailyreport.com\\\/fr\\\/2024\\\/11\\\/20\\\/vandals-attack-dr-congo-mausoleum-of-anti-colonial-icon-lumumba\\\/\",\"url\":\"https:\\\/\\\/africadailyreport.com\\\/fr\\\/2024\\\/11\\\/20\\\/vandals-attack-dr-congo-mausoleum-of-anti-colonial-icon-lumumba\\\/\",\"name\":\"RDC: le mausol\u00e9e qui abrite la dent du martyr de l'ind\u00e9pendance Lumumba vandalis\u00e9 - Africa Daily Report\",\"isPartOf\":{\"@id\":\"https:\\\/\\\/africadailyreport.com\\\/fr\\\/#website\"},\"primaryImageOfPage\":{\"@id\":\"https:\\\/\\\/africadailyreport.com\\\/fr\\\/2024\\\/11\\\/20\\\/vandals-attack-dr-congo-mausoleum-of-anti-colonial-icon-lumumba\\\/#primaryimage\"},\"image\":{\"@id\":\"https:\\\/\\\/africadailyreport.com\\\/fr\\\/2024\\\/11\\\/20\\\/vandals-attack-dr-congo-mausoleum-of-anti-colonial-icon-lumumba\\\/#primaryimage\"},\"thumbnailUrl\":\"https:\\\/\\\/i0.wp.com\\\/africadailyreport.com\\\/wp-content\\\/uploads\\\/2024\\\/11\\\/AFP__20241119__36MV3HF__v1__HighRes__DrcongoPoliticsPolice-scaled.jpg?fit=2560%2C1703&ssl=1\",\"datePublished\":\"2024-11-20T00:05:13+00:00\",\"dateModified\":\"2024-11-20T00:08:29+00:00\",\"breadcrumb\":{\"@id\":\"https:\\\/\\\/africadailyreport.com\\\/fr\\\/2024\\\/11\\\/20\\\/vandals-attack-dr-congo-mausoleum-of-anti-colonial-icon-lumumba\\\/#breadcrumb\"},\"inLanguage\":\"fr-FR\",\"potentialAction\":[{\"@type\":\"ReadAction\",\"target\":[\"https:\\\/\\\/africadailyreport.com\\\/fr\\\/2024\\\/11\\\/20\\\/vandals-attack-dr-congo-mausoleum-of-anti-colonial-icon-lumumba\\\/\"]}]},{\"@type\":\"ImageObject\",\"inLanguage\":\"fr-FR\",\"@id\":\"https:\\\/\\\/africadailyreport.com\\\/fr\\\/2024\\\/11\\\/20\\\/vandals-attack-dr-congo-mausoleum-of-anti-colonial-icon-lumumba\\\/#primaryimage\",\"url\":\"https:\\\/\\\/i0.wp.com\\\/africadailyreport.com\\\/wp-content\\\/uploads\\\/2024\\\/11\\\/AFP__20241119__36MV3HF__v1__HighRes__DrcongoPoliticsPolice-scaled.jpg?fit=2560%2C1703&ssl=1\",\"contentUrl\":\"https:\\\/\\\/i0.wp.com\\\/africadailyreport.com\\\/wp-content\\\/uploads\\\/2024\\\/11\\\/AFP__20241119__36MV3HF__v1__HighRes__DrcongoPoliticsPolice-scaled.jpg?fit=2560%2C1703&ssl=1\",\"width\":2560,\"height\":1703,\"caption\":\"A general view of yellow ribbon placed on the broken windows on the door to the mausoleum of Patrice Lumumba in Kinshasa on November 19, 2024. - The mausoleum where the scant remains of DR Congo's fiery independence hero Patrice Lumumba are interred has been vandalised, the culture ministry said on November 19, 2024. A tooth is all that is left of the anti-colonialist icon and first prime minister after the country gained independence from Belgium in 1960. Culture Minister Yolande Elebe was unable to confirm to AFP whether the tooth -- considered a relic -- had been stolen. (Photo by Hardy BOPE \\\/ AFP)\"},{\"@type\":\"BreadcrumbList\",\"@id\":\"https:\\\/\\\/africadailyreport.com\\\/fr\\\/2024\\\/11\\\/20\\\/vandals-attack-dr-congo-mausoleum-of-anti-colonial-icon-lumumba\\\/#breadcrumb\",\"itemListElement\":[{\"@type\":\"ListItem\",\"position\":1,\"name\":\"Home\",\"item\":\"https:\\\/\\\/africadailyreport.com\\\/fr\\\/\"},{\"@type\":\"ListItem\",\"position\":2,\"name\":\"RDC: le mausol\u00e9e qui abrite la dent du martyr de l&#8217;ind\u00e9pendance Lumumba vandalis\u00e9\"}]},{\"@type\":\"WebSite\",\"@id\":\"https:\\\/\\\/africadailyreport.com\\\/fr\\\/#website\",\"url\":\"https:\\\/\\\/africadailyreport.com\\\/fr\\\/\",\"name\":\"Africa Daily Report\",\"description\":\"\",\"publisher\":{\"@id\":\"https:\\\/\\\/africadailyreport.com\\\/fr\\\/#organization\"},\"potentialAction\":[{\"@type\":\"SearchAction\",\"target\":{\"@type\":\"EntryPoint\",\"urlTemplate\":\"https:\\\/\\\/africadailyreport.com\\\/fr\\\/?s={search_term_string}\"},\"query-input\":{\"@type\":\"PropertyValueSpecification\",\"valueRequired\":true,\"valueName\":\"search_term_string\"}}],\"inLanguage\":\"fr-FR\"},{\"@type\":\"Organization\",\"@id\":\"https:\\\/\\\/africadailyreport.com\\\/fr\\\/#organization\",\"name\":\"Africa Daily Report\",\"url\":\"https:\\\/\\\/africadailyreport.com\\\/fr\\\/\",\"logo\":{\"@type\":\"ImageObject\",\"inLanguage\":\"fr-FR\",\"@id\":\"https:\\\/\\\/africadailyreport.com\\\/fr\\\/#\\\/schema\\\/logo\\\/image\\\/\",\"url\":\"https:\\\/\\\/africadailyreport.com\\\/wp-content\\\/uploads\\\/2024\\\/09\\\/ADR-Transparent-Green-Logo-1.png\",\"contentUrl\":\"https:\\\/\\\/africadailyreport.com\\\/wp-content\\\/uploads\\\/2024\\\/09\\\/ADR-Transparent-Green-Logo-1.png\",\"width\":267,\"height\":185,\"caption\":\"Africa Daily Report\"},\"image\":{\"@id\":\"https:\\\/\\\/africadailyreport.com\\\/fr\\\/#\\\/schema\\\/logo\\\/image\\\/\"},\"sameAs\":[\"https:\\\/\\\/www.facebook.com\\\/africadailyreport\",\"https:\\\/\\\/x.com\\\/adr_africa\",\"https:\\\/\\\/www.youtube.com\\\/@africadailyreport\",\"https:\\\/\\\/instagram.com\\\/africadailyreport\"]},{\"@type\":\"Person\",\"@id\":\"https:\\\/\\\/africadailyreport.com\\\/fr\\\/#\\\/schema\\\/person\\\/c44d86d79f5570b3ba4cf70c989843f8\",\"name\":\"ADR\\\/AFP\",\"image\":{\"@type\":\"ImageObject\",\"inLanguage\":\"fr-FR\",\"@id\":\"https:\\\/\\\/secure.gravatar.com\\\/avatar\\\/2fbdc3782aa386b408fd9a36f0bc78ee569c94a7a05670cab3a1d72916408214?s=96&d=mm&r=g\",\"url\":\"https:\\\/\\\/secure.gravatar.com\\\/avatar\\\/2fbdc3782aa386b408fd9a36f0bc78ee569c94a7a05670cab3a1d72916408214?s=96&d=mm&r=g\",\"contentUrl\":\"https:\\\/\\\/secure.gravatar.com\\\/avatar\\\/2fbdc3782aa386b408fd9a36f0bc78ee569c94a7a05670cab3a1d72916408214?s=96&d=mm&r=g\",\"caption\":\"ADR\\\/AFP\"},\"sameAs\":[\"http:\\\/\\\/africadailyreport.com\"],\"url\":\"https:\\\/\\\/africadailyreport.com\\\/fr\\\/author\\\/both\\\/\"}]}<\/script>\n<!-- \/ Yoast SEO Premium plugin. -->","yoast_head_json":{"title":"RDC: le mausol\u00e9e qui abrite la dent du martyr de l'ind\u00e9pendance Lumumba vandalis\u00e9 - Africa Daily Report","robots":{"index":"index","follow":"follow","max-snippet":"max-snippet:-1","max-image-preview":"max-image-preview:large","max-video-preview":"max-video-preview:-1"},"canonical":"https:\/\/africadailyreport.com\/fr\/2024\/11\/20\/vandals-attack-dr-congo-mausoleum-of-anti-colonial-icon-lumumba\/","og_locale":"fr_FR","og_type":"article","og_title":"RDC: le mausol\u00e9e qui abrite la dent du martyr de l'ind\u00e9pendance Lumumba vandalis\u00e9","og_description":"Le mausol\u00e9e du martyr congolais de l&rsquo;ind\u00e9pendance Patrice Lumumba a \u00e9t\u00e9 vandalis\u00e9 lundi \u00e0 Kinshasa, a d\u00e9plor\u00e9 mardi le minist\u00e8re de la Culture, sans pr\u00e9ciser si la dent de l&rsquo;ancien Premier ministre qu&rsquo;il abrite a \u00e9t\u00e9 d\u00e9rob\u00e9e. \u00ab\u00a0Un acte de vandalisme a \u00e9t\u00e9 perp\u00e9tr\u00e9 le lundi 18 novembre 2024 au mausol\u00e9e du h\u00e9ros national Patrice [&hellip;]","og_url":"https:\/\/africadailyreport.com\/fr\/2024\/11\/20\/vandals-attack-dr-congo-mausoleum-of-anti-colonial-icon-lumumba\/","og_site_name":"Africa Daily Report","article_publisher":"https:\/\/www.facebook.com\/africadailyreport","article_published_time":"2024-11-20T00:05:13+00:00","article_modified_time":"2024-11-20T00:08:29+00:00","og_image":[{"width":2560,"height":1703,"url":"https:\/\/africadailyreport.com\/wp-content\/uploads\/2024\/11\/AFP__20241119__36MV3HF__v1__HighRes__DrcongoPoliticsPolice-scaled.jpg","type":"image\/jpeg"}],"author":"ADR\/AFP","twitter_card":"summary_large_image","twitter_creator":"@adr_africa","twitter_site":"@adr_africa","twitter_misc":{"\u00c9crit par":"ADR\/AFP","Dur\u00e9e de lecture estim\u00e9e":"3 minutes"},"schema":{"@context":"https:\/\/schema.org","@graph":[{"@type":"Article","@id":"https:\/\/africadailyreport.com\/fr\/2024\/11\/20\/vandals-attack-dr-congo-mausoleum-of-anti-colonial-icon-lumumba\/#article","isPartOf":{"@id":"https:\/\/africadailyreport.com\/fr\/2024\/11\/20\/vandals-attack-dr-congo-mausoleum-of-anti-colonial-icon-lumumba\/"},"author":{"name":"ADR\/AFP","@id":"https:\/\/africadailyreport.com\/fr\/#\/schema\/person\/c44d86d79f5570b3ba4cf70c989843f8"},"headline":"RDC: le mausol\u00e9e qui abrite la dent du martyr de l&rsquo;ind\u00e9pendance Lumumba vandalis\u00e9","datePublished":"2024-11-20T00:05:13+00:00","dateModified":"2024-11-20T00:08:29+00:00","mainEntityOfPage":{"@id":"https:\/\/africadailyreport.com\/fr\/2024\/11\/20\/vandals-attack-dr-congo-mausoleum-of-anti-colonial-icon-lumumba\/"},"wordCount":547,"commentCount":0,"publisher":{"@id":"https:\/\/africadailyreport.com\/fr\/#organization"},"image":{"@id":"https:\/\/africadailyreport.com\/fr\/2024\/11\/20\/vandals-attack-dr-congo-mausoleum-of-anti-colonial-icon-lumumba\/#primaryimage"},"thumbnailUrl":"https:\/\/i0.wp.com\/africadailyreport.com\/wp-content\/uploads\/2024\/11\/AFP__20241119__36MV3HF__v1__HighRes__DrcongoPoliticsPolice-scaled.jpg?fit=2560%2C1703&ssl=1","keywords":["congo kinshasa","lumumba","Politics","politique","rdc","vol"],"articleSection":["Actualit\u00e9s","Politics"],"inLanguage":"fr-FR","potentialAction":[{"@type":"CommentAction","name":"Comment","target":["https:\/\/africadailyreport.com\/fr\/2024\/11\/20\/vandals-attack-dr-congo-mausoleum-of-anti-colonial-icon-lumumba\/#respond"]}],"copyrightYear":"2024","copyrightHolder":{"@id":"https:\/\/africadailyreport.com\/#organization"}},{"@type":"WebPage","@id":"https:\/\/africadailyreport.com\/fr\/2024\/11\/20\/vandals-attack-dr-congo-mausoleum-of-anti-colonial-icon-lumumba\/","url":"https:\/\/africadailyreport.com\/fr\/2024\/11\/20\/vandals-attack-dr-congo-mausoleum-of-anti-colonial-icon-lumumba\/","name":"RDC: le mausol\u00e9e qui abrite la dent du martyr de l'ind\u00e9pendance Lumumba vandalis\u00e9 - Africa Daily Report","isPartOf":{"@id":"https:\/\/africadailyreport.com\/fr\/#website"},"primaryImageOfPage":{"@id":"https:\/\/africadailyreport.com\/fr\/2024\/11\/20\/vandals-attack-dr-congo-mausoleum-of-anti-colonial-icon-lumumba\/#primaryimage"},"image":{"@id":"https:\/\/africadailyreport.com\/fr\/2024\/11\/20\/vandals-attack-dr-congo-mausoleum-of-anti-colonial-icon-lumumba\/#primaryimage"},"thumbnailUrl":"https:\/\/i0.wp.com\/africadailyreport.com\/wp-content\/uploads\/2024\/11\/AFP__20241119__36MV3HF__v1__HighRes__DrcongoPoliticsPolice-scaled.jpg?fit=2560%2C1703&ssl=1","datePublished":"2024-11-20T00:05:13+00:00","dateModified":"2024-11-20T00:08:29+00:00","breadcrumb":{"@id":"https:\/\/africadailyreport.com\/fr\/2024\/11\/20\/vandals-attack-dr-congo-mausoleum-of-anti-colonial-icon-lumumba\/#breadcrumb"},"inLanguage":"fr-FR","potentialAction":[{"@type":"ReadAction","target":["https:\/\/africadailyreport.com\/fr\/2024\/11\/20\/vandals-attack-dr-congo-mausoleum-of-anti-colonial-icon-lumumba\/"]}]},{"@type":"ImageObject","inLanguage":"fr-FR","@id":"https:\/\/africadailyreport.com\/fr\/2024\/11\/20\/vandals-attack-dr-congo-mausoleum-of-anti-colonial-icon-lumumba\/#primaryimage","url":"https:\/\/i0.wp.com\/africadailyreport.com\/wp-content\/uploads\/2024\/11\/AFP__20241119__36MV3HF__v1__HighRes__DrcongoPoliticsPolice-scaled.jpg?fit=2560%2C1703&ssl=1","contentUrl":"https:\/\/i0.wp.com\/africadailyreport.com\/wp-content\/uploads\/2024\/11\/AFP__20241119__36MV3HF__v1__HighRes__DrcongoPoliticsPolice-scaled.jpg?fit=2560%2C1703&ssl=1","width":2560,"height":1703,"caption":"A general view of yellow ribbon placed on the broken windows on the door to the mausoleum of Patrice Lumumba in Kinshasa on November 19, 2024. - The mausoleum where the scant remains of DR Congo's fiery independence hero Patrice Lumumba are interred has been vandalised, the culture ministry said on November 19, 2024. A tooth is all that is left of the anti-colonialist icon and first prime minister after the country gained independence from Belgium in 1960. Culture Minister Yolande Elebe was unable to confirm to AFP whether the tooth -- considered a relic -- had been stolen. (Photo by Hardy BOPE \/ AFP)"},{"@type":"BreadcrumbList","@id":"https:\/\/africadailyreport.com\/fr\/2024\/11\/20\/vandals-attack-dr-congo-mausoleum-of-anti-colonial-icon-lumumba\/#breadcrumb","itemListElement":[{"@type":"ListItem","position":1,"name":"Home","item":"https:\/\/africadailyreport.com\/fr\/"},{"@type":"ListItem","position":2,"name":"RDC: le mausol\u00e9e qui abrite la dent du martyr de l&#8217;ind\u00e9pendance Lumumba vandalis\u00e9"}]},{"@type":"WebSite","@id":"https:\/\/africadailyreport.com\/fr\/#website","url":"https:\/\/africadailyreport.com\/fr\/","name":"Africa Daily Report","description":"","publisher":{"@id":"https:\/\/africadailyreport.com\/fr\/#organization"},"potentialAction":[{"@type":"SearchAction","target":{"@type":"EntryPoint","urlTemplate":"https:\/\/africadailyreport.com\/fr\/?s={search_term_string}"},"query-input":{"@type":"PropertyValueSpecification","valueRequired":true,"valueName":"search_term_string"}}],"inLanguage":"fr-FR"},{"@type":"Organization","@id":"https:\/\/africadailyreport.com\/fr\/#organization","name":"Africa Daily Report","url":"https:\/\/africadailyreport.com\/fr\/","logo":{"@type":"ImageObject","inLanguage":"fr-FR","@id":"https:\/\/africadailyreport.com\/fr\/#\/schema\/logo\/image\/","url":"https:\/\/africadailyreport.com\/wp-content\/uploads\/2024\/09\/ADR-Transparent-Green-Logo-1.png","contentUrl":"https:\/\/africadailyreport.com\/wp-content\/uploads\/2024\/09\/ADR-Transparent-Green-Logo-1.png","width":267,"height":185,"caption":"Africa Daily Report"},"image":{"@id":"https:\/\/africadailyreport.com\/fr\/#\/schema\/logo\/image\/"},"sameAs":["https:\/\/www.facebook.com\/africadailyreport","https:\/\/x.com\/adr_africa","https:\/\/www.youtube.com\/@africadailyreport","https:\/\/instagram.com\/africadailyreport"]},{"@type":"Person","@id":"https:\/\/africadailyreport.com\/fr\/#\/schema\/person\/c44d86d79f5570b3ba4cf70c989843f8","name":"ADR\/AFP","image":{"@type":"ImageObject","inLanguage":"fr-FR","@id":"https:\/\/secure.gravatar.com\/avatar\/2fbdc3782aa386b408fd9a36f0bc78ee569c94a7a05670cab3a1d72916408214?s=96&d=mm&r=g","url":"https:\/\/secure.gravatar.com\/avatar\/2fbdc3782aa386b408fd9a36f0bc78ee569c94a7a05670cab3a1d72916408214?s=96&d=mm&r=g","contentUrl":"https:\/\/secure.gravatar.com\/avatar\/2fbdc3782aa386b408fd9a36f0bc78ee569c94a7a05670cab3a1d72916408214?s=96&d=mm&r=g","caption":"ADR\/AFP"},"sameAs":["http:\/\/africadailyreport.com"],"url":"https:\/\/africadailyreport.com\/fr\/author\/both\/"}]}},"jetpack_featured_media_url":"https:\/\/i0.wp.com\/africadailyreport.com\/wp-content\/uploads\/2024\/11\/AFP__20241119__36MV3HF__v1__HighRes__DrcongoPoliticsPolice-scaled.jpg?fit=2560%2C1703&ssl=1","jetpack_sharing_enabled":true,"amp_enabled":true,"_links":{"self":[{"href":"https:\/\/africadailyreport.com\/fr\/wp-json\/wp\/v2\/posts\/14265","targetHints":{"allow":["GET"]}}],"collection":[{"href":"https:\/\/africadailyreport.com\/fr\/wp-json\/wp\/v2\/posts"}],"about":[{"href":"https:\/\/africadailyreport.com\/fr\/wp-json\/wp\/v2\/types\/post"}],"author":[{"embeddable":true,"href":"https:\/\/africadailyreport.com\/fr\/wp-json\/wp\/v2\/users\/10"}],"replies":[{"embeddable":true,"href":"https:\/\/africadailyreport.com\/fr\/wp-json\/wp\/v2\/comments?post=14265"}],"version-history":[{"count":1,"href":"https:\/\/africadailyreport.com\/fr\/wp-json\/wp\/v2\/posts\/14265\/revisions"}],"predecessor-version":[{"id":14266,"href":"https:\/\/africadailyreport.com\/fr\/wp-json\/wp\/v2\/posts\/14265\/revisions\/14266"}],"wp:featuredmedia":[{"embeddable":true,"href":"https:\/\/africadailyreport.com\/fr\/wp-json\/wp\/v2\/media\/14263"}],"wp:attachment":[{"href":"https:\/\/africadailyreport.com\/fr\/wp-json\/wp\/v2\/media?parent=14265"}],"wp:term":[{"taxonomy":"category","embeddable":true,"href":"https:\/\/africadailyreport.com\/fr\/wp-json\/wp\/v2\/categories?post=14265"},{"taxonomy":"post_tag","embeddable":true,"href":"https:\/\/africadailyreport.com\/fr\/wp-json\/wp\/v2\/tags?post=14265"},{"taxonomy":"adr_country","embeddable":true,"href":"https:\/\/africadailyreport.com\/fr\/wp-json\/wp\/v2\/adr_country?post=14265"}],"curies":[{"name":"wp","href":"https:\/\/api.w.org\/{rel}","templated":true}]}}