{"id":14213,"date":"2024-11-14T04:12:47","date_gmt":"2024-11-14T04:12:47","guid":{"rendered":"https:\/\/africadailyreport.com\/2024\/11\/14\/senegals-2024-legislative-elections-pragmatic-alliances-or-betrayal-of-ideals\/"},"modified":"2024-11-14T04:19:01","modified_gmt":"2024-11-14T04:19:01","slug":"senegals-2024-legislative-elections-pragmatic-alliances-or-betrayal-of-ideals","status":"publish","type":"post","link":"https:\/\/africadailyreport.com\/fr\/2024\/11\/14\/senegals-2024-legislative-elections-pragmatic-alliances-or-betrayal-of-ideals\/","title":{"rendered":"L\u00e9gislatives 2024 au S\u00e9n\u00e9gal : alliances pragmatiques ou trahison des id\u00e9aux ?"},"content":{"rendered":"<figure class=\"wp-block-embed wp-embed-aspect-16-9 wp-has-aspect-ratio  is-type-video is-provider-youtube wp-block-embed-youtube\"><div class=\"wp-block-embed__wrapper video-seo-youtube-embed-wrapper\"><div class=\"video-seo-youtube-player\" data-id=\"mZY88yPzcqI\"><\/div><\/div><\/figure>\n\n\n<h3 class=\"wp-block-heading\" id=\"h-\"><\/h3>\n\n\n\n<p class=\"\"><strong>R\u00e9sum\u00e9<\/strong><br>\u00c0 l&rsquo;approche des \u00e9lections l\u00e9gislatives anticip\u00e9es du 17 novembre 2024, le S\u00e9n\u00e9gal se retrouve face \u00e0 une question fondamentale : Ousmane Sonko, leader du parti Pastef, peut-il incarner un changement durable tout en acceptant des alliances strat\u00e9giques avec des anciens rivaux politiques ? Ces alliances, jug\u00e9es n\u00e9cessaires pour consolider une majorit\u00e9 parlementaire, risquent cependant de compromettre l&rsquo;image d&rsquo;int\u00e9grit\u00e9 que Sonko et son parti ont longtemps cultiv\u00e9e. Pendant ce temps, Macky Sall et Amadou Ba, chacun avec sa propre strat\u00e9gie, s&rsquo;affirment comme des forces politiques rivales pr\u00eates \u00e0 influencer ces \u00e9lections. Ce scrutin pourrait non seulement red\u00e9finir l\u2019avenir politique du S\u00e9n\u00e9gal, mais aussi impacter la stabilit\u00e9 d\u00e9mocratique de l\u2019ensemble de l&rsquo;Afrique de l\u2019Ouest.<\/p>\n\n\n\n<hr class=\"wp-block-separator has-alpha-channel-opacity\"\/>\n\n\n\n<h3 class=\"wp-block-heading\" id=\"h-des-alliances-strategiques-pour-pastef-pragmatisme-ou-reniement-des-valeurs\"><strong>Des alliances strat\u00e9giques pour Pastef : pragmatisme ou reniement des valeurs ?<\/strong><\/h3>\n\n\n\n<p class=\"\">Le 3 novembre dernier, lors d\u2019un rassemblement \u00e0 Kolda, Ousmane Sonko a \u00e9tonn\u00e9 ses partisans en accueillant deux figures de l\u2019ancienne majorit\u00e9 : Mame Boye Diao et Abdourahmane Bald\u00e9. Ces ralliements, venant d\u2019anciens alli\u00e9s de l\u2019ex-pr\u00e9sident Macky Sall, posent une question cruciale : Sonko peut-il pr\u00e9tendre incarner le renouveau politique tout en s\u2019appuyant sur des transfuges de l\u2019ancien r\u00e9gime ? Depuis sa fondation, Pastef s\u2019est oppos\u00e9 \u00e0 la transhumance politique, d\u00e9non\u00e7ant ce ph\u00e9nom\u00e8ne comme un symbole d\u2019opportunisme et de corruption. En ouvrant d\u00e9sormais les portes du parti \u00e0 d\u2019anciens rivaux, Sonko opte pour un pragmatisme qui pourrait toutefois \u00e9roder la confiance de son \u00e9lectorat.<\/p>\n\n\n\n<p class=\"\">\u00ab L\u2019unit\u00e9 et la force sont indispensables pour reconstruire un S\u00e9n\u00e9gal plus juste \u00bb, a-t-il d\u00e9clar\u00e9 lors de ce rassemblement, relay\u00e9 par <em>Jeune Afrique<\/em>. Cependant, cette d\u00e9claration n\u2019a pas apais\u00e9 tous les doutes parmi ses partisans. Certains voient dans ces alliances une entorse aux valeurs fondatrices de Pastef, tandis que d\u2019autres estiment que ces ralliements sont n\u00e9cessaires pour construire une majorit\u00e9 forte. \u00ab Sonko prend un risque en int\u00e9grant des transfuges \u00bb, commente un analyste du <em>Centre des \u00c9tudes Africaines<\/em> de Dakar, qui souligne que cette ambigu\u00eft\u00e9 pourrait constituer un point faible pour Sonko face \u00e0 ses adversaires, Macky Sall et Amadou Ba.<\/p>\n\n\n\n<h3 class=\"wp-block-heading\" id=\"h-macky-sall-et-le-retour-calcule-depuis-marrakech-un-acteur-toujours-influent\"><strong>Macky Sall et le retour calcul\u00e9 depuis Marrakech : un acteur toujours influent<\/strong><\/h3>\n\n\n\n<p class=\"\">L\u2019ancien pr\u00e9sident Macky Sall, bien que retir\u00e9 de la vie publique et r\u00e9sidant actuellement \u00e0 Marrakech, reste une figure influente de la politique s\u00e9n\u00e9galaise. Par l\u2019entremise de la coalition Takku Wallu, Sall rassemble d\u2019anciens membres de l\u2019APR et du PDS, construisant une opposition structur\u00e9e pour contrer Pastef. Cette man\u0153uvre strat\u00e9gique, bien qu\u2019indirecte, vise non seulement \u00e0 contenir l\u2019influence de Sonko, mais aussi \u00e0 prot\u00e9ger ses anciens collaborateurs menac\u00e9s de poursuites judiciaires.<\/p>\n\n\n\n<p class=\"\">Pour Sall, cette coalition permet de capter une partie de l\u2019\u00e9lectorat s\u00e9n\u00e9galais, particuli\u00e8rement ceux qui doutent de la sinc\u00e9rit\u00e9 des alliances de Sonko. Selon un rapport de l\u2019<em>International Crisis Group<\/em>, la coalition Takku Wallu pourrait \u00e9branler l\u2019\u00e9quilibre politique au S\u00e9n\u00e9gal et freiner les ambitions parlementaires de Sonko, en ralliant des \u00e9lecteurs traditionnels de l\u2019APR. \u00ab Si Takku Wallu r\u00e9ussit \u00e0 s\u2019imposer, cela pourrait affaiblir Pastef et emp\u00eacher Sonko de mettre en \u0153uvre ses r\u00e9formes ambitieuses \u00bb, analyse un politologue local.<\/p>\n\n\n\n<h3 class=\"wp-block-heading\" id=\"h-amadou-ba-un-critique-severe-de-la-transhumance-politique-et-un-rival-strategique\"><strong>Amadou Ba : un critique s\u00e9v\u00e8re de la transhumance politique et un rival strat\u00e9gique<\/strong><\/h3>\n\n\n\n<p class=\"\">Dans cette recomposition politique, Amadou Ba, ancien Premier ministre et chef de la coalition Jamm Ak Njarin, s\u2019\u00e9rige en rival de poids pour Sonko. Se positionnant comme un d\u00e9fenseur des valeurs de transparence et d\u2019int\u00e9grit\u00e9, Ba critique ouvertement les alliances de Pastef et les contradictions de Sonko sur la transhumance. \u00ab Le S\u00e9n\u00e9gal m\u00e9rite des leaders coh\u00e9rents et sinc\u00e8res, et non des alliances de circonstance \u00bb, a-t-il d\u00e9clar\u00e9 dans une interview avec <em>Africa Report<\/em>, soulignant ce qu\u2019il per\u00e7oit comme de l\u2019opportunisme de la part de Sonko.<\/p>\n\n\n\n<p class=\"\">Sa strat\u00e9gie est de se pr\u00e9senter comme une alternative cr\u00e9dible, s\u00e9duisant un \u00e9lectorat de plus en plus sceptique envers les man\u0153uvres politiques. Ba parie sur la coh\u00e9rence de ses engagements pour attirer des \u00e9lecteurs d\u00e9\u00e7us par les compromis de Sonko. \u00ab Amadou Ba se positionne comme la conscience politique du S\u00e9n\u00e9gal \u00bb, d\u00e9clare un professeur de science politique de l\u2019Universit\u00e9 Cheikh Anta Diop, soulignant que la posture de Ba pourrait s\u2019av\u00e9rer d\u00e9cisive, surtout pour un \u00e9lectorat en qu\u00eate de stabilit\u00e9.<\/p>\n\n\n\n<h3 class=\"wp-block-heading\" id=\"h-un-scrutin-aux-repercussions-economiques-et-sociales-un-enjeu-de-stabilite\"><strong>Un scrutin aux r\u00e9percussions \u00e9conomiques et sociales : un enjeu de stabilit\u00e9<\/strong><\/h3>\n\n\n\n<p class=\"\">Au-del\u00e0 des strat\u00e9gies politiques, les \u00e9lections l\u00e9gislatives de 2024 rev\u00eatent une importance cruciale pour l\u2019avenir \u00e9conomique et social du S\u00e9n\u00e9gal. Le pays, confront\u00e9 \u00e0 une inflation galopante et \u00e0 des taux de ch\u00f4mage \u00e9lev\u00e9s, attend de ses dirigeants des r\u00e9formes qui soutiendront le d\u00e9veloppement. Une victoire de Pastef pourrait permettre \u00e0 Sonko de concr\u00e9tiser son programme de r\u00e9formes ax\u00e9 sur la redistribution des richesses et la justice sociale.<\/p>\n\n\n\n<p class=\"\">Cependant, un parlement divis\u00e9 pourrait offrir une forme d\u2019\u00e9quilibre politique, rassurant les investisseurs et favorisant une gouvernance plus mod\u00e9r\u00e9e. Pour un \u00e9conomiste de la Banque mondiale, \u00ab la stabilit\u00e9 politique est essentielle pour maintenir la confiance des investisseurs \u00e9trangers. Si le S\u00e9n\u00e9gal parvient \u00e0 pr\u00e9server un \u00e9quilibre, il pourrait renforcer sa position comme mod\u00e8le \u00e9conomique et politique dans la r\u00e9gion \u00bb.<\/p>\n\n\n\n<h3 class=\"wp-block-heading\" id=\"h-le-senegal-un-modele-pour-l-afrique-de-l-ouest\"><strong>Le S\u00e9n\u00e9gal, un mod\u00e8le pour l\u2019Afrique de l\u2019Ouest ?<\/strong><\/h3>\n\n\n\n<p class=\"\">Les enjeux de cette \u00e9lection d\u00e9passent les fronti\u00e8res s\u00e9n\u00e9galaises. Alors que des pays voisins comme le Burkina Faso et le Mali traversent des crises politiques, le S\u00e9n\u00e9gal est observ\u00e9 comme un pilier de stabilit\u00e9 d\u00e9mocratique en Afrique de l\u2019Ouest. La r\u00e9ussite ou l\u2019\u00e9chec de cette transition politique pourrait donc avoir des r\u00e9percussions r\u00e9gionales.<\/p>\n\n\n\n<p class=\"\">D\u2019apr\u00e8s un expert de l\u2019<em>International Crisis Group<\/em>, \u00ab le S\u00e9n\u00e9gal est l\u2019un des rares pays de la r\u00e9gion \u00e0 avoir pr\u00e9serv\u00e9 sa stabilit\u00e9. Si Sonko parvient \u00e0 instaurer un gouvernement inclusif, cela pourrait inspirer d\u2019autres pays en qu\u00eate de stabilit\u00e9 \u00bb. Ce scrutin, tout en \u00e9tant centr\u00e9 sur le S\u00e9n\u00e9gal, est per\u00e7u comme un barom\u00e8tre pour la d\u00e9mocratie en Afrique de l\u2019Ouest, et pourrait influencer des dynamiques politiques dans d\u2019autres \u00c9tats de la r\u00e9gion.<\/p>\n\n\n\n<h3 class=\"wp-block-heading\" id=\"h-perspective-citoyenne-entre-espoir-et-scepticisme\"><strong>Perspective citoyenne : entre espoir et scepticisme<\/strong><\/h3>\n\n\n\n<p class=\"\">Dans ce climat de recomposition politique, le peuple s\u00e9n\u00e9galais exprime des opinions partag\u00e9es. Si certains voient en Sonko un symbole d\u2019espoir et de renouveau, d\u2019autres s\u2019inqui\u00e8tent des compromis qu\u2019il est pr\u00eat \u00e0 faire pour acc\u00e9der au pouvoir. \u00ab Nous voulons un changement r\u00e9el, mais pas \u00e0 n\u2019importe quel prix \u00bb, t\u00e9moigne Mamadou, un commer\u00e7ant de Dakar. Cette voix refl\u00e8te un scepticisme grandissant parmi l\u2019\u00e9lectorat, qui aspire \u00e0 des dirigeants int\u00e8gres et \u00e0 des r\u00e9formes sans compromis sur les valeurs.<\/p>\n\n\n\n<p class=\"\">Ce t\u00e9moignage ancre l\u2019analyse dans la r\u00e9alit\u00e9 v\u00e9cue par les citoyens, soulignant l\u2019importance pour les leaders politiques de r\u00e9pondre aux attentes d\u2019une population lass\u00e9e des jeux d\u2019alliances et des strat\u00e9gies \u00e9lectorales.<\/p>\n\n\n\n<h3 class=\"wp-block-heading\" id=\"h-conclusion-le-senegal-a-la-croisee-des-chemins-democratiques\"><strong>Conclusion : le S\u00e9n\u00e9gal \u00e0 la crois\u00e9e des chemins d\u00e9mocratiques<\/strong><\/h3>\n\n\n\n<p class=\"\">\u00c0 la veille de ces l\u00e9gislatives cruciales, le S\u00e9n\u00e9gal se trouve face \u00e0 un choix d\u00e9terminant. Ousmane Sonko devra d\u00e9montrer que son parti peut mener un changement durable, sans sacrifier les valeurs d\u2019int\u00e9grit\u00e9 qui ont fait sa popularit\u00e9. Mais dans une comp\u00e9tition marqu\u00e9e par le retour strat\u00e9gique de Macky Sall et la position de fermet\u00e9 d\u2019Amadou Ba, la d\u00e9mocratie s\u00e9n\u00e9galaise est mise \u00e0 l\u2019\u00e9preuve.<\/p>\n\n\n\n<p class=\"\">Le pays saura-t-il pr\u00e9server son statut de mod\u00e8le d\u00e9mocratique en Afrique de l\u2019Ouest ? La r\u00e9ponse d\u00e9pendra de la capacit\u00e9 de chaque camp \u00e0 convaincre un \u00e9lectorat exigeant et \u00e0 offrir une vision claire et coh\u00e9rente pour le futur du S\u00e9n\u00e9gal. Dans cette course o\u00f9 l\u2019\u00e9thique se confronte \u00e0 la strat\u00e9gie, l\u2019avenir de la politique s\u00e9n\u00e9galaise et de la stabilit\u00e9 r\u00e9gionale est en jeu.<\/p>\n\n\n\n<p class=\"\">\u00a9 Odon Bulamba \/ ADR<\/p>\n","protected":false},"excerpt":{"rendered":"<p>R\u00e9sum\u00e9\u00c0 l&rsquo;approche des \u00e9lections l\u00e9gislatives anticip\u00e9es du 17 novembre 2024, le S\u00e9n\u00e9gal se retrouve face \u00e0 une question fondamentale : Ousmane Sonko, leader du parti Pastef, peut-il incarner un changement durable tout en acceptant des alliances strat\u00e9giques avec des anciens rivaux politiques ? Ces alliances, jug\u00e9es n\u00e9cessaires pour consolider une majorit\u00e9 parlementaire, risquent cependant de [&hellip;]<\/p>\n","protected":false},"author":10,"featured_media":14204,"comment_status":"open","ping_status":"open","sticky":false,"template":"","format":"standard","meta":{"_acf_changed":false,"om_disable_all_campaigns":false,"_monsterinsights_skip_tracking":false,"_monsterinsights_sitenote_active":false,"_monsterinsights_sitenote_note":"","_monsterinsights_sitenote_category":0,"tdm_status":"","tdm_grid_status":"","_jetpack_newsletter_access":"","_jetpack_dont_email_post_to_subs":false,"_jetpack_newsletter_tier_id":0,"_jetpack_memberships_contains_paywalled_content":false,"_jetpack_memberships_contains_paid_content":false,"footnotes":""},"categories":[293,850,690],"tags":[1816,1819,1817,1820,1818,1563,815,1821],"adr_country":[1092],"class_list":{"0":"post-14213","1":"post","2":"type-post","3":"status-publish","4":"format-standard","5":"has-post-thumbnail","7":"category-actualites-fr","8":"category-analyses-et-dossiers-fr","9":"category-politique-2","10":"tag-alliances-fr","11":"tag-analyse","12":"tag-analysis-fr","13":"tag-dossier","14":"tag-legislatives-fr","15":"tag-pastef-fr","16":"tag-senegal-2-fr","17":"tag-sonko-2","18":"adr_country-senegal"},"acf":{"post_version":""},"yoast_head":"<!-- This site is optimized with the Yoast SEO Premium plugin v26.0 (Yoast SEO v27.4) - https:\/\/yoast.com\/product\/yoast-seo-premium-wordpress\/ -->\n<title>L\u00e9gislatives 2024 au S\u00e9n\u00e9gal : alliances pragmatiques ou trahison des id\u00e9aux ? - Africa Daily Report<\/title>\n<meta name=\"robots\" content=\"index, follow, max-snippet:-1, max-image-preview:large, max-video-preview:-1\" \/>\n<link rel=\"canonical\" href=\"https:\/\/africadailyreport.com\/fr\/2024\/11\/14\/senegals-2024-legislative-elections-pragmatic-alliances-or-betrayal-of-ideals\/\" \/>\n<meta property=\"og:locale\" content=\"fr_FR\" \/>\n<meta property=\"og:type\" content=\"article\" \/>\n<meta property=\"og:title\" content=\"L\u00e9gislatives 2024 au S\u00e9n\u00e9gal : alliances pragmatiques ou trahison des id\u00e9aux ?\" \/>\n<meta property=\"og:description\" content=\"R\u00e9sum\u00e9\u00c0 l&rsquo;approche des \u00e9lections l\u00e9gislatives anticip\u00e9es du 17 novembre 2024, le S\u00e9n\u00e9gal se retrouve face \u00e0 une question fondamentale : Ousmane Sonko, leader du parti Pastef, peut-il incarner un changement durable tout en acceptant des alliances strat\u00e9giques avec des anciens rivaux politiques ? Ces alliances, jug\u00e9es n\u00e9cessaires pour consolider une majorit\u00e9 parlementaire, risquent cependant de [&hellip;]\" \/>\n<meta property=\"og:url\" content=\"https:\/\/africadailyreport.com\/fr\/2024\/11\/14\/senegals-2024-legislative-elections-pragmatic-alliances-or-betrayal-of-ideals\/\" \/>\n<meta property=\"og:site_name\" content=\"Africa Daily Report\" \/>\n<meta property=\"article:publisher\" content=\"https:\/\/www.facebook.com\/africadailyreport\" \/>\n<meta property=\"article:published_time\" content=\"2024-11-14T04:12:47+00:00\" \/>\n<meta property=\"article:modified_time\" content=\"2024-11-14T04:19:01+00:00\" \/>\n<meta property=\"og:image\" content=\"https:\/\/i0.wp.com\/africadailyreport.com\/wp-content\/uploads\/2024\/11\/mzy88ypzcqi-1.jpg?fit=640%2C480&ssl=1\" \/>\n\t<meta property=\"og:image:width\" content=\"640\" \/>\n\t<meta property=\"og:image:height\" content=\"480\" \/>\n\t<meta property=\"og:image:type\" content=\"image\/jpeg\" \/>\n<meta name=\"author\" content=\"ADR\/AFP\" \/>\n<meta name=\"twitter:card\" content=\"summary_large_image\" \/>\n<meta name=\"twitter:creator\" content=\"@adr_africa\" \/>\n<meta name=\"twitter:site\" content=\"@adr_africa\" \/>\n<meta name=\"twitter:label1\" content=\"\u00c9crit par\" \/>\n\t<meta name=\"twitter:data1\" content=\"ADR\/AFP\" \/>\n\t<meta name=\"twitter:label2\" content=\"Dur\u00e9e de lecture estim\u00e9e\" \/>\n\t<meta name=\"twitter:data2\" content=\"6 minutes\" \/>\n<script type=\"application\/ld+json\" class=\"yoast-schema-graph\">{\"@context\":\"https:\\\/\\\/schema.org\",\"@graph\":[{\"@type\":\"Article\",\"@id\":\"https:\\\/\\\/africadailyreport.com\\\/fr\\\/2024\\\/11\\\/14\\\/senegals-2024-legislative-elections-pragmatic-alliances-or-betrayal-of-ideals\\\/#article\",\"isPartOf\":{\"@id\":\"https:\\\/\\\/africadailyreport.com\\\/fr\\\/2024\\\/11\\\/14\\\/senegals-2024-legislative-elections-pragmatic-alliances-or-betrayal-of-ideals\\\/\"},\"author\":{\"name\":\"ADR\\\/AFP\",\"@id\":\"https:\\\/\\\/africadailyreport.com\\\/fr\\\/#\\\/schema\\\/person\\\/c44d86d79f5570b3ba4cf70c989843f8\"},\"headline\":\"L\u00e9gislatives 2024 au S\u00e9n\u00e9gal : alliances pragmatiques ou trahison des id\u00e9aux ?\",\"datePublished\":\"2024-11-14T04:12:47+00:00\",\"dateModified\":\"2024-11-14T04:19:01+00:00\",\"mainEntityOfPage\":{\"@id\":\"https:\\\/\\\/africadailyreport.com\\\/fr\\\/2024\\\/11\\\/14\\\/senegals-2024-legislative-elections-pragmatic-alliances-or-betrayal-of-ideals\\\/\"},\"wordCount\":1399,\"commentCount\":0,\"publisher\":{\"@id\":\"https:\\\/\\\/africadailyreport.com\\\/fr\\\/#organization\"},\"image\":{\"@id\":\"https:\\\/\\\/africadailyreport.com\\\/fr\\\/2024\\\/11\\\/14\\\/senegals-2024-legislative-elections-pragmatic-alliances-or-betrayal-of-ideals\\\/#primaryimage\"},\"thumbnailUrl\":\"https:\\\/\\\/i0.wp.com\\\/africadailyreport.com\\\/wp-content\\\/uploads\\\/2024\\\/11\\\/mzy88ypzcqi-1.jpg?fit=640%2C480&ssl=1\",\"keywords\":[\"alliances\",\"analyse\",\"analysis\",\"dossier\",\"legislatives\",\"pastef\",\"Senegal\",\"sonko\"],\"articleSection\":[\"Actualit\u00e9s\",\"ANALYSES ET DOSSIERS\",\"POLITIQUE\"],\"inLanguage\":\"fr-FR\",\"potentialAction\":[{\"@type\":\"CommentAction\",\"name\":\"Comment\",\"target\":[\"https:\\\/\\\/africadailyreport.com\\\/fr\\\/2024\\\/11\\\/14\\\/senegals-2024-legislative-elections-pragmatic-alliances-or-betrayal-of-ideals\\\/#respond\"]}],\"copyrightYear\":\"2024\",\"copyrightHolder\":{\"@id\":\"https:\\\/\\\/africadailyreport.com\\\/#organization\"}},{\"@type\":\"WebPage\",\"@id\":\"https:\\\/\\\/africadailyreport.com\\\/fr\\\/2024\\\/11\\\/14\\\/senegals-2024-legislative-elections-pragmatic-alliances-or-betrayal-of-ideals\\\/\",\"url\":\"https:\\\/\\\/africadailyreport.com\\\/fr\\\/2024\\\/11\\\/14\\\/senegals-2024-legislative-elections-pragmatic-alliances-or-betrayal-of-ideals\\\/\",\"name\":\"L\u00e9gislatives 2024 au S\u00e9n\u00e9gal : alliances pragmatiques ou trahison des id\u00e9aux ? - Africa Daily Report\",\"isPartOf\":{\"@id\":\"https:\\\/\\\/africadailyreport.com\\\/fr\\\/#website\"},\"primaryImageOfPage\":{\"@id\":\"https:\\\/\\\/africadailyreport.com\\\/fr\\\/2024\\\/11\\\/14\\\/senegals-2024-legislative-elections-pragmatic-alliances-or-betrayal-of-ideals\\\/#primaryimage\"},\"image\":{\"@id\":\"https:\\\/\\\/africadailyreport.com\\\/fr\\\/2024\\\/11\\\/14\\\/senegals-2024-legislative-elections-pragmatic-alliances-or-betrayal-of-ideals\\\/#primaryimage\"},\"thumbnailUrl\":\"https:\\\/\\\/i0.wp.com\\\/africadailyreport.com\\\/wp-content\\\/uploads\\\/2024\\\/11\\\/mzy88ypzcqi-1.jpg?fit=640%2C480&ssl=1\",\"datePublished\":\"2024-11-14T04:12:47+00:00\",\"dateModified\":\"2024-11-14T04:19:01+00:00\",\"breadcrumb\":{\"@id\":\"https:\\\/\\\/africadailyreport.com\\\/fr\\\/2024\\\/11\\\/14\\\/senegals-2024-legislative-elections-pragmatic-alliances-or-betrayal-of-ideals\\\/#breadcrumb\"},\"inLanguage\":\"fr-FR\",\"potentialAction\":[{\"@type\":\"ReadAction\",\"target\":[\"https:\\\/\\\/africadailyreport.com\\\/fr\\\/2024\\\/11\\\/14\\\/senegals-2024-legislative-elections-pragmatic-alliances-or-betrayal-of-ideals\\\/\"]}]},{\"@type\":\"ImageObject\",\"inLanguage\":\"fr-FR\",\"@id\":\"https:\\\/\\\/africadailyreport.com\\\/fr\\\/2024\\\/11\\\/14\\\/senegals-2024-legislative-elections-pragmatic-alliances-or-betrayal-of-ideals\\\/#primaryimage\",\"url\":\"https:\\\/\\\/i0.wp.com\\\/africadailyreport.com\\\/wp-content\\\/uploads\\\/2024\\\/11\\\/mzy88ypzcqi-1.jpg?fit=640%2C480&ssl=1\",\"contentUrl\":\"https:\\\/\\\/i0.wp.com\\\/africadailyreport.com\\\/wp-content\\\/uploads\\\/2024\\\/11\\\/mzy88ypzcqi-1.jpg?fit=640%2C480&ssl=1\",\"width\":640,\"height\":480},{\"@type\":\"BreadcrumbList\",\"@id\":\"https:\\\/\\\/africadailyreport.com\\\/fr\\\/2024\\\/11\\\/14\\\/senegals-2024-legislative-elections-pragmatic-alliances-or-betrayal-of-ideals\\\/#breadcrumb\",\"itemListElement\":[{\"@type\":\"ListItem\",\"position\":1,\"name\":\"Home\",\"item\":\"https:\\\/\\\/africadailyreport.com\\\/fr\\\/\"},{\"@type\":\"ListItem\",\"position\":2,\"name\":\"L\u00e9gislatives 2024 au S\u00e9n\u00e9gal : alliances pragmatiques ou trahison des id\u00e9aux ?\"}]},{\"@type\":\"WebSite\",\"@id\":\"https:\\\/\\\/africadailyreport.com\\\/fr\\\/#website\",\"url\":\"https:\\\/\\\/africadailyreport.com\\\/fr\\\/\",\"name\":\"Africa Daily Report\",\"description\":\"\",\"publisher\":{\"@id\":\"https:\\\/\\\/africadailyreport.com\\\/fr\\\/#organization\"},\"potentialAction\":[{\"@type\":\"SearchAction\",\"target\":{\"@type\":\"EntryPoint\",\"urlTemplate\":\"https:\\\/\\\/africadailyreport.com\\\/fr\\\/?s={search_term_string}\"},\"query-input\":{\"@type\":\"PropertyValueSpecification\",\"valueRequired\":true,\"valueName\":\"search_term_string\"}}],\"inLanguage\":\"fr-FR\"},{\"@type\":\"Organization\",\"@id\":\"https:\\\/\\\/africadailyreport.com\\\/fr\\\/#organization\",\"name\":\"Africa Daily Report\",\"url\":\"https:\\\/\\\/africadailyreport.com\\\/fr\\\/\",\"logo\":{\"@type\":\"ImageObject\",\"inLanguage\":\"fr-FR\",\"@id\":\"https:\\\/\\\/africadailyreport.com\\\/fr\\\/#\\\/schema\\\/logo\\\/image\\\/\",\"url\":\"https:\\\/\\\/africadailyreport.com\\\/wp-content\\\/uploads\\\/2024\\\/09\\\/ADR-Transparent-Green-Logo-1.png\",\"contentUrl\":\"https:\\\/\\\/africadailyreport.com\\\/wp-content\\\/uploads\\\/2024\\\/09\\\/ADR-Transparent-Green-Logo-1.png\",\"width\":267,\"height\":185,\"caption\":\"Africa Daily Report\"},\"image\":{\"@id\":\"https:\\\/\\\/africadailyreport.com\\\/fr\\\/#\\\/schema\\\/logo\\\/image\\\/\"},\"sameAs\":[\"https:\\\/\\\/www.facebook.com\\\/africadailyreport\",\"https:\\\/\\\/x.com\\\/adr_africa\",\"https:\\\/\\\/www.youtube.com\\\/@africadailyreport\",\"https:\\\/\\\/instagram.com\\\/africadailyreport\"]},{\"@type\":\"Person\",\"@id\":\"https:\\\/\\\/africadailyreport.com\\\/fr\\\/#\\\/schema\\\/person\\\/c44d86d79f5570b3ba4cf70c989843f8\",\"name\":\"ADR\\\/AFP\",\"image\":{\"@type\":\"ImageObject\",\"inLanguage\":\"fr-FR\",\"@id\":\"https:\\\/\\\/secure.gravatar.com\\\/avatar\\\/2fbdc3782aa386b408fd9a36f0bc78ee569c94a7a05670cab3a1d72916408214?s=96&d=mm&r=g\",\"url\":\"https:\\\/\\\/secure.gravatar.com\\\/avatar\\\/2fbdc3782aa386b408fd9a36f0bc78ee569c94a7a05670cab3a1d72916408214?s=96&d=mm&r=g\",\"contentUrl\":\"https:\\\/\\\/secure.gravatar.com\\\/avatar\\\/2fbdc3782aa386b408fd9a36f0bc78ee569c94a7a05670cab3a1d72916408214?s=96&d=mm&r=g\",\"caption\":\"ADR\\\/AFP\"},\"sameAs\":[\"http:\\\/\\\/africadailyreport.com\"],\"url\":\"https:\\\/\\\/africadailyreport.com\\\/fr\\\/author\\\/both\\\/\"}]}<\/script>\n<meta property=\"og:video\" content=\"https:\/\/www.youtube.com\/embed\/mZY88yPzcqI\" \/>\n<meta property=\"og:video:type\" content=\"text\/html\" \/>\n<meta property=\"og:video:duration\" content=\"56\" \/>\n<meta property=\"og:video:width\" content=\"480\" \/>\n<meta property=\"og:video:height\" content=\"270\" \/>\n<meta property=\"ya:ovs:adult\" content=\"false\" \/>\n<meta property=\"ya:ovs:upload_date\" content=\"2024-11-14T04:12:47+00:00\" \/>\n<meta property=\"ya:ovs:allow_embed\" content=\"true\" \/>\n<!-- \/ Yoast SEO Premium plugin. -->","yoast_head_json":{"title":"L\u00e9gislatives 2024 au S\u00e9n\u00e9gal : alliances pragmatiques ou trahison des id\u00e9aux ? - Africa Daily Report","robots":{"index":"index","follow":"follow","max-snippet":"max-snippet:-1","max-image-preview":"max-image-preview:large","max-video-preview":"max-video-preview:-1"},"canonical":"https:\/\/africadailyreport.com\/fr\/2024\/11\/14\/senegals-2024-legislative-elections-pragmatic-alliances-or-betrayal-of-ideals\/","og_locale":"fr_FR","og_type":"article","og_title":"L\u00e9gislatives 2024 au S\u00e9n\u00e9gal : alliances pragmatiques ou trahison des id\u00e9aux ?","og_description":"R\u00e9sum\u00e9\u00c0 l&rsquo;approche des \u00e9lections l\u00e9gislatives anticip\u00e9es du 17 novembre 2024, le S\u00e9n\u00e9gal se retrouve face \u00e0 une question fondamentale : Ousmane Sonko, leader du parti Pastef, peut-il incarner un changement durable tout en acceptant des alliances strat\u00e9giques avec des anciens rivaux politiques ? Ces alliances, jug\u00e9es n\u00e9cessaires pour consolider une majorit\u00e9 parlementaire, risquent cependant de [&hellip;]","og_url":"https:\/\/africadailyreport.com\/fr\/2024\/11\/14\/senegals-2024-legislative-elections-pragmatic-alliances-or-betrayal-of-ideals\/","og_site_name":"Africa Daily Report","article_publisher":"https:\/\/www.facebook.com\/africadailyreport","article_published_time":"2024-11-14T04:12:47+00:00","article_modified_time":"2024-11-14T04:19:01+00:00","og_image":[{"width":640,"height":480,"url":"https:\/\/i0.wp.com\/africadailyreport.com\/wp-content\/uploads\/2024\/11\/mzy88ypzcqi-1.jpg?fit=640%2C480&ssl=1","type":"image\/jpeg"}],"author":"ADR\/AFP","twitter_card":"summary_large_image","twitter_creator":"@adr_africa","twitter_site":"@adr_africa","twitter_misc":{"\u00c9crit par":"ADR\/AFP","Dur\u00e9e de lecture estim\u00e9e":"6 minutes"},"schema":{"@context":"https:\/\/schema.org","@graph":[{"@type":"Article","@id":"https:\/\/africadailyreport.com\/fr\/2024\/11\/14\/senegals-2024-legislative-elections-pragmatic-alliances-or-betrayal-of-ideals\/#article","isPartOf":{"@id":"https:\/\/africadailyreport.com\/fr\/2024\/11\/14\/senegals-2024-legislative-elections-pragmatic-alliances-or-betrayal-of-ideals\/"},"author":{"name":"ADR\/AFP","@id":"https:\/\/africadailyreport.com\/fr\/#\/schema\/person\/c44d86d79f5570b3ba4cf70c989843f8"},"headline":"L\u00e9gislatives 2024 au S\u00e9n\u00e9gal : alliances pragmatiques ou trahison des id\u00e9aux ?","datePublished":"2024-11-14T04:12:47+00:00","dateModified":"2024-11-14T04:19:01+00:00","mainEntityOfPage":{"@id":"https:\/\/africadailyreport.com\/fr\/2024\/11\/14\/senegals-2024-legislative-elections-pragmatic-alliances-or-betrayal-of-ideals\/"},"wordCount":1399,"commentCount":0,"publisher":{"@id":"https:\/\/africadailyreport.com\/fr\/#organization"},"image":{"@id":"https:\/\/africadailyreport.com\/fr\/2024\/11\/14\/senegals-2024-legislative-elections-pragmatic-alliances-or-betrayal-of-ideals\/#primaryimage"},"thumbnailUrl":"https:\/\/i0.wp.com\/africadailyreport.com\/wp-content\/uploads\/2024\/11\/mzy88ypzcqi-1.jpg?fit=640%2C480&ssl=1","keywords":["alliances","analyse","analysis","dossier","legislatives","pastef","Senegal","sonko"],"articleSection":["Actualit\u00e9s","ANALYSES ET DOSSIERS","POLITIQUE"],"inLanguage":"fr-FR","potentialAction":[{"@type":"CommentAction","name":"Comment","target":["https:\/\/africadailyreport.com\/fr\/2024\/11\/14\/senegals-2024-legislative-elections-pragmatic-alliances-or-betrayal-of-ideals\/#respond"]}],"copyrightYear":"2024","copyrightHolder":{"@id":"https:\/\/africadailyreport.com\/#organization"}},{"@type":"WebPage","@id":"https:\/\/africadailyreport.com\/fr\/2024\/11\/14\/senegals-2024-legislative-elections-pragmatic-alliances-or-betrayal-of-ideals\/","url":"https:\/\/africadailyreport.com\/fr\/2024\/11\/14\/senegals-2024-legislative-elections-pragmatic-alliances-or-betrayal-of-ideals\/","name":"L\u00e9gislatives 2024 au S\u00e9n\u00e9gal : alliances pragmatiques ou trahison des id\u00e9aux ? - Africa Daily Report","isPartOf":{"@id":"https:\/\/africadailyreport.com\/fr\/#website"},"primaryImageOfPage":{"@id":"https:\/\/africadailyreport.com\/fr\/2024\/11\/14\/senegals-2024-legislative-elections-pragmatic-alliances-or-betrayal-of-ideals\/#primaryimage"},"image":{"@id":"https:\/\/africadailyreport.com\/fr\/2024\/11\/14\/senegals-2024-legislative-elections-pragmatic-alliances-or-betrayal-of-ideals\/#primaryimage"},"thumbnailUrl":"https:\/\/i0.wp.com\/africadailyreport.com\/wp-content\/uploads\/2024\/11\/mzy88ypzcqi-1.jpg?fit=640%2C480&ssl=1","datePublished":"2024-11-14T04:12:47+00:00","dateModified":"2024-11-14T04:19:01+00:00","breadcrumb":{"@id":"https:\/\/africadailyreport.com\/fr\/2024\/11\/14\/senegals-2024-legislative-elections-pragmatic-alliances-or-betrayal-of-ideals\/#breadcrumb"},"inLanguage":"fr-FR","potentialAction":[{"@type":"ReadAction","target":["https:\/\/africadailyreport.com\/fr\/2024\/11\/14\/senegals-2024-legislative-elections-pragmatic-alliances-or-betrayal-of-ideals\/"]}]},{"@type":"ImageObject","inLanguage":"fr-FR","@id":"https:\/\/africadailyreport.com\/fr\/2024\/11\/14\/senegals-2024-legislative-elections-pragmatic-alliances-or-betrayal-of-ideals\/#primaryimage","url":"https:\/\/i0.wp.com\/africadailyreport.com\/wp-content\/uploads\/2024\/11\/mzy88ypzcqi-1.jpg?fit=640%2C480&ssl=1","contentUrl":"https:\/\/i0.wp.com\/africadailyreport.com\/wp-content\/uploads\/2024\/11\/mzy88ypzcqi-1.jpg?fit=640%2C480&ssl=1","width":640,"height":480},{"@type":"BreadcrumbList","@id":"https:\/\/africadailyreport.com\/fr\/2024\/11\/14\/senegals-2024-legislative-elections-pragmatic-alliances-or-betrayal-of-ideals\/#breadcrumb","itemListElement":[{"@type":"ListItem","position":1,"name":"Home","item":"https:\/\/africadailyreport.com\/fr\/"},{"@type":"ListItem","position":2,"name":"L\u00e9gislatives 2024 au S\u00e9n\u00e9gal : alliances pragmatiques ou trahison des id\u00e9aux ?"}]},{"@type":"WebSite","@id":"https:\/\/africadailyreport.com\/fr\/#website","url":"https:\/\/africadailyreport.com\/fr\/","name":"Africa Daily Report","description":"","publisher":{"@id":"https:\/\/africadailyreport.com\/fr\/#organization"},"potentialAction":[{"@type":"SearchAction","target":{"@type":"EntryPoint","urlTemplate":"https:\/\/africadailyreport.com\/fr\/?s={search_term_string}"},"query-input":{"@type":"PropertyValueSpecification","valueRequired":true,"valueName":"search_term_string"}}],"inLanguage":"fr-FR"},{"@type":"Organization","@id":"https:\/\/africadailyreport.com\/fr\/#organization","name":"Africa Daily Report","url":"https:\/\/africadailyreport.com\/fr\/","logo":{"@type":"ImageObject","inLanguage":"fr-FR","@id":"https:\/\/africadailyreport.com\/fr\/#\/schema\/logo\/image\/","url":"https:\/\/africadailyreport.com\/wp-content\/uploads\/2024\/09\/ADR-Transparent-Green-Logo-1.png","contentUrl":"https:\/\/africadailyreport.com\/wp-content\/uploads\/2024\/09\/ADR-Transparent-Green-Logo-1.png","width":267,"height":185,"caption":"Africa Daily Report"},"image":{"@id":"https:\/\/africadailyreport.com\/fr\/#\/schema\/logo\/image\/"},"sameAs":["https:\/\/www.facebook.com\/africadailyreport","https:\/\/x.com\/adr_africa","https:\/\/www.youtube.com\/@africadailyreport","https:\/\/instagram.com\/africadailyreport"]},{"@type":"Person","@id":"https:\/\/africadailyreport.com\/fr\/#\/schema\/person\/c44d86d79f5570b3ba4cf70c989843f8","name":"ADR\/AFP","image":{"@type":"ImageObject","inLanguage":"fr-FR","@id":"https:\/\/secure.gravatar.com\/avatar\/2fbdc3782aa386b408fd9a36f0bc78ee569c94a7a05670cab3a1d72916408214?s=96&d=mm&r=g","url":"https:\/\/secure.gravatar.com\/avatar\/2fbdc3782aa386b408fd9a36f0bc78ee569c94a7a05670cab3a1d72916408214?s=96&d=mm&r=g","contentUrl":"https:\/\/secure.gravatar.com\/avatar\/2fbdc3782aa386b408fd9a36f0bc78ee569c94a7a05670cab3a1d72916408214?s=96&d=mm&r=g","caption":"ADR\/AFP"},"sameAs":["http:\/\/africadailyreport.com"],"url":"https:\/\/africadailyreport.com\/fr\/author\/both\/"}]},"og_video":"https:\/\/www.youtube.com\/embed\/mZY88yPzcqI","og_video_type":"text\/html","og_video_duration":"56","og_video_width":"480","og_video_height":"270","ya_ovs_adult":"false","ya_ovs_upload_date":"2024-11-14T04:12:47+00:00","ya_ovs_allow_embed":"true"},"jetpack_featured_media_url":"https:\/\/i0.wp.com\/africadailyreport.com\/wp-content\/uploads\/2024\/11\/mzy88ypzcqi-1.jpg?fit=640%2C480&ssl=1","jetpack_sharing_enabled":true,"amp_enabled":true,"_links":{"self":[{"href":"https:\/\/africadailyreport.com\/fr\/wp-json\/wp\/v2\/posts\/14213","targetHints":{"allow":["GET"]}}],"collection":[{"href":"https:\/\/africadailyreport.com\/fr\/wp-json\/wp\/v2\/posts"}],"about":[{"href":"https:\/\/africadailyreport.com\/fr\/wp-json\/wp\/v2\/types\/post"}],"author":[{"embeddable":true,"href":"https:\/\/africadailyreport.com\/fr\/wp-json\/wp\/v2\/users\/10"}],"replies":[{"embeddable":true,"href":"https:\/\/africadailyreport.com\/fr\/wp-json\/wp\/v2\/comments?post=14213"}],"version-history":[{"count":3,"href":"https:\/\/africadailyreport.com\/fr\/wp-json\/wp\/v2\/posts\/14213\/revisions"}],"predecessor-version":[{"id":14218,"href":"https:\/\/africadailyreport.com\/fr\/wp-json\/wp\/v2\/posts\/14213\/revisions\/14218"}],"wp:featuredmedia":[{"embeddable":true,"href":"https:\/\/africadailyreport.com\/fr\/wp-json\/wp\/v2\/media\/14204"}],"wp:attachment":[{"href":"https:\/\/africadailyreport.com\/fr\/wp-json\/wp\/v2\/media?parent=14213"}],"wp:term":[{"taxonomy":"category","embeddable":true,"href":"https:\/\/africadailyreport.com\/fr\/wp-json\/wp\/v2\/categories?post=14213"},{"taxonomy":"post_tag","embeddable":true,"href":"https:\/\/africadailyreport.com\/fr\/wp-json\/wp\/v2\/tags?post=14213"},{"taxonomy":"adr_country","embeddable":true,"href":"https:\/\/africadailyreport.com\/fr\/wp-json\/wp\/v2\/adr_country?post=14213"}],"curies":[{"name":"wp","href":"https:\/\/api.w.org\/{rel}","templated":true}]}}