{"id":13927,"date":"2024-11-10T03:50:09","date_gmt":"2024-11-10T03:50:09","guid":{"rendered":"https:\/\/africadailyreport.com\/2024\/11\/10\/burkina-wants-to-reinstate-death-penalty-government-source\/"},"modified":"2024-11-10T05:12:01","modified_gmt":"2024-11-10T05:12:01","slug":"burkina-wants-to-reinstate-death-penalty-government-source","status":"publish","type":"post","link":"https:\/\/africadailyreport.com\/fr\/2024\/11\/10\/burkina-wants-to-reinstate-death-penalty-government-source\/","title":{"rendered":"Le Burkina Faso veut r\u00e9tablir la peine de mort"},"content":{"rendered":"\n<h2 class=\"wp-block-heading\"><\/h2>\n\n\n\n\n\n<p class=\"\">Le r\u00e9gime militaire au Burkina Faso veut r\u00e9tablir dans son code p\u00e9nal la peine de mort qui avait \u00e9t\u00e9 abolie en 2018, a affirm\u00e9 samedi \u00e0 l&rsquo;AFP une source gouvernementale, confirmant des propos tenus la veille par le ministre de la Justice.<\/p>\n\n\n\n<p class=\"\">\u00ab\u00a0Cela est envisag\u00e9. C&rsquo;est au gouvernement d&rsquo;en discuter, d&rsquo;en faire ensuite la proposition \u00e0 l&rsquo;Assembl\u00e9e l\u00e9gislative de transition (ALT, nomm\u00e9e par la junte) pour adoption\u00a0\u00bb, a indiqu\u00e9 cette source,ajoutant qu'\u00a0\u00bbil n&rsquo;y a aucune date d\u00e9finie pour cette proposition\u00a0\u00bb.<\/p>\n\n\n\n<p class=\"\">\u00ab\u00a0C&rsquo;est le conseil des ministres qui d\u00e9cide de ses ordres du jour\u00a0\u00bb, a-t-elle indiqu\u00e9 confirmant des propos tenus vendredi par le ministre de la Justice, Rodrigue Bayala.<\/p>\n\n\n\n<p class=\"\">\u00ab\u00a0Bien entendu, il y a la question de la peine de mort qui est discut\u00e9e et qui va \u00eatre instaur\u00e9e dans le projet du code p\u00e9nal\u00a0\u00bb, a d\u00e9clar\u00e9 M. Bayala lors de l&rsquo;adoption par l&rsquo;assembl\u00e9e d&rsquo;un projet de loi instaurant les travaux d&rsquo;int\u00e9r\u00eat g\u00e9n\u00e9ral.<\/p>\n\n\n\n<p class=\"\">Le ministre a \u00e9galement \u00e9voqu\u00e9 de futures modifications du code p\u00e9nal \u00ab\u00a0pour aller dans le sens de la vision et des instructions donn\u00e9es par le chef de l\u2019Etat, le capitaine Ibrahim Traor\u00e9\u00a0\u00bb, au pouvoir depuis un coup d&rsquo;Etat perp\u00e9tr\u00e9 fin septembre 2022.<\/p>\n\n\n\n<p class=\"\">Selon Amnesty international, la derni\u00e8re ex\u00e9cution recens\u00e9e au Burkina Faso remonte \u00e0 1988. La peine de mort avait \u00e9t\u00e9 abolie sous le r\u00e9gime civil de Roch Marc Christian Kabor\u00e9, trente ans plus tard.<\/p>\n\n\n\n<p class=\"\">Dans un communiqu\u00e9 publi\u00e9 en octobre dernier, Amnesty International indique avoir constat\u00e9 en 2023 une augmentation de condamnations \u00e0 la peine de mort en Afrique subsaharienne: \u00ab\u00a0les ex\u00e9cutions recens\u00e9es ont plus que tripl\u00e9 et les condamnations \u00e0 mort enregistr\u00e9es ont augment\u00e9 de 66&nbsp;%\u00a0\u00bb.<\/p>\n\n\n\n<p class=\"\">L&rsquo;ONG affirme par ailleurs que 24&nbsp;pays d\u2019Afrique subsaharienne ont supprim\u00e9 la peine de mort \u00ab\u00a0pour tous les crimes, tandis que deux autres pays l\u2019ont abrog\u00e9e pour les crimes de droit commun uniquement\u00a0\u00bb. En outre, \u00ab\u00a0des projets de loi visant \u00e0 abolir la peine de mort pour tous les crimes ont \u00e9t\u00e9 d\u00e9pos\u00e9s au Kenya et au Zimbabwe\u00a0\u00bb.<\/p>\n\n\n\n<p class=\"\">\u00a9 Agence France-Presse<\/p>\n","protected":false},"excerpt":{"rendered":"<p>Le r\u00e9gime militaire au Burkina Faso veut r\u00e9tablir dans son code p\u00e9nal la peine de mort qui avait \u00e9t\u00e9 abolie en 2018, a affirm\u00e9 samedi \u00e0 l&rsquo;AFP une source gouvernementale, confirmant des propos tenus la veille par le ministre de la Justice. \u00ab\u00a0Cela est envisag\u00e9. C&rsquo;est au gouvernement d&rsquo;en discuter, d&rsquo;en faire ensuite la proposition [&hellip;]<\/p>\n","protected":false},"author":10,"featured_media":13919,"comment_status":"open","ping_status":"open","sticky":false,"template":"","format":"standard","meta":{"_acf_changed":false,"om_disable_all_campaigns":false,"_monsterinsights_skip_tracking":false,"_monsterinsights_sitenote_active":false,"_monsterinsights_sitenote_note":"","_monsterinsights_sitenote_category":0,"tdm_status":"","tdm_grid_status":"","_jetpack_newsletter_access":"","_jetpack_dont_email_post_to_subs":false,"_jetpack_newsletter_tier_id":0,"_jetpack_memberships_contains_paywalled_content":false,"_jetpack_memberships_contains_paid_content":false,"footnotes":""},"categories":[1008],"tags":[1647,1572,1649,1590,1650],"adr_country":[1084],"class_list":{"0":"post-13927","1":"post","2":"type-post","3":"status-publish","4":"format-standard","5":"has-post-thumbnail","7":"category-politics-fr","8":"tag-amnesty-international-fr","9":"tag-burkina-faso-fr","10":"tag-execution-fr","11":"tag-justice-fr","12":"tag-peine-de-mort","13":"adr_country-burkina-faso"},"acf":{"post_version":""},"yoast_head":"<!-- This site is optimized with the Yoast SEO Premium plugin v26.0 (Yoast SEO v27.4) - https:\/\/yoast.com\/product\/yoast-seo-premium-wordpress\/ -->\n<title>Le Burkina Faso veut r\u00e9tablir la peine de mort - Africa Daily Report<\/title>\n<meta name=\"robots\" content=\"index, follow, max-snippet:-1, max-image-preview:large, max-video-preview:-1\" \/>\n<link rel=\"canonical\" href=\"https:\/\/africadailyreport.com\/fr\/2024\/11\/10\/burkina-wants-to-reinstate-death-penalty-government-source\/\" \/>\n<meta property=\"og:locale\" content=\"fr_FR\" \/>\n<meta property=\"og:type\" content=\"article\" \/>\n<meta property=\"og:title\" content=\"Le Burkina Faso veut r\u00e9tablir la peine de mort\" \/>\n<meta property=\"og:description\" content=\"Le r\u00e9gime militaire au Burkina Faso veut r\u00e9tablir dans son code p\u00e9nal la peine de mort qui avait \u00e9t\u00e9 abolie en 2018, a affirm\u00e9 samedi \u00e0 l&rsquo;AFP une source gouvernementale, confirmant des propos tenus la veille par le ministre de la Justice. \u00ab\u00a0Cela est envisag\u00e9. C&rsquo;est au gouvernement d&rsquo;en discuter, d&rsquo;en faire ensuite la proposition [&hellip;]\" \/>\n<meta property=\"og:url\" content=\"https:\/\/africadailyreport.com\/fr\/2024\/11\/10\/burkina-wants-to-reinstate-death-penalty-government-source\/\" \/>\n<meta property=\"og:site_name\" content=\"Africa Daily Report\" \/>\n<meta property=\"article:publisher\" content=\"https:\/\/www.facebook.com\/africadailyreport\" \/>\n<meta property=\"article:published_time\" content=\"2024-11-10T03:50:09+00:00\" \/>\n<meta property=\"article:modified_time\" content=\"2024-11-10T05:12:01+00:00\" \/>\n<meta property=\"og:image\" content=\"https:\/\/africadailyreport.com\/wp-content\/uploads\/2024\/11\/AFP__20220203__9XY3K2__v1__HighRes__BurkinaTrialJusticePoliticsHomicide-scaled.jpg\" \/>\n\t<meta property=\"og:image:width\" content=\"2560\" \/>\n\t<meta property=\"og:image:height\" content=\"1707\" \/>\n\t<meta property=\"og:image:type\" content=\"image\/jpeg\" \/>\n<meta name=\"author\" content=\"ADR\/AFP\" \/>\n<meta name=\"twitter:card\" content=\"summary_large_image\" \/>\n<meta name=\"twitter:creator\" content=\"@adr_africa\" \/>\n<meta name=\"twitter:site\" content=\"@adr_africa\" \/>\n<meta name=\"twitter:label1\" content=\"\u00c9crit par\" \/>\n\t<meta name=\"twitter:data1\" content=\"ADR\/AFP\" \/>\n\t<meta name=\"twitter:label2\" content=\"Dur\u00e9e de lecture estim\u00e9e\" \/>\n\t<meta name=\"twitter:data2\" content=\"3 minutes\" \/>\n<script type=\"application\/ld+json\" class=\"yoast-schema-graph\">{\"@context\":\"https:\\\/\\\/schema.org\",\"@graph\":[{\"@type\":\"Article\",\"@id\":\"https:\\\/\\\/africadailyreport.com\\\/fr\\\/2024\\\/11\\\/10\\\/burkina-wants-to-reinstate-death-penalty-government-source\\\/#article\",\"isPartOf\":{\"@id\":\"https:\\\/\\\/africadailyreport.com\\\/fr\\\/2024\\\/11\\\/10\\\/burkina-wants-to-reinstate-death-penalty-government-source\\\/\"},\"author\":{\"name\":\"ADR\\\/AFP\",\"@id\":\"https:\\\/\\\/africadailyreport.com\\\/fr\\\/#\\\/schema\\\/person\\\/c44d86d79f5570b3ba4cf70c989843f8\"},\"headline\":\"Le Burkina Faso veut r\u00e9tablir la peine de mort\",\"datePublished\":\"2024-11-10T03:50:09+00:00\",\"dateModified\":\"2024-11-10T05:12:01+00:00\",\"mainEntityOfPage\":{\"@id\":\"https:\\\/\\\/africadailyreport.com\\\/fr\\\/2024\\\/11\\\/10\\\/burkina-wants-to-reinstate-death-penalty-government-source\\\/\"},\"wordCount\":492,\"commentCount\":0,\"publisher\":{\"@id\":\"https:\\\/\\\/africadailyreport.com\\\/fr\\\/#organization\"},\"image\":{\"@id\":\"https:\\\/\\\/africadailyreport.com\\\/fr\\\/2024\\\/11\\\/10\\\/burkina-wants-to-reinstate-death-penalty-government-source\\\/#primaryimage\"},\"thumbnailUrl\":\"https:\\\/\\\/i0.wp.com\\\/africadailyreport.com\\\/wp-content\\\/uploads\\\/2024\\\/11\\\/AFP__20220203__9XY3K2__v1__HighRes__BurkinaTrialJusticePoliticsHomicide-scaled.jpg?fit=2560%2C1707&ssl=1\",\"keywords\":[\"amnesty international\",\"burkina faso\",\"execution\",\"justice\",\"peine de mort\"],\"articleSection\":[\"Politics\"],\"inLanguage\":\"fr-FR\",\"potentialAction\":[{\"@type\":\"CommentAction\",\"name\":\"Comment\",\"target\":[\"https:\\\/\\\/africadailyreport.com\\\/fr\\\/2024\\\/11\\\/10\\\/burkina-wants-to-reinstate-death-penalty-government-source\\\/#respond\"]}],\"copyrightYear\":\"2024\",\"copyrightHolder\":{\"@id\":\"https:\\\/\\\/africadailyreport.com\\\/#organization\"}},{\"@type\":\"WebPage\",\"@id\":\"https:\\\/\\\/africadailyreport.com\\\/fr\\\/2024\\\/11\\\/10\\\/burkina-wants-to-reinstate-death-penalty-government-source\\\/\",\"url\":\"https:\\\/\\\/africadailyreport.com\\\/fr\\\/2024\\\/11\\\/10\\\/burkina-wants-to-reinstate-death-penalty-government-source\\\/\",\"name\":\"Le Burkina Faso veut r\u00e9tablir la peine de mort - Africa Daily Report\",\"isPartOf\":{\"@id\":\"https:\\\/\\\/africadailyreport.com\\\/fr\\\/#website\"},\"primaryImageOfPage\":{\"@id\":\"https:\\\/\\\/africadailyreport.com\\\/fr\\\/2024\\\/11\\\/10\\\/burkina-wants-to-reinstate-death-penalty-government-source\\\/#primaryimage\"},\"image\":{\"@id\":\"https:\\\/\\\/africadailyreport.com\\\/fr\\\/2024\\\/11\\\/10\\\/burkina-wants-to-reinstate-death-penalty-government-source\\\/#primaryimage\"},\"thumbnailUrl\":\"https:\\\/\\\/i0.wp.com\\\/africadailyreport.com\\\/wp-content\\\/uploads\\\/2024\\\/11\\\/AFP__20220203__9XY3K2__v1__HighRes__BurkinaTrialJusticePoliticsHomicide-scaled.jpg?fit=2560%2C1707&ssl=1\",\"datePublished\":\"2024-11-10T03:50:09+00:00\",\"dateModified\":\"2024-11-10T05:12:01+00:00\",\"breadcrumb\":{\"@id\":\"https:\\\/\\\/africadailyreport.com\\\/fr\\\/2024\\\/11\\\/10\\\/burkina-wants-to-reinstate-death-penalty-government-source\\\/#breadcrumb\"},\"inLanguage\":\"fr-FR\",\"potentialAction\":[{\"@type\":\"ReadAction\",\"target\":[\"https:\\\/\\\/africadailyreport.com\\\/fr\\\/2024\\\/11\\\/10\\\/burkina-wants-to-reinstate-death-penalty-government-source\\\/\"]}]},{\"@type\":\"ImageObject\",\"inLanguage\":\"fr-FR\",\"@id\":\"https:\\\/\\\/africadailyreport.com\\\/fr\\\/2024\\\/11\\\/10\\\/burkina-wants-to-reinstate-death-penalty-government-source\\\/#primaryimage\",\"url\":\"https:\\\/\\\/i0.wp.com\\\/africadailyreport.com\\\/wp-content\\\/uploads\\\/2024\\\/11\\\/AFP__20220203__9XY3K2__v1__HighRes__BurkinaTrialJusticePoliticsHomicide-scaled.jpg?fit=2560%2C1707&ssl=1\",\"contentUrl\":\"https:\\\/\\\/i0.wp.com\\\/africadailyreport.com\\\/wp-content\\\/uploads\\\/2024\\\/11\\\/AFP__20220203__9XY3K2__v1__HighRes__BurkinaTrialJusticePoliticsHomicide-scaled.jpg?fit=2560%2C1707&ssl=1\",\"width\":2560,\"height\":1707,\"caption\":\"A member of the military preparing the court room before people arrive at the trial of Thomas Sankara in Ouagadougou, Burkina Faso on February 3, 2022 - The trial of 14 men, including a former President Blaise Compaore, over the assassination of the country's revered revolutionary leader Thomas Sankara 34 years before which was temporarily paused after a military coup until the junta re-established the constitution restarting on February 2, 2022. The pleadings at the trial of the alleged assassins of the former Burkinab\u00e8 president Thomas Sankara, killed with 12 of his companions during a coup d'etat in 1987, began on Wednesday, the lawyers for the civil party evoking a moment awaited \\\"by victims for 34 years\\\". (Photo by GUY PETERSON \\\/ AFP)\"},{\"@type\":\"BreadcrumbList\",\"@id\":\"https:\\\/\\\/africadailyreport.com\\\/fr\\\/2024\\\/11\\\/10\\\/burkina-wants-to-reinstate-death-penalty-government-source\\\/#breadcrumb\",\"itemListElement\":[{\"@type\":\"ListItem\",\"position\":1,\"name\":\"Home\",\"item\":\"https:\\\/\\\/africadailyreport.com\\\/fr\\\/\"},{\"@type\":\"ListItem\",\"position\":2,\"name\":\"Le Burkina Faso veut r\u00e9tablir la peine de mort\"}]},{\"@type\":\"WebSite\",\"@id\":\"https:\\\/\\\/africadailyreport.com\\\/fr\\\/#website\",\"url\":\"https:\\\/\\\/africadailyreport.com\\\/fr\\\/\",\"name\":\"Africa Daily Report\",\"description\":\"\",\"publisher\":{\"@id\":\"https:\\\/\\\/africadailyreport.com\\\/fr\\\/#organization\"},\"potentialAction\":[{\"@type\":\"SearchAction\",\"target\":{\"@type\":\"EntryPoint\",\"urlTemplate\":\"https:\\\/\\\/africadailyreport.com\\\/fr\\\/?s={search_term_string}\"},\"query-input\":{\"@type\":\"PropertyValueSpecification\",\"valueRequired\":true,\"valueName\":\"search_term_string\"}}],\"inLanguage\":\"fr-FR\"},{\"@type\":\"Organization\",\"@id\":\"https:\\\/\\\/africadailyreport.com\\\/fr\\\/#organization\",\"name\":\"Africa Daily Report\",\"url\":\"https:\\\/\\\/africadailyreport.com\\\/fr\\\/\",\"logo\":{\"@type\":\"ImageObject\",\"inLanguage\":\"fr-FR\",\"@id\":\"https:\\\/\\\/africadailyreport.com\\\/fr\\\/#\\\/schema\\\/logo\\\/image\\\/\",\"url\":\"https:\\\/\\\/africadailyreport.com\\\/wp-content\\\/uploads\\\/2024\\\/09\\\/ADR-Transparent-Green-Logo-1.png\",\"contentUrl\":\"https:\\\/\\\/africadailyreport.com\\\/wp-content\\\/uploads\\\/2024\\\/09\\\/ADR-Transparent-Green-Logo-1.png\",\"width\":267,\"height\":185,\"caption\":\"Africa Daily Report\"},\"image\":{\"@id\":\"https:\\\/\\\/africadailyreport.com\\\/fr\\\/#\\\/schema\\\/logo\\\/image\\\/\"},\"sameAs\":[\"https:\\\/\\\/www.facebook.com\\\/africadailyreport\",\"https:\\\/\\\/x.com\\\/adr_africa\",\"https:\\\/\\\/www.youtube.com\\\/@africadailyreport\",\"https:\\\/\\\/instagram.com\\\/africadailyreport\"]},{\"@type\":\"Person\",\"@id\":\"https:\\\/\\\/africadailyreport.com\\\/fr\\\/#\\\/schema\\\/person\\\/c44d86d79f5570b3ba4cf70c989843f8\",\"name\":\"ADR\\\/AFP\",\"image\":{\"@type\":\"ImageObject\",\"inLanguage\":\"fr-FR\",\"@id\":\"https:\\\/\\\/secure.gravatar.com\\\/avatar\\\/2fbdc3782aa386b408fd9a36f0bc78ee569c94a7a05670cab3a1d72916408214?s=96&d=mm&r=g\",\"url\":\"https:\\\/\\\/secure.gravatar.com\\\/avatar\\\/2fbdc3782aa386b408fd9a36f0bc78ee569c94a7a05670cab3a1d72916408214?s=96&d=mm&r=g\",\"contentUrl\":\"https:\\\/\\\/secure.gravatar.com\\\/avatar\\\/2fbdc3782aa386b408fd9a36f0bc78ee569c94a7a05670cab3a1d72916408214?s=96&d=mm&r=g\",\"caption\":\"ADR\\\/AFP\"},\"sameAs\":[\"http:\\\/\\\/africadailyreport.com\"],\"url\":\"https:\\\/\\\/africadailyreport.com\\\/fr\\\/author\\\/both\\\/\"}]}<\/script>\n<!-- \/ Yoast SEO Premium plugin. -->","yoast_head_json":{"title":"Le Burkina Faso veut r\u00e9tablir la peine de mort - Africa Daily Report","robots":{"index":"index","follow":"follow","max-snippet":"max-snippet:-1","max-image-preview":"max-image-preview:large","max-video-preview":"max-video-preview:-1"},"canonical":"https:\/\/africadailyreport.com\/fr\/2024\/11\/10\/burkina-wants-to-reinstate-death-penalty-government-source\/","og_locale":"fr_FR","og_type":"article","og_title":"Le Burkina Faso veut r\u00e9tablir la peine de mort","og_description":"Le r\u00e9gime militaire au Burkina Faso veut r\u00e9tablir dans son code p\u00e9nal la peine de mort qui avait \u00e9t\u00e9 abolie en 2018, a affirm\u00e9 samedi \u00e0 l&rsquo;AFP une source gouvernementale, confirmant des propos tenus la veille par le ministre de la Justice. \u00ab\u00a0Cela est envisag\u00e9. C&rsquo;est au gouvernement d&rsquo;en discuter, d&rsquo;en faire ensuite la proposition [&hellip;]","og_url":"https:\/\/africadailyreport.com\/fr\/2024\/11\/10\/burkina-wants-to-reinstate-death-penalty-government-source\/","og_site_name":"Africa Daily Report","article_publisher":"https:\/\/www.facebook.com\/africadailyreport","article_published_time":"2024-11-10T03:50:09+00:00","article_modified_time":"2024-11-10T05:12:01+00:00","og_image":[{"width":2560,"height":1707,"url":"https:\/\/africadailyreport.com\/wp-content\/uploads\/2024\/11\/AFP__20220203__9XY3K2__v1__HighRes__BurkinaTrialJusticePoliticsHomicide-scaled.jpg","type":"image\/jpeg"}],"author":"ADR\/AFP","twitter_card":"summary_large_image","twitter_creator":"@adr_africa","twitter_site":"@adr_africa","twitter_misc":{"\u00c9crit par":"ADR\/AFP","Dur\u00e9e de lecture estim\u00e9e":"3 minutes"},"schema":{"@context":"https:\/\/schema.org","@graph":[{"@type":"Article","@id":"https:\/\/africadailyreport.com\/fr\/2024\/11\/10\/burkina-wants-to-reinstate-death-penalty-government-source\/#article","isPartOf":{"@id":"https:\/\/africadailyreport.com\/fr\/2024\/11\/10\/burkina-wants-to-reinstate-death-penalty-government-source\/"},"author":{"name":"ADR\/AFP","@id":"https:\/\/africadailyreport.com\/fr\/#\/schema\/person\/c44d86d79f5570b3ba4cf70c989843f8"},"headline":"Le Burkina Faso veut r\u00e9tablir la peine de mort","datePublished":"2024-11-10T03:50:09+00:00","dateModified":"2024-11-10T05:12:01+00:00","mainEntityOfPage":{"@id":"https:\/\/africadailyreport.com\/fr\/2024\/11\/10\/burkina-wants-to-reinstate-death-penalty-government-source\/"},"wordCount":492,"commentCount":0,"publisher":{"@id":"https:\/\/africadailyreport.com\/fr\/#organization"},"image":{"@id":"https:\/\/africadailyreport.com\/fr\/2024\/11\/10\/burkina-wants-to-reinstate-death-penalty-government-source\/#primaryimage"},"thumbnailUrl":"https:\/\/i0.wp.com\/africadailyreport.com\/wp-content\/uploads\/2024\/11\/AFP__20220203__9XY3K2__v1__HighRes__BurkinaTrialJusticePoliticsHomicide-scaled.jpg?fit=2560%2C1707&ssl=1","keywords":["amnesty international","burkina faso","execution","justice","peine de mort"],"articleSection":["Politics"],"inLanguage":"fr-FR","potentialAction":[{"@type":"CommentAction","name":"Comment","target":["https:\/\/africadailyreport.com\/fr\/2024\/11\/10\/burkina-wants-to-reinstate-death-penalty-government-source\/#respond"]}],"copyrightYear":"2024","copyrightHolder":{"@id":"https:\/\/africadailyreport.com\/#organization"}},{"@type":"WebPage","@id":"https:\/\/africadailyreport.com\/fr\/2024\/11\/10\/burkina-wants-to-reinstate-death-penalty-government-source\/","url":"https:\/\/africadailyreport.com\/fr\/2024\/11\/10\/burkina-wants-to-reinstate-death-penalty-government-source\/","name":"Le Burkina Faso veut r\u00e9tablir la peine de mort - Africa Daily Report","isPartOf":{"@id":"https:\/\/africadailyreport.com\/fr\/#website"},"primaryImageOfPage":{"@id":"https:\/\/africadailyreport.com\/fr\/2024\/11\/10\/burkina-wants-to-reinstate-death-penalty-government-source\/#primaryimage"},"image":{"@id":"https:\/\/africadailyreport.com\/fr\/2024\/11\/10\/burkina-wants-to-reinstate-death-penalty-government-source\/#primaryimage"},"thumbnailUrl":"https:\/\/i0.wp.com\/africadailyreport.com\/wp-content\/uploads\/2024\/11\/AFP__20220203__9XY3K2__v1__HighRes__BurkinaTrialJusticePoliticsHomicide-scaled.jpg?fit=2560%2C1707&ssl=1","datePublished":"2024-11-10T03:50:09+00:00","dateModified":"2024-11-10T05:12:01+00:00","breadcrumb":{"@id":"https:\/\/africadailyreport.com\/fr\/2024\/11\/10\/burkina-wants-to-reinstate-death-penalty-government-source\/#breadcrumb"},"inLanguage":"fr-FR","potentialAction":[{"@type":"ReadAction","target":["https:\/\/africadailyreport.com\/fr\/2024\/11\/10\/burkina-wants-to-reinstate-death-penalty-government-source\/"]}]},{"@type":"ImageObject","inLanguage":"fr-FR","@id":"https:\/\/africadailyreport.com\/fr\/2024\/11\/10\/burkina-wants-to-reinstate-death-penalty-government-source\/#primaryimage","url":"https:\/\/i0.wp.com\/africadailyreport.com\/wp-content\/uploads\/2024\/11\/AFP__20220203__9XY3K2__v1__HighRes__BurkinaTrialJusticePoliticsHomicide-scaled.jpg?fit=2560%2C1707&ssl=1","contentUrl":"https:\/\/i0.wp.com\/africadailyreport.com\/wp-content\/uploads\/2024\/11\/AFP__20220203__9XY3K2__v1__HighRes__BurkinaTrialJusticePoliticsHomicide-scaled.jpg?fit=2560%2C1707&ssl=1","width":2560,"height":1707,"caption":"A member of the military preparing the court room before people arrive at the trial of Thomas Sankara in Ouagadougou, Burkina Faso on February 3, 2022 - The trial of 14 men, including a former President Blaise Compaore, over the assassination of the country's revered revolutionary leader Thomas Sankara 34 years before which was temporarily paused after a military coup until the junta re-established the constitution restarting on February 2, 2022. The pleadings at the trial of the alleged assassins of the former Burkinab\u00e8 president Thomas Sankara, killed with 12 of his companions during a coup d'etat in 1987, began on Wednesday, the lawyers for the civil party evoking a moment awaited \"by victims for 34 years\". (Photo by GUY PETERSON \/ AFP)"},{"@type":"BreadcrumbList","@id":"https:\/\/africadailyreport.com\/fr\/2024\/11\/10\/burkina-wants-to-reinstate-death-penalty-government-source\/#breadcrumb","itemListElement":[{"@type":"ListItem","position":1,"name":"Home","item":"https:\/\/africadailyreport.com\/fr\/"},{"@type":"ListItem","position":2,"name":"Le Burkina Faso veut r\u00e9tablir la peine de mort"}]},{"@type":"WebSite","@id":"https:\/\/africadailyreport.com\/fr\/#website","url":"https:\/\/africadailyreport.com\/fr\/","name":"Africa Daily Report","description":"","publisher":{"@id":"https:\/\/africadailyreport.com\/fr\/#organization"},"potentialAction":[{"@type":"SearchAction","target":{"@type":"EntryPoint","urlTemplate":"https:\/\/africadailyreport.com\/fr\/?s={search_term_string}"},"query-input":{"@type":"PropertyValueSpecification","valueRequired":true,"valueName":"search_term_string"}}],"inLanguage":"fr-FR"},{"@type":"Organization","@id":"https:\/\/africadailyreport.com\/fr\/#organization","name":"Africa Daily Report","url":"https:\/\/africadailyreport.com\/fr\/","logo":{"@type":"ImageObject","inLanguage":"fr-FR","@id":"https:\/\/africadailyreport.com\/fr\/#\/schema\/logo\/image\/","url":"https:\/\/africadailyreport.com\/wp-content\/uploads\/2024\/09\/ADR-Transparent-Green-Logo-1.png","contentUrl":"https:\/\/africadailyreport.com\/wp-content\/uploads\/2024\/09\/ADR-Transparent-Green-Logo-1.png","width":267,"height":185,"caption":"Africa Daily Report"},"image":{"@id":"https:\/\/africadailyreport.com\/fr\/#\/schema\/logo\/image\/"},"sameAs":["https:\/\/www.facebook.com\/africadailyreport","https:\/\/x.com\/adr_africa","https:\/\/www.youtube.com\/@africadailyreport","https:\/\/instagram.com\/africadailyreport"]},{"@type":"Person","@id":"https:\/\/africadailyreport.com\/fr\/#\/schema\/person\/c44d86d79f5570b3ba4cf70c989843f8","name":"ADR\/AFP","image":{"@type":"ImageObject","inLanguage":"fr-FR","@id":"https:\/\/secure.gravatar.com\/avatar\/2fbdc3782aa386b408fd9a36f0bc78ee569c94a7a05670cab3a1d72916408214?s=96&d=mm&r=g","url":"https:\/\/secure.gravatar.com\/avatar\/2fbdc3782aa386b408fd9a36f0bc78ee569c94a7a05670cab3a1d72916408214?s=96&d=mm&r=g","contentUrl":"https:\/\/secure.gravatar.com\/avatar\/2fbdc3782aa386b408fd9a36f0bc78ee569c94a7a05670cab3a1d72916408214?s=96&d=mm&r=g","caption":"ADR\/AFP"},"sameAs":["http:\/\/africadailyreport.com"],"url":"https:\/\/africadailyreport.com\/fr\/author\/both\/"}]}},"jetpack_featured_media_url":"https:\/\/i0.wp.com\/africadailyreport.com\/wp-content\/uploads\/2024\/11\/AFP__20220203__9XY3K2__v1__HighRes__BurkinaTrialJusticePoliticsHomicide-scaled.jpg?fit=2560%2C1707&ssl=1","jetpack_sharing_enabled":true,"amp_enabled":true,"_links":{"self":[{"href":"https:\/\/africadailyreport.com\/fr\/wp-json\/wp\/v2\/posts\/13927","targetHints":{"allow":["GET"]}}],"collection":[{"href":"https:\/\/africadailyreport.com\/fr\/wp-json\/wp\/v2\/posts"}],"about":[{"href":"https:\/\/africadailyreport.com\/fr\/wp-json\/wp\/v2\/types\/post"}],"author":[{"embeddable":true,"href":"https:\/\/africadailyreport.com\/fr\/wp-json\/wp\/v2\/users\/10"}],"replies":[{"embeddable":true,"href":"https:\/\/africadailyreport.com\/fr\/wp-json\/wp\/v2\/comments?post=13927"}],"version-history":[{"count":5,"href":"https:\/\/africadailyreport.com\/fr\/wp-json\/wp\/v2\/posts\/13927\/revisions"}],"predecessor-version":[{"id":13934,"href":"https:\/\/africadailyreport.com\/fr\/wp-json\/wp\/v2\/posts\/13927\/revisions\/13934"}],"wp:featuredmedia":[{"embeddable":true,"href":"https:\/\/africadailyreport.com\/fr\/wp-json\/wp\/v2\/media\/13919"}],"wp:attachment":[{"href":"https:\/\/africadailyreport.com\/fr\/wp-json\/wp\/v2\/media?parent=13927"}],"wp:term":[{"taxonomy":"category","embeddable":true,"href":"https:\/\/africadailyreport.com\/fr\/wp-json\/wp\/v2\/categories?post=13927"},{"taxonomy":"post_tag","embeddable":true,"href":"https:\/\/africadailyreport.com\/fr\/wp-json\/wp\/v2\/tags?post=13927"},{"taxonomy":"adr_country","embeddable":true,"href":"https:\/\/africadailyreport.com\/fr\/wp-json\/wp\/v2\/adr_country?post=13927"}],"curies":[{"name":"wp","href":"https:\/\/api.w.org\/{rel}","templated":true}]}}