{"id":13839,"date":"2024-11-08T00:53:15","date_gmt":"2024-11-08T00:53:15","guid":{"rendered":"https:\/\/africadailyreport.com\/2024\/11\/08\/senegals-legislative-elections-macky-sall-challenges-sonko-diomaye-duo-in-a-battle-for-parliamentary-majority\/"},"modified":"2024-11-08T00:59:44","modified_gmt":"2024-11-08T00:59:44","slug":"senegals-legislative-elections-macky-sall-challenges-sonko-diomaye-duo-in-a-battle-for-parliamentary-majority","status":"publish","type":"post","link":"https:\/\/africadailyreport.com\/fr\/2024\/11\/08\/senegals-legislative-elections-macky-sall-challenges-sonko-diomaye-duo-in-a-battle-for-parliamentary-majority\/","title":{"rendered":"L\u00e9gislatives au S\u00e9n\u00e9gal : Macky Sall Affronte le Tandem Sonko-Diomaye dans une Bataille pour la Majorit\u00e9 Parlementaire"},"content":{"rendered":"\n\n\n<h3 class=\"wp-block-heading\"><\/h3>\n\n\n\n<h3 class=\"wp-block-heading\">S\u00e9n\u00e9gal : Retour en Politique de Macky Sall et Alliances Strat\u00e9giques pour les L\u00e9gislatives du 17 Novembre<\/h3>\n\n\n\n<p class=\"\"><strong>Dakar<\/strong> \u2014 Le S\u00e9n\u00e9gal se pr\u00e9pare pour des l\u00e9gislatives anticip\u00e9es ce 17 novembre, un scrutin crucial qui pourrait red\u00e9finir l\u2019\u00e9quilibre des pouvoirs dans le pays. Face \u00e0 une coalition de lib\u00e9raux men\u00e9e par l\u2019ancien pr\u00e9sident Macky Sall, le tandem du pr\u00e9sident Bassirou Diomaye Faye et de son Premier ministre Ousmane Sonko cherche \u00e0 consolider sa r\u00e9cente victoire pr\u00e9sidentielle. Cette \u00e9lection marquera non seulement le retour de Sall en politique nationale, mais aussi un test pour l\u2019alliance politique de l&rsquo;ancienne garde, mise au d\u00e9fi par le gouvernement Pastef, fort de son ascension \u00e9lectorale fulgurante.<\/p>\n\n\n\n<h3 class=\"wp-block-heading\">Macky Sall : Un Retour Inattendu pour la Cohabitation<\/h3>\n\n\n\n<p class=\"\">Apr\u00e8s avoir quitt\u00e9 la pr\u00e9sidence en mars et bri\u00e8vement occup\u00e9 un poste international en tant qu&rsquo;envoy\u00e9 sp\u00e9cial pour le Pacte de Paris pour les peuples et la plan\u00e8te, Macky Sall revient au S\u00e9n\u00e9gal avec une ambition clairement affich\u00e9e : former une majorit\u00e9 parlementaire pour imposer une cohabitation au gouvernement actuel. Sa coalition, Takku Wallu S\u00e9n\u00e9gal, regroupe plusieurs grandes figures de l\u2019opposition lib\u00e9rale, y compris des v\u00e9t\u00e9rans politiques comme Karim Wade et Idrissa Seck, dans un effort concert\u00e9 pour contester la domination du Parti Pastef.<\/p>\n\n\n\n<p class=\"\">Dans une lettre ouverte adress\u00e9e \u00e0 la population s\u00e9n\u00e9galaise, Sall critique s\u00e9v\u00e8rement les dirigeants actuels, les qualifiant de \u00ab stagiaires \u00bb incomp\u00e9tents. Il accuse le gouvernement de Sonko et Faye d\u2019avoir \u00ab assombri les perspectives de l\u2019\u00e9conomie nationale \u00bb en raison de leur gestion \u00e9conomique controvers\u00e9e, ce qui, selon lui, a entra\u00een\u00e9 la d\u00e9gradation de la note souveraine du pays.<\/p>\n\n\n\n<h3 class=\"wp-block-heading\">Critiques de la Gouvernance de Pastef<\/h3>\n\n\n\n<p class=\"\">La coalition Takku Wallu S\u00e9n\u00e9gal reproche au gouvernement de Pastef un manque de stabilit\u00e9 et de vision \u00e9conomique. Sall souligne notamment la chute des investissements et la hausse du ch\u00f4mage, des ph\u00e9nom\u00e8nes exacerb\u00e9s, selon lui, par des d\u00e9cisions politiques qu\u2019il qualifie de pr\u00e9cipit\u00e9es et mal r\u00e9fl\u00e9chies. Le gouvernement Sonko-Faye a ripost\u00e9 en d\u00e9non\u00e7ant ces accusations comme \u00ab infond\u00e9es \u00bb et a rappel\u00e9 que les r\u00e9formes en cours visent \u00e0 redresser une situation laiss\u00e9e par les gouvernements pr\u00e9c\u00e9dents.<\/p>\n\n\n\n<p class=\"\">Dans une s\u00e9rie de publications et d\u2019interventions m\u00e9diatiques, le camp de Sall cherche \u00e0 pr\u00e9senter une alternative cr\u00e9dible pour les S\u00e9n\u00e9galais, promettant une gouvernance stabilisatrice et une reprise \u00e9conomique rapide si sa coalition remporte les \u00e9lections.<\/p>\n\n\n\n<h3 class=\"wp-block-heading\">Une Coalition Lib\u00e9rale en Pleine Tension Interne<\/h3>\n\n\n\n<p class=\"\">Si la coalition Takku Wallu S\u00e9n\u00e9gal est ambitieuse, elle n\u2019est pas sans ses propres d\u00e9fis. L\u2019alliance entre l\u2019Alliance pour la R\u00e9publique (APR), le Parti d\u00e9mocratique s\u00e9n\u00e9galais (PDS) et Rewmi, bien que puissante, est \u00e9galement min\u00e9e par des tensions. Le leader de Rewmi, Idrissa Seck, exprime des r\u00e9serves sur son r\u00f4le marginalis\u00e9 au sein de la coalition, alors que son parti peine \u00e0 obtenir des positions significatives sur la liste \u00e9lectorale.<\/p>\n\n\n\n<p class=\"\">Certains analystes voient en ces dissensions un potentiel frein \u00e0 l\u2019unit\u00e9 de la coalition, mettant en doute la capacit\u00e9 de Sall \u00e0 maintenir un front uni. Cependant, malgr\u00e9 les frustrations internes, la coalition Takku Wallu S\u00e9n\u00e9gal reste une force notable dans la course aux si\u00e8ges parlementaires, d\u00e9termin\u00e9e \u00e0 contrer la dynamique de Pastef.<\/p>\n\n\n\n<h3 class=\"wp-block-heading\">Pastef : Une Opposition Qui D\u00e9fie l\u2019Ancien Ordre<\/h3>\n\n\n\n<p class=\"\">De son c\u00f4t\u00e9, le gouvernement de Pastef affiche une coh\u00e9sion et une popularit\u00e9 croissante sous la direction d\u2019Ousmane Sonko et de Bassirou Diomaye Faye. Apr\u00e8s leur victoire au premier tour de la pr\u00e9sidentielle, Pastef s\u2019est impos\u00e9 comme un acteur politique incontournable, appuy\u00e9 par un discours anti-corruption et de r\u00e9formes \u00e9conomiques. Leur strat\u00e9gie pour les l\u00e9gislatives est de mobiliser leur base et d\u2019accro\u00eetre leur ancrage dans les r\u00e9gions rurales.<\/p>\n\n\n\n<p class=\"\">Sonko a r\u00e9cemment lanc\u00e9 un audit des finances publiques qui critique la gestion pr\u00e9c\u00e9dente, accusant Macky Sall d&rsquo;avoir falsifi\u00e9 les donn\u00e9es budg\u00e9taires. Cette d\u00e9marche, bien re\u00e7ue par une partie de l\u2019\u00e9lectorat, renforce l\u2019image de Pastef comme un parti de renouveau en lutte contre les pratiques du pass\u00e9.<\/p>\n\n\n\n<h3 class=\"wp-block-heading\">Vers un Gouvernement d\u2019Union Nationale ?<\/h3>\n\n\n\n<p class=\"\">Macky Sall et sa coalition esp\u00e8rent former un gouvernement de cohabitation en cas de succ\u00e8s lors des l\u00e9gislatives, proposant un cabinet d\u2019union nationale capable de restaurer la stabilit\u00e9 et d\u2019initier des r\u00e9formes structurelles. Cette approche est cependant accueillie avec scepticisme par Pastef, qui per\u00e7oit dans cette proposition une tentative de saboter l\u2019autonomie du gouvernement actuel.<\/p>\n\n\n\n<p class=\"\">Le politologue s\u00e9n\u00e9galais Amadou Diop estime que cette \u00e9lection l\u00e9gislative pourrait \u00eatre d\u00e9terminante pour l\u2019avenir politique du S\u00e9n\u00e9gal. \u00ab Un gouvernement de cohabitation, s\u2019il est adopt\u00e9, marquera une nouvelle \u00e8re de compromis politique, mais cela pourrait \u00e9galement engendrer des conflits internes si les objectifs divergent trop entre les partis coalis\u00e9s, \u00bb d\u00e9clare Diop.<\/p>\n\n\n\n<h3 class=\"wp-block-heading\">Conclusion : Un Tournant pour le S\u00e9n\u00e9gal<\/h3>\n\n\n\n<p class=\"\">\u00c0 l\u2019aube de ces l\u00e9gislatives, les S\u00e9n\u00e9galais se retrouvent devant un choix d\u00e9cisif entre le camp de Pastef, incarnant la nouvelle gouvernance et une politique ax\u00e9e sur la transparence, et celui de Takku Wallu S\u00e9n\u00e9gal, promouvant un retour \u00e0 une exp\u00e9rience politique plus traditionnelle et \u00e0 une gestion suppos\u00e9e plus stable. Si les lib\u00e9raux parviennent \u00e0 obtenir une majorit\u00e9, le pays pourrait entrer dans une phase de cohabitation politique sans pr\u00e9c\u00e9dent, posant de nouveaux d\u00e9fis institutionnels.<\/p>\n\n\n\n<p class=\"\">Ces l\u00e9gislatives seront donc bien plus qu\u2019un simple renouvellement parlementaire : elles d\u00e9finiront la trajectoire politique du S\u00e9n\u00e9gal pour les ann\u00e9es \u00e0 venir, en influen\u00e7ant la gouvernance, les alliances r\u00e9gionales, et l\u2019\u00e9conomie. Les r\u00e9sultats du 17 novembre seront ainsi scrut\u00e9s de pr\u00e8s par les observateurs internationaux, d\u00e9sireux de comprendre comment cette nation ouest-africaine naviguera dans ce contexte de transformation politique intense.<\/p>\n\n\n\n<p class=\"\">\u00a9 Odon Bulamba \/ Africa Daily Report<\/p>\n\n\n\n<p class=\"\"><\/p>\n","protected":false},"excerpt":{"rendered":"<p>S\u00e9n\u00e9gal : Retour en Politique de Macky Sall et Alliances Strat\u00e9giques pour les L\u00e9gislatives du 17 Novembre Dakar \u2014 Le S\u00e9n\u00e9gal se pr\u00e9pare pour des l\u00e9gislatives anticip\u00e9es ce 17 novembre, un scrutin crucial qui pourrait red\u00e9finir l\u2019\u00e9quilibre des pouvoirs dans le pays. Face \u00e0 une coalition de lib\u00e9raux men\u00e9e par l\u2019ancien pr\u00e9sident Macky Sall, le [&hellip;]<\/p>\n","protected":false},"author":10,"featured_media":13837,"comment_status":"open","ping_status":"open","sticky":false,"template":"","format":"standard","meta":{"_acf_changed":false,"om_disable_all_campaigns":false,"_monsterinsights_skip_tracking":false,"_monsterinsights_sitenote_active":false,"_monsterinsights_sitenote_note":"","_monsterinsights_sitenote_category":0,"tdm_status":"","tdm_grid_status":"","_jetpack_newsletter_access":"","_jetpack_dont_email_post_to_subs":false,"_jetpack_newsletter_tier_id":0,"_jetpack_memberships_contains_paywalled_content":false,"_jetpack_memberships_contains_paid_content":false,"footnotes":""},"categories":[293,1241],"tags":[1561,1562,1566,1563,1170,786,815,1565],"adr_country":[1092],"class_list":{"0":"post-13839","1":"post","2":"type-post","3":"status-publish","4":"format-standard","5":"has-post-thumbnail","7":"category-actualites-fr","8":"category-lead-2-fr","9":"tag-2024-legislative-election-fr","10":"tag-legislative-fr","11":"tag-legislatives-2024","12":"tag-pastef-fr","13":"tag-politics-fr","14":"tag-senegal-fr","15":"tag-senegal-2-fr","16":"tag-takku-wallu-fr","17":"adr_country-senegal"},"acf":{"post_version":""},"yoast_head":"<!-- This site is optimized with the Yoast SEO Premium plugin v26.0 (Yoast SEO v27.4) - https:\/\/yoast.com\/product\/yoast-seo-premium-wordpress\/ -->\n<title>L\u00e9gislatives au S\u00e9n\u00e9gal : Macky Sall Affronte le Tandem Sonko-Diomaye dans une Bataille pour la Majorit\u00e9 Parlementaire - Africa Daily Report<\/title>\n<meta name=\"robots\" content=\"index, follow, max-snippet:-1, max-image-preview:large, max-video-preview:-1\" \/>\n<link rel=\"canonical\" href=\"https:\/\/africadailyreport.com\/fr\/2024\/11\/08\/senegals-legislative-elections-macky-sall-challenges-sonko-diomaye-duo-in-a-battle-for-parliamentary-majority\/\" \/>\n<meta property=\"og:locale\" content=\"fr_FR\" \/>\n<meta property=\"og:type\" content=\"article\" \/>\n<meta property=\"og:title\" content=\"L\u00e9gislatives au S\u00e9n\u00e9gal : Macky Sall Affronte le Tandem Sonko-Diomaye dans une Bataille pour la Majorit\u00e9 Parlementaire\" \/>\n<meta property=\"og:description\" content=\"S\u00e9n\u00e9gal : Retour en Politique de Macky Sall et Alliances Strat\u00e9giques pour les L\u00e9gislatives du 17 Novembre Dakar \u2014 Le S\u00e9n\u00e9gal se pr\u00e9pare pour des l\u00e9gislatives anticip\u00e9es ce 17 novembre, un scrutin crucial qui pourrait red\u00e9finir l\u2019\u00e9quilibre des pouvoirs dans le pays. Face \u00e0 une coalition de lib\u00e9raux men\u00e9e par l\u2019ancien pr\u00e9sident Macky Sall, le [&hellip;]\" \/>\n<meta property=\"og:url\" content=\"https:\/\/africadailyreport.com\/fr\/2024\/11\/08\/senegals-legislative-elections-macky-sall-challenges-sonko-diomaye-duo-in-a-battle-for-parliamentary-majority\/\" \/>\n<meta property=\"og:site_name\" content=\"Africa Daily Report\" \/>\n<meta property=\"article:publisher\" content=\"https:\/\/www.facebook.com\/africadailyreport\" \/>\n<meta property=\"article:published_time\" content=\"2024-11-08T00:53:15+00:00\" \/>\n<meta property=\"article:modified_time\" content=\"2024-11-08T00:59:44+00:00\" \/>\n<meta property=\"og:image\" content=\"https:\/\/africadailyreport.com\/wp-content\/uploads\/2024\/11\/AFP__20240609__HL_XBOUZAS_2415088__v1__HighRes__ParisStateDinnerInHonorOfThePresiden-scaled.jpg\" \/>\n\t<meta property=\"og:image:width\" content=\"2560\" \/>\n\t<meta property=\"og:image:height\" content=\"1707\" \/>\n\t<meta property=\"og:image:type\" content=\"image\/jpeg\" \/>\n<meta name=\"author\" content=\"ADR\/AFP\" \/>\n<meta name=\"twitter:card\" content=\"summary_large_image\" \/>\n<meta name=\"twitter:creator\" content=\"@adr_africa\" \/>\n<meta name=\"twitter:site\" content=\"@adr_africa\" \/>\n<meta name=\"twitter:label1\" content=\"\u00c9crit par\" \/>\n\t<meta name=\"twitter:data1\" content=\"ADR\/AFP\" \/>\n\t<meta name=\"twitter:label2\" content=\"Dur\u00e9e de lecture estim\u00e9e\" \/>\n\t<meta name=\"twitter:data2\" content=\"5 minutes\" \/>\n<script type=\"application\/ld+json\" class=\"yoast-schema-graph\">{\"@context\":\"https:\\\/\\\/schema.org\",\"@graph\":[{\"@type\":\"Article\",\"@id\":\"https:\\\/\\\/africadailyreport.com\\\/fr\\\/2024\\\/11\\\/08\\\/senegals-legislative-elections-macky-sall-challenges-sonko-diomaye-duo-in-a-battle-for-parliamentary-majority\\\/#article\",\"isPartOf\":{\"@id\":\"https:\\\/\\\/africadailyreport.com\\\/fr\\\/2024\\\/11\\\/08\\\/senegals-legislative-elections-macky-sall-challenges-sonko-diomaye-duo-in-a-battle-for-parliamentary-majority\\\/\"},\"author\":{\"name\":\"ADR\\\/AFP\",\"@id\":\"https:\\\/\\\/africadailyreport.com\\\/fr\\\/#\\\/schema\\\/person\\\/c44d86d79f5570b3ba4cf70c989843f8\"},\"headline\":\"L\u00e9gislatives au S\u00e9n\u00e9gal : Macky Sall Affronte le Tandem Sonko-Diomaye dans une Bataille pour la Majorit\u00e9 Parlementaire\",\"datePublished\":\"2024-11-08T00:53:15+00:00\",\"dateModified\":\"2024-11-08T00:59:44+00:00\",\"mainEntityOfPage\":{\"@id\":\"https:\\\/\\\/africadailyreport.com\\\/fr\\\/2024\\\/11\\\/08\\\/senegals-legislative-elections-macky-sall-challenges-sonko-diomaye-duo-in-a-battle-for-parliamentary-majority\\\/\"},\"wordCount\":1103,\"commentCount\":0,\"publisher\":{\"@id\":\"https:\\\/\\\/africadailyreport.com\\\/fr\\\/#organization\"},\"image\":{\"@id\":\"https:\\\/\\\/africadailyreport.com\\\/fr\\\/2024\\\/11\\\/08\\\/senegals-legislative-elections-macky-sall-challenges-sonko-diomaye-duo-in-a-battle-for-parliamentary-majority\\\/#primaryimage\"},\"thumbnailUrl\":\"https:\\\/\\\/i0.wp.com\\\/africadailyreport.com\\\/wp-content\\\/uploads\\\/2024\\\/11\\\/AFP__20240609__HL_XBOUZAS_2415088__v1__HighRes__ParisStateDinnerInHonorOfThePresiden-scaled.jpg?fit=2560%2C1707&ssl=1\",\"keywords\":[\"2024 legislative election\",\"legislative\",\"l\u00e9gislatives 2024\",\"pastef\",\"Politics\",\"S\u00e9n\u00e9gal\",\"Senegal\",\"Takku Wallu\"],\"articleSection\":[\"Actualit\u00e9s\",\"LEAD\"],\"inLanguage\":\"fr-FR\",\"potentialAction\":[{\"@type\":\"CommentAction\",\"name\":\"Comment\",\"target\":[\"https:\\\/\\\/africadailyreport.com\\\/fr\\\/2024\\\/11\\\/08\\\/senegals-legislative-elections-macky-sall-challenges-sonko-diomaye-duo-in-a-battle-for-parliamentary-majority\\\/#respond\"]}],\"copyrightYear\":\"2024\",\"copyrightHolder\":{\"@id\":\"https:\\\/\\\/africadailyreport.com\\\/#organization\"}},{\"@type\":\"WebPage\",\"@id\":\"https:\\\/\\\/africadailyreport.com\\\/fr\\\/2024\\\/11\\\/08\\\/senegals-legislative-elections-macky-sall-challenges-sonko-diomaye-duo-in-a-battle-for-parliamentary-majority\\\/\",\"url\":\"https:\\\/\\\/africadailyreport.com\\\/fr\\\/2024\\\/11\\\/08\\\/senegals-legislative-elections-macky-sall-challenges-sonko-diomaye-duo-in-a-battle-for-parliamentary-majority\\\/\",\"name\":\"L\u00e9gislatives au S\u00e9n\u00e9gal : Macky Sall Affronte le Tandem Sonko-Diomaye dans une Bataille pour la Majorit\u00e9 Parlementaire - Africa Daily Report\",\"isPartOf\":{\"@id\":\"https:\\\/\\\/africadailyreport.com\\\/fr\\\/#website\"},\"primaryImageOfPage\":{\"@id\":\"https:\\\/\\\/africadailyreport.com\\\/fr\\\/2024\\\/11\\\/08\\\/senegals-legislative-elections-macky-sall-challenges-sonko-diomaye-duo-in-a-battle-for-parliamentary-majority\\\/#primaryimage\"},\"image\":{\"@id\":\"https:\\\/\\\/africadailyreport.com\\\/fr\\\/2024\\\/11\\\/08\\\/senegals-legislative-elections-macky-sall-challenges-sonko-diomaye-duo-in-a-battle-for-parliamentary-majority\\\/#primaryimage\"},\"thumbnailUrl\":\"https:\\\/\\\/i0.wp.com\\\/africadailyreport.com\\\/wp-content\\\/uploads\\\/2024\\\/11\\\/AFP__20240609__HL_XBOUZAS_2415088__v1__HighRes__ParisStateDinnerInHonorOfThePresiden-scaled.jpg?fit=2560%2C1707&ssl=1\",\"datePublished\":\"2024-11-08T00:53:15+00:00\",\"dateModified\":\"2024-11-08T00:59:44+00:00\",\"breadcrumb\":{\"@id\":\"https:\\\/\\\/africadailyreport.com\\\/fr\\\/2024\\\/11\\\/08\\\/senegals-legislative-elections-macky-sall-challenges-sonko-diomaye-duo-in-a-battle-for-parliamentary-majority\\\/#breadcrumb\"},\"inLanguage\":\"fr-FR\",\"potentialAction\":[{\"@type\":\"ReadAction\",\"target\":[\"https:\\\/\\\/africadailyreport.com\\\/fr\\\/2024\\\/11\\\/08\\\/senegals-legislative-elections-macky-sall-challenges-sonko-diomaye-duo-in-a-battle-for-parliamentary-majority\\\/\"]}]},{\"@type\":\"ImageObject\",\"inLanguage\":\"fr-FR\",\"@id\":\"https:\\\/\\\/africadailyreport.com\\\/fr\\\/2024\\\/11\\\/08\\\/senegals-legislative-elections-macky-sall-challenges-sonko-diomaye-duo-in-a-battle-for-parliamentary-majority\\\/#primaryimage\",\"url\":\"https:\\\/\\\/i0.wp.com\\\/africadailyreport.com\\\/wp-content\\\/uploads\\\/2024\\\/11\\\/AFP__20240609__HL_XBOUZAS_2415088__v1__HighRes__ParisStateDinnerInHonorOfThePresiden-scaled.jpg?fit=2560%2C1707&ssl=1\",\"contentUrl\":\"https:\\\/\\\/i0.wp.com\\\/africadailyreport.com\\\/wp-content\\\/uploads\\\/2024\\\/11\\\/AFP__20240609__HL_XBOUZAS_2415088__v1__HighRes__ParisStateDinnerInHonorOfThePresiden-scaled.jpg?fit=2560%2C1707&ssl=1\",\"width\":2560,\"height\":1707,\"caption\":\"FRANCE, Paris, 2024-06-08. Photography by Xose Bouzas \\\/ Hans Lucas. Arrival at the state dinner hosted by the President of the French Republic and his wife in honor of the President of the United States of America and his wife at the Elysee Presidential Palace. Former Senegalese President Macky Sall. FRANCE, Paris, 2024-06-08. Photographie par Xose Bouzas \\\/ Hans Lucas. Arrivee au diner d Etat offert par le president de la republique francaise et sa femme en l honneur au president des Etats Unis d America et son epouse au Palais presidentiel de l Elysee. L ancien president senegalais Macky Sall. (Photo by Xose Bouzas \\\/ Hans Lucas \\\/ Hans Lucas via AFP)\"},{\"@type\":\"BreadcrumbList\",\"@id\":\"https:\\\/\\\/africadailyreport.com\\\/fr\\\/2024\\\/11\\\/08\\\/senegals-legislative-elections-macky-sall-challenges-sonko-diomaye-duo-in-a-battle-for-parliamentary-majority\\\/#breadcrumb\",\"itemListElement\":[{\"@type\":\"ListItem\",\"position\":1,\"name\":\"Home\",\"item\":\"https:\\\/\\\/africadailyreport.com\\\/fr\\\/\"},{\"@type\":\"ListItem\",\"position\":2,\"name\":\"L\u00e9gislatives au S\u00e9n\u00e9gal : Macky Sall Affronte le Tandem Sonko-Diomaye dans une Bataille pour la Majorit\u00e9 Parlementaire\"}]},{\"@type\":\"WebSite\",\"@id\":\"https:\\\/\\\/africadailyreport.com\\\/fr\\\/#website\",\"url\":\"https:\\\/\\\/africadailyreport.com\\\/fr\\\/\",\"name\":\"Africa Daily Report\",\"description\":\"\",\"publisher\":{\"@id\":\"https:\\\/\\\/africadailyreport.com\\\/fr\\\/#organization\"},\"potentialAction\":[{\"@type\":\"SearchAction\",\"target\":{\"@type\":\"EntryPoint\",\"urlTemplate\":\"https:\\\/\\\/africadailyreport.com\\\/fr\\\/?s={search_term_string}\"},\"query-input\":{\"@type\":\"PropertyValueSpecification\",\"valueRequired\":true,\"valueName\":\"search_term_string\"}}],\"inLanguage\":\"fr-FR\"},{\"@type\":\"Organization\",\"@id\":\"https:\\\/\\\/africadailyreport.com\\\/fr\\\/#organization\",\"name\":\"Africa Daily Report\",\"url\":\"https:\\\/\\\/africadailyreport.com\\\/fr\\\/\",\"logo\":{\"@type\":\"ImageObject\",\"inLanguage\":\"fr-FR\",\"@id\":\"https:\\\/\\\/africadailyreport.com\\\/fr\\\/#\\\/schema\\\/logo\\\/image\\\/\",\"url\":\"https:\\\/\\\/africadailyreport.com\\\/wp-content\\\/uploads\\\/2024\\\/09\\\/ADR-Transparent-Green-Logo-1.png\",\"contentUrl\":\"https:\\\/\\\/africadailyreport.com\\\/wp-content\\\/uploads\\\/2024\\\/09\\\/ADR-Transparent-Green-Logo-1.png\",\"width\":267,\"height\":185,\"caption\":\"Africa Daily Report\"},\"image\":{\"@id\":\"https:\\\/\\\/africadailyreport.com\\\/fr\\\/#\\\/schema\\\/logo\\\/image\\\/\"},\"sameAs\":[\"https:\\\/\\\/www.facebook.com\\\/africadailyreport\",\"https:\\\/\\\/x.com\\\/adr_africa\",\"https:\\\/\\\/www.youtube.com\\\/@africadailyreport\",\"https:\\\/\\\/instagram.com\\\/africadailyreport\"]},{\"@type\":\"Person\",\"@id\":\"https:\\\/\\\/africadailyreport.com\\\/fr\\\/#\\\/schema\\\/person\\\/c44d86d79f5570b3ba4cf70c989843f8\",\"name\":\"ADR\\\/AFP\",\"image\":{\"@type\":\"ImageObject\",\"inLanguage\":\"fr-FR\",\"@id\":\"https:\\\/\\\/secure.gravatar.com\\\/avatar\\\/2fbdc3782aa386b408fd9a36f0bc78ee569c94a7a05670cab3a1d72916408214?s=96&d=mm&r=g\",\"url\":\"https:\\\/\\\/secure.gravatar.com\\\/avatar\\\/2fbdc3782aa386b408fd9a36f0bc78ee569c94a7a05670cab3a1d72916408214?s=96&d=mm&r=g\",\"contentUrl\":\"https:\\\/\\\/secure.gravatar.com\\\/avatar\\\/2fbdc3782aa386b408fd9a36f0bc78ee569c94a7a05670cab3a1d72916408214?s=96&d=mm&r=g\",\"caption\":\"ADR\\\/AFP\"},\"sameAs\":[\"http:\\\/\\\/africadailyreport.com\"],\"url\":\"https:\\\/\\\/africadailyreport.com\\\/fr\\\/author\\\/both\\\/\"}]}<\/script>\n<!-- \/ Yoast SEO Premium plugin. -->","yoast_head_json":{"title":"L\u00e9gislatives au S\u00e9n\u00e9gal : Macky Sall Affronte le Tandem Sonko-Diomaye dans une Bataille pour la Majorit\u00e9 Parlementaire - Africa Daily Report","robots":{"index":"index","follow":"follow","max-snippet":"max-snippet:-1","max-image-preview":"max-image-preview:large","max-video-preview":"max-video-preview:-1"},"canonical":"https:\/\/africadailyreport.com\/fr\/2024\/11\/08\/senegals-legislative-elections-macky-sall-challenges-sonko-diomaye-duo-in-a-battle-for-parliamentary-majority\/","og_locale":"fr_FR","og_type":"article","og_title":"L\u00e9gislatives au S\u00e9n\u00e9gal : Macky Sall Affronte le Tandem Sonko-Diomaye dans une Bataille pour la Majorit\u00e9 Parlementaire","og_description":"S\u00e9n\u00e9gal : Retour en Politique de Macky Sall et Alliances Strat\u00e9giques pour les L\u00e9gislatives du 17 Novembre Dakar \u2014 Le S\u00e9n\u00e9gal se pr\u00e9pare pour des l\u00e9gislatives anticip\u00e9es ce 17 novembre, un scrutin crucial qui pourrait red\u00e9finir l\u2019\u00e9quilibre des pouvoirs dans le pays. Face \u00e0 une coalition de lib\u00e9raux men\u00e9e par l\u2019ancien pr\u00e9sident Macky Sall, le [&hellip;]","og_url":"https:\/\/africadailyreport.com\/fr\/2024\/11\/08\/senegals-legislative-elections-macky-sall-challenges-sonko-diomaye-duo-in-a-battle-for-parliamentary-majority\/","og_site_name":"Africa Daily Report","article_publisher":"https:\/\/www.facebook.com\/africadailyreport","article_published_time":"2024-11-08T00:53:15+00:00","article_modified_time":"2024-11-08T00:59:44+00:00","og_image":[{"width":2560,"height":1707,"url":"https:\/\/africadailyreport.com\/wp-content\/uploads\/2024\/11\/AFP__20240609__HL_XBOUZAS_2415088__v1__HighRes__ParisStateDinnerInHonorOfThePresiden-scaled.jpg","type":"image\/jpeg"}],"author":"ADR\/AFP","twitter_card":"summary_large_image","twitter_creator":"@adr_africa","twitter_site":"@adr_africa","twitter_misc":{"\u00c9crit par":"ADR\/AFP","Dur\u00e9e de lecture estim\u00e9e":"5 minutes"},"schema":{"@context":"https:\/\/schema.org","@graph":[{"@type":"Article","@id":"https:\/\/africadailyreport.com\/fr\/2024\/11\/08\/senegals-legislative-elections-macky-sall-challenges-sonko-diomaye-duo-in-a-battle-for-parliamentary-majority\/#article","isPartOf":{"@id":"https:\/\/africadailyreport.com\/fr\/2024\/11\/08\/senegals-legislative-elections-macky-sall-challenges-sonko-diomaye-duo-in-a-battle-for-parliamentary-majority\/"},"author":{"name":"ADR\/AFP","@id":"https:\/\/africadailyreport.com\/fr\/#\/schema\/person\/c44d86d79f5570b3ba4cf70c989843f8"},"headline":"L\u00e9gislatives au S\u00e9n\u00e9gal : Macky Sall Affronte le Tandem Sonko-Diomaye dans une Bataille pour la Majorit\u00e9 Parlementaire","datePublished":"2024-11-08T00:53:15+00:00","dateModified":"2024-11-08T00:59:44+00:00","mainEntityOfPage":{"@id":"https:\/\/africadailyreport.com\/fr\/2024\/11\/08\/senegals-legislative-elections-macky-sall-challenges-sonko-diomaye-duo-in-a-battle-for-parliamentary-majority\/"},"wordCount":1103,"commentCount":0,"publisher":{"@id":"https:\/\/africadailyreport.com\/fr\/#organization"},"image":{"@id":"https:\/\/africadailyreport.com\/fr\/2024\/11\/08\/senegals-legislative-elections-macky-sall-challenges-sonko-diomaye-duo-in-a-battle-for-parliamentary-majority\/#primaryimage"},"thumbnailUrl":"https:\/\/i0.wp.com\/africadailyreport.com\/wp-content\/uploads\/2024\/11\/AFP__20240609__HL_XBOUZAS_2415088__v1__HighRes__ParisStateDinnerInHonorOfThePresiden-scaled.jpg?fit=2560%2C1707&ssl=1","keywords":["2024 legislative election","legislative","l\u00e9gislatives 2024","pastef","Politics","S\u00e9n\u00e9gal","Senegal","Takku Wallu"],"articleSection":["Actualit\u00e9s","LEAD"],"inLanguage":"fr-FR","potentialAction":[{"@type":"CommentAction","name":"Comment","target":["https:\/\/africadailyreport.com\/fr\/2024\/11\/08\/senegals-legislative-elections-macky-sall-challenges-sonko-diomaye-duo-in-a-battle-for-parliamentary-majority\/#respond"]}],"copyrightYear":"2024","copyrightHolder":{"@id":"https:\/\/africadailyreport.com\/#organization"}},{"@type":"WebPage","@id":"https:\/\/africadailyreport.com\/fr\/2024\/11\/08\/senegals-legislative-elections-macky-sall-challenges-sonko-diomaye-duo-in-a-battle-for-parliamentary-majority\/","url":"https:\/\/africadailyreport.com\/fr\/2024\/11\/08\/senegals-legislative-elections-macky-sall-challenges-sonko-diomaye-duo-in-a-battle-for-parliamentary-majority\/","name":"L\u00e9gislatives au S\u00e9n\u00e9gal : Macky Sall Affronte le Tandem Sonko-Diomaye dans une Bataille pour la Majorit\u00e9 Parlementaire - Africa Daily Report","isPartOf":{"@id":"https:\/\/africadailyreport.com\/fr\/#website"},"primaryImageOfPage":{"@id":"https:\/\/africadailyreport.com\/fr\/2024\/11\/08\/senegals-legislative-elections-macky-sall-challenges-sonko-diomaye-duo-in-a-battle-for-parliamentary-majority\/#primaryimage"},"image":{"@id":"https:\/\/africadailyreport.com\/fr\/2024\/11\/08\/senegals-legislative-elections-macky-sall-challenges-sonko-diomaye-duo-in-a-battle-for-parliamentary-majority\/#primaryimage"},"thumbnailUrl":"https:\/\/i0.wp.com\/africadailyreport.com\/wp-content\/uploads\/2024\/11\/AFP__20240609__HL_XBOUZAS_2415088__v1__HighRes__ParisStateDinnerInHonorOfThePresiden-scaled.jpg?fit=2560%2C1707&ssl=1","datePublished":"2024-11-08T00:53:15+00:00","dateModified":"2024-11-08T00:59:44+00:00","breadcrumb":{"@id":"https:\/\/africadailyreport.com\/fr\/2024\/11\/08\/senegals-legislative-elections-macky-sall-challenges-sonko-diomaye-duo-in-a-battle-for-parliamentary-majority\/#breadcrumb"},"inLanguage":"fr-FR","potentialAction":[{"@type":"ReadAction","target":["https:\/\/africadailyreport.com\/fr\/2024\/11\/08\/senegals-legislative-elections-macky-sall-challenges-sonko-diomaye-duo-in-a-battle-for-parliamentary-majority\/"]}]},{"@type":"ImageObject","inLanguage":"fr-FR","@id":"https:\/\/africadailyreport.com\/fr\/2024\/11\/08\/senegals-legislative-elections-macky-sall-challenges-sonko-diomaye-duo-in-a-battle-for-parliamentary-majority\/#primaryimage","url":"https:\/\/i0.wp.com\/africadailyreport.com\/wp-content\/uploads\/2024\/11\/AFP__20240609__HL_XBOUZAS_2415088__v1__HighRes__ParisStateDinnerInHonorOfThePresiden-scaled.jpg?fit=2560%2C1707&ssl=1","contentUrl":"https:\/\/i0.wp.com\/africadailyreport.com\/wp-content\/uploads\/2024\/11\/AFP__20240609__HL_XBOUZAS_2415088__v1__HighRes__ParisStateDinnerInHonorOfThePresiden-scaled.jpg?fit=2560%2C1707&ssl=1","width":2560,"height":1707,"caption":"FRANCE, Paris, 2024-06-08. Photography by Xose Bouzas \/ Hans Lucas. Arrival at the state dinner hosted by the President of the French Republic and his wife in honor of the President of the United States of America and his wife at the Elysee Presidential Palace. Former Senegalese President Macky Sall. FRANCE, Paris, 2024-06-08. Photographie par Xose Bouzas \/ Hans Lucas. Arrivee au diner d Etat offert par le president de la republique francaise et sa femme en l honneur au president des Etats Unis d America et son epouse au Palais presidentiel de l Elysee. L ancien president senegalais Macky Sall. (Photo by Xose Bouzas \/ Hans Lucas \/ Hans Lucas via AFP)"},{"@type":"BreadcrumbList","@id":"https:\/\/africadailyreport.com\/fr\/2024\/11\/08\/senegals-legislative-elections-macky-sall-challenges-sonko-diomaye-duo-in-a-battle-for-parliamentary-majority\/#breadcrumb","itemListElement":[{"@type":"ListItem","position":1,"name":"Home","item":"https:\/\/africadailyreport.com\/fr\/"},{"@type":"ListItem","position":2,"name":"L\u00e9gislatives au S\u00e9n\u00e9gal : Macky Sall Affronte le Tandem Sonko-Diomaye dans une Bataille pour la Majorit\u00e9 Parlementaire"}]},{"@type":"WebSite","@id":"https:\/\/africadailyreport.com\/fr\/#website","url":"https:\/\/africadailyreport.com\/fr\/","name":"Africa Daily Report","description":"","publisher":{"@id":"https:\/\/africadailyreport.com\/fr\/#organization"},"potentialAction":[{"@type":"SearchAction","target":{"@type":"EntryPoint","urlTemplate":"https:\/\/africadailyreport.com\/fr\/?s={search_term_string}"},"query-input":{"@type":"PropertyValueSpecification","valueRequired":true,"valueName":"search_term_string"}}],"inLanguage":"fr-FR"},{"@type":"Organization","@id":"https:\/\/africadailyreport.com\/fr\/#organization","name":"Africa Daily Report","url":"https:\/\/africadailyreport.com\/fr\/","logo":{"@type":"ImageObject","inLanguage":"fr-FR","@id":"https:\/\/africadailyreport.com\/fr\/#\/schema\/logo\/image\/","url":"https:\/\/africadailyreport.com\/wp-content\/uploads\/2024\/09\/ADR-Transparent-Green-Logo-1.png","contentUrl":"https:\/\/africadailyreport.com\/wp-content\/uploads\/2024\/09\/ADR-Transparent-Green-Logo-1.png","width":267,"height":185,"caption":"Africa Daily Report"},"image":{"@id":"https:\/\/africadailyreport.com\/fr\/#\/schema\/logo\/image\/"},"sameAs":["https:\/\/www.facebook.com\/africadailyreport","https:\/\/x.com\/adr_africa","https:\/\/www.youtube.com\/@africadailyreport","https:\/\/instagram.com\/africadailyreport"]},{"@type":"Person","@id":"https:\/\/africadailyreport.com\/fr\/#\/schema\/person\/c44d86d79f5570b3ba4cf70c989843f8","name":"ADR\/AFP","image":{"@type":"ImageObject","inLanguage":"fr-FR","@id":"https:\/\/secure.gravatar.com\/avatar\/2fbdc3782aa386b408fd9a36f0bc78ee569c94a7a05670cab3a1d72916408214?s=96&d=mm&r=g","url":"https:\/\/secure.gravatar.com\/avatar\/2fbdc3782aa386b408fd9a36f0bc78ee569c94a7a05670cab3a1d72916408214?s=96&d=mm&r=g","contentUrl":"https:\/\/secure.gravatar.com\/avatar\/2fbdc3782aa386b408fd9a36f0bc78ee569c94a7a05670cab3a1d72916408214?s=96&d=mm&r=g","caption":"ADR\/AFP"},"sameAs":["http:\/\/africadailyreport.com"],"url":"https:\/\/africadailyreport.com\/fr\/author\/both\/"}]}},"jetpack_featured_media_url":"https:\/\/i0.wp.com\/africadailyreport.com\/wp-content\/uploads\/2024\/11\/AFP__20240609__HL_XBOUZAS_2415088__v1__HighRes__ParisStateDinnerInHonorOfThePresiden-scaled.jpg?fit=2560%2C1707&ssl=1","jetpack_sharing_enabled":true,"amp_enabled":true,"_links":{"self":[{"href":"https:\/\/africadailyreport.com\/fr\/wp-json\/wp\/v2\/posts\/13839","targetHints":{"allow":["GET"]}}],"collection":[{"href":"https:\/\/africadailyreport.com\/fr\/wp-json\/wp\/v2\/posts"}],"about":[{"href":"https:\/\/africadailyreport.com\/fr\/wp-json\/wp\/v2\/types\/post"}],"author":[{"embeddable":true,"href":"https:\/\/africadailyreport.com\/fr\/wp-json\/wp\/v2\/users\/10"}],"replies":[{"embeddable":true,"href":"https:\/\/africadailyreport.com\/fr\/wp-json\/wp\/v2\/comments?post=13839"}],"version-history":[{"count":3,"href":"https:\/\/africadailyreport.com\/fr\/wp-json\/wp\/v2\/posts\/13839\/revisions"}],"predecessor-version":[{"id":13842,"href":"https:\/\/africadailyreport.com\/fr\/wp-json\/wp\/v2\/posts\/13839\/revisions\/13842"}],"wp:featuredmedia":[{"embeddable":true,"href":"https:\/\/africadailyreport.com\/fr\/wp-json\/wp\/v2\/media\/13837"}],"wp:attachment":[{"href":"https:\/\/africadailyreport.com\/fr\/wp-json\/wp\/v2\/media?parent=13839"}],"wp:term":[{"taxonomy":"category","embeddable":true,"href":"https:\/\/africadailyreport.com\/fr\/wp-json\/wp\/v2\/categories?post=13839"},{"taxonomy":"post_tag","embeddable":true,"href":"https:\/\/africadailyreport.com\/fr\/wp-json\/wp\/v2\/tags?post=13839"},{"taxonomy":"adr_country","embeddable":true,"href":"https:\/\/africadailyreport.com\/fr\/wp-json\/wp\/v2\/adr_country?post=13839"}],"curies":[{"name":"wp","href":"https:\/\/api.w.org\/{rel}","templated":true}]}}