{"id":13723,"date":"2024-11-05T22:26:32","date_gmt":"2024-11-05T22:26:32","guid":{"rendered":"https:\/\/africadailyreport.com\/2024\/11\/05\/constitutional-revision-in-the-drc-national-interest-or-political-agenda\/"},"modified":"2024-11-05T22:41:51","modified_gmt":"2024-11-05T22:41:51","slug":"constitutional-revision-in-the-drc-national-interest-or-political-agenda","status":"publish","type":"post","link":"https:\/\/africadailyreport.com\/fr\/2024\/11\/05\/constitutional-revision-in-the-drc-national-interest-or-political-agenda\/","title":{"rendered":"R\u00e9vision Constitutionnelle en RDC : Enjeu National ou Int\u00e9r\u00eat Politique?"},"content":{"rendered":"\n<figure class=\"wp-block-image size-large\"><img data-recalc-dims=\"1\" loading=\"lazy\" decoding=\"async\" width=\"696\" height=\"464\" src=\"https:\/\/i0.wp.com\/africadailyreport.com\/wp-content\/uploads\/2024\/11\/AFP__20190124__1CL7U6__v1__HighRes__DrcongoVotePolitics.jpg?resize=696%2C464&#038;ssl=1\" alt=\"\" class=\"wp-image-13720\" srcset=\"https:\/\/i0.wp.com\/africadailyreport.com\/wp-content\/uploads\/2024\/11\/AFP__20190124__1CL7U6__v1__HighRes__DrcongoVotePolitics-scaled.jpg?resize=1024%2C683&amp;ssl=1 1024w, https:\/\/i0.wp.com\/africadailyreport.com\/wp-content\/uploads\/2024\/11\/AFP__20190124__1CL7U6__v1__HighRes__DrcongoVotePolitics-scaled.jpg?resize=300%2C200&amp;ssl=1 300w, https:\/\/i0.wp.com\/africadailyreport.com\/wp-content\/uploads\/2024\/11\/AFP__20190124__1CL7U6__v1__HighRes__DrcongoVotePolitics-scaled.jpg?resize=768%2C512&amp;ssl=1 768w, https:\/\/i0.wp.com\/africadailyreport.com\/wp-content\/uploads\/2024\/11\/AFP__20190124__1CL7U6__v1__HighRes__DrcongoVotePolitics-scaled.jpg?resize=1536%2C1024&amp;ssl=1 1536w, https:\/\/i0.wp.com\/africadailyreport.com\/wp-content\/uploads\/2024\/11\/AFP__20190124__1CL7U6__v1__HighRes__DrcongoVotePolitics-scaled.jpg?resize=2048%2C1366&amp;ssl=1 2048w, https:\/\/i0.wp.com\/africadailyreport.com\/wp-content\/uploads\/2024\/11\/AFP__20190124__1CL7U6__v1__HighRes__DrcongoVotePolitics-scaled.jpg?resize=630%2C420&amp;ssl=1 630w, https:\/\/i0.wp.com\/africadailyreport.com\/wp-content\/uploads\/2024\/11\/AFP__20190124__1CL7U6__v1__HighRes__DrcongoVotePolitics-scaled.jpg?resize=150%2C100&amp;ssl=1 150w, https:\/\/i0.wp.com\/africadailyreport.com\/wp-content\/uploads\/2024\/11\/AFP__20190124__1CL7U6__v1__HighRes__DrcongoVotePolitics-scaled.jpg?resize=696%2C464&amp;ssl=1 696w, https:\/\/i0.wp.com\/africadailyreport.com\/wp-content\/uploads\/2024\/11\/AFP__20190124__1CL7U6__v1__HighRes__DrcongoVotePolitics-scaled.jpg?resize=1068%2C712&amp;ssl=1 1068w, https:\/\/i0.wp.com\/africadailyreport.com\/wp-content\/uploads\/2024\/11\/AFP__20190124__1CL7U6__v1__HighRes__DrcongoVotePolitics-scaled.jpg?resize=1920%2C1280&amp;ssl=1 1920w, https:\/\/i0.wp.com\/africadailyreport.com\/wp-content\/uploads\/2024\/11\/AFP__20190124__1CL7U6__v1__HighRes__DrcongoVotePolitics-scaled.jpg?w=1392&amp;ssl=1 1392w\" sizes=\"auto, (max-width: 696px) 100vw, 696px\" \/><figcaption class=\"wp-element-caption\">Democratic Republic of the Congo&rsquo;s newly inaugurated President Felix Tshisekedi raises an official copy of the nation&rsquo;s constitution on January 24, 2019 after he took an oath of office at the Presidency in Kinshasa. Opposition leader Felix Tshisekedi was sworn in on January 24, 2019 as president of Democratic Republic of Congo, marking the country&rsquo;s first-ever peaceful handover of power after chaotic and bitterly-disputed elections. Tshisekedi took the oath of office before receiving the national flag and a copy of the constitution from outgoing president Joseph Kabila, stepping aside after 18 years at the helm of sub-Saharan Africa&rsquo;s biggest country. (Photo by TONY KARUMBA \/ AFP)<\/figcaption><\/figure>\n\n\n\n<hr class=\"wp-block-separator has-alpha-channel-opacity\"\/>\n\n\n\n<p class=\"\"><\/p>\n\n\n\n<p class=\"\"><strong>R\u00e9sum\u00e9 :<\/strong><br><em>Le d\u00e9bat sur la r\u00e9vision constitutionnelle en R\u00e9publique D\u00e9mocratique du Congo, initi\u00e9 par le pr\u00e9sident F\u00e9lix Tshisekedi, suscite de vives tensions politiques. Pr\u00e9sent\u00e9e comme une n\u00e9cessit\u00e9 pour moderniser des institutions jug\u00e9es obsol\u00e8tes, cette initiative est per\u00e7ue par l\u2019opposition et la soci\u00e9t\u00e9 civile comme une man\u0153uvre pour \u00e9tendre le pouvoir pr\u00e9sidentiel. Dans cet article, nous analysons les enjeux de cette r\u00e9forme, explorons les critiques et soutiens qu\u2019elle soul\u00e8ve, et \u00e9tudions les cons\u00e9quences potentielles de ce projet pour l\u2019avenir d\u00e9mocratique du pays.<\/em><\/p>\n\n\n\n<hr class=\"wp-block-separator has-alpha-channel-opacity\"\/>\n\n\n\n<p class=\"\"><strong>L&rsquo;Origine de la Controverse<\/strong><\/p>\n\n\n\n<p class=\"\">Lanc\u00e9e par le pr\u00e9sident F\u00e9lix Tshisekedi lors d&rsquo;un discours \u00e0 Bruxelles, l\u2019id\u00e9e de r\u00e9viser une Constitution jug\u00e9e \u00ab obsol\u00e8te \u00bb a provoqu\u00e9 de vives r\u00e9actions au sein de la soci\u00e9t\u00e9 congolaise et de la classe politique. Promulgu\u00e9e en 2006 pour stabiliser un pays en proie \u00e0 des conflits, la Constitution actuelle porte les traces de cet h\u00e9ritage, ayant \u00e9t\u00e9 con\u00e7ue en faisant \u00ab la part belle aux bellig\u00e9rants \u00bb, selon Tshisekedi. Mais si l\u2019id\u00e9e d\u2019un remaniement de ce texte a trouv\u00e9 des partisans au sein du parti au pouvoir, l\u2019Union pour la D\u00e9mocratie et le Progr\u00e8s Social (UDPS), elle est per\u00e7ue comme une menace par une opposition qui y voit un moyen d\u2019accro\u00eetre le pouvoir du chef de l\u2019\u00c9tat.<\/p>\n\n\n\n<hr class=\"wp-block-separator has-alpha-channel-opacity\"\/>\n\n\n\n<h3 class=\"wp-block-heading\">Encadr\u00e9 : L\u2019Union pour la D\u00e9mocratie et le Progr\u00e8s Social (UDPS)<\/h3>\n\n\n\n<p class=\"\">Fond\u00e9e en 1982 par \u00c9tienne Tshisekedi, p\u00e8re de l&rsquo;actuel pr\u00e9sident, l&rsquo;UDPS est l&rsquo;un des plus anciens et influents partis politiques de RDC. Historiquement, l&rsquo;UDPS a jou\u00e9 un r\u00f4le cl\u00e9 dans l&rsquo;opposition au r\u00e9gime autoritaire de Mobutu Sese Seko. Aujourd&rsquo;hui, en position de pouvoir, l&rsquo;UDPS promeut des r\u00e9formes constitutionnelles que certains voient comme un moyen d&rsquo;ancrer sa position dominante dans le paysage politique congolais.<\/p>\n\n\n\n<hr class=\"wp-block-separator has-alpha-channel-opacity\"\/>\n\n\n\n<p class=\"\"><strong>Une Constitution \u00ab \u00e9crite sous la menace des armes \u00bb?<\/strong><\/p>\n\n\n\n<p class=\"\">Jean-Claude Tshilumbayi, premier vice-pr\u00e9sident de l\u2019Assembl\u00e9e nationale, a d\u00e9clar\u00e9 que cette Constitution est le fruit d\u2019un contexte historique tendu, r\u00e9dig\u00e9e par des acteurs arm\u00e9s. Selon lui, le texte refl\u00e8te les compromis de l\u2019\u00e9poque, mais se r\u00e9v\u00e8le inadapt\u00e9 aux d\u00e9fis actuels. \u00ab Tu mets cet article, je d\u00e9pose la mitrailleuse, tu l\u2019enl\u00e8ves, je la garde et je reste en brousse \u00bb, a-t-il affirm\u00e9 pour d\u00e9peindre l\u2019ambiance des n\u00e9gociations. Ces propos soul\u00e8vent une question fondamentale : peut-on b\u00e2tir un avenir stable sur un texte fa\u00e7onn\u00e9 par des compromis de guerre? La r\u00e9vision est-elle donc une n\u00e9cessit\u00e9, ou une man\u0153uvre politique bien calcul\u00e9e?<\/p>\n\n\n\n<p class=\"\"><strong>Opposition et Soci\u00e9t\u00e9 Civile : Vigilance sur les Intentions Politiques<\/strong><\/p>\n\n\n\n<p class=\"\">L&rsquo;opposition, soutenue par des voix de la soci\u00e9t\u00e9 civile, craint que la r\u00e9vision constitutionnelle serve de pr\u00e9texte \u00e0 une remise \u00e0 z\u00e9ro des mandats pr\u00e9sidentiels, permettant ainsi \u00e0 Tshisekedi de prolonger son pouvoir au-del\u00e0 des limites actuelles. Mo\u00efse Katumbi, figure de l&rsquo;opposition, accuse : \u00ab Nous ne sommes pas na\u00effs. Si certains veulent toucher \u00e0 la Constitution, c\u2019est pour permettre un troisi\u00e8me mandat au pr\u00e9sident actuel. \u00bb De son c\u00f4t\u00e9, le mouvement citoyen Lucha met en garde : \u00ab Aucun Congolais ne peut oser modifier notre Constitution pour satisfaire ses envies de long\u00e9vit\u00e9. \u00bb Un avertissement qui rappelle les ann\u00e9es de contestation contre Joseph Kabila, o\u00f9 la soci\u00e9t\u00e9 civile avait r\u00e9ussi \u00e0 faire pression pour pr\u00e9server les institutions.<\/p>\n\n\n\n<p class=\"\"><strong>Des Propositions de R\u00e9formes au Nom du D\u00e9veloppement?<\/strong><\/p>\n\n\n\n<p class=\"\">Selon les partisans de la r\u00e9forme, la r\u00e9vision vise plusieurs articles de la Constitution jug\u00e9s \u00ab rigides \u00bb ou inadapt\u00e9s aux r\u00e9alit\u00e9s modernes de la RDC. Les discussions portent notamment sur <strong>l\u2019article 220<\/strong>, qui interdit toute modification concernant le nombre et la dur\u00e9e des mandats pr\u00e9sidentiels, ainsi que sur les <strong>articles relatifs aux responsabilit\u00e9s des gouverneurs et des d\u00e9put\u00e9s provinciaux<\/strong>. Ces r\u00e9formes viseraient, selon leurs promoteurs, \u00e0 am\u00e9liorer l\u2019efficacit\u00e9 de la gouvernance en r\u00e9duisant les conflits de comp\u00e9tences entre l\u2019\u00c9tat central et les provinces, un sujet \u00e9pineux qui a souvent engendr\u00e9 des blocages institutionnels.<\/p>\n\n\n\n<p class=\"\">\u00ab Des r\u00e9visions constitutionnelles peuvent \u00eatre b\u00e9n\u00e9fiques pour renforcer la d\u00e9mocratie et stabiliser les institutions si elles sont conduites de mani\u00e8re transparente et participative, \u00bb affirme Pierre Englebert, expert en politique africaine et chercheur au sein du programme Afrique de la Fondation pour la paix internationale. \u00ab Cependant, en RDC, o\u00f9 l\u2019histoire est marqu\u00e9e par la m\u00e9fiance envers les institutions, toute tentative de r\u00e9forme est souvent per\u00e7ue avec suspicion. \u00bb<\/p>\n\n\n\n<p class=\"\"><strong>Vers une R\u00e9vision en 2025?<\/strong><\/p>\n\n\n\n<p class=\"\">Tina Salama, porte-parole de la pr\u00e9sidence, a affirm\u00e9 que la mise en place d\u2019une commission d\u2019experts est pr\u00e9vue pour 2025, soulignant l\u2019absence d\u2019urgence dans ce projet. N\u00e9anmoins, la pression politique monte, et l\u2019opposition questionne le timing de cette initiative alors que le pays fait face \u00e0 des crises s\u00e9curitaires persistantes dans l\u2019Est. La guerre avec le groupe rebelle M23 et l\u2019\u00e9tat de si\u00e8ge prolong\u00e9 dans certaines provinces suscitent des pr\u00e9occupations sur la priorit\u00e9 accord\u00e9e \u00e0 la r\u00e9vision constitutionnelle en ce moment critique.<\/p>\n\n\n\n<hr class=\"wp-block-separator has-alpha-channel-opacity\"\/>\n\n\n\n<h3 class=\"wp-block-heading\">Encadr\u00e9 : Qui est F\u00e9lix Tshisekedi?<\/h3>\n\n\n\n<p class=\"\">Fils de l&rsquo;opposant historique \u00c9tienne Tshisekedi, F\u00e9lix Tshisekedi est arriv\u00e9 au pouvoir en 2019 apr\u00e8s avoir \u00e9t\u00e9 \u00e9lu pr\u00e9sident. Dirigeant de l&rsquo;UDPS, il a promis de moderniser le pays et de garantir la stabilit\u00e9 apr\u00e8s des ann\u00e9es de conflit. Cependant, sa volont\u00e9 de r\u00e9former la Constitution a soulev\u00e9 des suspicions quant \u00e0 ses intentions, certains craignant qu\u2019il ne cherche \u00e0 prolonger son mandat au-del\u00e0 de la limite fix\u00e9e.<\/p>\n\n\n\n<hr class=\"wp-block-separator has-alpha-channel-opacity\"\/>\n\n\n\n<p class=\"\"><strong>Un Contexte Historique R\u00e9v\u00e9lateur<\/strong><\/p>\n\n\n\n<p class=\"\">Le d\u00e9bat actuel rappelle les tensions qui ont pr\u00e9c\u00e9d\u00e9 la fin du mandat de Joseph Kabila. Entre 2015 et 2018, des manifestations massives, orchestr\u00e9es par l\u2019\u00c9glise catholique et des mouvements citoyens, s\u2019\u00e9taient \u00e9lev\u00e9es contre l\u2019id\u00e9e d\u2019un troisi\u00e8me mandat pour Kabila. Aujourd\u2019hui, cette opposition au prolongement de mandats demeure, mais l\u2019UDPS, autrefois dans les rangs de la contestation, se trouve d\u00e9sormais en position de pouvoir. Ce retournement de situation met en lumi\u00e8re l\u2019\u00e9volution des dynamiques politiques congolaises.<\/p>\n\n\n\n<p class=\"\"><strong>Des Comparaisons Internationales : Le\u00e7ons et Avertissements<\/strong><\/p>\n\n\n\n<p class=\"\">L\u2019histoire r\u00e9cente montre que des r\u00e9visions constitutionnelles similaires, en Afrique ou ailleurs, ont parfois men\u00e9 \u00e0 des crises sociales. Au Burkina Faso, les manifestations ont abouti \u00e0 la d\u00e9mission de Blaise Compaor\u00e9 en 2014, lorsqu\u2019il avait tent\u00e9 de prolonger son pouvoir. De m\u00eame, au S\u00e9n\u00e9gal, les mouvements citoyens ont influenc\u00e9 la d\u00e9cision de l\u2019ancien pr\u00e9sident Abdoulaye Wade de renoncer \u00e0 une r\u00e9forme constitutionnelle controvers\u00e9e. La RDC pourrait-elle suivre le m\u00eame chemin si la soci\u00e9t\u00e9 civile s\u2019unit pour contrer ce projet?<\/p>\n\n\n\n<p class=\"\">\u00ab Les citoyens africains sont devenus tr\u00e8s vigilants et r\u00e9sistent souvent aux r\u00e9formes qui semblent con\u00e7ues pour prolonger des mandats politiques, \u00bb observe Nic Cheeseman, professeur de d\u00e9mocratie africaine \u00e0 l\u2019Universit\u00e9 de Birmingham. \u00ab Cette vigilance croissante t\u00e9moigne d\u2019une prise de conscience des droits d\u00e9mocratiques et d\u2019une opposition aux manipulations institutionnelles. \u00bb<\/p>\n\n\n\n<p class=\"\"><strong>Conclusion : Quel Futur pour la RDC?<\/strong><\/p>\n\n\n\n<p class=\"\">Le projet de r\u00e9vision constitutionnelle cristallise les tensions en RDC. Si elle repr\u00e9sente une opportunit\u00e9 de r\u00e9former des institutions jug\u00e9es inadapt\u00e9es, elle suscite des interrogations quant aux v\u00e9ritables intentions de ses promoteurs. L\u2019avenir de la RDC d\u00e9pendra de la capacit\u00e9 de ses dirigeants \u00e0 naviguer entre modernisation des institutions et respect des fondements d\u00e9mocratiques, sous le regard attentif d&rsquo;une population et d&rsquo;une soci\u00e9t\u00e9 civile pr\u00eates \u00e0 d\u00e9fendre l&rsquo;int\u00e9grit\u00e9 de leur Constitution. La question est pos\u00e9e : la RDC choisira-t-elle la voie de la r\u00e9forme pour la stabilit\u00e9 ou celle de la contestation pour d\u00e9fendre la d\u00e9mocratie?<\/p>\n\n\n\n<p class=\"\">\u00a9 O Bulamba \/ Africa Daily Report<\/p>\n","protected":false},"excerpt":{"rendered":"<p>R\u00e9sum\u00e9 :Le d\u00e9bat sur la r\u00e9vision constitutionnelle en R\u00e9publique D\u00e9mocratique du Congo, initi\u00e9 par le pr\u00e9sident F\u00e9lix Tshisekedi, suscite de vives tensions politiques. Pr\u00e9sent\u00e9e comme une n\u00e9cessit\u00e9 pour moderniser des institutions jug\u00e9es obsol\u00e8tes, cette initiative est per\u00e7ue par l\u2019opposition et la soci\u00e9t\u00e9 civile comme une man\u0153uvre pour \u00e9tendre le pouvoir pr\u00e9sidentiel. Dans cet article, nous [&hellip;]<\/p>\n","protected":false},"author":1,"featured_media":13721,"comment_status":"open","ping_status":"open","sticky":false,"template":"","format":"standard","meta":{"_acf_changed":false,"om_disable_all_campaigns":false,"_monsterinsights_skip_tracking":false,"_monsterinsights_sitenote_active":false,"_monsterinsights_sitenote_note":"","_monsterinsights_sitenote_category":0,"tdm_status":"","tdm_grid_status":"","_jetpack_newsletter_access":"","_jetpack_dont_email_post_to_subs":false,"_jetpack_newsletter_tier_id":0,"_jetpack_memberships_contains_paywalled_content":false,"_jetpack_memberships_contains_paid_content":false,"footnotes":""},"categories":[293,850,978],"tags":[1479,1126,783,1480],"adr_country":[1089],"class_list":{"0":"post-13723","1":"post","2":"type-post","3":"status-publish","4":"format-standard","5":"has-post-thumbnail","7":"category-actualites-fr","8":"category-analyses-et-dossiers-fr","9":"category-problemes-sociaux","10":"tag-constitution-fr","11":"tag-drc-fr","12":"tag-tshisekedi-fr","13":"tag-udps-fr","14":"adr_country-d-r-congo"},"acf":{"post_version":""},"yoast_head":"<!-- This site is optimized with the Yoast SEO Premium plugin v26.0 (Yoast SEO v27.4) - https:\/\/yoast.com\/product\/yoast-seo-premium-wordpress\/ -->\n<title>R\u00e9vision Constitutionnelle en RDC : Enjeu National ou Int\u00e9r\u00eat Politique? - Africa Daily Report<\/title>\n<meta name=\"robots\" content=\"index, follow, max-snippet:-1, max-image-preview:large, max-video-preview:-1\" \/>\n<link rel=\"canonical\" href=\"https:\/\/africadailyreport.com\/fr\/2024\/11\/05\/constitutional-revision-in-the-drc-national-interest-or-political-agenda\/\" \/>\n<meta property=\"og:locale\" content=\"fr_FR\" \/>\n<meta property=\"og:type\" content=\"article\" \/>\n<meta property=\"og:title\" content=\"R\u00e9vision Constitutionnelle en RDC : Enjeu National ou Int\u00e9r\u00eat Politique?\" \/>\n<meta property=\"og:description\" content=\"R\u00e9sum\u00e9 :Le d\u00e9bat sur la r\u00e9vision constitutionnelle en R\u00e9publique D\u00e9mocratique du Congo, initi\u00e9 par le pr\u00e9sident F\u00e9lix Tshisekedi, suscite de vives tensions politiques. Pr\u00e9sent\u00e9e comme une n\u00e9cessit\u00e9 pour moderniser des institutions jug\u00e9es obsol\u00e8tes, cette initiative est per\u00e7ue par l\u2019opposition et la soci\u00e9t\u00e9 civile comme une man\u0153uvre pour \u00e9tendre le pouvoir pr\u00e9sidentiel. Dans cet article, nous [&hellip;]\" \/>\n<meta property=\"og:url\" content=\"https:\/\/africadailyreport.com\/fr\/2024\/11\/05\/constitutional-revision-in-the-drc-national-interest-or-political-agenda\/\" \/>\n<meta property=\"og:site_name\" content=\"Africa Daily Report\" \/>\n<meta property=\"article:publisher\" content=\"https:\/\/www.facebook.com\/africadailyreport\" \/>\n<meta property=\"article:published_time\" content=\"2024-11-05T22:26:32+00:00\" \/>\n<meta property=\"article:modified_time\" content=\"2024-11-05T22:41:51+00:00\" \/>\n<meta property=\"og:image\" content=\"https:\/\/africadailyreport.com\/wp-content\/uploads\/2024\/11\/AFP__20190124__1CL7U6__v1__HighRes__DrcongoVotePolitics-scaled.jpg\" \/>\n\t<meta property=\"og:image:width\" content=\"2560\" \/>\n\t<meta property=\"og:image:height\" content=\"1707\" \/>\n\t<meta property=\"og:image:type\" content=\"image\/jpeg\" \/>\n<meta name=\"author\" content=\"O Bulamba \/ ADR\" \/>\n<meta name=\"twitter:card\" content=\"summary_large_image\" \/>\n<meta name=\"twitter:creator\" content=\"@adr_africa\" \/>\n<meta name=\"twitter:site\" content=\"@adr_africa\" \/>\n<meta name=\"twitter:label1\" content=\"\u00c9crit par\" \/>\n\t<meta name=\"twitter:data1\" content=\"O Bulamba \/ ADR\" \/>\n\t<meta name=\"twitter:label2\" content=\"Dur\u00e9e de lecture estim\u00e9e\" \/>\n\t<meta name=\"twitter:data2\" content=\"6 minutes\" \/>\n<script type=\"application\/ld+json\" class=\"yoast-schema-graph\">{\"@context\":\"https:\\\/\\\/schema.org\",\"@graph\":[{\"@type\":\"Article\",\"@id\":\"https:\\\/\\\/africadailyreport.com\\\/fr\\\/2024\\\/11\\\/05\\\/constitutional-revision-in-the-drc-national-interest-or-political-agenda\\\/#article\",\"isPartOf\":{\"@id\":\"https:\\\/\\\/africadailyreport.com\\\/fr\\\/2024\\\/11\\\/05\\\/constitutional-revision-in-the-drc-national-interest-or-political-agenda\\\/\"},\"author\":{\"name\":\"O Bulamba \\\/ ADR\",\"@id\":\"https:\\\/\\\/africadailyreport.com\\\/fr\\\/#\\\/schema\\\/person\\\/88148059337754d1a3dc29a78c8d1fa9\"},\"headline\":\"R\u00e9vision Constitutionnelle en RDC : Enjeu National ou Int\u00e9r\u00eat Politique?\",\"datePublished\":\"2024-11-05T22:26:32+00:00\",\"dateModified\":\"2024-11-05T22:41:51+00:00\",\"mainEntityOfPage\":{\"@id\":\"https:\\\/\\\/africadailyreport.com\\\/fr\\\/2024\\\/11\\\/05\\\/constitutional-revision-in-the-drc-national-interest-or-political-agenda\\\/\"},\"wordCount\":1467,\"commentCount\":0,\"publisher\":{\"@id\":\"https:\\\/\\\/africadailyreport.com\\\/fr\\\/#organization\"},\"image\":{\"@id\":\"https:\\\/\\\/africadailyreport.com\\\/fr\\\/2024\\\/11\\\/05\\\/constitutional-revision-in-the-drc-national-interest-or-political-agenda\\\/#primaryimage\"},\"thumbnailUrl\":\"https:\\\/\\\/i0.wp.com\\\/africadailyreport.com\\\/wp-content\\\/uploads\\\/2024\\\/11\\\/AFP__20190124__1CL7U6__v1__HighRes__DrcongoVotePolitics-scaled.jpg?fit=2560%2C1707&ssl=1\",\"keywords\":[\"Constitution\",\"DRC\",\"Tshisekedi\",\"udps\"],\"articleSection\":[\"Actualit\u00e9s\",\"ANALYSES ET DOSSIERS\",\"Probl\u00e8mes sociaux\"],\"inLanguage\":\"fr-FR\",\"potentialAction\":[{\"@type\":\"CommentAction\",\"name\":\"Comment\",\"target\":[\"https:\\\/\\\/africadailyreport.com\\\/fr\\\/2024\\\/11\\\/05\\\/constitutional-revision-in-the-drc-national-interest-or-political-agenda\\\/#respond\"]}],\"copyrightYear\":\"2024\",\"copyrightHolder\":{\"@id\":\"https:\\\/\\\/africadailyreport.com\\\/#organization\"}},{\"@type\":\"WebPage\",\"@id\":\"https:\\\/\\\/africadailyreport.com\\\/fr\\\/2024\\\/11\\\/05\\\/constitutional-revision-in-the-drc-national-interest-or-political-agenda\\\/\",\"url\":\"https:\\\/\\\/africadailyreport.com\\\/fr\\\/2024\\\/11\\\/05\\\/constitutional-revision-in-the-drc-national-interest-or-political-agenda\\\/\",\"name\":\"R\u00e9vision Constitutionnelle en RDC : Enjeu National ou Int\u00e9r\u00eat Politique? - Africa Daily Report\",\"isPartOf\":{\"@id\":\"https:\\\/\\\/africadailyreport.com\\\/fr\\\/#website\"},\"primaryImageOfPage\":{\"@id\":\"https:\\\/\\\/africadailyreport.com\\\/fr\\\/2024\\\/11\\\/05\\\/constitutional-revision-in-the-drc-national-interest-or-political-agenda\\\/#primaryimage\"},\"image\":{\"@id\":\"https:\\\/\\\/africadailyreport.com\\\/fr\\\/2024\\\/11\\\/05\\\/constitutional-revision-in-the-drc-national-interest-or-political-agenda\\\/#primaryimage\"},\"thumbnailUrl\":\"https:\\\/\\\/i0.wp.com\\\/africadailyreport.com\\\/wp-content\\\/uploads\\\/2024\\\/11\\\/AFP__20190124__1CL7U6__v1__HighRes__DrcongoVotePolitics-scaled.jpg?fit=2560%2C1707&ssl=1\",\"datePublished\":\"2024-11-05T22:26:32+00:00\",\"dateModified\":\"2024-11-05T22:41:51+00:00\",\"breadcrumb\":{\"@id\":\"https:\\\/\\\/africadailyreport.com\\\/fr\\\/2024\\\/11\\\/05\\\/constitutional-revision-in-the-drc-national-interest-or-political-agenda\\\/#breadcrumb\"},\"inLanguage\":\"fr-FR\",\"potentialAction\":[{\"@type\":\"ReadAction\",\"target\":[\"https:\\\/\\\/africadailyreport.com\\\/fr\\\/2024\\\/11\\\/05\\\/constitutional-revision-in-the-drc-national-interest-or-political-agenda\\\/\"]}]},{\"@type\":\"ImageObject\",\"inLanguage\":\"fr-FR\",\"@id\":\"https:\\\/\\\/africadailyreport.com\\\/fr\\\/2024\\\/11\\\/05\\\/constitutional-revision-in-the-drc-national-interest-or-political-agenda\\\/#primaryimage\",\"url\":\"https:\\\/\\\/i0.wp.com\\\/africadailyreport.com\\\/wp-content\\\/uploads\\\/2024\\\/11\\\/AFP__20190124__1CL7U6__v1__HighRes__DrcongoVotePolitics-scaled.jpg?fit=2560%2C1707&ssl=1\",\"contentUrl\":\"https:\\\/\\\/i0.wp.com\\\/africadailyreport.com\\\/wp-content\\\/uploads\\\/2024\\\/11\\\/AFP__20190124__1CL7U6__v1__HighRes__DrcongoVotePolitics-scaled.jpg?fit=2560%2C1707&ssl=1\",\"width\":2560,\"height\":1707,\"caption\":\"Democratic Republic of the Congo's newly inaugurated President Felix Tshisekedi raises an official copy of the nation's constitution on January 24, 2019 after he took an oath of office at the Presidency in Kinshasa. Opposition leader Felix Tshisekedi was sworn in on January 24, 2019 as president of Democratic Republic of Congo, marking the country's first-ever peaceful handover of power after chaotic and bitterly-disputed elections. Tshisekedi took the oath of office before receiving the national flag and a copy of the constitution from outgoing president Joseph Kabila, stepping aside after 18 years at the helm of sub-Saharan Africa's biggest country. (Photo by TONY KARUMBA \\\/ AFP)\"},{\"@type\":\"BreadcrumbList\",\"@id\":\"https:\\\/\\\/africadailyreport.com\\\/fr\\\/2024\\\/11\\\/05\\\/constitutional-revision-in-the-drc-national-interest-or-political-agenda\\\/#breadcrumb\",\"itemListElement\":[{\"@type\":\"ListItem\",\"position\":1,\"name\":\"Home\",\"item\":\"https:\\\/\\\/africadailyreport.com\\\/fr\\\/\"},{\"@type\":\"ListItem\",\"position\":2,\"name\":\"R\u00e9vision Constitutionnelle en RDC : Enjeu National ou Int\u00e9r\u00eat Politique?\"}]},{\"@type\":\"WebSite\",\"@id\":\"https:\\\/\\\/africadailyreport.com\\\/fr\\\/#website\",\"url\":\"https:\\\/\\\/africadailyreport.com\\\/fr\\\/\",\"name\":\"Africa Daily Report\",\"description\":\"\",\"publisher\":{\"@id\":\"https:\\\/\\\/africadailyreport.com\\\/fr\\\/#organization\"},\"potentialAction\":[{\"@type\":\"SearchAction\",\"target\":{\"@type\":\"EntryPoint\",\"urlTemplate\":\"https:\\\/\\\/africadailyreport.com\\\/fr\\\/?s={search_term_string}\"},\"query-input\":{\"@type\":\"PropertyValueSpecification\",\"valueRequired\":true,\"valueName\":\"search_term_string\"}}],\"inLanguage\":\"fr-FR\"},{\"@type\":\"Organization\",\"@id\":\"https:\\\/\\\/africadailyreport.com\\\/fr\\\/#organization\",\"name\":\"Africa Daily Report\",\"url\":\"https:\\\/\\\/africadailyreport.com\\\/fr\\\/\",\"logo\":{\"@type\":\"ImageObject\",\"inLanguage\":\"fr-FR\",\"@id\":\"https:\\\/\\\/africadailyreport.com\\\/fr\\\/#\\\/schema\\\/logo\\\/image\\\/\",\"url\":\"https:\\\/\\\/africadailyreport.com\\\/wp-content\\\/uploads\\\/2024\\\/09\\\/ADR-Transparent-Green-Logo-1.png\",\"contentUrl\":\"https:\\\/\\\/africadailyreport.com\\\/wp-content\\\/uploads\\\/2024\\\/09\\\/ADR-Transparent-Green-Logo-1.png\",\"width\":267,\"height\":185,\"caption\":\"Africa Daily Report\"},\"image\":{\"@id\":\"https:\\\/\\\/africadailyreport.com\\\/fr\\\/#\\\/schema\\\/logo\\\/image\\\/\"},\"sameAs\":[\"https:\\\/\\\/www.facebook.com\\\/africadailyreport\",\"https:\\\/\\\/x.com\\\/adr_africa\",\"https:\\\/\\\/www.youtube.com\\\/@africadailyreport\",\"https:\\\/\\\/instagram.com\\\/africadailyreport\"]},{\"@type\":\"Person\",\"@id\":\"https:\\\/\\\/africadailyreport.com\\\/fr\\\/#\\\/schema\\\/person\\\/88148059337754d1a3dc29a78c8d1fa9\",\"name\":\"O Bulamba \\\/ ADR\",\"image\":{\"@type\":\"ImageObject\",\"inLanguage\":\"fr-FR\",\"@id\":\"https:\\\/\\\/secure.gravatar.com\\\/avatar\\\/fd520a50d8518deba0eea821be01c7d4b5be681fe77b8720ce2b45e22a147b24?s=96&d=mm&r=g\",\"url\":\"https:\\\/\\\/secure.gravatar.com\\\/avatar\\\/fd520a50d8518deba0eea821be01c7d4b5be681fe77b8720ce2b45e22a147b24?s=96&d=mm&r=g\",\"contentUrl\":\"https:\\\/\\\/secure.gravatar.com\\\/avatar\\\/fd520a50d8518deba0eea821be01c7d4b5be681fe77b8720ce2b45e22a147b24?s=96&d=mm&r=g\",\"caption\":\"O Bulamba \\\/ ADR\"},\"sameAs\":[\"https:\\\/\\\/africadailyreport.com\"],\"url\":\"https:\\\/\\\/africadailyreport.com\\\/fr\\\/author\\\/oblenabergmail-com\\\/\"}]}<\/script>\n<!-- \/ Yoast SEO Premium plugin. -->","yoast_head_json":{"title":"R\u00e9vision Constitutionnelle en RDC : Enjeu National ou Int\u00e9r\u00eat Politique? - Africa Daily Report","robots":{"index":"index","follow":"follow","max-snippet":"max-snippet:-1","max-image-preview":"max-image-preview:large","max-video-preview":"max-video-preview:-1"},"canonical":"https:\/\/africadailyreport.com\/fr\/2024\/11\/05\/constitutional-revision-in-the-drc-national-interest-or-political-agenda\/","og_locale":"fr_FR","og_type":"article","og_title":"R\u00e9vision Constitutionnelle en RDC : Enjeu National ou Int\u00e9r\u00eat Politique?","og_description":"R\u00e9sum\u00e9 :Le d\u00e9bat sur la r\u00e9vision constitutionnelle en R\u00e9publique D\u00e9mocratique du Congo, initi\u00e9 par le pr\u00e9sident F\u00e9lix Tshisekedi, suscite de vives tensions politiques. Pr\u00e9sent\u00e9e comme une n\u00e9cessit\u00e9 pour moderniser des institutions jug\u00e9es obsol\u00e8tes, cette initiative est per\u00e7ue par l\u2019opposition et la soci\u00e9t\u00e9 civile comme une man\u0153uvre pour \u00e9tendre le pouvoir pr\u00e9sidentiel. Dans cet article, nous [&hellip;]","og_url":"https:\/\/africadailyreport.com\/fr\/2024\/11\/05\/constitutional-revision-in-the-drc-national-interest-or-political-agenda\/","og_site_name":"Africa Daily Report","article_publisher":"https:\/\/www.facebook.com\/africadailyreport","article_published_time":"2024-11-05T22:26:32+00:00","article_modified_time":"2024-11-05T22:41:51+00:00","og_image":[{"width":2560,"height":1707,"url":"https:\/\/africadailyreport.com\/wp-content\/uploads\/2024\/11\/AFP__20190124__1CL7U6__v1__HighRes__DrcongoVotePolitics-scaled.jpg","type":"image\/jpeg"}],"author":"O Bulamba \/ ADR","twitter_card":"summary_large_image","twitter_creator":"@adr_africa","twitter_site":"@adr_africa","twitter_misc":{"\u00c9crit par":"O Bulamba \/ ADR","Dur\u00e9e de lecture estim\u00e9e":"6 minutes"},"schema":{"@context":"https:\/\/schema.org","@graph":[{"@type":"Article","@id":"https:\/\/africadailyreport.com\/fr\/2024\/11\/05\/constitutional-revision-in-the-drc-national-interest-or-political-agenda\/#article","isPartOf":{"@id":"https:\/\/africadailyreport.com\/fr\/2024\/11\/05\/constitutional-revision-in-the-drc-national-interest-or-political-agenda\/"},"author":{"name":"O Bulamba \/ ADR","@id":"https:\/\/africadailyreport.com\/fr\/#\/schema\/person\/88148059337754d1a3dc29a78c8d1fa9"},"headline":"R\u00e9vision Constitutionnelle en RDC : Enjeu National ou Int\u00e9r\u00eat Politique?","datePublished":"2024-11-05T22:26:32+00:00","dateModified":"2024-11-05T22:41:51+00:00","mainEntityOfPage":{"@id":"https:\/\/africadailyreport.com\/fr\/2024\/11\/05\/constitutional-revision-in-the-drc-national-interest-or-political-agenda\/"},"wordCount":1467,"commentCount":0,"publisher":{"@id":"https:\/\/africadailyreport.com\/fr\/#organization"},"image":{"@id":"https:\/\/africadailyreport.com\/fr\/2024\/11\/05\/constitutional-revision-in-the-drc-national-interest-or-political-agenda\/#primaryimage"},"thumbnailUrl":"https:\/\/i0.wp.com\/africadailyreport.com\/wp-content\/uploads\/2024\/11\/AFP__20190124__1CL7U6__v1__HighRes__DrcongoVotePolitics-scaled.jpg?fit=2560%2C1707&ssl=1","keywords":["Constitution","DRC","Tshisekedi","udps"],"articleSection":["Actualit\u00e9s","ANALYSES ET DOSSIERS","Probl\u00e8mes sociaux"],"inLanguage":"fr-FR","potentialAction":[{"@type":"CommentAction","name":"Comment","target":["https:\/\/africadailyreport.com\/fr\/2024\/11\/05\/constitutional-revision-in-the-drc-national-interest-or-political-agenda\/#respond"]}],"copyrightYear":"2024","copyrightHolder":{"@id":"https:\/\/africadailyreport.com\/#organization"}},{"@type":"WebPage","@id":"https:\/\/africadailyreport.com\/fr\/2024\/11\/05\/constitutional-revision-in-the-drc-national-interest-or-political-agenda\/","url":"https:\/\/africadailyreport.com\/fr\/2024\/11\/05\/constitutional-revision-in-the-drc-national-interest-or-political-agenda\/","name":"R\u00e9vision Constitutionnelle en RDC : Enjeu National ou Int\u00e9r\u00eat Politique? - Africa Daily Report","isPartOf":{"@id":"https:\/\/africadailyreport.com\/fr\/#website"},"primaryImageOfPage":{"@id":"https:\/\/africadailyreport.com\/fr\/2024\/11\/05\/constitutional-revision-in-the-drc-national-interest-or-political-agenda\/#primaryimage"},"image":{"@id":"https:\/\/africadailyreport.com\/fr\/2024\/11\/05\/constitutional-revision-in-the-drc-national-interest-or-political-agenda\/#primaryimage"},"thumbnailUrl":"https:\/\/i0.wp.com\/africadailyreport.com\/wp-content\/uploads\/2024\/11\/AFP__20190124__1CL7U6__v1__HighRes__DrcongoVotePolitics-scaled.jpg?fit=2560%2C1707&ssl=1","datePublished":"2024-11-05T22:26:32+00:00","dateModified":"2024-11-05T22:41:51+00:00","breadcrumb":{"@id":"https:\/\/africadailyreport.com\/fr\/2024\/11\/05\/constitutional-revision-in-the-drc-national-interest-or-political-agenda\/#breadcrumb"},"inLanguage":"fr-FR","potentialAction":[{"@type":"ReadAction","target":["https:\/\/africadailyreport.com\/fr\/2024\/11\/05\/constitutional-revision-in-the-drc-national-interest-or-political-agenda\/"]}]},{"@type":"ImageObject","inLanguage":"fr-FR","@id":"https:\/\/africadailyreport.com\/fr\/2024\/11\/05\/constitutional-revision-in-the-drc-national-interest-or-political-agenda\/#primaryimage","url":"https:\/\/i0.wp.com\/africadailyreport.com\/wp-content\/uploads\/2024\/11\/AFP__20190124__1CL7U6__v1__HighRes__DrcongoVotePolitics-scaled.jpg?fit=2560%2C1707&ssl=1","contentUrl":"https:\/\/i0.wp.com\/africadailyreport.com\/wp-content\/uploads\/2024\/11\/AFP__20190124__1CL7U6__v1__HighRes__DrcongoVotePolitics-scaled.jpg?fit=2560%2C1707&ssl=1","width":2560,"height":1707,"caption":"Democratic Republic of the Congo's newly inaugurated President Felix Tshisekedi raises an official copy of the nation's constitution on January 24, 2019 after he took an oath of office at the Presidency in Kinshasa. Opposition leader Felix Tshisekedi was sworn in on January 24, 2019 as president of Democratic Republic of Congo, marking the country's first-ever peaceful handover of power after chaotic and bitterly-disputed elections. Tshisekedi took the oath of office before receiving the national flag and a copy of the constitution from outgoing president Joseph Kabila, stepping aside after 18 years at the helm of sub-Saharan Africa's biggest country. (Photo by TONY KARUMBA \/ AFP)"},{"@type":"BreadcrumbList","@id":"https:\/\/africadailyreport.com\/fr\/2024\/11\/05\/constitutional-revision-in-the-drc-national-interest-or-political-agenda\/#breadcrumb","itemListElement":[{"@type":"ListItem","position":1,"name":"Home","item":"https:\/\/africadailyreport.com\/fr\/"},{"@type":"ListItem","position":2,"name":"R\u00e9vision Constitutionnelle en RDC : Enjeu National ou Int\u00e9r\u00eat Politique?"}]},{"@type":"WebSite","@id":"https:\/\/africadailyreport.com\/fr\/#website","url":"https:\/\/africadailyreport.com\/fr\/","name":"Africa Daily Report","description":"","publisher":{"@id":"https:\/\/africadailyreport.com\/fr\/#organization"},"potentialAction":[{"@type":"SearchAction","target":{"@type":"EntryPoint","urlTemplate":"https:\/\/africadailyreport.com\/fr\/?s={search_term_string}"},"query-input":{"@type":"PropertyValueSpecification","valueRequired":true,"valueName":"search_term_string"}}],"inLanguage":"fr-FR"},{"@type":"Organization","@id":"https:\/\/africadailyreport.com\/fr\/#organization","name":"Africa Daily Report","url":"https:\/\/africadailyreport.com\/fr\/","logo":{"@type":"ImageObject","inLanguage":"fr-FR","@id":"https:\/\/africadailyreport.com\/fr\/#\/schema\/logo\/image\/","url":"https:\/\/africadailyreport.com\/wp-content\/uploads\/2024\/09\/ADR-Transparent-Green-Logo-1.png","contentUrl":"https:\/\/africadailyreport.com\/wp-content\/uploads\/2024\/09\/ADR-Transparent-Green-Logo-1.png","width":267,"height":185,"caption":"Africa Daily Report"},"image":{"@id":"https:\/\/africadailyreport.com\/fr\/#\/schema\/logo\/image\/"},"sameAs":["https:\/\/www.facebook.com\/africadailyreport","https:\/\/x.com\/adr_africa","https:\/\/www.youtube.com\/@africadailyreport","https:\/\/instagram.com\/africadailyreport"]},{"@type":"Person","@id":"https:\/\/africadailyreport.com\/fr\/#\/schema\/person\/88148059337754d1a3dc29a78c8d1fa9","name":"O Bulamba \/ ADR","image":{"@type":"ImageObject","inLanguage":"fr-FR","@id":"https:\/\/secure.gravatar.com\/avatar\/fd520a50d8518deba0eea821be01c7d4b5be681fe77b8720ce2b45e22a147b24?s=96&d=mm&r=g","url":"https:\/\/secure.gravatar.com\/avatar\/fd520a50d8518deba0eea821be01c7d4b5be681fe77b8720ce2b45e22a147b24?s=96&d=mm&r=g","contentUrl":"https:\/\/secure.gravatar.com\/avatar\/fd520a50d8518deba0eea821be01c7d4b5be681fe77b8720ce2b45e22a147b24?s=96&d=mm&r=g","caption":"O Bulamba \/ ADR"},"sameAs":["https:\/\/africadailyreport.com"],"url":"https:\/\/africadailyreport.com\/fr\/author\/oblenabergmail-com\/"}]}},"jetpack_featured_media_url":"https:\/\/i0.wp.com\/africadailyreport.com\/wp-content\/uploads\/2024\/11\/AFP__20190124__1CL7U6__v1__HighRes__DrcongoVotePolitics-scaled.jpg?fit=2560%2C1707&ssl=1","jetpack_sharing_enabled":true,"amp_enabled":true,"_links":{"self":[{"href":"https:\/\/africadailyreport.com\/fr\/wp-json\/wp\/v2\/posts\/13723","targetHints":{"allow":["GET"]}}],"collection":[{"href":"https:\/\/africadailyreport.com\/fr\/wp-json\/wp\/v2\/posts"}],"about":[{"href":"https:\/\/africadailyreport.com\/fr\/wp-json\/wp\/v2\/types\/post"}],"author":[{"embeddable":true,"href":"https:\/\/africadailyreport.com\/fr\/wp-json\/wp\/v2\/users\/1"}],"replies":[{"embeddable":true,"href":"https:\/\/africadailyreport.com\/fr\/wp-json\/wp\/v2\/comments?post=13723"}],"version-history":[{"count":3,"href":"https:\/\/africadailyreport.com\/fr\/wp-json\/wp\/v2\/posts\/13723\/revisions"}],"predecessor-version":[{"id":13728,"href":"https:\/\/africadailyreport.com\/fr\/wp-json\/wp\/v2\/posts\/13723\/revisions\/13728"}],"wp:featuredmedia":[{"embeddable":true,"href":"https:\/\/africadailyreport.com\/fr\/wp-json\/wp\/v2\/media\/13721"}],"wp:attachment":[{"href":"https:\/\/africadailyreport.com\/fr\/wp-json\/wp\/v2\/media?parent=13723"}],"wp:term":[{"taxonomy":"category","embeddable":true,"href":"https:\/\/africadailyreport.com\/fr\/wp-json\/wp\/v2\/categories?post=13723"},{"taxonomy":"post_tag","embeddable":true,"href":"https:\/\/africadailyreport.com\/fr\/wp-json\/wp\/v2\/tags?post=13723"},{"taxonomy":"adr_country","embeddable":true,"href":"https:\/\/africadailyreport.com\/fr\/wp-json\/wp\/v2\/adr_country?post=13723"}],"curies":[{"name":"wp","href":"https:\/\/api.w.org\/{rel}","templated":true}]}}