{"id":13667,"date":"2024-11-05T00:37:24","date_gmt":"2024-11-05T00:37:24","guid":{"rendered":"https:\/\/africadailyreport.com\/2024\/11\/05\/sudans-burhan-to-meet-sisi-in-cairo-presidency\/"},"modified":"2024-11-05T01:35:03","modified_gmt":"2024-11-05T01:35:03","slug":"sudans-burhan-to-meet-sisi-in-cairo-presidency","status":"publish","type":"post","link":"https:\/\/africadailyreport.com\/fr\/2024\/11\/05\/sudans-burhan-to-meet-sisi-in-cairo-presidency\/","title":{"rendered":"Burhane au Caire : Rencontre strat\u00e9gique avec le Pr\u00e9sident \u00e9gyptien"},"content":{"rendered":"\n<h2 class=\"wp-block-heading\"><\/h2>\n\n\n<figure class=\"wp-block-embed wp-embed-aspect-16-9 wp-has-aspect-ratio  is-type-video is-provider-youtube wp-block-embed-youtube\"><div class=\"wp-block-embed__wrapper video-seo-youtube-embed-wrapper\"><div class=\"video-seo-youtube-player\" data-id=\"Y5AjqXTwTVA\"><\/div><\/div><\/figure>\n\n\n<p class=\"\"><\/p>\n\n\n\n<p class=\"\">Le g\u00e9n\u00e9ral Abdel Fattah al-Burhane, commandant de l&rsquo;arm\u00e9e et dirigeant de facto du Soudan en guerre, est arriv\u00e9 lundi au Caire o\u00f9 il doit rencontrer le pr\u00e9sident \u00e9gyptien, Abdel Fattah al-Sissi,&nbsp;a indiqu\u00e9 \u00e0 l&rsquo;AFP le porte-parole de la pr\u00e9sidence.<\/p>\n\n\n\n<p class=\"\">\u00ab\u00a0Le pr\u00e9sident \u00e9gyptien Abdel Fattah al-Sissi s&rsquo;entretiendra avec le g\u00e9n\u00e9ral Burhane au cours de sa visite au Caire\u00a0\u00bb, a affirm\u00e9 Ahmed Fahmi.<\/p>\n\n\n\n<p class=\"\">Le g\u00e9n\u00e9ral Burhane a assist\u00e9 lundi, selon le quotidien gouvernemental \u00e9gyptien Al-Ahram, au 12e Forum urbain mondial organis\u00e9 par le Programme des Nations unies pour les \u00e9tablissements humains (ONU-Habitat) aux c\u00f4t\u00e9s de plusieurs chefs d&rsquo;Etat et de gouvernement.<\/p>\n\n\n\n<p class=\"\">Historiquement proche du pr\u00e9sident \u00e9gyptien, il s&rsquo;est rendu au Caire \u00e0 l&rsquo;invitation de M. Sissi, selon un communiqu\u00e9 de l&rsquo;arm\u00e9e soudanaise. Leur derni\u00e8re rencontre dans la capitale \u00e9gyptienne remonte \u00e0 f\u00e9vrier.<\/p>\n\n\n\n<p class=\"\">Le Caire avait d\u00e9menti le mois denier les all\u00e9gations du g\u00e9n\u00e9ral Mohamed Hamdane Daglo, chef des Forces de soutien rapide (FSR, paramilitaires) en guerre contre l&rsquo;arm\u00e9e soudanaise depuis avril 2023, selon lesquelles l&rsquo;arm\u00e9e \u00e9gyptienne aurait \u00e9t\u00e9 impliqu\u00e9e dans le conflit.<\/p>\n\n\n\n<p class=\"\">\u00ab\u00a0L&rsquo;Egypte nous combat\u00a0\u00bb, avait affirm\u00e9 le chef des FSR dans une vid\u00e9o mise en ligne, l&rsquo;accusant d&rsquo;\u00eatre parmi six pays \u00e0 intervenir dans le conflit, sans les nommer.<\/p>\n\n\n\n<p class=\"\">La guerre au Soudan a entra\u00een\u00e9 la mort de dizaines de milliers de personnes et le d\u00e9placement de 11 millions d&rsquo;autres dans l&rsquo;une des pires crises humanitaires de l&rsquo;histoire r\u00e9cente au monde, selon l&rsquo;ONU.<\/p>\n\n\n\n<p class=\"\"><\/p>\n\n\n\n<p class=\"\">\u00a9 Agence France-Presse<\/p>\n","protected":false},"excerpt":{"rendered":"<p>Le g\u00e9n\u00e9ral Abdel Fattah al-Burhane, commandant de l&rsquo;arm\u00e9e et dirigeant de facto du Soudan en guerre, est arriv\u00e9 lundi au Caire o\u00f9 il doit rencontrer le pr\u00e9sident \u00e9gyptien, Abdel Fattah al-Sissi,&nbsp;a indiqu\u00e9 \u00e0 l&rsquo;AFP le porte-parole de la pr\u00e9sidence. \u00ab\u00a0Le pr\u00e9sident \u00e9gyptien Abdel Fattah al-Sissi s&rsquo;entretiendra avec le g\u00e9n\u00e9ral Burhane au cours de sa visite [&hellip;]<\/p>\n","protected":false},"author":10,"featured_media":13664,"comment_status":"open","ping_status":"open","sticky":false,"template":"","format":"standard","meta":{"_acf_changed":false,"om_disable_all_campaigns":false,"_monsterinsights_skip_tracking":false,"_monsterinsights_sitenote_active":false,"_monsterinsights_sitenote_note":"","_monsterinsights_sitenote_category":0,"tdm_status":"","tdm_grid_status":"","_jetpack_newsletter_access":"","_jetpack_dont_email_post_to_subs":false,"_jetpack_newsletter_tier_id":0,"_jetpack_memberships_contains_paywalled_content":false,"_jetpack_memberships_contains_paid_content":false,"footnotes":""},"categories":[293,801,802,1008],"tags":[1405,1406,1407,808,1408,1017],"adr_country":[1203,1103],"class_list":{"0":"post-13667","1":"post","2":"type-post","3":"status-publish","4":"format-standard","5":"has-post-thumbnail","7":"category-actualites-fr","8":"category-armee-fr","9":"category-depeche-fr","10":"category-politics-fr","11":"tag-abdel-fattah-fr","12":"tag-al-burhan-fr","13":"tag-al-sisi-fr","14":"tag-conflit-fr","15":"tag-egypte-2","16":"tag-sudan-fr","17":"adr_country-egypte","18":"adr_country-soudan"},"acf":{"post_version":""},"yoast_head":"<!-- This site is optimized with the Yoast SEO Premium plugin v26.0 (Yoast SEO v27.4) - https:\/\/yoast.com\/product\/yoast-seo-premium-wordpress\/ -->\n<title>Burhane au Caire : Rencontre strat\u00e9gique avec le Pr\u00e9sident \u00e9gyptien - Africa Daily Report<\/title>\n<meta name=\"robots\" content=\"index, follow, max-snippet:-1, max-image-preview:large, max-video-preview:-1\" \/>\n<link rel=\"canonical\" href=\"https:\/\/africadailyreport.com\/fr\/2024\/11\/05\/sudans-burhan-to-meet-sisi-in-cairo-presidency\/\" \/>\n<meta property=\"og:locale\" content=\"fr_FR\" \/>\n<meta property=\"og:type\" content=\"article\" \/>\n<meta property=\"og:title\" content=\"Burhane au Caire : Rencontre strat\u00e9gique avec le Pr\u00e9sident \u00e9gyptien\" \/>\n<meta property=\"og:description\" content=\"Le g\u00e9n\u00e9ral Abdel Fattah al-Burhane, commandant de l&rsquo;arm\u00e9e et dirigeant de facto du Soudan en guerre, est arriv\u00e9 lundi au Caire o\u00f9 il doit rencontrer le pr\u00e9sident \u00e9gyptien, Abdel Fattah al-Sissi,&nbsp;a indiqu\u00e9 \u00e0 l&rsquo;AFP le porte-parole de la pr\u00e9sidence. \u00ab\u00a0Le pr\u00e9sident \u00e9gyptien Abdel Fattah al-Sissi s&rsquo;entretiendra avec le g\u00e9n\u00e9ral Burhane au cours de sa visite [&hellip;]\" \/>\n<meta property=\"og:url\" content=\"https:\/\/africadailyreport.com\/fr\/2024\/11\/05\/sudans-burhan-to-meet-sisi-in-cairo-presidency\/\" \/>\n<meta property=\"og:site_name\" content=\"Africa Daily Report\" \/>\n<meta property=\"article:publisher\" content=\"https:\/\/www.facebook.com\/africadailyreport\" \/>\n<meta property=\"article:published_time\" content=\"2024-11-05T00:37:24+00:00\" \/>\n<meta property=\"article:modified_time\" content=\"2024-11-05T01:35:03+00:00\" \/>\n<meta property=\"og:image\" content=\"https:\/\/africadailyreport.com\/wp-content\/uploads\/2024\/11\/maxresdefault.jpg\" \/>\n\t<meta property=\"og:image:width\" content=\"1280\" \/>\n\t<meta property=\"og:image:height\" content=\"720\" \/>\n\t<meta property=\"og:image:type\" content=\"image\/jpeg\" \/>\n<meta name=\"author\" content=\"ADR\/AFP\" \/>\n<meta name=\"twitter:card\" content=\"summary_large_image\" \/>\n<meta name=\"twitter:creator\" content=\"@adr_africa\" \/>\n<meta name=\"twitter:site\" content=\"@adr_africa\" \/>\n<meta name=\"twitter:label1\" content=\"\u00c9crit par\" \/>\n\t<meta name=\"twitter:data1\" content=\"ADR\/AFP\" \/>\n\t<meta name=\"twitter:label2\" content=\"Dur\u00e9e de lecture estim\u00e9e\" \/>\n\t<meta name=\"twitter:data2\" content=\"2 minutes\" \/>\n<script type=\"application\/ld+json\" class=\"yoast-schema-graph\">{\"@context\":\"https:\\\/\\\/schema.org\",\"@graph\":[{\"@type\":\"Article\",\"@id\":\"https:\\\/\\\/africadailyreport.com\\\/fr\\\/2024\\\/11\\\/05\\\/sudans-burhan-to-meet-sisi-in-cairo-presidency\\\/#article\",\"isPartOf\":{\"@id\":\"https:\\\/\\\/africadailyreport.com\\\/fr\\\/2024\\\/11\\\/05\\\/sudans-burhan-to-meet-sisi-in-cairo-presidency\\\/\"},\"author\":{\"name\":\"ADR\\\/AFP\",\"@id\":\"https:\\\/\\\/africadailyreport.com\\\/fr\\\/#\\\/schema\\\/person\\\/c44d86d79f5570b3ba4cf70c989843f8\"},\"headline\":\"Burhane au Caire : Rencontre strat\u00e9gique avec le Pr\u00e9sident \u00e9gyptien\",\"datePublished\":\"2024-11-05T00:37:24+00:00\",\"dateModified\":\"2024-11-05T01:35:03+00:00\",\"mainEntityOfPage\":{\"@id\":\"https:\\\/\\\/africadailyreport.com\\\/fr\\\/2024\\\/11\\\/05\\\/sudans-burhan-to-meet-sisi-in-cairo-presidency\\\/\"},\"wordCount\":330,\"commentCount\":0,\"publisher\":{\"@id\":\"https:\\\/\\\/africadailyreport.com\\\/fr\\\/#organization\"},\"image\":{\"@id\":\"https:\\\/\\\/africadailyreport.com\\\/fr\\\/2024\\\/11\\\/05\\\/sudans-burhan-to-meet-sisi-in-cairo-presidency\\\/#primaryimage\"},\"thumbnailUrl\":\"https:\\\/\\\/i0.wp.com\\\/africadailyreport.com\\\/wp-content\\\/uploads\\\/2024\\\/11\\\/maxresdefault.jpg?fit=1280%2C720&ssl=1\",\"keywords\":[\"abdel fattah\",\"al burhan\",\"al sisi\",\"conflit\",\"egypte\",\"Sudan\"],\"articleSection\":[\"Actualit\u00e9s\",\"Arm\u00e9e\",\"D\u00e9p\u00eache\",\"Politics\"],\"inLanguage\":\"fr-FR\",\"potentialAction\":[{\"@type\":\"CommentAction\",\"name\":\"Comment\",\"target\":[\"https:\\\/\\\/africadailyreport.com\\\/fr\\\/2024\\\/11\\\/05\\\/sudans-burhan-to-meet-sisi-in-cairo-presidency\\\/#respond\"]}],\"copyrightYear\":\"2024\",\"copyrightHolder\":{\"@id\":\"https:\\\/\\\/africadailyreport.com\\\/#organization\"}},{\"@type\":\"WebPage\",\"@id\":\"https:\\\/\\\/africadailyreport.com\\\/fr\\\/2024\\\/11\\\/05\\\/sudans-burhan-to-meet-sisi-in-cairo-presidency\\\/\",\"url\":\"https:\\\/\\\/africadailyreport.com\\\/fr\\\/2024\\\/11\\\/05\\\/sudans-burhan-to-meet-sisi-in-cairo-presidency\\\/\",\"name\":\"Burhane au Caire : Rencontre strat\u00e9gique avec le Pr\u00e9sident \u00e9gyptien - Africa Daily Report\",\"isPartOf\":{\"@id\":\"https:\\\/\\\/africadailyreport.com\\\/fr\\\/#website\"},\"primaryImageOfPage\":{\"@id\":\"https:\\\/\\\/africadailyreport.com\\\/fr\\\/2024\\\/11\\\/05\\\/sudans-burhan-to-meet-sisi-in-cairo-presidency\\\/#primaryimage\"},\"image\":{\"@id\":\"https:\\\/\\\/africadailyreport.com\\\/fr\\\/2024\\\/11\\\/05\\\/sudans-burhan-to-meet-sisi-in-cairo-presidency\\\/#primaryimage\"},\"thumbnailUrl\":\"https:\\\/\\\/i0.wp.com\\\/africadailyreport.com\\\/wp-content\\\/uploads\\\/2024\\\/11\\\/maxresdefault.jpg?fit=1280%2C720&ssl=1\",\"datePublished\":\"2024-11-05T00:37:24+00:00\",\"dateModified\":\"2024-11-05T01:35:03+00:00\",\"breadcrumb\":{\"@id\":\"https:\\\/\\\/africadailyreport.com\\\/fr\\\/2024\\\/11\\\/05\\\/sudans-burhan-to-meet-sisi-in-cairo-presidency\\\/#breadcrumb\"},\"inLanguage\":\"fr-FR\",\"potentialAction\":[{\"@type\":\"ReadAction\",\"target\":[\"https:\\\/\\\/africadailyreport.com\\\/fr\\\/2024\\\/11\\\/05\\\/sudans-burhan-to-meet-sisi-in-cairo-presidency\\\/\"]}]},{\"@type\":\"ImageObject\",\"inLanguage\":\"fr-FR\",\"@id\":\"https:\\\/\\\/africadailyreport.com\\\/fr\\\/2024\\\/11\\\/05\\\/sudans-burhan-to-meet-sisi-in-cairo-presidency\\\/#primaryimage\",\"url\":\"https:\\\/\\\/i0.wp.com\\\/africadailyreport.com\\\/wp-content\\\/uploads\\\/2024\\\/11\\\/maxresdefault.jpg?fit=1280%2C720&ssl=1\",\"contentUrl\":\"https:\\\/\\\/i0.wp.com\\\/africadailyreport.com\\\/wp-content\\\/uploads\\\/2024\\\/11\\\/maxresdefault.jpg?fit=1280%2C720&ssl=1\",\"width\":1280,\"height\":720},{\"@type\":\"BreadcrumbList\",\"@id\":\"https:\\\/\\\/africadailyreport.com\\\/fr\\\/2024\\\/11\\\/05\\\/sudans-burhan-to-meet-sisi-in-cairo-presidency\\\/#breadcrumb\",\"itemListElement\":[{\"@type\":\"ListItem\",\"position\":1,\"name\":\"Home\",\"item\":\"https:\\\/\\\/africadailyreport.com\\\/fr\\\/\"},{\"@type\":\"ListItem\",\"position\":2,\"name\":\"Burhane au Caire : Rencontre strat\u00e9gique avec le Pr\u00e9sident \u00e9gyptien\"}]},{\"@type\":\"WebSite\",\"@id\":\"https:\\\/\\\/africadailyreport.com\\\/fr\\\/#website\",\"url\":\"https:\\\/\\\/africadailyreport.com\\\/fr\\\/\",\"name\":\"Africa Daily Report\",\"description\":\"\",\"publisher\":{\"@id\":\"https:\\\/\\\/africadailyreport.com\\\/fr\\\/#organization\"},\"potentialAction\":[{\"@type\":\"SearchAction\",\"target\":{\"@type\":\"EntryPoint\",\"urlTemplate\":\"https:\\\/\\\/africadailyreport.com\\\/fr\\\/?s={search_term_string}\"},\"query-input\":{\"@type\":\"PropertyValueSpecification\",\"valueRequired\":true,\"valueName\":\"search_term_string\"}}],\"inLanguage\":\"fr-FR\"},{\"@type\":\"Organization\",\"@id\":\"https:\\\/\\\/africadailyreport.com\\\/fr\\\/#organization\",\"name\":\"Africa Daily Report\",\"url\":\"https:\\\/\\\/africadailyreport.com\\\/fr\\\/\",\"logo\":{\"@type\":\"ImageObject\",\"inLanguage\":\"fr-FR\",\"@id\":\"https:\\\/\\\/africadailyreport.com\\\/fr\\\/#\\\/schema\\\/logo\\\/image\\\/\",\"url\":\"https:\\\/\\\/africadailyreport.com\\\/wp-content\\\/uploads\\\/2024\\\/09\\\/ADR-Transparent-Green-Logo-1.png\",\"contentUrl\":\"https:\\\/\\\/africadailyreport.com\\\/wp-content\\\/uploads\\\/2024\\\/09\\\/ADR-Transparent-Green-Logo-1.png\",\"width\":267,\"height\":185,\"caption\":\"Africa Daily Report\"},\"image\":{\"@id\":\"https:\\\/\\\/africadailyreport.com\\\/fr\\\/#\\\/schema\\\/logo\\\/image\\\/\"},\"sameAs\":[\"https:\\\/\\\/www.facebook.com\\\/africadailyreport\",\"https:\\\/\\\/x.com\\\/adr_africa\",\"https:\\\/\\\/www.youtube.com\\\/@africadailyreport\",\"https:\\\/\\\/instagram.com\\\/africadailyreport\"]},{\"@type\":\"Person\",\"@id\":\"https:\\\/\\\/africadailyreport.com\\\/fr\\\/#\\\/schema\\\/person\\\/c44d86d79f5570b3ba4cf70c989843f8\",\"name\":\"ADR\\\/AFP\",\"image\":{\"@type\":\"ImageObject\",\"inLanguage\":\"fr-FR\",\"@id\":\"https:\\\/\\\/secure.gravatar.com\\\/avatar\\\/2fbdc3782aa386b408fd9a36f0bc78ee569c94a7a05670cab3a1d72916408214?s=96&d=mm&r=g\",\"url\":\"https:\\\/\\\/secure.gravatar.com\\\/avatar\\\/2fbdc3782aa386b408fd9a36f0bc78ee569c94a7a05670cab3a1d72916408214?s=96&d=mm&r=g\",\"contentUrl\":\"https:\\\/\\\/secure.gravatar.com\\\/avatar\\\/2fbdc3782aa386b408fd9a36f0bc78ee569c94a7a05670cab3a1d72916408214?s=96&d=mm&r=g\",\"caption\":\"ADR\\\/AFP\"},\"sameAs\":[\"http:\\\/\\\/africadailyreport.com\"],\"url\":\"https:\\\/\\\/africadailyreport.com\\\/fr\\\/author\\\/both\\\/\"}]}<\/script>\n<!-- \/ Yoast SEO Premium plugin. -->","yoast_head_json":{"title":"Burhane au Caire : Rencontre strat\u00e9gique avec le Pr\u00e9sident \u00e9gyptien - Africa Daily Report","robots":{"index":"index","follow":"follow","max-snippet":"max-snippet:-1","max-image-preview":"max-image-preview:large","max-video-preview":"max-video-preview:-1"},"canonical":"https:\/\/africadailyreport.com\/fr\/2024\/11\/05\/sudans-burhan-to-meet-sisi-in-cairo-presidency\/","og_locale":"fr_FR","og_type":"article","og_title":"Burhane au Caire : Rencontre strat\u00e9gique avec le Pr\u00e9sident \u00e9gyptien","og_description":"Le g\u00e9n\u00e9ral Abdel Fattah al-Burhane, commandant de l&rsquo;arm\u00e9e et dirigeant de facto du Soudan en guerre, est arriv\u00e9 lundi au Caire o\u00f9 il doit rencontrer le pr\u00e9sident \u00e9gyptien, Abdel Fattah al-Sissi,&nbsp;a indiqu\u00e9 \u00e0 l&rsquo;AFP le porte-parole de la pr\u00e9sidence. \u00ab\u00a0Le pr\u00e9sident \u00e9gyptien Abdel Fattah al-Sissi s&rsquo;entretiendra avec le g\u00e9n\u00e9ral Burhane au cours de sa visite [&hellip;]","og_url":"https:\/\/africadailyreport.com\/fr\/2024\/11\/05\/sudans-burhan-to-meet-sisi-in-cairo-presidency\/","og_site_name":"Africa Daily Report","article_publisher":"https:\/\/www.facebook.com\/africadailyreport","article_published_time":"2024-11-05T00:37:24+00:00","article_modified_time":"2024-11-05T01:35:03+00:00","og_image":[{"width":1280,"height":720,"url":"https:\/\/africadailyreport.com\/wp-content\/uploads\/2024\/11\/maxresdefault.jpg","type":"image\/jpeg"}],"author":"ADR\/AFP","twitter_card":"summary_large_image","twitter_creator":"@adr_africa","twitter_site":"@adr_africa","twitter_misc":{"\u00c9crit par":"ADR\/AFP","Dur\u00e9e de lecture estim\u00e9e":"2 minutes"},"schema":{"@context":"https:\/\/schema.org","@graph":[{"@type":"Article","@id":"https:\/\/africadailyreport.com\/fr\/2024\/11\/05\/sudans-burhan-to-meet-sisi-in-cairo-presidency\/#article","isPartOf":{"@id":"https:\/\/africadailyreport.com\/fr\/2024\/11\/05\/sudans-burhan-to-meet-sisi-in-cairo-presidency\/"},"author":{"name":"ADR\/AFP","@id":"https:\/\/africadailyreport.com\/fr\/#\/schema\/person\/c44d86d79f5570b3ba4cf70c989843f8"},"headline":"Burhane au Caire : Rencontre strat\u00e9gique avec le Pr\u00e9sident \u00e9gyptien","datePublished":"2024-11-05T00:37:24+00:00","dateModified":"2024-11-05T01:35:03+00:00","mainEntityOfPage":{"@id":"https:\/\/africadailyreport.com\/fr\/2024\/11\/05\/sudans-burhan-to-meet-sisi-in-cairo-presidency\/"},"wordCount":330,"commentCount":0,"publisher":{"@id":"https:\/\/africadailyreport.com\/fr\/#organization"},"image":{"@id":"https:\/\/africadailyreport.com\/fr\/2024\/11\/05\/sudans-burhan-to-meet-sisi-in-cairo-presidency\/#primaryimage"},"thumbnailUrl":"https:\/\/i0.wp.com\/africadailyreport.com\/wp-content\/uploads\/2024\/11\/maxresdefault.jpg?fit=1280%2C720&ssl=1","keywords":["abdel fattah","al burhan","al sisi","conflit","egypte","Sudan"],"articleSection":["Actualit\u00e9s","Arm\u00e9e","D\u00e9p\u00eache","Politics"],"inLanguage":"fr-FR","potentialAction":[{"@type":"CommentAction","name":"Comment","target":["https:\/\/africadailyreport.com\/fr\/2024\/11\/05\/sudans-burhan-to-meet-sisi-in-cairo-presidency\/#respond"]}],"copyrightYear":"2024","copyrightHolder":{"@id":"https:\/\/africadailyreport.com\/#organization"}},{"@type":"WebPage","@id":"https:\/\/africadailyreport.com\/fr\/2024\/11\/05\/sudans-burhan-to-meet-sisi-in-cairo-presidency\/","url":"https:\/\/africadailyreport.com\/fr\/2024\/11\/05\/sudans-burhan-to-meet-sisi-in-cairo-presidency\/","name":"Burhane au Caire : Rencontre strat\u00e9gique avec le Pr\u00e9sident \u00e9gyptien - Africa Daily Report","isPartOf":{"@id":"https:\/\/africadailyreport.com\/fr\/#website"},"primaryImageOfPage":{"@id":"https:\/\/africadailyreport.com\/fr\/2024\/11\/05\/sudans-burhan-to-meet-sisi-in-cairo-presidency\/#primaryimage"},"image":{"@id":"https:\/\/africadailyreport.com\/fr\/2024\/11\/05\/sudans-burhan-to-meet-sisi-in-cairo-presidency\/#primaryimage"},"thumbnailUrl":"https:\/\/i0.wp.com\/africadailyreport.com\/wp-content\/uploads\/2024\/11\/maxresdefault.jpg?fit=1280%2C720&ssl=1","datePublished":"2024-11-05T00:37:24+00:00","dateModified":"2024-11-05T01:35:03+00:00","breadcrumb":{"@id":"https:\/\/africadailyreport.com\/fr\/2024\/11\/05\/sudans-burhan-to-meet-sisi-in-cairo-presidency\/#breadcrumb"},"inLanguage":"fr-FR","potentialAction":[{"@type":"ReadAction","target":["https:\/\/africadailyreport.com\/fr\/2024\/11\/05\/sudans-burhan-to-meet-sisi-in-cairo-presidency\/"]}]},{"@type":"ImageObject","inLanguage":"fr-FR","@id":"https:\/\/africadailyreport.com\/fr\/2024\/11\/05\/sudans-burhan-to-meet-sisi-in-cairo-presidency\/#primaryimage","url":"https:\/\/i0.wp.com\/africadailyreport.com\/wp-content\/uploads\/2024\/11\/maxresdefault.jpg?fit=1280%2C720&ssl=1","contentUrl":"https:\/\/i0.wp.com\/africadailyreport.com\/wp-content\/uploads\/2024\/11\/maxresdefault.jpg?fit=1280%2C720&ssl=1","width":1280,"height":720},{"@type":"BreadcrumbList","@id":"https:\/\/africadailyreport.com\/fr\/2024\/11\/05\/sudans-burhan-to-meet-sisi-in-cairo-presidency\/#breadcrumb","itemListElement":[{"@type":"ListItem","position":1,"name":"Home","item":"https:\/\/africadailyreport.com\/fr\/"},{"@type":"ListItem","position":2,"name":"Burhane au Caire : Rencontre strat\u00e9gique avec le Pr\u00e9sident \u00e9gyptien"}]},{"@type":"WebSite","@id":"https:\/\/africadailyreport.com\/fr\/#website","url":"https:\/\/africadailyreport.com\/fr\/","name":"Africa Daily Report","description":"","publisher":{"@id":"https:\/\/africadailyreport.com\/fr\/#organization"},"potentialAction":[{"@type":"SearchAction","target":{"@type":"EntryPoint","urlTemplate":"https:\/\/africadailyreport.com\/fr\/?s={search_term_string}"},"query-input":{"@type":"PropertyValueSpecification","valueRequired":true,"valueName":"search_term_string"}}],"inLanguage":"fr-FR"},{"@type":"Organization","@id":"https:\/\/africadailyreport.com\/fr\/#organization","name":"Africa Daily Report","url":"https:\/\/africadailyreport.com\/fr\/","logo":{"@type":"ImageObject","inLanguage":"fr-FR","@id":"https:\/\/africadailyreport.com\/fr\/#\/schema\/logo\/image\/","url":"https:\/\/africadailyreport.com\/wp-content\/uploads\/2024\/09\/ADR-Transparent-Green-Logo-1.png","contentUrl":"https:\/\/africadailyreport.com\/wp-content\/uploads\/2024\/09\/ADR-Transparent-Green-Logo-1.png","width":267,"height":185,"caption":"Africa Daily Report"},"image":{"@id":"https:\/\/africadailyreport.com\/fr\/#\/schema\/logo\/image\/"},"sameAs":["https:\/\/www.facebook.com\/africadailyreport","https:\/\/x.com\/adr_africa","https:\/\/www.youtube.com\/@africadailyreport","https:\/\/instagram.com\/africadailyreport"]},{"@type":"Person","@id":"https:\/\/africadailyreport.com\/fr\/#\/schema\/person\/c44d86d79f5570b3ba4cf70c989843f8","name":"ADR\/AFP","image":{"@type":"ImageObject","inLanguage":"fr-FR","@id":"https:\/\/secure.gravatar.com\/avatar\/2fbdc3782aa386b408fd9a36f0bc78ee569c94a7a05670cab3a1d72916408214?s=96&d=mm&r=g","url":"https:\/\/secure.gravatar.com\/avatar\/2fbdc3782aa386b408fd9a36f0bc78ee569c94a7a05670cab3a1d72916408214?s=96&d=mm&r=g","contentUrl":"https:\/\/secure.gravatar.com\/avatar\/2fbdc3782aa386b408fd9a36f0bc78ee569c94a7a05670cab3a1d72916408214?s=96&d=mm&r=g","caption":"ADR\/AFP"},"sameAs":["http:\/\/africadailyreport.com"],"url":"https:\/\/africadailyreport.com\/fr\/author\/both\/"}]}},"jetpack_featured_media_url":"https:\/\/i0.wp.com\/africadailyreport.com\/wp-content\/uploads\/2024\/11\/maxresdefault.jpg?fit=1280%2C720&ssl=1","jetpack_sharing_enabled":true,"amp_enabled":true,"_links":{"self":[{"href":"https:\/\/africadailyreport.com\/fr\/wp-json\/wp\/v2\/posts\/13667","targetHints":{"allow":["GET"]}}],"collection":[{"href":"https:\/\/africadailyreport.com\/fr\/wp-json\/wp\/v2\/posts"}],"about":[{"href":"https:\/\/africadailyreport.com\/fr\/wp-json\/wp\/v2\/types\/post"}],"author":[{"embeddable":true,"href":"https:\/\/africadailyreport.com\/fr\/wp-json\/wp\/v2\/users\/10"}],"replies":[{"embeddable":true,"href":"https:\/\/africadailyreport.com\/fr\/wp-json\/wp\/v2\/comments?post=13667"}],"version-history":[{"count":4,"href":"https:\/\/africadailyreport.com\/fr\/wp-json\/wp\/v2\/posts\/13667\/revisions"}],"predecessor-version":[{"id":13672,"href":"https:\/\/africadailyreport.com\/fr\/wp-json\/wp\/v2\/posts\/13667\/revisions\/13672"}],"wp:featuredmedia":[{"embeddable":true,"href":"https:\/\/africadailyreport.com\/fr\/wp-json\/wp\/v2\/media\/13664"}],"wp:attachment":[{"href":"https:\/\/africadailyreport.com\/fr\/wp-json\/wp\/v2\/media?parent=13667"}],"wp:term":[{"taxonomy":"category","embeddable":true,"href":"https:\/\/africadailyreport.com\/fr\/wp-json\/wp\/v2\/categories?post=13667"},{"taxonomy":"post_tag","embeddable":true,"href":"https:\/\/africadailyreport.com\/fr\/wp-json\/wp\/v2\/tags?post=13667"},{"taxonomy":"adr_country","embeddable":true,"href":"https:\/\/africadailyreport.com\/fr\/wp-json\/wp\/v2\/adr_country?post=13667"}],"curies":[{"name":"wp","href":"https:\/\/api.w.org\/{rel}","templated":true}]}}