{"id":13647,"date":"2024-11-04T02:54:00","date_gmt":"2024-11-04T02:54:00","guid":{"rendered":"https:\/\/africadailyreport.com\/2024\/11\/04\/moroccos-revolutionary-struggle-unfp-vs-hassan-ii\/"},"modified":"2024-11-04T03:04:43","modified_gmt":"2024-11-04T03:04:43","slug":"moroccos-revolutionary-struggle-unfp-vs-hassan-ii","status":"publish","type":"post","link":"https:\/\/africadailyreport.com\/fr\/2024\/11\/04\/moroccos-revolutionary-struggle-unfp-vs-hassan-ii\/","title":{"rendered":"Maroc : La lutte r\u00e9volutionnaire de l&rsquo;UNFP contre Hassan II"},"content":{"rendered":"\n\n\n<hr class=\"wp-block-separator has-alpha-channel-opacity\"\/>\n\n\n\n<p class=\"\"><em>Casablanca<\/em> \u2013 Au d\u00e9but des ann\u00e9es 1970, le Maroc est secou\u00e9 par une s\u00e9rie de tentatives de coup d&rsquo;\u00c9tat et de soul\u00e8vements arm\u00e9s, entra\u00eenant le royaume dans une p\u00e9riode de forte instabilit\u00e9 politique. Apr\u00e8s l&rsquo;\u00e9chec du coup d&rsquo;\u00c9tat de Skhirat en 1971, le gouvernement marocain, dirig\u00e9 par le roi Hassan II, fait face \u00e0 une opposition sans pr\u00e9c\u00e9dent men\u00e9e par l&rsquo;Union nationale des forces populaires (UNFP) et son leader embl\u00e9matique, Mohamed Fqih Basri. Avec des soutiens internationaux en Syrie et en Alg\u00e9rie, le mouvement de gauche aspire \u00e0 un changement radical du r\u00e9gime marocain, menant le pays vers une quasi-guerre civile.<\/p>\n\n\n\n<hr class=\"wp-block-separator has-alpha-channel-opacity\"\/>\n\n\n\n<p class=\"\"><strong>Une Alliance Internationale et des Alli\u00e9s Inattendus<\/strong><\/p>\n\n\n\n<p class=\"\">Dans le contexte de la guerre froide et des mouvements de d\u00e9colonisation, l\u2019UNFP b\u00e9n\u00e9ficie du soutien de puissances r\u00e9gionales, notamment l&rsquo;Alg\u00e9rie de Houari Boum\u00e9di\u00e8ne, alors en phase de rapprochement avec le Maroc, et la Syrie baasiste, qui devient un foyer d\u2019opposition pour les militants r\u00e9volutionnaires marocains. Les relations diplomatiques entre le Maroc et l\u2019Alg\u00e9rie s\u2019am\u00e9liorent momentan\u00e9ment, mais l\u2019engagement de l\u2019Alg\u00e9rie aux c\u00f4t\u00e9s des militants marocains exacerbe les tensions. Ces alliances politiques et militaires apportent un soutien logistique aux forces r\u00e9volutionnaires, marquant le d\u00e9but d\u2019une strat\u00e9gie de gu\u00e9rilla.<\/p>\n\n\n\n<p class=\"\">Le pr\u00e9sident alg\u00e9rien Boum\u00e9di\u00e8ne permet aux militants de l\u2019UNFP d\u2019\u00e9tablir des bases militaires o\u00f9 ils re\u00e7oivent un entra\u00eenement militaire intensif. \u00ab Ce soutien d\u2019Alger \u00e9tait essentiel pour maintenir notre mouvement arm\u00e9 \u00bb, rapporte Brahim Ouchelh dans ses m\u00e9moires publi\u00e9s r\u00e9cemment. La Syrie sert \u00e9galement de refuge aux leaders de l\u2019UNFP, consolidant leur r\u00e9seau r\u00e9volutionnaire en leur offrant un appui id\u00e9ologique et militaire.<\/p>\n\n\n\n<hr class=\"wp-block-separator has-alpha-channel-opacity\"\/>\n\n\n\n<p class=\"\"><strong>Les \u00c9checs des Tentatives de Coup d\u2019\u00c9tat et l\u2019Exil des Leaders de l\u2019UNFP<\/strong><\/p>\n\n\n\n<p class=\"\">Les ann\u00e9es 1971 et 1972 marquent un tournant dramatique. Apr\u00e8s la tentative de putsch de Skhirat en juillet 1971, visant \u00e0 renverser la monarchie, une faction de l&rsquo;arm\u00e9e se mobilise de nouveau en ao\u00fbt 1972 pour le \u00ab coup d\u2019\u00c9tat des aviateurs \u00bb. Ces tentatives \u00e9chouent, menant \u00e0 une r\u00e9pression accrue du gouvernement marocain envers les militants de l\u2019UNFP et ses alli\u00e9s militaires. De nombreux militaires impliqu\u00e9s, dont le g\u00e9n\u00e9ral Oufkir, seront soit ex\u00e9cut\u00e9s soit emprisonn\u00e9s dans des conditions s\u00e9v\u00e8res.<\/p>\n\n\n\n<p class=\"\">La r\u00e9pression qui suit ces \u00e9v\u00e9nements renforce l\u2019autorit\u00e9 du roi Hassan II, mais elle laisse des cicatrices profondes au sein de l&rsquo;UNFP. Plusieurs figures du mouvement, telles qu&rsquo;Abderrahim Bouabid et Omar Benjelloun, choisissent l\u2019exil ou sont emprisonn\u00e9es. Pour ceux qui restent, l&rsquo;espoir d&rsquo;une r\u00e9volution semble s&rsquo;\u00e9loigner, et l&rsquo;UNFP, scind\u00e9e entre une branche mod\u00e9r\u00e9e et une branche radicale, est de plus en plus isol\u00e9e politiquement.<\/p>\n\n\n\n<hr class=\"wp-block-separator has-alpha-channel-opacity\"\/>\n\n\n\n<p class=\"\"><strong>Tazmamart : Un Lieu de Souffrance et un Symbole des Ann\u00e9es de Plomb<\/strong><\/p>\n\n\n\n<p class=\"\">Pour neutraliser la r\u00e9sistance, le r\u00e9gime marocain met en place des mesures r\u00e9pressives s\u00e9v\u00e8res. Les dissidents et les militaires rebelles captur\u00e9s sont emprisonn\u00e9s dans des conditions inhumaines, notamment dans la prison secr\u00e8te de Tazmamart, tristement c\u00e9l\u00e8bre pour ses d\u00e9tentions \u00e0 vie et ses conditions d\u2019incarc\u00e9ration extr\u00eames. Ce bagne devient un symbole de l\u2019oppression et des ann\u00e9es de plomb, p\u00e9riode marqu\u00e9e par des arrestations massives, des proc\u00e8s politiques, et une absence de libert\u00e9s civiles.<\/p>\n\n\n\n<p class=\"\">Des survivants de Tazmamart d\u00e9crivent des cellules sombres, d\u00e9pourvues de lumi\u00e8re naturelle, o\u00f9 les prisonniers sont enferm\u00e9s sans acc\u00e8s aux soins de base. Les d\u00e9tenus, pour la plupart des militants de l\u2019UNFP ou des militaires accus\u00e9s de tentative de complot, y vivent dans des conditions d\u00e9gradantes, loin des regards et des pr\u00e9occupations de la soci\u00e9t\u00e9 civile.<\/p>\n\n\n\n<hr class=\"wp-block-separator has-alpha-channel-opacity\"\/>\n\n\n\n<p class=\"\"><strong>La Fin d\u2019une P\u00e9riode R\u00e9volutionnaire et le R\u00e9tablissement de l\u2019Ordre<\/strong><\/p>\n\n\n\n<p class=\"\">En 1973, apr\u00e8s une ultime tentative de soul\u00e8vement arm\u00e9 \u00e0 Moulay Bouazza, l\u2019UNFP abandonne progressivement la lutte arm\u00e9e. Fqih Basri et plusieurs de ses camarades choisissent l\u2019exil, o\u00f9 ils poursuivent leur engagement politique depuis l\u2019\u00e9tranger. La monarchie, quant \u00e0 elle, maintient un contr\u00f4le strict, consolidant son pouvoir par une s\u00e9rie de r\u00e9formes visant \u00e0 affaiblir toute forme d\u2019opposition organis\u00e9e. Ce n&rsquo;est qu&rsquo;au d\u00e9but des ann\u00e9es 1990 que certains militants exil\u00e9s sont autoris\u00e9s \u00e0 revenir au Maroc, o\u00f9 une amnistie leur permet de r\u00e9int\u00e9grer la vie politique.<\/p>\n\n\n\n<p class=\"\">Cet abandon des armes marque la fin d\u2019une p\u00e9riode r\u00e9volutionnaire pour l\u2019UNFP, tandis que le r\u00e9gime de Hassan II, bien que fragilis\u00e9, parvient \u00e0 renforcer sa l\u00e9gitimit\u00e9 et \u00e0 stabiliser le pays. Les d\u00e9cennies suivantes verront l\u2019instauration de r\u00e9formes progressives, y compris l\u2019am\u00e9lioration des droits civiques et politiques, quoique partielle.<\/p>\n\n\n\n<hr class=\"wp-block-separator has-alpha-channel-opacity\"\/>\n\n\n\n<p class=\"\"><strong>Conclusion : Les Le\u00e7ons d\u2019une P\u00e9riode Trouble<\/strong><\/p>\n\n\n\n<p class=\"\">L&rsquo;histoire des ann\u00e9es de plomb et des soul\u00e8vements de l&rsquo;UNFP contre la monarchie marocaine souligne les d\u00e9fis de la lutte pour le pouvoir et l\u2019\u00e9volution politique dans le Maroc post-ind\u00e9pendance. La r\u00e9pression de cette \u00e9poque a laiss\u00e9 des cicatrices profondes, tant pour les familles des victimes que pour la soci\u00e9t\u00e9 marocaine, qui garde en m\u00e9moire ces ann\u00e9es sombres. Alors que le Maroc poursuit ses efforts de r\u00e9forme, l\u2019h\u00e9ritage de cette p\u00e9riode r\u00e9volutionnaire reste un rappel constant des sacrifices effectu\u00e9s pour la stabilit\u00e9 et le progr\u00e8s national.<\/p>\n\n\n\n<p class=\"\">\u00a9 Odon Bulamba \/ ADR<\/p>\n","protected":false},"excerpt":{"rendered":"<p>Casablanca \u2013 Au d\u00e9but des ann\u00e9es 1970, le Maroc est secou\u00e9 par une s\u00e9rie de tentatives de coup d&rsquo;\u00c9tat et de soul\u00e8vements arm\u00e9s, entra\u00eenant le royaume dans une p\u00e9riode de forte instabilit\u00e9 politique. Apr\u00e8s l&rsquo;\u00e9chec du coup d&rsquo;\u00c9tat de Skhirat en 1971, le gouvernement marocain, dirig\u00e9 par le roi Hassan II, fait face \u00e0 une [&hellip;]<\/p>\n","protected":false},"author":10,"featured_media":13645,"comment_status":"open","ping_status":"open","sticky":false,"template":"","format":"standard","meta":{"_acf_changed":false,"om_disable_all_campaigns":false,"_monsterinsights_skip_tracking":false,"_monsterinsights_sitenote_active":false,"_monsterinsights_sitenote_note":"","_monsterinsights_sitenote_category":0,"tdm_status":"","tdm_grid_status":"","_jetpack_newsletter_access":"","_jetpack_dont_email_post_to_subs":false,"_jetpack_newsletter_tier_id":0,"_jetpack_memberships_contains_paywalled_content":false,"_jetpack_memberships_contains_paid_content":false,"footnotes":""},"categories":[1008,977],"tags":[1395,1391,975,1396,1392,1397,1393],"adr_country":[1088],"class_list":{"0":"post-13647","1":"post","2":"type-post","3":"status-publish","4":"format-standard","5":"has-post-thumbnail","7":"category-politics-fr","8":"category-style-de-vie","9":"tag-annees-de-plomb","10":"tag-hassan-ii-fr","11":"tag-maroc-fr","12":"tag-retablissement","13":"tag-revolution-fr","14":"tag-tazmamart","15":"tag-unfp-fr","16":"adr_country-maroc"},"acf":{"post_version":""},"yoast_head":"<!-- This site is optimized with the Yoast SEO Premium plugin v26.0 (Yoast SEO v27.4) - https:\/\/yoast.com\/product\/yoast-seo-premium-wordpress\/ -->\n<title>Maroc : La lutte r\u00e9volutionnaire de l&#039;UNFP contre Hassan II - Africa Daily Report<\/title>\n<meta name=\"robots\" content=\"index, follow, max-snippet:-1, max-image-preview:large, max-video-preview:-1\" \/>\n<link rel=\"canonical\" href=\"https:\/\/africadailyreport.com\/fr\/2024\/11\/04\/moroccos-revolutionary-struggle-unfp-vs-hassan-ii\/\" \/>\n<meta property=\"og:locale\" content=\"fr_FR\" \/>\n<meta property=\"og:type\" content=\"article\" \/>\n<meta property=\"og:title\" content=\"Maroc : La lutte r\u00e9volutionnaire de l&#039;UNFP contre Hassan II\" \/>\n<meta property=\"og:description\" content=\"Casablanca \u2013 Au d\u00e9but des ann\u00e9es 1970, le Maroc est secou\u00e9 par une s\u00e9rie de tentatives de coup d&rsquo;\u00c9tat et de soul\u00e8vements arm\u00e9s, entra\u00eenant le royaume dans une p\u00e9riode de forte instabilit\u00e9 politique. Apr\u00e8s l&rsquo;\u00e9chec du coup d&rsquo;\u00c9tat de Skhirat en 1971, le gouvernement marocain, dirig\u00e9 par le roi Hassan II, fait face \u00e0 une [&hellip;]\" \/>\n<meta property=\"og:url\" content=\"https:\/\/africadailyreport.com\/fr\/2024\/11\/04\/moroccos-revolutionary-struggle-unfp-vs-hassan-ii\/\" \/>\n<meta property=\"og:site_name\" content=\"Africa Daily Report\" \/>\n<meta property=\"article:publisher\" content=\"https:\/\/www.facebook.com\/africadailyreport\" \/>\n<meta property=\"article:published_time\" content=\"2024-11-04T02:54:00+00:00\" \/>\n<meta property=\"article:modified_time\" content=\"2024-11-04T03:04:43+00:00\" \/>\n<meta property=\"og:image\" content=\"https:\/\/africadailyreport.com\/wp-content\/uploads\/2024\/11\/AFP__20200820__1WN09F__v1__HighRes__MoroccoPoliticsRoyalsHistoryAnniversary-scaled.jpg\" \/>\n\t<meta property=\"og:image:width\" content=\"2560\" \/>\n\t<meta property=\"og:image:height\" content=\"1703\" \/>\n\t<meta property=\"og:image:type\" content=\"image\/jpeg\" \/>\n<meta name=\"author\" content=\"ADR\/AFP\" \/>\n<meta name=\"twitter:card\" content=\"summary_large_image\" \/>\n<meta name=\"twitter:creator\" content=\"@adr_africa\" \/>\n<meta name=\"twitter:site\" content=\"@adr_africa\" \/>\n<meta name=\"twitter:label1\" content=\"\u00c9crit par\" \/>\n\t<meta name=\"twitter:data1\" content=\"ADR\/AFP\" \/>\n\t<meta name=\"twitter:label2\" content=\"Dur\u00e9e de lecture estim\u00e9e\" \/>\n\t<meta name=\"twitter:data2\" content=\"5 minutes\" \/>\n<script type=\"application\/ld+json\" class=\"yoast-schema-graph\">{\"@context\":\"https:\\\/\\\/schema.org\",\"@graph\":[{\"@type\":\"Article\",\"@id\":\"https:\\\/\\\/africadailyreport.com\\\/fr\\\/2024\\\/11\\\/04\\\/moroccos-revolutionary-struggle-unfp-vs-hassan-ii\\\/#article\",\"isPartOf\":{\"@id\":\"https:\\\/\\\/africadailyreport.com\\\/fr\\\/2024\\\/11\\\/04\\\/moroccos-revolutionary-struggle-unfp-vs-hassan-ii\\\/\"},\"author\":{\"name\":\"ADR\\\/AFP\",\"@id\":\"https:\\\/\\\/africadailyreport.com\\\/fr\\\/#\\\/schema\\\/person\\\/c44d86d79f5570b3ba4cf70c989843f8\"},\"headline\":\"Maroc : La lutte r\u00e9volutionnaire de l&rsquo;UNFP contre Hassan II\",\"datePublished\":\"2024-11-04T02:54:00+00:00\",\"dateModified\":\"2024-11-04T03:04:43+00:00\",\"mainEntityOfPage\":{\"@id\":\"https:\\\/\\\/africadailyreport.com\\\/fr\\\/2024\\\/11\\\/04\\\/moroccos-revolutionary-struggle-unfp-vs-hassan-ii\\\/\"},\"wordCount\":1032,\"commentCount\":0,\"publisher\":{\"@id\":\"https:\\\/\\\/africadailyreport.com\\\/fr\\\/#organization\"},\"image\":{\"@id\":\"https:\\\/\\\/africadailyreport.com\\\/fr\\\/2024\\\/11\\\/04\\\/moroccos-revolutionary-struggle-unfp-vs-hassan-ii\\\/#primaryimage\"},\"thumbnailUrl\":\"https:\\\/\\\/i0.wp.com\\\/africadailyreport.com\\\/wp-content\\\/uploads\\\/2024\\\/11\\\/AFP__20200820__1WN09F__v1__HighRes__MoroccoPoliticsRoyalsHistoryAnniversary-scaled.jpg?fit=2560%2C1703&ssl=1\",\"keywords\":[\"ann\u00e9es de plomb\",\"Hassan II\",\"Maroc\",\"retablissement\",\"revolution\",\"tazmamart\",\"unfp\"],\"articleSection\":[\"Politics\",\"Style de vie\"],\"inLanguage\":\"fr-FR\",\"potentialAction\":[{\"@type\":\"CommentAction\",\"name\":\"Comment\",\"target\":[\"https:\\\/\\\/africadailyreport.com\\\/fr\\\/2024\\\/11\\\/04\\\/moroccos-revolutionary-struggle-unfp-vs-hassan-ii\\\/#respond\"]}],\"copyrightYear\":\"2024\",\"copyrightHolder\":{\"@id\":\"https:\\\/\\\/africadailyreport.com\\\/#organization\"}},{\"@type\":\"WebPage\",\"@id\":\"https:\\\/\\\/africadailyreport.com\\\/fr\\\/2024\\\/11\\\/04\\\/moroccos-revolutionary-struggle-unfp-vs-hassan-ii\\\/\",\"url\":\"https:\\\/\\\/africadailyreport.com\\\/fr\\\/2024\\\/11\\\/04\\\/moroccos-revolutionary-struggle-unfp-vs-hassan-ii\\\/\",\"name\":\"Maroc : La lutte r\u00e9volutionnaire de l'UNFP contre Hassan II - Africa Daily Report\",\"isPartOf\":{\"@id\":\"https:\\\/\\\/africadailyreport.com\\\/fr\\\/#website\"},\"primaryImageOfPage\":{\"@id\":\"https:\\\/\\\/africadailyreport.com\\\/fr\\\/2024\\\/11\\\/04\\\/moroccos-revolutionary-struggle-unfp-vs-hassan-ii\\\/#primaryimage\"},\"image\":{\"@id\":\"https:\\\/\\\/africadailyreport.com\\\/fr\\\/2024\\\/11\\\/04\\\/moroccos-revolutionary-struggle-unfp-vs-hassan-ii\\\/#primaryimage\"},\"thumbnailUrl\":\"https:\\\/\\\/i0.wp.com\\\/africadailyreport.com\\\/wp-content\\\/uploads\\\/2024\\\/11\\\/AFP__20200820__1WN09F__v1__HighRes__MoroccoPoliticsRoyalsHistoryAnniversary-scaled.jpg?fit=2560%2C1703&ssl=1\",\"datePublished\":\"2024-11-04T02:54:00+00:00\",\"dateModified\":\"2024-11-04T03:04:43+00:00\",\"breadcrumb\":{\"@id\":\"https:\\\/\\\/africadailyreport.com\\\/fr\\\/2024\\\/11\\\/04\\\/moroccos-revolutionary-struggle-unfp-vs-hassan-ii\\\/#breadcrumb\"},\"inLanguage\":\"fr-FR\",\"potentialAction\":[{\"@type\":\"ReadAction\",\"target\":[\"https:\\\/\\\/africadailyreport.com\\\/fr\\\/2024\\\/11\\\/04\\\/moroccos-revolutionary-struggle-unfp-vs-hassan-ii\\\/\"]}]},{\"@type\":\"ImageObject\",\"inLanguage\":\"fr-FR\",\"@id\":\"https:\\\/\\\/africadailyreport.com\\\/fr\\\/2024\\\/11\\\/04\\\/moroccos-revolutionary-struggle-unfp-vs-hassan-ii\\\/#primaryimage\",\"url\":\"https:\\\/\\\/i0.wp.com\\\/africadailyreport.com\\\/wp-content\\\/uploads\\\/2024\\\/11\\\/AFP__20200820__1WN09F__v1__HighRes__MoroccoPoliticsRoyalsHistoryAnniversary-scaled.jpg?fit=2560%2C1703&ssl=1\",\"contentUrl\":\"https:\\\/\\\/i0.wp.com\\\/africadailyreport.com\\\/wp-content\\\/uploads\\\/2024\\\/11\\\/AFP__20200820__1WN09F__v1__HighRes__MoroccoPoliticsRoyalsHistoryAnniversary-scaled.jpg?fit=2560%2C1703&ssl=1\",\"width\":2560,\"height\":1703,\"caption\":\"This handout picture released by the Moroccan Royal Palace shows Moroccan King Mohammed VI (C), flanked by his brother brother Prince Moulay Rachid (R) and son Crown Prince Moulay Hassan (L), as the King makes a speech to mark the 67th anniversary of the Revolution of the King and the People on August 20,2020, in the city of al-Hoceima. (Photo by Moroccan Royal Palace \\\/ AFP) \\\/ RESTRICTED TO EDITORIAL USE - MANDATORY CREDIT \\\"AFP PHOTO \\\/ SOURCE \\\/ MOROCCAN ROYAL PALACE- NO MARKETING NO ADVERTISING CAMPAIGNS - DISTRIBUTED AS A SERVICE TO CLIENTS - RESTRICTED TO EDITORIAL USE - MANDATORY CREDIT \\\"AFP PHOTO \\\/ SOURCE \\\/ MOROCCAN ROYAL PALACE- NO MARKETING NO ADVERTISING CAMPAIGNS - DISTRIBUTED AS A SERVICE TO CLIENTS \\\/\"},{\"@type\":\"BreadcrumbList\",\"@id\":\"https:\\\/\\\/africadailyreport.com\\\/fr\\\/2024\\\/11\\\/04\\\/moroccos-revolutionary-struggle-unfp-vs-hassan-ii\\\/#breadcrumb\",\"itemListElement\":[{\"@type\":\"ListItem\",\"position\":1,\"name\":\"Home\",\"item\":\"https:\\\/\\\/africadailyreport.com\\\/fr\\\/\"},{\"@type\":\"ListItem\",\"position\":2,\"name\":\"Maroc : La lutte r\u00e9volutionnaire de l&#8217;UNFP contre Hassan II\"}]},{\"@type\":\"WebSite\",\"@id\":\"https:\\\/\\\/africadailyreport.com\\\/fr\\\/#website\",\"url\":\"https:\\\/\\\/africadailyreport.com\\\/fr\\\/\",\"name\":\"Africa Daily Report\",\"description\":\"\",\"publisher\":{\"@id\":\"https:\\\/\\\/africadailyreport.com\\\/fr\\\/#organization\"},\"potentialAction\":[{\"@type\":\"SearchAction\",\"target\":{\"@type\":\"EntryPoint\",\"urlTemplate\":\"https:\\\/\\\/africadailyreport.com\\\/fr\\\/?s={search_term_string}\"},\"query-input\":{\"@type\":\"PropertyValueSpecification\",\"valueRequired\":true,\"valueName\":\"search_term_string\"}}],\"inLanguage\":\"fr-FR\"},{\"@type\":\"Organization\",\"@id\":\"https:\\\/\\\/africadailyreport.com\\\/fr\\\/#organization\",\"name\":\"Africa Daily Report\",\"url\":\"https:\\\/\\\/africadailyreport.com\\\/fr\\\/\",\"logo\":{\"@type\":\"ImageObject\",\"inLanguage\":\"fr-FR\",\"@id\":\"https:\\\/\\\/africadailyreport.com\\\/fr\\\/#\\\/schema\\\/logo\\\/image\\\/\",\"url\":\"https:\\\/\\\/africadailyreport.com\\\/wp-content\\\/uploads\\\/2024\\\/09\\\/ADR-Transparent-Green-Logo-1.png\",\"contentUrl\":\"https:\\\/\\\/africadailyreport.com\\\/wp-content\\\/uploads\\\/2024\\\/09\\\/ADR-Transparent-Green-Logo-1.png\",\"width\":267,\"height\":185,\"caption\":\"Africa Daily Report\"},\"image\":{\"@id\":\"https:\\\/\\\/africadailyreport.com\\\/fr\\\/#\\\/schema\\\/logo\\\/image\\\/\"},\"sameAs\":[\"https:\\\/\\\/www.facebook.com\\\/africadailyreport\",\"https:\\\/\\\/x.com\\\/adr_africa\",\"https:\\\/\\\/www.youtube.com\\\/@africadailyreport\",\"https:\\\/\\\/instagram.com\\\/africadailyreport\"]},{\"@type\":\"Person\",\"@id\":\"https:\\\/\\\/africadailyreport.com\\\/fr\\\/#\\\/schema\\\/person\\\/c44d86d79f5570b3ba4cf70c989843f8\",\"name\":\"ADR\\\/AFP\",\"image\":{\"@type\":\"ImageObject\",\"inLanguage\":\"fr-FR\",\"@id\":\"https:\\\/\\\/secure.gravatar.com\\\/avatar\\\/2fbdc3782aa386b408fd9a36f0bc78ee569c94a7a05670cab3a1d72916408214?s=96&d=mm&r=g\",\"url\":\"https:\\\/\\\/secure.gravatar.com\\\/avatar\\\/2fbdc3782aa386b408fd9a36f0bc78ee569c94a7a05670cab3a1d72916408214?s=96&d=mm&r=g\",\"contentUrl\":\"https:\\\/\\\/secure.gravatar.com\\\/avatar\\\/2fbdc3782aa386b408fd9a36f0bc78ee569c94a7a05670cab3a1d72916408214?s=96&d=mm&r=g\",\"caption\":\"ADR\\\/AFP\"},\"sameAs\":[\"http:\\\/\\\/africadailyreport.com\"],\"url\":\"https:\\\/\\\/africadailyreport.com\\\/fr\\\/author\\\/both\\\/\"}]}<\/script>\n<!-- \/ Yoast SEO Premium plugin. -->","yoast_head_json":{"title":"Maroc : La lutte r\u00e9volutionnaire de l'UNFP contre Hassan II - Africa Daily Report","robots":{"index":"index","follow":"follow","max-snippet":"max-snippet:-1","max-image-preview":"max-image-preview:large","max-video-preview":"max-video-preview:-1"},"canonical":"https:\/\/africadailyreport.com\/fr\/2024\/11\/04\/moroccos-revolutionary-struggle-unfp-vs-hassan-ii\/","og_locale":"fr_FR","og_type":"article","og_title":"Maroc : La lutte r\u00e9volutionnaire de l'UNFP contre Hassan II","og_description":"Casablanca \u2013 Au d\u00e9but des ann\u00e9es 1970, le Maroc est secou\u00e9 par une s\u00e9rie de tentatives de coup d&rsquo;\u00c9tat et de soul\u00e8vements arm\u00e9s, entra\u00eenant le royaume dans une p\u00e9riode de forte instabilit\u00e9 politique. Apr\u00e8s l&rsquo;\u00e9chec du coup d&rsquo;\u00c9tat de Skhirat en 1971, le gouvernement marocain, dirig\u00e9 par le roi Hassan II, fait face \u00e0 une [&hellip;]","og_url":"https:\/\/africadailyreport.com\/fr\/2024\/11\/04\/moroccos-revolutionary-struggle-unfp-vs-hassan-ii\/","og_site_name":"Africa Daily Report","article_publisher":"https:\/\/www.facebook.com\/africadailyreport","article_published_time":"2024-11-04T02:54:00+00:00","article_modified_time":"2024-11-04T03:04:43+00:00","og_image":[{"width":2560,"height":1703,"url":"https:\/\/africadailyreport.com\/wp-content\/uploads\/2024\/11\/AFP__20200820__1WN09F__v1__HighRes__MoroccoPoliticsRoyalsHistoryAnniversary-scaled.jpg","type":"image\/jpeg"}],"author":"ADR\/AFP","twitter_card":"summary_large_image","twitter_creator":"@adr_africa","twitter_site":"@adr_africa","twitter_misc":{"\u00c9crit par":"ADR\/AFP","Dur\u00e9e de lecture estim\u00e9e":"5 minutes"},"schema":{"@context":"https:\/\/schema.org","@graph":[{"@type":"Article","@id":"https:\/\/africadailyreport.com\/fr\/2024\/11\/04\/moroccos-revolutionary-struggle-unfp-vs-hassan-ii\/#article","isPartOf":{"@id":"https:\/\/africadailyreport.com\/fr\/2024\/11\/04\/moroccos-revolutionary-struggle-unfp-vs-hassan-ii\/"},"author":{"name":"ADR\/AFP","@id":"https:\/\/africadailyreport.com\/fr\/#\/schema\/person\/c44d86d79f5570b3ba4cf70c989843f8"},"headline":"Maroc : La lutte r\u00e9volutionnaire de l&rsquo;UNFP contre Hassan II","datePublished":"2024-11-04T02:54:00+00:00","dateModified":"2024-11-04T03:04:43+00:00","mainEntityOfPage":{"@id":"https:\/\/africadailyreport.com\/fr\/2024\/11\/04\/moroccos-revolutionary-struggle-unfp-vs-hassan-ii\/"},"wordCount":1032,"commentCount":0,"publisher":{"@id":"https:\/\/africadailyreport.com\/fr\/#organization"},"image":{"@id":"https:\/\/africadailyreport.com\/fr\/2024\/11\/04\/moroccos-revolutionary-struggle-unfp-vs-hassan-ii\/#primaryimage"},"thumbnailUrl":"https:\/\/i0.wp.com\/africadailyreport.com\/wp-content\/uploads\/2024\/11\/AFP__20200820__1WN09F__v1__HighRes__MoroccoPoliticsRoyalsHistoryAnniversary-scaled.jpg?fit=2560%2C1703&ssl=1","keywords":["ann\u00e9es de plomb","Hassan II","Maroc","retablissement","revolution","tazmamart","unfp"],"articleSection":["Politics","Style de vie"],"inLanguage":"fr-FR","potentialAction":[{"@type":"CommentAction","name":"Comment","target":["https:\/\/africadailyreport.com\/fr\/2024\/11\/04\/moroccos-revolutionary-struggle-unfp-vs-hassan-ii\/#respond"]}],"copyrightYear":"2024","copyrightHolder":{"@id":"https:\/\/africadailyreport.com\/#organization"}},{"@type":"WebPage","@id":"https:\/\/africadailyreport.com\/fr\/2024\/11\/04\/moroccos-revolutionary-struggle-unfp-vs-hassan-ii\/","url":"https:\/\/africadailyreport.com\/fr\/2024\/11\/04\/moroccos-revolutionary-struggle-unfp-vs-hassan-ii\/","name":"Maroc : La lutte r\u00e9volutionnaire de l'UNFP contre Hassan II - Africa Daily Report","isPartOf":{"@id":"https:\/\/africadailyreport.com\/fr\/#website"},"primaryImageOfPage":{"@id":"https:\/\/africadailyreport.com\/fr\/2024\/11\/04\/moroccos-revolutionary-struggle-unfp-vs-hassan-ii\/#primaryimage"},"image":{"@id":"https:\/\/africadailyreport.com\/fr\/2024\/11\/04\/moroccos-revolutionary-struggle-unfp-vs-hassan-ii\/#primaryimage"},"thumbnailUrl":"https:\/\/i0.wp.com\/africadailyreport.com\/wp-content\/uploads\/2024\/11\/AFP__20200820__1WN09F__v1__HighRes__MoroccoPoliticsRoyalsHistoryAnniversary-scaled.jpg?fit=2560%2C1703&ssl=1","datePublished":"2024-11-04T02:54:00+00:00","dateModified":"2024-11-04T03:04:43+00:00","breadcrumb":{"@id":"https:\/\/africadailyreport.com\/fr\/2024\/11\/04\/moroccos-revolutionary-struggle-unfp-vs-hassan-ii\/#breadcrumb"},"inLanguage":"fr-FR","potentialAction":[{"@type":"ReadAction","target":["https:\/\/africadailyreport.com\/fr\/2024\/11\/04\/moroccos-revolutionary-struggle-unfp-vs-hassan-ii\/"]}]},{"@type":"ImageObject","inLanguage":"fr-FR","@id":"https:\/\/africadailyreport.com\/fr\/2024\/11\/04\/moroccos-revolutionary-struggle-unfp-vs-hassan-ii\/#primaryimage","url":"https:\/\/i0.wp.com\/africadailyreport.com\/wp-content\/uploads\/2024\/11\/AFP__20200820__1WN09F__v1__HighRes__MoroccoPoliticsRoyalsHistoryAnniversary-scaled.jpg?fit=2560%2C1703&ssl=1","contentUrl":"https:\/\/i0.wp.com\/africadailyreport.com\/wp-content\/uploads\/2024\/11\/AFP__20200820__1WN09F__v1__HighRes__MoroccoPoliticsRoyalsHistoryAnniversary-scaled.jpg?fit=2560%2C1703&ssl=1","width":2560,"height":1703,"caption":"This handout picture released by the Moroccan Royal Palace shows Moroccan King Mohammed VI (C), flanked by his brother brother Prince Moulay Rachid (R) and son Crown Prince Moulay Hassan (L), as the King makes a speech to mark the 67th anniversary of the Revolution of the King and the People on August 20,2020, in the city of al-Hoceima. (Photo by Moroccan Royal Palace \/ AFP) \/ RESTRICTED TO EDITORIAL USE - MANDATORY CREDIT \"AFP PHOTO \/ SOURCE \/ MOROCCAN ROYAL PALACE- NO MARKETING NO ADVERTISING CAMPAIGNS - DISTRIBUTED AS A SERVICE TO CLIENTS - RESTRICTED TO EDITORIAL USE - MANDATORY CREDIT \"AFP PHOTO \/ SOURCE \/ MOROCCAN ROYAL PALACE- NO MARKETING NO ADVERTISING CAMPAIGNS - DISTRIBUTED AS A SERVICE TO CLIENTS \/"},{"@type":"BreadcrumbList","@id":"https:\/\/africadailyreport.com\/fr\/2024\/11\/04\/moroccos-revolutionary-struggle-unfp-vs-hassan-ii\/#breadcrumb","itemListElement":[{"@type":"ListItem","position":1,"name":"Home","item":"https:\/\/africadailyreport.com\/fr\/"},{"@type":"ListItem","position":2,"name":"Maroc : La lutte r\u00e9volutionnaire de l&#8217;UNFP contre Hassan II"}]},{"@type":"WebSite","@id":"https:\/\/africadailyreport.com\/fr\/#website","url":"https:\/\/africadailyreport.com\/fr\/","name":"Africa Daily Report","description":"","publisher":{"@id":"https:\/\/africadailyreport.com\/fr\/#organization"},"potentialAction":[{"@type":"SearchAction","target":{"@type":"EntryPoint","urlTemplate":"https:\/\/africadailyreport.com\/fr\/?s={search_term_string}"},"query-input":{"@type":"PropertyValueSpecification","valueRequired":true,"valueName":"search_term_string"}}],"inLanguage":"fr-FR"},{"@type":"Organization","@id":"https:\/\/africadailyreport.com\/fr\/#organization","name":"Africa Daily Report","url":"https:\/\/africadailyreport.com\/fr\/","logo":{"@type":"ImageObject","inLanguage":"fr-FR","@id":"https:\/\/africadailyreport.com\/fr\/#\/schema\/logo\/image\/","url":"https:\/\/africadailyreport.com\/wp-content\/uploads\/2024\/09\/ADR-Transparent-Green-Logo-1.png","contentUrl":"https:\/\/africadailyreport.com\/wp-content\/uploads\/2024\/09\/ADR-Transparent-Green-Logo-1.png","width":267,"height":185,"caption":"Africa Daily Report"},"image":{"@id":"https:\/\/africadailyreport.com\/fr\/#\/schema\/logo\/image\/"},"sameAs":["https:\/\/www.facebook.com\/africadailyreport","https:\/\/x.com\/adr_africa","https:\/\/www.youtube.com\/@africadailyreport","https:\/\/instagram.com\/africadailyreport"]},{"@type":"Person","@id":"https:\/\/africadailyreport.com\/fr\/#\/schema\/person\/c44d86d79f5570b3ba4cf70c989843f8","name":"ADR\/AFP","image":{"@type":"ImageObject","inLanguage":"fr-FR","@id":"https:\/\/secure.gravatar.com\/avatar\/2fbdc3782aa386b408fd9a36f0bc78ee569c94a7a05670cab3a1d72916408214?s=96&d=mm&r=g","url":"https:\/\/secure.gravatar.com\/avatar\/2fbdc3782aa386b408fd9a36f0bc78ee569c94a7a05670cab3a1d72916408214?s=96&d=mm&r=g","contentUrl":"https:\/\/secure.gravatar.com\/avatar\/2fbdc3782aa386b408fd9a36f0bc78ee569c94a7a05670cab3a1d72916408214?s=96&d=mm&r=g","caption":"ADR\/AFP"},"sameAs":["http:\/\/africadailyreport.com"],"url":"https:\/\/africadailyreport.com\/fr\/author\/both\/"}]}},"jetpack_featured_media_url":"https:\/\/i0.wp.com\/africadailyreport.com\/wp-content\/uploads\/2024\/11\/AFP__20200820__1WN09F__v1__HighRes__MoroccoPoliticsRoyalsHistoryAnniversary-scaled.jpg?fit=2560%2C1703&ssl=1","jetpack_sharing_enabled":true,"amp_enabled":true,"_links":{"self":[{"href":"https:\/\/africadailyreport.com\/fr\/wp-json\/wp\/v2\/posts\/13647","targetHints":{"allow":["GET"]}}],"collection":[{"href":"https:\/\/africadailyreport.com\/fr\/wp-json\/wp\/v2\/posts"}],"about":[{"href":"https:\/\/africadailyreport.com\/fr\/wp-json\/wp\/v2\/types\/post"}],"author":[{"embeddable":true,"href":"https:\/\/africadailyreport.com\/fr\/wp-json\/wp\/v2\/users\/10"}],"replies":[{"embeddable":true,"href":"https:\/\/africadailyreport.com\/fr\/wp-json\/wp\/v2\/comments?post=13647"}],"version-history":[{"count":3,"href":"https:\/\/africadailyreport.com\/fr\/wp-json\/wp\/v2\/posts\/13647\/revisions"}],"predecessor-version":[{"id":13651,"href":"https:\/\/africadailyreport.com\/fr\/wp-json\/wp\/v2\/posts\/13647\/revisions\/13651"}],"wp:featuredmedia":[{"embeddable":true,"href":"https:\/\/africadailyreport.com\/fr\/wp-json\/wp\/v2\/media\/13645"}],"wp:attachment":[{"href":"https:\/\/africadailyreport.com\/fr\/wp-json\/wp\/v2\/media?parent=13647"}],"wp:term":[{"taxonomy":"category","embeddable":true,"href":"https:\/\/africadailyreport.com\/fr\/wp-json\/wp\/v2\/categories?post=13647"},{"taxonomy":"post_tag","embeddable":true,"href":"https:\/\/africadailyreport.com\/fr\/wp-json\/wp\/v2\/tags?post=13647"},{"taxonomy":"adr_country","embeddable":true,"href":"https:\/\/africadailyreport.com\/fr\/wp-json\/wp\/v2\/adr_country?post=13647"}],"curies":[{"name":"wp","href":"https:\/\/api.w.org\/{rel}","templated":true}]}}