{"id":13473,"date":"2024-10-31T22:22:04","date_gmt":"2024-10-31T22:22:04","guid":{"rendered":"https:\/\/africadailyreport.com\/2024\/10\/31\/morocco-detains-activist-after-france-spying-allegation\/"},"modified":"2024-10-31T22:26:09","modified_gmt":"2024-10-31T22:26:09","slug":"morocco-detains-activist-after-france-spying-allegation","status":"publish","type":"post","link":"https:\/\/africadailyreport.com\/fr\/2024\/10\/31\/morocco-detains-activist-after-france-spying-allegation\/","title":{"rendered":"Maroc: l&rsquo;activiste Fouad Abdelmouni, critique du pouvoir, plac\u00e9 en garde \u00e0 vue"},"content":{"rendered":"\n\n\n<p class=\"\">Le parquet marocain a annonc\u00e9 jeudi le placement en garde \u00e0 vue du d\u00e9fenseur des droits humains Fouad Abdelmoumni, objet d&rsquo;une enqu\u00eate pour \u00ab\u00a0diffusion de fausses informations\u00a0\u00bb, li\u00e9e \u00e0 une publication o\u00f9 il rappelle des accusations \u00ab\u00a0d&rsquo;espionnage de la France par le Maroc\u00a0\u00bb, selon des m\u00e9dias locaux.<\/p>\n\n\n\n<p class=\"\">M. Abdelmoumni, 66 ans, a \u00e9t\u00e9 interpell\u00e9 mercredi puis plac\u00e9 en garde \u00e0 vue car soup\u00e7onn\u00e9 d&rsquo;avoir \u00ab\u00a0signal\u00e9 un crime notoirement fictif dont il sait l&rsquo;inexistence\u00a0\u00bb et d&rsquo;avoir \u00ab\u00a0diffus\u00e9 de nombreuses fausses informations\u00a0\u00bb, a indiqu\u00e9 le minist\u00e8re public, cit\u00e9 par l&rsquo;agence marocaine MAP.<\/p>\n\n\n\n<p class=\"\">Cet activiste, voix critique des autorit\u00e9s marocaines et membre de la F\u00e9d\u00e9ration de la gauche d\u00e9mocratique, \u00ab\u00a0compara\u00eetra vendredi devant le procureur du roi pr\u00e8s le tribunal de premi\u00e8re instance de Casablanca\u00a0\u00bb, a pr\u00e9cis\u00e9 \u00e0 l&rsquo;AFP son avocat, Me Mohammed Nouini.<\/p>\n\n\n\n<p class=\"\">L&rsquo;Instance marocaine de soutien aux prisonniers politiques, dont M. Abdelmoumni est coordinateur, a d\u00e9nonc\u00e9 dans un communiqu\u00e9 une \u00ab\u00a0arrestation arbitraire qui s&rsquo;inscrit dans une s\u00e9rie de harc\u00e8lements visant Abdelmoumni\u00a0\u00bb, \u00e9galement ancien secr\u00e9taire g\u00e9n\u00e9ral de l&rsquo;ONG anti-corruption Transparency Maroc.<\/p>\n\n\n\n<p class=\"\">La diffusion de fausses informations qui lui est reproch\u00e9e serait li\u00e9e \u00e0 une publication o\u00f9 M. Abdelmoumni \u00e9voque \u00ab\u00a0la pr\u00e9tendue implication du Maroc dans l&rsquo;espionnage de la France\u00a0\u00bb \u00e0 travers le logiciel espion isra\u00e9lien Pegasus, selon des m\u00e9dias locaux.<\/p>\n\n\n\n<p class=\"\">\u00ab\u00a0La France, qui voit sa position d\u00e9cliner parmi toutes les nations, ne voudrait pas c\u00e9der au chantage d&rsquo;un \u00c9tat faible qui utilise tous les moyens de pression \u00e0 sa disposition (&#8230;) sans oublier l&rsquo;espionnage\u00a0\u00bb, a-t-il \u00e9crit mardi dans un post sur Facebook.<\/p>\n\n\n\n<p class=\"\">Le post a co\u00efncid\u00e9 avec une visite d&rsquo;Etat de trois jours du pr\u00e9sident fran\u00e7ais Emmanuel Macron au Maroc, scellant une r\u00e9conciliation entre Paris et Rabat, apr\u00e8s plusieurs ann\u00e9es de brouille.<\/p>\n\n\n\n<p class=\"\">En 2021, le Maroc avait \u00e9t\u00e9 accus\u00e9 d&rsquo;avoir utilis\u00e9 Pegasus pour infiltrer les t\u00e9l\u00e9phones de plusieurs personnalit\u00e9s publiques nationales et \u00e9trang\u00e8res dont M. Macron, selon une vaste enqu\u00eate men\u00e9e par un consortium de m\u00e9dias internationaux sur la base de donn\u00e9es obtenues par les organisations Forbidden Stories et Amnesty International.<\/p>\n\n\n\n<p class=\"\">Le gouvernement marocain avait cat\u00e9goriquement d\u00e9menti \u00ab\u00a0ces all\u00e9gations mensong\u00e8res et infond\u00e9es\u00a0\u00bb.<\/p>\n\n\n\n<p class=\"\">Ces accusations avaient entre autres aliment\u00e9 des tensions entre la France et le Maroc, avant que les deux pays ne renouent leurs liens trois ans plus tard.<\/p>\n\n\n\n<p class=\"\">La r\u00e9conciliation a \u00e9t\u00e9 possible apr\u00e8s le soutien apport\u00e9 par la France fin juillet \u00e0 un plan d&rsquo;autonomie sous \u00ab\u00a0souverainet\u00e9 marocaine\u00a0\u00bb pour le territoire disput\u00e9 du Sahara occidental o\u00f9 les ind\u00e9pendantistes du Polisario, en conflit avec Rabat depuis un demi-si\u00e8cle, sont soutenus par l&rsquo;Alg\u00e9rie.<\/p>\n\n\n\n<p class=\"\">Durant la visite de M. Macron, un total de 40 accords et contrats ont \u00e9t\u00e9 sign\u00e9s dans le secteur ferroviaire, le dessalement de l&rsquo;eau, la fourniture d&rsquo;un satellite de communications ou la production d&rsquo;hydrog\u00e8ne vert.<\/p>\n\n\n\n<p class=\"\">\u00a9 Agence France-Presse<\/p>\n","protected":false},"excerpt":{"rendered":"<p>Le parquet marocain a annonc\u00e9 jeudi le placement en garde \u00e0 vue du d\u00e9fenseur des droits humains Fouad Abdelmoumni, objet d&rsquo;une enqu\u00eate pour \u00ab\u00a0diffusion de fausses informations\u00a0\u00bb, li\u00e9e \u00e0 une publication o\u00f9 il rappelle des accusations \u00ab\u00a0d&rsquo;espionnage de la France par le Maroc\u00a0\u00bb, selon des m\u00e9dias locaux. M. Abdelmoumni, 66 ans, a \u00e9t\u00e9 interpell\u00e9 mercredi [&hellip;]<\/p>\n","protected":false},"author":10,"featured_media":13471,"comment_status":"open","ping_status":"open","sticky":false,"template":"","format":"standard","meta":{"_acf_changed":false,"om_disable_all_campaigns":false,"_monsterinsights_skip_tracking":false,"_monsterinsights_sitenote_active":false,"_monsterinsights_sitenote_note":"","_monsterinsights_sitenote_category":0,"tdm_status":"","tdm_grid_status":"","_jetpack_newsletter_access":"","_jetpack_dont_email_post_to_subs":false,"_jetpack_newsletter_tier_id":0,"_jetpack_memberships_contains_paywalled_content":false,"_jetpack_memberships_contains_paid_content":false,"footnotes":""},"categories":[1008],"tags":[1223,1222,812,975],"adr_country":[1088],"class_list":{"0":"post-13473","1":"post","2":"type-post","3":"status-publish","4":"format-standard","5":"has-post-thumbnail","7":"category-politics-fr","8":"tag-droits-humains-2","9":"tag-espionage-fr","10":"tag-france-fr","11":"tag-maroc-fr","12":"adr_country-maroc"},"acf":{"post_version":""},"yoast_head":"<!-- This site is optimized with the Yoast SEO Premium plugin v26.0 (Yoast SEO v27.4) - https:\/\/yoast.com\/product\/yoast-seo-premium-wordpress\/ -->\n<title>Maroc: l&#039;activiste Fouad Abdelmouni, critique du pouvoir, plac\u00e9 en garde \u00e0 vue - Africa Daily Report<\/title>\n<meta name=\"robots\" content=\"index, follow, max-snippet:-1, max-image-preview:large, max-video-preview:-1\" \/>\n<link rel=\"canonical\" href=\"https:\/\/africadailyreport.com\/fr\/2024\/10\/31\/morocco-detains-activist-after-france-spying-allegation\/\" \/>\n<meta property=\"og:locale\" content=\"fr_FR\" \/>\n<meta property=\"og:type\" content=\"article\" \/>\n<meta property=\"og:title\" content=\"Maroc: l&#039;activiste Fouad Abdelmouni, critique du pouvoir, plac\u00e9 en garde \u00e0 vue\" \/>\n<meta property=\"og:description\" content=\"Le parquet marocain a annonc\u00e9 jeudi le placement en garde \u00e0 vue du d\u00e9fenseur des droits humains Fouad Abdelmoumni, objet d&rsquo;une enqu\u00eate pour \u00ab\u00a0diffusion de fausses informations\u00a0\u00bb, li\u00e9e \u00e0 une publication o\u00f9 il rappelle des accusations \u00ab\u00a0d&rsquo;espionnage de la France par le Maroc\u00a0\u00bb, selon des m\u00e9dias locaux. M. Abdelmoumni, 66 ans, a \u00e9t\u00e9 interpell\u00e9 mercredi [&hellip;]\" \/>\n<meta property=\"og:url\" content=\"https:\/\/africadailyreport.com\/fr\/2024\/10\/31\/morocco-detains-activist-after-france-spying-allegation\/\" \/>\n<meta property=\"og:site_name\" content=\"Africa Daily Report\" \/>\n<meta property=\"article:publisher\" content=\"https:\/\/www.facebook.com\/africadailyreport\" \/>\n<meta property=\"article:published_time\" content=\"2024-10-31T22:22:04+00:00\" \/>\n<meta property=\"article:modified_time\" content=\"2024-10-31T22:26:09+00:00\" \/>\n<meta property=\"og:image\" content=\"https:\/\/africadailyreport.com\/wp-content\/uploads\/2024\/10\/AFP__20241030__36L83NG__v1__HighRes__MoroccoFrancePoliticsDiplomacy-scaled.jpg\" \/>\n\t<meta property=\"og:image:width\" content=\"2560\" \/>\n\t<meta property=\"og:image:height\" content=\"1707\" \/>\n\t<meta property=\"og:image:type\" content=\"image\/jpeg\" \/>\n<meta name=\"author\" content=\"ADR\/AFP\" \/>\n<meta name=\"twitter:card\" content=\"summary_large_image\" \/>\n<meta name=\"twitter:creator\" content=\"@adr_africa\" \/>\n<meta name=\"twitter:site\" content=\"@adr_africa\" \/>\n<meta name=\"twitter:label1\" content=\"\u00c9crit par\" \/>\n\t<meta name=\"twitter:data1\" content=\"ADR\/AFP\" \/>\n\t<meta name=\"twitter:label2\" content=\"Dur\u00e9e de lecture estim\u00e9e\" \/>\n\t<meta name=\"twitter:data2\" content=\"3 minutes\" \/>\n<script type=\"application\/ld+json\" class=\"yoast-schema-graph\">{\"@context\":\"https:\\\/\\\/schema.org\",\"@graph\":[{\"@type\":\"Article\",\"@id\":\"https:\\\/\\\/africadailyreport.com\\\/fr\\\/2024\\\/10\\\/31\\\/morocco-detains-activist-after-france-spying-allegation\\\/#article\",\"isPartOf\":{\"@id\":\"https:\\\/\\\/africadailyreport.com\\\/fr\\\/2024\\\/10\\\/31\\\/morocco-detains-activist-after-france-spying-allegation\\\/\"},\"author\":{\"name\":\"ADR\\\/AFP\",\"@id\":\"https:\\\/\\\/africadailyreport.com\\\/fr\\\/#\\\/schema\\\/person\\\/c44d86d79f5570b3ba4cf70c989843f8\"},\"headline\":\"Maroc: l&rsquo;activiste Fouad Abdelmouni, critique du pouvoir, plac\u00e9 en garde \u00e0 vue\",\"datePublished\":\"2024-10-31T22:22:04+00:00\",\"dateModified\":\"2024-10-31T22:26:09+00:00\",\"mainEntityOfPage\":{\"@id\":\"https:\\\/\\\/africadailyreport.com\\\/fr\\\/2024\\\/10\\\/31\\\/morocco-detains-activist-after-france-spying-allegation\\\/\"},\"wordCount\":575,\"commentCount\":0,\"publisher\":{\"@id\":\"https:\\\/\\\/africadailyreport.com\\\/fr\\\/#organization\"},\"image\":{\"@id\":\"https:\\\/\\\/africadailyreport.com\\\/fr\\\/2024\\\/10\\\/31\\\/morocco-detains-activist-after-france-spying-allegation\\\/#primaryimage\"},\"thumbnailUrl\":\"https:\\\/\\\/i0.wp.com\\\/africadailyreport.com\\\/wp-content\\\/uploads\\\/2024\\\/10\\\/AFP__20241030__36L83NG__v1__HighRes__MoroccoFrancePoliticsDiplomacy-scaled.jpg?fit=2560%2C1707&ssl=1\",\"keywords\":[\"droits humains\",\"espionage\",\"france\",\"Maroc\"],\"articleSection\":[\"Politics\"],\"inLanguage\":\"fr-FR\",\"potentialAction\":[{\"@type\":\"CommentAction\",\"name\":\"Comment\",\"target\":[\"https:\\\/\\\/africadailyreport.com\\\/fr\\\/2024\\\/10\\\/31\\\/morocco-detains-activist-after-france-spying-allegation\\\/#respond\"]}],\"copyrightYear\":\"2024\",\"copyrightHolder\":{\"@id\":\"https:\\\/\\\/africadailyreport.com\\\/#organization\"}},{\"@type\":\"WebPage\",\"@id\":\"https:\\\/\\\/africadailyreport.com\\\/fr\\\/2024\\\/10\\\/31\\\/morocco-detains-activist-after-france-spying-allegation\\\/\",\"url\":\"https:\\\/\\\/africadailyreport.com\\\/fr\\\/2024\\\/10\\\/31\\\/morocco-detains-activist-after-france-spying-allegation\\\/\",\"name\":\"Maroc: l'activiste Fouad Abdelmouni, critique du pouvoir, plac\u00e9 en garde \u00e0 vue - Africa Daily Report\",\"isPartOf\":{\"@id\":\"https:\\\/\\\/africadailyreport.com\\\/fr\\\/#website\"},\"primaryImageOfPage\":{\"@id\":\"https:\\\/\\\/africadailyreport.com\\\/fr\\\/2024\\\/10\\\/31\\\/morocco-detains-activist-after-france-spying-allegation\\\/#primaryimage\"},\"image\":{\"@id\":\"https:\\\/\\\/africadailyreport.com\\\/fr\\\/2024\\\/10\\\/31\\\/morocco-detains-activist-after-france-spying-allegation\\\/#primaryimage\"},\"thumbnailUrl\":\"https:\\\/\\\/i0.wp.com\\\/africadailyreport.com\\\/wp-content\\\/uploads\\\/2024\\\/10\\\/AFP__20241030__36L83NG__v1__HighRes__MoroccoFrancePoliticsDiplomacy-scaled.jpg?fit=2560%2C1707&ssl=1\",\"datePublished\":\"2024-10-31T22:22:04+00:00\",\"dateModified\":\"2024-10-31T22:26:09+00:00\",\"breadcrumb\":{\"@id\":\"https:\\\/\\\/africadailyreport.com\\\/fr\\\/2024\\\/10\\\/31\\\/morocco-detains-activist-after-france-spying-allegation\\\/#breadcrumb\"},\"inLanguage\":\"fr-FR\",\"potentialAction\":[{\"@type\":\"ReadAction\",\"target\":[\"https:\\\/\\\/africadailyreport.com\\\/fr\\\/2024\\\/10\\\/31\\\/morocco-detains-activist-after-france-spying-allegation\\\/\"]}]},{\"@type\":\"ImageObject\",\"inLanguage\":\"fr-FR\",\"@id\":\"https:\\\/\\\/africadailyreport.com\\\/fr\\\/2024\\\/10\\\/31\\\/morocco-detains-activist-after-france-spying-allegation\\\/#primaryimage\",\"url\":\"https:\\\/\\\/i0.wp.com\\\/africadailyreport.com\\\/wp-content\\\/uploads\\\/2024\\\/10\\\/AFP__20241030__36L83NG__v1__HighRes__MoroccoFrancePoliticsDiplomacy-scaled.jpg?fit=2560%2C1707&ssl=1\",\"contentUrl\":\"https:\\\/\\\/i0.wp.com\\\/africadailyreport.com\\\/wp-content\\\/uploads\\\/2024\\\/10\\\/AFP__20241030__36L83NG__v1__HighRes__MoroccoFrancePoliticsDiplomacy-scaled.jpg?fit=2560%2C1707&ssl=1\",\"width\":2560,\"height\":1707,\"caption\":\"French President Emmanuel Macron attends a roundtable discussion on food security and sustainable agriculture in Africa with Ismahane Elouafi, Executive Managing Director of the Consultative Group for International Agricultural Research (CGIAR) at the headquarters of the Moroccan state-owned phosphate-mining company OCP (Office Ch\u00e9rifien des Phosphates) in Rabat on October 30, 2024. (Photo by Ludovic MARIN \\\/ AFP)\"},{\"@type\":\"BreadcrumbList\",\"@id\":\"https:\\\/\\\/africadailyreport.com\\\/fr\\\/2024\\\/10\\\/31\\\/morocco-detains-activist-after-france-spying-allegation\\\/#breadcrumb\",\"itemListElement\":[{\"@type\":\"ListItem\",\"position\":1,\"name\":\"Home\",\"item\":\"https:\\\/\\\/africadailyreport.com\\\/fr\\\/\"},{\"@type\":\"ListItem\",\"position\":2,\"name\":\"Maroc: l&#8217;activiste Fouad Abdelmouni, critique du pouvoir, plac\u00e9 en garde \u00e0 vue\"}]},{\"@type\":\"WebSite\",\"@id\":\"https:\\\/\\\/africadailyreport.com\\\/fr\\\/#website\",\"url\":\"https:\\\/\\\/africadailyreport.com\\\/fr\\\/\",\"name\":\"Africa Daily Report\",\"description\":\"\",\"publisher\":{\"@id\":\"https:\\\/\\\/africadailyreport.com\\\/fr\\\/#organization\"},\"potentialAction\":[{\"@type\":\"SearchAction\",\"target\":{\"@type\":\"EntryPoint\",\"urlTemplate\":\"https:\\\/\\\/africadailyreport.com\\\/fr\\\/?s={search_term_string}\"},\"query-input\":{\"@type\":\"PropertyValueSpecification\",\"valueRequired\":true,\"valueName\":\"search_term_string\"}}],\"inLanguage\":\"fr-FR\"},{\"@type\":\"Organization\",\"@id\":\"https:\\\/\\\/africadailyreport.com\\\/fr\\\/#organization\",\"name\":\"Africa Daily Report\",\"url\":\"https:\\\/\\\/africadailyreport.com\\\/fr\\\/\",\"logo\":{\"@type\":\"ImageObject\",\"inLanguage\":\"fr-FR\",\"@id\":\"https:\\\/\\\/africadailyreport.com\\\/fr\\\/#\\\/schema\\\/logo\\\/image\\\/\",\"url\":\"https:\\\/\\\/africadailyreport.com\\\/wp-content\\\/uploads\\\/2024\\\/09\\\/ADR-Transparent-Green-Logo-1.png\",\"contentUrl\":\"https:\\\/\\\/africadailyreport.com\\\/wp-content\\\/uploads\\\/2024\\\/09\\\/ADR-Transparent-Green-Logo-1.png\",\"width\":267,\"height\":185,\"caption\":\"Africa Daily Report\"},\"image\":{\"@id\":\"https:\\\/\\\/africadailyreport.com\\\/fr\\\/#\\\/schema\\\/logo\\\/image\\\/\"},\"sameAs\":[\"https:\\\/\\\/www.facebook.com\\\/africadailyreport\",\"https:\\\/\\\/x.com\\\/adr_africa\",\"https:\\\/\\\/www.youtube.com\\\/@africadailyreport\",\"https:\\\/\\\/instagram.com\\\/africadailyreport\"]},{\"@type\":\"Person\",\"@id\":\"https:\\\/\\\/africadailyreport.com\\\/fr\\\/#\\\/schema\\\/person\\\/c44d86d79f5570b3ba4cf70c989843f8\",\"name\":\"ADR\\\/AFP\",\"image\":{\"@type\":\"ImageObject\",\"inLanguage\":\"fr-FR\",\"@id\":\"https:\\\/\\\/secure.gravatar.com\\\/avatar\\\/2fbdc3782aa386b408fd9a36f0bc78ee569c94a7a05670cab3a1d72916408214?s=96&d=mm&r=g\",\"url\":\"https:\\\/\\\/secure.gravatar.com\\\/avatar\\\/2fbdc3782aa386b408fd9a36f0bc78ee569c94a7a05670cab3a1d72916408214?s=96&d=mm&r=g\",\"contentUrl\":\"https:\\\/\\\/secure.gravatar.com\\\/avatar\\\/2fbdc3782aa386b408fd9a36f0bc78ee569c94a7a05670cab3a1d72916408214?s=96&d=mm&r=g\",\"caption\":\"ADR\\\/AFP\"},\"sameAs\":[\"http:\\\/\\\/africadailyreport.com\"],\"url\":\"https:\\\/\\\/africadailyreport.com\\\/fr\\\/author\\\/both\\\/\"}]}<\/script>\n<!-- \/ Yoast SEO Premium plugin. -->","yoast_head_json":{"title":"Maroc: l'activiste Fouad Abdelmouni, critique du pouvoir, plac\u00e9 en garde \u00e0 vue - Africa Daily Report","robots":{"index":"index","follow":"follow","max-snippet":"max-snippet:-1","max-image-preview":"max-image-preview:large","max-video-preview":"max-video-preview:-1"},"canonical":"https:\/\/africadailyreport.com\/fr\/2024\/10\/31\/morocco-detains-activist-after-france-spying-allegation\/","og_locale":"fr_FR","og_type":"article","og_title":"Maroc: l'activiste Fouad Abdelmouni, critique du pouvoir, plac\u00e9 en garde \u00e0 vue","og_description":"Le parquet marocain a annonc\u00e9 jeudi le placement en garde \u00e0 vue du d\u00e9fenseur des droits humains Fouad Abdelmoumni, objet d&rsquo;une enqu\u00eate pour \u00ab\u00a0diffusion de fausses informations\u00a0\u00bb, li\u00e9e \u00e0 une publication o\u00f9 il rappelle des accusations \u00ab\u00a0d&rsquo;espionnage de la France par le Maroc\u00a0\u00bb, selon des m\u00e9dias locaux. M. Abdelmoumni, 66 ans, a \u00e9t\u00e9 interpell\u00e9 mercredi [&hellip;]","og_url":"https:\/\/africadailyreport.com\/fr\/2024\/10\/31\/morocco-detains-activist-after-france-spying-allegation\/","og_site_name":"Africa Daily Report","article_publisher":"https:\/\/www.facebook.com\/africadailyreport","article_published_time":"2024-10-31T22:22:04+00:00","article_modified_time":"2024-10-31T22:26:09+00:00","og_image":[{"width":2560,"height":1707,"url":"https:\/\/africadailyreport.com\/wp-content\/uploads\/2024\/10\/AFP__20241030__36L83NG__v1__HighRes__MoroccoFrancePoliticsDiplomacy-scaled.jpg","type":"image\/jpeg"}],"author":"ADR\/AFP","twitter_card":"summary_large_image","twitter_creator":"@adr_africa","twitter_site":"@adr_africa","twitter_misc":{"\u00c9crit par":"ADR\/AFP","Dur\u00e9e de lecture estim\u00e9e":"3 minutes"},"schema":{"@context":"https:\/\/schema.org","@graph":[{"@type":"Article","@id":"https:\/\/africadailyreport.com\/fr\/2024\/10\/31\/morocco-detains-activist-after-france-spying-allegation\/#article","isPartOf":{"@id":"https:\/\/africadailyreport.com\/fr\/2024\/10\/31\/morocco-detains-activist-after-france-spying-allegation\/"},"author":{"name":"ADR\/AFP","@id":"https:\/\/africadailyreport.com\/fr\/#\/schema\/person\/c44d86d79f5570b3ba4cf70c989843f8"},"headline":"Maroc: l&rsquo;activiste Fouad Abdelmouni, critique du pouvoir, plac\u00e9 en garde \u00e0 vue","datePublished":"2024-10-31T22:22:04+00:00","dateModified":"2024-10-31T22:26:09+00:00","mainEntityOfPage":{"@id":"https:\/\/africadailyreport.com\/fr\/2024\/10\/31\/morocco-detains-activist-after-france-spying-allegation\/"},"wordCount":575,"commentCount":0,"publisher":{"@id":"https:\/\/africadailyreport.com\/fr\/#organization"},"image":{"@id":"https:\/\/africadailyreport.com\/fr\/2024\/10\/31\/morocco-detains-activist-after-france-spying-allegation\/#primaryimage"},"thumbnailUrl":"https:\/\/i0.wp.com\/africadailyreport.com\/wp-content\/uploads\/2024\/10\/AFP__20241030__36L83NG__v1__HighRes__MoroccoFrancePoliticsDiplomacy-scaled.jpg?fit=2560%2C1707&ssl=1","keywords":["droits humains","espionage","france","Maroc"],"articleSection":["Politics"],"inLanguage":"fr-FR","potentialAction":[{"@type":"CommentAction","name":"Comment","target":["https:\/\/africadailyreport.com\/fr\/2024\/10\/31\/morocco-detains-activist-after-france-spying-allegation\/#respond"]}],"copyrightYear":"2024","copyrightHolder":{"@id":"https:\/\/africadailyreport.com\/#organization"}},{"@type":"WebPage","@id":"https:\/\/africadailyreport.com\/fr\/2024\/10\/31\/morocco-detains-activist-after-france-spying-allegation\/","url":"https:\/\/africadailyreport.com\/fr\/2024\/10\/31\/morocco-detains-activist-after-france-spying-allegation\/","name":"Maroc: l'activiste Fouad Abdelmouni, critique du pouvoir, plac\u00e9 en garde \u00e0 vue - Africa Daily Report","isPartOf":{"@id":"https:\/\/africadailyreport.com\/fr\/#website"},"primaryImageOfPage":{"@id":"https:\/\/africadailyreport.com\/fr\/2024\/10\/31\/morocco-detains-activist-after-france-spying-allegation\/#primaryimage"},"image":{"@id":"https:\/\/africadailyreport.com\/fr\/2024\/10\/31\/morocco-detains-activist-after-france-spying-allegation\/#primaryimage"},"thumbnailUrl":"https:\/\/i0.wp.com\/africadailyreport.com\/wp-content\/uploads\/2024\/10\/AFP__20241030__36L83NG__v1__HighRes__MoroccoFrancePoliticsDiplomacy-scaled.jpg?fit=2560%2C1707&ssl=1","datePublished":"2024-10-31T22:22:04+00:00","dateModified":"2024-10-31T22:26:09+00:00","breadcrumb":{"@id":"https:\/\/africadailyreport.com\/fr\/2024\/10\/31\/morocco-detains-activist-after-france-spying-allegation\/#breadcrumb"},"inLanguage":"fr-FR","potentialAction":[{"@type":"ReadAction","target":["https:\/\/africadailyreport.com\/fr\/2024\/10\/31\/morocco-detains-activist-after-france-spying-allegation\/"]}]},{"@type":"ImageObject","inLanguage":"fr-FR","@id":"https:\/\/africadailyreport.com\/fr\/2024\/10\/31\/morocco-detains-activist-after-france-spying-allegation\/#primaryimage","url":"https:\/\/i0.wp.com\/africadailyreport.com\/wp-content\/uploads\/2024\/10\/AFP__20241030__36L83NG__v1__HighRes__MoroccoFrancePoliticsDiplomacy-scaled.jpg?fit=2560%2C1707&ssl=1","contentUrl":"https:\/\/i0.wp.com\/africadailyreport.com\/wp-content\/uploads\/2024\/10\/AFP__20241030__36L83NG__v1__HighRes__MoroccoFrancePoliticsDiplomacy-scaled.jpg?fit=2560%2C1707&ssl=1","width":2560,"height":1707,"caption":"French President Emmanuel Macron attends a roundtable discussion on food security and sustainable agriculture in Africa with Ismahane Elouafi, Executive Managing Director of the Consultative Group for International Agricultural Research (CGIAR) at the headquarters of the Moroccan state-owned phosphate-mining company OCP (Office Ch\u00e9rifien des Phosphates) in Rabat on October 30, 2024. (Photo by Ludovic MARIN \/ AFP)"},{"@type":"BreadcrumbList","@id":"https:\/\/africadailyreport.com\/fr\/2024\/10\/31\/morocco-detains-activist-after-france-spying-allegation\/#breadcrumb","itemListElement":[{"@type":"ListItem","position":1,"name":"Home","item":"https:\/\/africadailyreport.com\/fr\/"},{"@type":"ListItem","position":2,"name":"Maroc: l&#8217;activiste Fouad Abdelmouni, critique du pouvoir, plac\u00e9 en garde \u00e0 vue"}]},{"@type":"WebSite","@id":"https:\/\/africadailyreport.com\/fr\/#website","url":"https:\/\/africadailyreport.com\/fr\/","name":"Africa Daily Report","description":"","publisher":{"@id":"https:\/\/africadailyreport.com\/fr\/#organization"},"potentialAction":[{"@type":"SearchAction","target":{"@type":"EntryPoint","urlTemplate":"https:\/\/africadailyreport.com\/fr\/?s={search_term_string}"},"query-input":{"@type":"PropertyValueSpecification","valueRequired":true,"valueName":"search_term_string"}}],"inLanguage":"fr-FR"},{"@type":"Organization","@id":"https:\/\/africadailyreport.com\/fr\/#organization","name":"Africa Daily Report","url":"https:\/\/africadailyreport.com\/fr\/","logo":{"@type":"ImageObject","inLanguage":"fr-FR","@id":"https:\/\/africadailyreport.com\/fr\/#\/schema\/logo\/image\/","url":"https:\/\/africadailyreport.com\/wp-content\/uploads\/2024\/09\/ADR-Transparent-Green-Logo-1.png","contentUrl":"https:\/\/africadailyreport.com\/wp-content\/uploads\/2024\/09\/ADR-Transparent-Green-Logo-1.png","width":267,"height":185,"caption":"Africa Daily Report"},"image":{"@id":"https:\/\/africadailyreport.com\/fr\/#\/schema\/logo\/image\/"},"sameAs":["https:\/\/www.facebook.com\/africadailyreport","https:\/\/x.com\/adr_africa","https:\/\/www.youtube.com\/@africadailyreport","https:\/\/instagram.com\/africadailyreport"]},{"@type":"Person","@id":"https:\/\/africadailyreport.com\/fr\/#\/schema\/person\/c44d86d79f5570b3ba4cf70c989843f8","name":"ADR\/AFP","image":{"@type":"ImageObject","inLanguage":"fr-FR","@id":"https:\/\/secure.gravatar.com\/avatar\/2fbdc3782aa386b408fd9a36f0bc78ee569c94a7a05670cab3a1d72916408214?s=96&d=mm&r=g","url":"https:\/\/secure.gravatar.com\/avatar\/2fbdc3782aa386b408fd9a36f0bc78ee569c94a7a05670cab3a1d72916408214?s=96&d=mm&r=g","contentUrl":"https:\/\/secure.gravatar.com\/avatar\/2fbdc3782aa386b408fd9a36f0bc78ee569c94a7a05670cab3a1d72916408214?s=96&d=mm&r=g","caption":"ADR\/AFP"},"sameAs":["http:\/\/africadailyreport.com"],"url":"https:\/\/africadailyreport.com\/fr\/author\/both\/"}]}},"jetpack_featured_media_url":"https:\/\/i0.wp.com\/africadailyreport.com\/wp-content\/uploads\/2024\/10\/AFP__20241030__36L83NG__v1__HighRes__MoroccoFrancePoliticsDiplomacy-scaled.jpg?fit=2560%2C1707&ssl=1","jetpack_sharing_enabled":true,"amp_enabled":true,"_links":{"self":[{"href":"https:\/\/africadailyreport.com\/fr\/wp-json\/wp\/v2\/posts\/13473","targetHints":{"allow":["GET"]}}],"collection":[{"href":"https:\/\/africadailyreport.com\/fr\/wp-json\/wp\/v2\/posts"}],"about":[{"href":"https:\/\/africadailyreport.com\/fr\/wp-json\/wp\/v2\/types\/post"}],"author":[{"embeddable":true,"href":"https:\/\/africadailyreport.com\/fr\/wp-json\/wp\/v2\/users\/10"}],"replies":[{"embeddable":true,"href":"https:\/\/africadailyreport.com\/fr\/wp-json\/wp\/v2\/comments?post=13473"}],"version-history":[{"count":1,"href":"https:\/\/africadailyreport.com\/fr\/wp-json\/wp\/v2\/posts\/13473\/revisions"}],"predecessor-version":[{"id":13474,"href":"https:\/\/africadailyreport.com\/fr\/wp-json\/wp\/v2\/posts\/13473\/revisions\/13474"}],"wp:featuredmedia":[{"embeddable":true,"href":"https:\/\/africadailyreport.com\/fr\/wp-json\/wp\/v2\/media\/13471"}],"wp:attachment":[{"href":"https:\/\/africadailyreport.com\/fr\/wp-json\/wp\/v2\/media?parent=13473"}],"wp:term":[{"taxonomy":"category","embeddable":true,"href":"https:\/\/africadailyreport.com\/fr\/wp-json\/wp\/v2\/categories?post=13473"},{"taxonomy":"post_tag","embeddable":true,"href":"https:\/\/africadailyreport.com\/fr\/wp-json\/wp\/v2\/tags?post=13473"},{"taxonomy":"adr_country","embeddable":true,"href":"https:\/\/africadailyreport.com\/fr\/wp-json\/wp\/v2\/adr_country?post=13473"}],"curies":[{"name":"wp","href":"https:\/\/api.w.org\/{rel}","templated":true}]}}