{"id":13442,"date":"2024-10-31T04:22:36","date_gmt":"2024-10-31T04:22:36","guid":{"rendered":"https:\/\/africadailyreport.com\/2024\/10\/31\/senegal-at-a-crossroads-growth-balance-and-inclusivity\/"},"modified":"2024-10-31T04:28:23","modified_gmt":"2024-10-31T04:28:23","slug":"senegal-at-a-crossroads-growth-balance-and-inclusivity","status":"publish","type":"post","link":"https:\/\/africadailyreport.com\/fr\/2024\/10\/31\/senegal-at-a-crossroads-growth-balance-and-inclusivity\/","title":{"rendered":"S\u00e9n\u00e9gal : Croissance et D\u00e9fis d&rsquo;\u00c9quilibre"},"content":{"rendered":"\n<figure class=\"wp-block-image size-large\"><img data-recalc-dims=\"1\" loading=\"lazy\" decoding=\"async\" width=\"696\" height=\"464\" src=\"https:\/\/i0.wp.com\/africadailyreport.com\/wp-content\/uploads\/2024\/10\/AFP__20240926__36H98BU__v1__HighRes__SenegalGovernmentEconomyPolitics.jpg?resize=696%2C464&#038;ssl=1\" alt=\"\" class=\"wp-image-13439\" srcset=\"https:\/\/i0.wp.com\/africadailyreport.com\/wp-content\/uploads\/2024\/10\/AFP__20240926__36H98BU__v1__HighRes__SenegalGovernmentEconomyPolitics.jpg?resize=1024%2C683&amp;ssl=1 1024w, https:\/\/i0.wp.com\/africadailyreport.com\/wp-content\/uploads\/2024\/10\/AFP__20240926__36H98BU__v1__HighRes__SenegalGovernmentEconomyPolitics.jpg?resize=300%2C200&amp;ssl=1 300w, https:\/\/i0.wp.com\/africadailyreport.com\/wp-content\/uploads\/2024\/10\/AFP__20240926__36H98BU__v1__HighRes__SenegalGovernmentEconomyPolitics.jpg?resize=768%2C512&amp;ssl=1 768w, https:\/\/i0.wp.com\/africadailyreport.com\/wp-content\/uploads\/2024\/10\/AFP__20240926__36H98BU__v1__HighRes__SenegalGovernmentEconomyPolitics.jpg?resize=1536%2C1024&amp;ssl=1 1536w, https:\/\/i0.wp.com\/africadailyreport.com\/wp-content\/uploads\/2024\/10\/AFP__20240926__36H98BU__v1__HighRes__SenegalGovernmentEconomyPolitics.jpg?resize=630%2C420&amp;ssl=1 630w, https:\/\/i0.wp.com\/africadailyreport.com\/wp-content\/uploads\/2024\/10\/AFP__20240926__36H98BU__v1__HighRes__SenegalGovernmentEconomyPolitics.jpg?resize=150%2C100&amp;ssl=1 150w, https:\/\/i0.wp.com\/africadailyreport.com\/wp-content\/uploads\/2024\/10\/AFP__20240926__36H98BU__v1__HighRes__SenegalGovernmentEconomyPolitics.jpg?resize=696%2C464&amp;ssl=1 696w, https:\/\/i0.wp.com\/africadailyreport.com\/wp-content\/uploads\/2024\/10\/AFP__20240926__36H98BU__v1__HighRes__SenegalGovernmentEconomyPolitics.jpg?resize=1068%2C712&amp;ssl=1 1068w, https:\/\/i0.wp.com\/africadailyreport.com\/wp-content\/uploads\/2024\/10\/AFP__20240926__36H98BU__v1__HighRes__SenegalGovernmentEconomyPolitics.jpg?w=1860&amp;ssl=1 1860w, https:\/\/i0.wp.com\/africadailyreport.com\/wp-content\/uploads\/2024\/10\/AFP__20240926__36H98BU__v1__HighRes__SenegalGovernmentEconomyPolitics.jpg?w=1392&amp;ssl=1 1392w\" sizes=\"auto, (max-width: 696px) 100vw, 696px\" \/><figcaption class=\"wp-element-caption\">Senegal&rsquo;s Prime Minister Ousmane Sonko speaks during a press conference to present the governments economic action plan, in Dakar, on September 26, 2024. (Photo by SEYLLOU \/ AFP)<\/figcaption><\/figure>\n\n\n\n<hr class=\"wp-block-separator has-alpha-channel-opacity\"\/>\n\n\n\n<p class=\"\"><strong>R\u00e9sum\u00e9<\/strong><\/p>\n\n\n\n<p class=\"\">Cette analyse explore le parcours du S\u00e9n\u00e9gal vers l\u2019\u00e9mergence, face \u00e0 des d\u00e9fis \u00e9conomiques, sociaux et environnementaux. Avec le Plan S\u00e9n\u00e9gal \u00c9mergent (PSE), le pays conna\u00eet une croissance prometteuse, mais il se trouve \u00e0 un carrefour d\u00e9cisif. Comment garantir une croissance durable et inclusive tout en conciliant modernisation et pr\u00e9servation de l\u2019h\u00e9ritage culturel ? Cet article examine les perspectives du S\u00e9n\u00e9gal et sa capacit\u00e9 \u00e0 b\u00e2tir un avenir \u00e9quitable pour ses citoyens.<\/p>\n\n\n\n<hr class=\"wp-block-separator has-alpha-channel-opacity\"\/>\n\n\n\n<h3 class=\"wp-block-heading\"><\/h3>\n\n\n\n<p class=\"\"><strong>Introduction et Questions Cl\u00e9s<\/strong><\/p>\n\n\n\n<p class=\"\">Alors que le S\u00e9n\u00e9gal se profile comme une puissance \u00e9mergente en Afrique de l\u2019Ouest, des questions centrales se posent : quelles transformations \u00e9conomiques et politiques sont n\u00e9cessaires pour assurer une croissance durable et inclusive ? Comment r\u00e9pondre aux aspirations de la jeunesse tout en satisfaisant aux attentes internationales ?<\/p>\n\n\n\n<hr class=\"wp-block-separator has-alpha-channel-opacity\"\/>\n\n\n\n<p class=\"\"><strong>\u00c9tat des R\u00e9formes \u00c9conomiques et Progr\u00e8s Sociaux<\/strong><\/p>\n\n\n\n<p class=\"\">Depuis l&rsquo;impl\u00e9mentation du Plan S\u00e9n\u00e9gal \u00c9mergent (PSE) en 2014, le S\u00e9n\u00e9gal a enregistr\u00e9 des avanc\u00e9es significatives en mati\u00e8re d\u2019infrastructures et de d\u00e9veloppement. Jadis centr\u00e9e sur l\u2019agriculture, le commerce et les services, l\u2019\u00e9conomie se diversifie avec l\u2019apparition de nouveaux secteurs prometteurs, dont le p\u00e9trole et le gaz. Avec une croissance annuelle de 6 % en moyenne, le pays se distingue dans une r\u00e9gion souvent marqu\u00e9e par des d\u00e9fis sociaux et \u00e9conomiques. Cependant, avec 60 % de la population ayant moins de 25 ans, la cr\u00e9ation d\u2019emplois reste une priorit\u00e9 pour un d\u00e9veloppement inclusif.<\/p>\n\n\n\n<p class=\"\"><strong>Donn\u00e9es Chiffr\u00e9es et Perspectives Futures<\/strong><\/p>\n\n\n\n<p class=\"\">Les r\u00e9formes ont permis des avanc\u00e9es tangibles : le taux de pauvret\u00e9 a baiss\u00e9 de 46,7 % en 2011 \u00e0 39 % en 2021, et le ch\u00f4mage diminue lentement. Toutefois, l\u2019acc\u00e8s \u00e0 l\u2019emploi reste un d\u00e9fi pour les jeunes. La Banque mondiale et le FMI pr\u00e9voient que le secteur des hydrocarbures pourrait augmenter le PIB de 7 % d\u2019ici 2025, bien que certains craignent une d\u00e9pendance \u00e9conomique excessive et une \u00ab mal\u00e9diction des ressources \u00bb. \u00c9viter ces pi\u00e8ges sera crucial pour que la croissance profite \u00e0 toute la population.<\/p>\n\n\n\n<hr class=\"wp-block-separator has-alpha-channel-opacity\"\/>\n\n\n\n<p class=\"\"><strong>Enjeux Environnementaux et Pressions d\u2019Urbanisation<\/strong><\/p>\n\n\n\n<p class=\"\">Avec un taux de croissance urbaine sup\u00e9rieur \u00e0 3 % par an, l\u2019urbanisation rapide exerce une forte pression sur les infrastructures, cr\u00e9ant des tensions dans les grandes villes comme Dakar. Par ailleurs, les changements climatiques impactent surtout les r\u00e9gions rurales, affectant un secteur agricole essentiel. Pour y rem\u00e9dier, le gouvernement a mis en place des projets de durabilit\u00e9 afin de renforcer la r\u00e9silience agricole, mais davantage d\u2019investissements sont n\u00e9cessaires pour \u00e9viter les crises futures.<\/p>\n\n\n\n<p class=\"\"><strong>R\u00f4le des Dynamiques Culturelles et Sociales dans la Transition<\/strong><\/p>\n\n\n\n<p class=\"\">Au S\u00e9n\u00e9gal, les confr\u00e9ries religieuses et les valeurs communautaires jouent un r\u00f4le central dans les attitudes sociales, y compris envers les r\u00e9formes politiques. Ces institutions traditionnelles encouragent la r\u00e9silience et l\u2019acceptation des changements. Parall\u00e8lement, une nouvelle g\u00e9n\u00e9ration, plus \u00e9duqu\u00e9e et connect\u00e9e, aspire \u00e0 une modernisation accrue. Cette \u00e9volution pourrait pousser les dirigeants \u00e0 adopter des r\u00e9formes plus transparentes et inclusives.<\/p>\n\n\n\n<hr class=\"wp-block-separator has-alpha-channel-opacity\"\/>\n\n\n\n<p class=\"\"><strong>Perspectives et Anticipations Internationales<\/strong><\/p>\n\n\n\n<p class=\"\">Le S\u00e9n\u00e9gal b\u00e9n\u00e9ficie d\u2019un soutien de partenaires internationaux, comme l&rsquo;Union europ\u00e9enne et la Banque mondiale, mais des inqui\u00e9tudes persistent quant au respect des droits humains et \u00e0 la transparence dans la gestion des ressources. Les observateurs internationaux, y compris les Nations unies, exhortent Dakar \u00e0 renforcer ses m\u00e9canismes de gouvernance pour assurer une distribution \u00e9quitable des ressources et minimiser l&rsquo;impact environnemental.<\/p>\n\n\n\n<p class=\"\"><strong>Citation d\u2019Experts et Institutions Cl\u00e9s<\/strong><\/p>\n\n\n\n<p class=\"\">Selon le Professeur Abdoulaye Diop de l&rsquo;Universit\u00e9 Cheikh Anta Diop, \u00ab le S\u00e9n\u00e9gal doit \u00e9viter une croissance exclusivement extractive et investir massivement dans l\u2019\u00e9ducation et la sant\u00e9. \u00bb Une position partag\u00e9e par la Banque mondiale, qui recommande une diversification \u00e9conomique pour r\u00e9duire le ch\u00f4mage des jeunes.<\/p>\n\n\n\n<hr class=\"wp-block-separator has-alpha-channel-opacity\"\/>\n\n\n\n<p class=\"\"><strong>Analyse et Critiques du R\u00e9gime<\/strong><\/p>\n\n\n\n<p class=\"\">L&rsquo;opposition politique et les militants pointent des insuffisances dans les r\u00e9formes, notamment la r\u00e9partition des richesses issues des industries extractives. Des membres de l\u2019opposition d\u00e9noncent une \u00ab privatisation de la richesse nationale \u00bb et appellent \u00e0 plus de transparence. Leurs revendications font \u00e9cho aux demandes locales d\u2019une redistribution juste des revenus des ressources naturelles.<\/p>\n\n\n\n<hr class=\"wp-block-separator has-alpha-channel-opacity\"\/>\n\n\n\n<p class=\"\"><strong>Conclusion et Appel \u00e0 l\u2019Action<\/strong><\/p>\n\n\n\n<p class=\"\">En conclusion, le S\u00e9n\u00e9gal est \u00e0 un tournant d\u00e9cisif. Pour r\u00e9pondre aux aspirations d\u2019une jeunesse dynamique et aux attentes internationales, le pays doit \u00e9quilibrer modernisation \u00e9conomique et valeurs culturelles. Cet \u00e9quilibre exige une action concert\u00e9e entre les dirigeants politiques, les leaders religieux et les acteurs \u00e9conomiques pour construire un avenir prosp\u00e8re et inclusif. Les choix des prochaines ann\u00e9es d\u00e9termineront si le S\u00e9n\u00e9gal peut devenir un mod\u00e8le de croissance \u00e9quilibr\u00e9e en Afrique de l\u2019Ouest, offrant non seulement prosp\u00e9rit\u00e9 \u00e9conomique, mais aussi justice sociale et environnementale.<\/p>\n\n\n\n<p class=\"\">\u00a9 O Bulamba \/ Africa Daily Report<\/p>\n","protected":false},"excerpt":{"rendered":"<p>R\u00e9sum\u00e9 Cette analyse explore le parcours du S\u00e9n\u00e9gal vers l\u2019\u00e9mergence, face \u00e0 des d\u00e9fis \u00e9conomiques, sociaux et environnementaux. Avec le Plan S\u00e9n\u00e9gal \u00c9mergent (PSE), le pays conna\u00eet une croissance prometteuse, mais il se trouve \u00e0 un carrefour d\u00e9cisif. Comment garantir une croissance durable et inclusive tout en conciliant modernisation et pr\u00e9servation de l\u2019h\u00e9ritage culturel ? [&hellip;]<\/p>\n","protected":false},"author":10,"featured_media":13440,"comment_status":"open","ping_status":"open","sticky":false,"template":"","format":"standard","meta":{"_acf_changed":false,"om_disable_all_campaigns":false,"_monsterinsights_skip_tracking":false,"_monsterinsights_sitenote_active":false,"_monsterinsights_sitenote_note":"","_monsterinsights_sitenote_category":0,"tdm_status":"","tdm_grid_status":"","_jetpack_newsletter_access":"","_jetpack_dont_email_post_to_subs":false,"_jetpack_newsletter_tier_id":0,"_jetpack_memberships_contains_paywalled_content":false,"_jetpack_memberships_contains_paid_content":false,"footnotes":""},"categories":[850],"tags":[1173,302,303,1165,1166,1167,1168,1169,1170,815,1171],"adr_country":[1092],"class_list":{"0":"post-13442","1":"post","2":"type-post","3":"status-publish","4":"format-standard","5":"has-post-thumbnail","7":"category-analyses-et-dossiers-fr","8":"tag-action","9":"tag-adr","10":"tag-africa-daily-report","11":"tag-challenges-fr","12":"tag-cultural-fr","13":"tag-economy-fr","15":"tag-growth-fr","16":"tag-politics-fr","17":"tag-senegal-2-fr","18":"tag-social-fr","19":"adr_country-senegal"},"acf":{"post_version":""},"yoast_head":"<!-- This site is optimized with the Yoast SEO Premium plugin v26.0 (Yoast SEO v27.4) - https:\/\/yoast.com\/product\/yoast-seo-premium-wordpress\/ -->\n<title>S\u00e9n\u00e9gal : Croissance et D\u00e9fis d&#039;\u00c9quilibre - Africa Daily Report<\/title>\n<meta name=\"robots\" content=\"index, follow, max-snippet:-1, max-image-preview:large, max-video-preview:-1\" \/>\n<link rel=\"canonical\" href=\"https:\/\/africadailyreport.com\/fr\/2024\/10\/31\/senegal-at-a-crossroads-growth-balance-and-inclusivity\/\" \/>\n<meta property=\"og:locale\" content=\"fr_FR\" \/>\n<meta property=\"og:type\" content=\"article\" \/>\n<meta property=\"og:title\" content=\"S\u00e9n\u00e9gal : Croissance et D\u00e9fis d&#039;\u00c9quilibre\" \/>\n<meta property=\"og:description\" content=\"R\u00e9sum\u00e9 Cette analyse explore le parcours du S\u00e9n\u00e9gal vers l\u2019\u00e9mergence, face \u00e0 des d\u00e9fis \u00e9conomiques, sociaux et environnementaux. Avec le Plan S\u00e9n\u00e9gal \u00c9mergent (PSE), le pays conna\u00eet une croissance prometteuse, mais il se trouve \u00e0 un carrefour d\u00e9cisif. Comment garantir une croissance durable et inclusive tout en conciliant modernisation et pr\u00e9servation de l\u2019h\u00e9ritage culturel ? [&hellip;]\" \/>\n<meta property=\"og:url\" content=\"https:\/\/africadailyreport.com\/fr\/2024\/10\/31\/senegal-at-a-crossroads-growth-balance-and-inclusivity\/\" \/>\n<meta property=\"og:site_name\" content=\"Africa Daily Report\" \/>\n<meta property=\"article:publisher\" content=\"https:\/\/www.facebook.com\/africadailyreport\" \/>\n<meta property=\"article:published_time\" content=\"2024-10-31T04:22:36+00:00\" \/>\n<meta property=\"article:modified_time\" content=\"2024-10-31T04:28:23+00:00\" \/>\n<meta property=\"og:image\" content=\"https:\/\/africadailyreport.com\/wp-content\/uploads\/2024\/10\/AFP__20240926__36H98BU__v1__HighRes__SenegalGovernmentEconomyPolitics.jpg\" \/>\n\t<meta property=\"og:image:width\" content=\"1860\" \/>\n\t<meta property=\"og:image:height\" content=\"1240\" \/>\n\t<meta property=\"og:image:type\" content=\"image\/jpeg\" \/>\n<meta name=\"author\" content=\"ADR\/AFP\" \/>\n<meta name=\"twitter:card\" content=\"summary_large_image\" \/>\n<meta name=\"twitter:creator\" content=\"@adr_africa\" \/>\n<meta name=\"twitter:site\" content=\"@adr_africa\" \/>\n<meta name=\"twitter:label1\" content=\"\u00c9crit par\" \/>\n\t<meta name=\"twitter:data1\" content=\"ADR\/AFP\" \/>\n\t<meta name=\"twitter:label2\" content=\"Dur\u00e9e de lecture estim\u00e9e\" \/>\n\t<meta name=\"twitter:data2\" content=\"4 minutes\" \/>\n<script type=\"application\/ld+json\" class=\"yoast-schema-graph\">{\"@context\":\"https:\\\/\\\/schema.org\",\"@graph\":[{\"@type\":\"Article\",\"@id\":\"https:\\\/\\\/africadailyreport.com\\\/fr\\\/2024\\\/10\\\/31\\\/senegal-at-a-crossroads-growth-balance-and-inclusivity\\\/#article\",\"isPartOf\":{\"@id\":\"https:\\\/\\\/africadailyreport.com\\\/fr\\\/2024\\\/10\\\/31\\\/senegal-at-a-crossroads-growth-balance-and-inclusivity\\\/\"},\"author\":{\"name\":\"ADR\\\/AFP\",\"@id\":\"https:\\\/\\\/africadailyreport.com\\\/fr\\\/#\\\/schema\\\/person\\\/c44d86d79f5570b3ba4cf70c989843f8\"},\"headline\":\"S\u00e9n\u00e9gal : Croissance et D\u00e9fis d&rsquo;\u00c9quilibre\",\"datePublished\":\"2024-10-31T04:22:36+00:00\",\"dateModified\":\"2024-10-31T04:28:23+00:00\",\"mainEntityOfPage\":{\"@id\":\"https:\\\/\\\/africadailyreport.com\\\/fr\\\/2024\\\/10\\\/31\\\/senegal-at-a-crossroads-growth-balance-and-inclusivity\\\/\"},\"wordCount\":852,\"commentCount\":0,\"publisher\":{\"@id\":\"https:\\\/\\\/africadailyreport.com\\\/fr\\\/#organization\"},\"image\":{\"@id\":\"https:\\\/\\\/africadailyreport.com\\\/fr\\\/2024\\\/10\\\/31\\\/senegal-at-a-crossroads-growth-balance-and-inclusivity\\\/#primaryimage\"},\"thumbnailUrl\":\"https:\\\/\\\/i0.wp.com\\\/africadailyreport.com\\\/wp-content\\\/uploads\\\/2024\\\/10\\\/AFP__20240926__36H98BU__v1__HighRes__SenegalGovernmentEconomyPolitics.jpg?fit=1860%2C1240&ssl=1\",\"keywords\":[\"action\",\"adr\",\"africa daily report\",\"challenges\",\"cultural\",\"economy\",\"Government\",\"growth\",\"Politics\",\"Senegal\",\"social\"],\"articleSection\":[\"ANALYSES ET DOSSIERS\"],\"inLanguage\":\"fr-FR\",\"potentialAction\":[{\"@type\":\"CommentAction\",\"name\":\"Comment\",\"target\":[\"https:\\\/\\\/africadailyreport.com\\\/fr\\\/2024\\\/10\\\/31\\\/senegal-at-a-crossroads-growth-balance-and-inclusivity\\\/#respond\"]}],\"copyrightYear\":\"2024\",\"copyrightHolder\":{\"@id\":\"https:\\\/\\\/africadailyreport.com\\\/#organization\"}},{\"@type\":\"WebPage\",\"@id\":\"https:\\\/\\\/africadailyreport.com\\\/fr\\\/2024\\\/10\\\/31\\\/senegal-at-a-crossroads-growth-balance-and-inclusivity\\\/\",\"url\":\"https:\\\/\\\/africadailyreport.com\\\/fr\\\/2024\\\/10\\\/31\\\/senegal-at-a-crossroads-growth-balance-and-inclusivity\\\/\",\"name\":\"S\u00e9n\u00e9gal : Croissance et D\u00e9fis d'\u00c9quilibre - Africa Daily Report\",\"isPartOf\":{\"@id\":\"https:\\\/\\\/africadailyreport.com\\\/fr\\\/#website\"},\"primaryImageOfPage\":{\"@id\":\"https:\\\/\\\/africadailyreport.com\\\/fr\\\/2024\\\/10\\\/31\\\/senegal-at-a-crossroads-growth-balance-and-inclusivity\\\/#primaryimage\"},\"image\":{\"@id\":\"https:\\\/\\\/africadailyreport.com\\\/fr\\\/2024\\\/10\\\/31\\\/senegal-at-a-crossroads-growth-balance-and-inclusivity\\\/#primaryimage\"},\"thumbnailUrl\":\"https:\\\/\\\/i0.wp.com\\\/africadailyreport.com\\\/wp-content\\\/uploads\\\/2024\\\/10\\\/AFP__20240926__36H98BU__v1__HighRes__SenegalGovernmentEconomyPolitics.jpg?fit=1860%2C1240&ssl=1\",\"datePublished\":\"2024-10-31T04:22:36+00:00\",\"dateModified\":\"2024-10-31T04:28:23+00:00\",\"breadcrumb\":{\"@id\":\"https:\\\/\\\/africadailyreport.com\\\/fr\\\/2024\\\/10\\\/31\\\/senegal-at-a-crossroads-growth-balance-and-inclusivity\\\/#breadcrumb\"},\"inLanguage\":\"fr-FR\",\"potentialAction\":[{\"@type\":\"ReadAction\",\"target\":[\"https:\\\/\\\/africadailyreport.com\\\/fr\\\/2024\\\/10\\\/31\\\/senegal-at-a-crossroads-growth-balance-and-inclusivity\\\/\"]}]},{\"@type\":\"ImageObject\",\"inLanguage\":\"fr-FR\",\"@id\":\"https:\\\/\\\/africadailyreport.com\\\/fr\\\/2024\\\/10\\\/31\\\/senegal-at-a-crossroads-growth-balance-and-inclusivity\\\/#primaryimage\",\"url\":\"https:\\\/\\\/i0.wp.com\\\/africadailyreport.com\\\/wp-content\\\/uploads\\\/2024\\\/10\\\/AFP__20240926__36H98BU__v1__HighRes__SenegalGovernmentEconomyPolitics.jpg?fit=1860%2C1240&ssl=1\",\"contentUrl\":\"https:\\\/\\\/i0.wp.com\\\/africadailyreport.com\\\/wp-content\\\/uploads\\\/2024\\\/10\\\/AFP__20240926__36H98BU__v1__HighRes__SenegalGovernmentEconomyPolitics.jpg?fit=1860%2C1240&ssl=1\",\"width\":1860,\"height\":1240,\"caption\":\"Senegal's Prime Minister Ousmane Sonko speaks during a press conference to present the governments economic action plan, in Dakar, on September 26, 2024. (Photo by SEYLLOU \\\/ AFP)\"},{\"@type\":\"BreadcrumbList\",\"@id\":\"https:\\\/\\\/africadailyreport.com\\\/fr\\\/2024\\\/10\\\/31\\\/senegal-at-a-crossroads-growth-balance-and-inclusivity\\\/#breadcrumb\",\"itemListElement\":[{\"@type\":\"ListItem\",\"position\":1,\"name\":\"Home\",\"item\":\"https:\\\/\\\/africadailyreport.com\\\/fr\\\/\"},{\"@type\":\"ListItem\",\"position\":2,\"name\":\"S\u00e9n\u00e9gal : Croissance et D\u00e9fis d&#8217;\u00c9quilibre\"}]},{\"@type\":\"WebSite\",\"@id\":\"https:\\\/\\\/africadailyreport.com\\\/fr\\\/#website\",\"url\":\"https:\\\/\\\/africadailyreport.com\\\/fr\\\/\",\"name\":\"Africa Daily Report\",\"description\":\"\",\"publisher\":{\"@id\":\"https:\\\/\\\/africadailyreport.com\\\/fr\\\/#organization\"},\"potentialAction\":[{\"@type\":\"SearchAction\",\"target\":{\"@type\":\"EntryPoint\",\"urlTemplate\":\"https:\\\/\\\/africadailyreport.com\\\/fr\\\/?s={search_term_string}\"},\"query-input\":{\"@type\":\"PropertyValueSpecification\",\"valueRequired\":true,\"valueName\":\"search_term_string\"}}],\"inLanguage\":\"fr-FR\"},{\"@type\":\"Organization\",\"@id\":\"https:\\\/\\\/africadailyreport.com\\\/fr\\\/#organization\",\"name\":\"Africa Daily Report\",\"url\":\"https:\\\/\\\/africadailyreport.com\\\/fr\\\/\",\"logo\":{\"@type\":\"ImageObject\",\"inLanguage\":\"fr-FR\",\"@id\":\"https:\\\/\\\/africadailyreport.com\\\/fr\\\/#\\\/schema\\\/logo\\\/image\\\/\",\"url\":\"https:\\\/\\\/africadailyreport.com\\\/wp-content\\\/uploads\\\/2024\\\/09\\\/ADR-Transparent-Green-Logo-1.png\",\"contentUrl\":\"https:\\\/\\\/africadailyreport.com\\\/wp-content\\\/uploads\\\/2024\\\/09\\\/ADR-Transparent-Green-Logo-1.png\",\"width\":267,\"height\":185,\"caption\":\"Africa Daily Report\"},\"image\":{\"@id\":\"https:\\\/\\\/africadailyreport.com\\\/fr\\\/#\\\/schema\\\/logo\\\/image\\\/\"},\"sameAs\":[\"https:\\\/\\\/www.facebook.com\\\/africadailyreport\",\"https:\\\/\\\/x.com\\\/adr_africa\",\"https:\\\/\\\/www.youtube.com\\\/@africadailyreport\",\"https:\\\/\\\/instagram.com\\\/africadailyreport\"]},{\"@type\":\"Person\",\"@id\":\"https:\\\/\\\/africadailyreport.com\\\/fr\\\/#\\\/schema\\\/person\\\/c44d86d79f5570b3ba4cf70c989843f8\",\"name\":\"ADR\\\/AFP\",\"image\":{\"@type\":\"ImageObject\",\"inLanguage\":\"fr-FR\",\"@id\":\"https:\\\/\\\/secure.gravatar.com\\\/avatar\\\/2fbdc3782aa386b408fd9a36f0bc78ee569c94a7a05670cab3a1d72916408214?s=96&d=mm&r=g\",\"url\":\"https:\\\/\\\/secure.gravatar.com\\\/avatar\\\/2fbdc3782aa386b408fd9a36f0bc78ee569c94a7a05670cab3a1d72916408214?s=96&d=mm&r=g\",\"contentUrl\":\"https:\\\/\\\/secure.gravatar.com\\\/avatar\\\/2fbdc3782aa386b408fd9a36f0bc78ee569c94a7a05670cab3a1d72916408214?s=96&d=mm&r=g\",\"caption\":\"ADR\\\/AFP\"},\"sameAs\":[\"http:\\\/\\\/africadailyreport.com\"],\"url\":\"https:\\\/\\\/africadailyreport.com\\\/fr\\\/author\\\/both\\\/\"}]}<\/script>\n<!-- \/ Yoast SEO Premium plugin. -->","yoast_head_json":{"title":"S\u00e9n\u00e9gal : Croissance et D\u00e9fis d'\u00c9quilibre - Africa Daily Report","robots":{"index":"index","follow":"follow","max-snippet":"max-snippet:-1","max-image-preview":"max-image-preview:large","max-video-preview":"max-video-preview:-1"},"canonical":"https:\/\/africadailyreport.com\/fr\/2024\/10\/31\/senegal-at-a-crossroads-growth-balance-and-inclusivity\/","og_locale":"fr_FR","og_type":"article","og_title":"S\u00e9n\u00e9gal : Croissance et D\u00e9fis d'\u00c9quilibre","og_description":"R\u00e9sum\u00e9 Cette analyse explore le parcours du S\u00e9n\u00e9gal vers l\u2019\u00e9mergence, face \u00e0 des d\u00e9fis \u00e9conomiques, sociaux et environnementaux. Avec le Plan S\u00e9n\u00e9gal \u00c9mergent (PSE), le pays conna\u00eet une croissance prometteuse, mais il se trouve \u00e0 un carrefour d\u00e9cisif. Comment garantir une croissance durable et inclusive tout en conciliant modernisation et pr\u00e9servation de l\u2019h\u00e9ritage culturel ? [&hellip;]","og_url":"https:\/\/africadailyreport.com\/fr\/2024\/10\/31\/senegal-at-a-crossroads-growth-balance-and-inclusivity\/","og_site_name":"Africa Daily Report","article_publisher":"https:\/\/www.facebook.com\/africadailyreport","article_published_time":"2024-10-31T04:22:36+00:00","article_modified_time":"2024-10-31T04:28:23+00:00","og_image":[{"width":1860,"height":1240,"url":"https:\/\/africadailyreport.com\/wp-content\/uploads\/2024\/10\/AFP__20240926__36H98BU__v1__HighRes__SenegalGovernmentEconomyPolitics.jpg","type":"image\/jpeg"}],"author":"ADR\/AFP","twitter_card":"summary_large_image","twitter_creator":"@adr_africa","twitter_site":"@adr_africa","twitter_misc":{"\u00c9crit par":"ADR\/AFP","Dur\u00e9e de lecture estim\u00e9e":"4 minutes"},"schema":{"@context":"https:\/\/schema.org","@graph":[{"@type":"Article","@id":"https:\/\/africadailyreport.com\/fr\/2024\/10\/31\/senegal-at-a-crossroads-growth-balance-and-inclusivity\/#article","isPartOf":{"@id":"https:\/\/africadailyreport.com\/fr\/2024\/10\/31\/senegal-at-a-crossroads-growth-balance-and-inclusivity\/"},"author":{"name":"ADR\/AFP","@id":"https:\/\/africadailyreport.com\/fr\/#\/schema\/person\/c44d86d79f5570b3ba4cf70c989843f8"},"headline":"S\u00e9n\u00e9gal : Croissance et D\u00e9fis d&rsquo;\u00c9quilibre","datePublished":"2024-10-31T04:22:36+00:00","dateModified":"2024-10-31T04:28:23+00:00","mainEntityOfPage":{"@id":"https:\/\/africadailyreport.com\/fr\/2024\/10\/31\/senegal-at-a-crossroads-growth-balance-and-inclusivity\/"},"wordCount":852,"commentCount":0,"publisher":{"@id":"https:\/\/africadailyreport.com\/fr\/#organization"},"image":{"@id":"https:\/\/africadailyreport.com\/fr\/2024\/10\/31\/senegal-at-a-crossroads-growth-balance-and-inclusivity\/#primaryimage"},"thumbnailUrl":"https:\/\/i0.wp.com\/africadailyreport.com\/wp-content\/uploads\/2024\/10\/AFP__20240926__36H98BU__v1__HighRes__SenegalGovernmentEconomyPolitics.jpg?fit=1860%2C1240&ssl=1","keywords":["action","adr","africa daily report","challenges","cultural","economy","Government","growth","Politics","Senegal","social"],"articleSection":["ANALYSES ET DOSSIERS"],"inLanguage":"fr-FR","potentialAction":[{"@type":"CommentAction","name":"Comment","target":["https:\/\/africadailyreport.com\/fr\/2024\/10\/31\/senegal-at-a-crossroads-growth-balance-and-inclusivity\/#respond"]}],"copyrightYear":"2024","copyrightHolder":{"@id":"https:\/\/africadailyreport.com\/#organization"}},{"@type":"WebPage","@id":"https:\/\/africadailyreport.com\/fr\/2024\/10\/31\/senegal-at-a-crossroads-growth-balance-and-inclusivity\/","url":"https:\/\/africadailyreport.com\/fr\/2024\/10\/31\/senegal-at-a-crossroads-growth-balance-and-inclusivity\/","name":"S\u00e9n\u00e9gal : Croissance et D\u00e9fis d'\u00c9quilibre - Africa Daily Report","isPartOf":{"@id":"https:\/\/africadailyreport.com\/fr\/#website"},"primaryImageOfPage":{"@id":"https:\/\/africadailyreport.com\/fr\/2024\/10\/31\/senegal-at-a-crossroads-growth-balance-and-inclusivity\/#primaryimage"},"image":{"@id":"https:\/\/africadailyreport.com\/fr\/2024\/10\/31\/senegal-at-a-crossroads-growth-balance-and-inclusivity\/#primaryimage"},"thumbnailUrl":"https:\/\/i0.wp.com\/africadailyreport.com\/wp-content\/uploads\/2024\/10\/AFP__20240926__36H98BU__v1__HighRes__SenegalGovernmentEconomyPolitics.jpg?fit=1860%2C1240&ssl=1","datePublished":"2024-10-31T04:22:36+00:00","dateModified":"2024-10-31T04:28:23+00:00","breadcrumb":{"@id":"https:\/\/africadailyreport.com\/fr\/2024\/10\/31\/senegal-at-a-crossroads-growth-balance-and-inclusivity\/#breadcrumb"},"inLanguage":"fr-FR","potentialAction":[{"@type":"ReadAction","target":["https:\/\/africadailyreport.com\/fr\/2024\/10\/31\/senegal-at-a-crossroads-growth-balance-and-inclusivity\/"]}]},{"@type":"ImageObject","inLanguage":"fr-FR","@id":"https:\/\/africadailyreport.com\/fr\/2024\/10\/31\/senegal-at-a-crossroads-growth-balance-and-inclusivity\/#primaryimage","url":"https:\/\/i0.wp.com\/africadailyreport.com\/wp-content\/uploads\/2024\/10\/AFP__20240926__36H98BU__v1__HighRes__SenegalGovernmentEconomyPolitics.jpg?fit=1860%2C1240&ssl=1","contentUrl":"https:\/\/i0.wp.com\/africadailyreport.com\/wp-content\/uploads\/2024\/10\/AFP__20240926__36H98BU__v1__HighRes__SenegalGovernmentEconomyPolitics.jpg?fit=1860%2C1240&ssl=1","width":1860,"height":1240,"caption":"Senegal's Prime Minister Ousmane Sonko speaks during a press conference to present the governments economic action plan, in Dakar, on September 26, 2024. (Photo by SEYLLOU \/ AFP)"},{"@type":"BreadcrumbList","@id":"https:\/\/africadailyreport.com\/fr\/2024\/10\/31\/senegal-at-a-crossroads-growth-balance-and-inclusivity\/#breadcrumb","itemListElement":[{"@type":"ListItem","position":1,"name":"Home","item":"https:\/\/africadailyreport.com\/fr\/"},{"@type":"ListItem","position":2,"name":"S\u00e9n\u00e9gal : Croissance et D\u00e9fis d&#8217;\u00c9quilibre"}]},{"@type":"WebSite","@id":"https:\/\/africadailyreport.com\/fr\/#website","url":"https:\/\/africadailyreport.com\/fr\/","name":"Africa Daily Report","description":"","publisher":{"@id":"https:\/\/africadailyreport.com\/fr\/#organization"},"potentialAction":[{"@type":"SearchAction","target":{"@type":"EntryPoint","urlTemplate":"https:\/\/africadailyreport.com\/fr\/?s={search_term_string}"},"query-input":{"@type":"PropertyValueSpecification","valueRequired":true,"valueName":"search_term_string"}}],"inLanguage":"fr-FR"},{"@type":"Organization","@id":"https:\/\/africadailyreport.com\/fr\/#organization","name":"Africa Daily Report","url":"https:\/\/africadailyreport.com\/fr\/","logo":{"@type":"ImageObject","inLanguage":"fr-FR","@id":"https:\/\/africadailyreport.com\/fr\/#\/schema\/logo\/image\/","url":"https:\/\/africadailyreport.com\/wp-content\/uploads\/2024\/09\/ADR-Transparent-Green-Logo-1.png","contentUrl":"https:\/\/africadailyreport.com\/wp-content\/uploads\/2024\/09\/ADR-Transparent-Green-Logo-1.png","width":267,"height":185,"caption":"Africa Daily Report"},"image":{"@id":"https:\/\/africadailyreport.com\/fr\/#\/schema\/logo\/image\/"},"sameAs":["https:\/\/www.facebook.com\/africadailyreport","https:\/\/x.com\/adr_africa","https:\/\/www.youtube.com\/@africadailyreport","https:\/\/instagram.com\/africadailyreport"]},{"@type":"Person","@id":"https:\/\/africadailyreport.com\/fr\/#\/schema\/person\/c44d86d79f5570b3ba4cf70c989843f8","name":"ADR\/AFP","image":{"@type":"ImageObject","inLanguage":"fr-FR","@id":"https:\/\/secure.gravatar.com\/avatar\/2fbdc3782aa386b408fd9a36f0bc78ee569c94a7a05670cab3a1d72916408214?s=96&d=mm&r=g","url":"https:\/\/secure.gravatar.com\/avatar\/2fbdc3782aa386b408fd9a36f0bc78ee569c94a7a05670cab3a1d72916408214?s=96&d=mm&r=g","contentUrl":"https:\/\/secure.gravatar.com\/avatar\/2fbdc3782aa386b408fd9a36f0bc78ee569c94a7a05670cab3a1d72916408214?s=96&d=mm&r=g","caption":"ADR\/AFP"},"sameAs":["http:\/\/africadailyreport.com"],"url":"https:\/\/africadailyreport.com\/fr\/author\/both\/"}]}},"jetpack_featured_media_url":"https:\/\/i0.wp.com\/africadailyreport.com\/wp-content\/uploads\/2024\/10\/AFP__20240926__36H98BU__v1__HighRes__SenegalGovernmentEconomyPolitics.jpg?fit=1860%2C1240&ssl=1","jetpack_sharing_enabled":true,"amp_enabled":true,"_links":{"self":[{"href":"https:\/\/africadailyreport.com\/fr\/wp-json\/wp\/v2\/posts\/13442","targetHints":{"allow":["GET"]}}],"collection":[{"href":"https:\/\/africadailyreport.com\/fr\/wp-json\/wp\/v2\/posts"}],"about":[{"href":"https:\/\/africadailyreport.com\/fr\/wp-json\/wp\/v2\/types\/post"}],"author":[{"embeddable":true,"href":"https:\/\/africadailyreport.com\/fr\/wp-json\/wp\/v2\/users\/10"}],"replies":[{"embeddable":true,"href":"https:\/\/africadailyreport.com\/fr\/wp-json\/wp\/v2\/comments?post=13442"}],"version-history":[{"count":4,"href":"https:\/\/africadailyreport.com\/fr\/wp-json\/wp\/v2\/posts\/13442\/revisions"}],"predecessor-version":[{"id":13446,"href":"https:\/\/africadailyreport.com\/fr\/wp-json\/wp\/v2\/posts\/13442\/revisions\/13446"}],"wp:featuredmedia":[{"embeddable":true,"href":"https:\/\/africadailyreport.com\/fr\/wp-json\/wp\/v2\/media\/13440"}],"wp:attachment":[{"href":"https:\/\/africadailyreport.com\/fr\/wp-json\/wp\/v2\/media?parent=13442"}],"wp:term":[{"taxonomy":"category","embeddable":true,"href":"https:\/\/africadailyreport.com\/fr\/wp-json\/wp\/v2\/categories?post=13442"},{"taxonomy":"post_tag","embeddable":true,"href":"https:\/\/africadailyreport.com\/fr\/wp-json\/wp\/v2\/tags?post=13442"},{"taxonomy":"adr_country","embeddable":true,"href":"https:\/\/africadailyreport.com\/fr\/wp-json\/wp\/v2\/adr_country?post=13442"}],"curies":[{"name":"wp","href":"https:\/\/api.w.org\/{rel}","templated":true}]}}