{"id":13359,"date":"2024-10-30T05:11:28","date_gmt":"2024-10-30T05:11:28","guid":{"rendered":"https:\/\/africadailyreport.com\/2024\/10\/30\/redefining-alliances-france-recognizes-moroccan-sovereignty\/"},"modified":"2024-10-30T05:31:01","modified_gmt":"2024-10-30T05:31:01","slug":"redefining-alliances-france-recognizes-moroccan-sovereignty","status":"publish","type":"post","link":"https:\/\/africadailyreport.com\/fr\/2024\/10\/30\/redefining-alliances-france-recognizes-moroccan-sovereignty\/","title":{"rendered":"Red\u00e9finition des Alliances : La France Reconna\u00eet la Souverainet\u00e9 Marocaine"},"content":{"rendered":"\n<h3 class=\"wp-block-heading\"><\/h3>\n\n\n\n<figure class=\"wp-block-image size-large\"><img data-recalc-dims=\"1\" loading=\"lazy\" decoding=\"async\" width=\"696\" height=\"464\" src=\"https:\/\/i0.wp.com\/africadailyreport.com\/wp-content\/uploads\/2024\/10\/AFP__20180528__15F2EN__v1__HighRes__FranceAngolaDiplomacy.jpg?resize=696%2C464&#038;ssl=1\" alt=\"\" class=\"wp-image-13356\" srcset=\"https:\/\/i0.wp.com\/africadailyreport.com\/wp-content\/uploads\/2024\/10\/AFP__20180528__15F2EN__v1__HighRes__FranceAngolaDiplomacy-scaled.jpg?resize=1024%2C683&amp;ssl=1 1024w, https:\/\/i0.wp.com\/africadailyreport.com\/wp-content\/uploads\/2024\/10\/AFP__20180528__15F2EN__v1__HighRes__FranceAngolaDiplomacy-scaled.jpg?resize=300%2C200&amp;ssl=1 300w, https:\/\/i0.wp.com\/africadailyreport.com\/wp-content\/uploads\/2024\/10\/AFP__20180528__15F2EN__v1__HighRes__FranceAngolaDiplomacy-scaled.jpg?resize=768%2C512&amp;ssl=1 768w, https:\/\/i0.wp.com\/africadailyreport.com\/wp-content\/uploads\/2024\/10\/AFP__20180528__15F2EN__v1__HighRes__FranceAngolaDiplomacy-scaled.jpg?resize=1536%2C1024&amp;ssl=1 1536w, https:\/\/i0.wp.com\/africadailyreport.com\/wp-content\/uploads\/2024\/10\/AFP__20180528__15F2EN__v1__HighRes__FranceAngolaDiplomacy-scaled.jpg?resize=2048%2C1365&amp;ssl=1 2048w, https:\/\/i0.wp.com\/africadailyreport.com\/wp-content\/uploads\/2024\/10\/AFP__20180528__15F2EN__v1__HighRes__FranceAngolaDiplomacy-scaled.jpg?resize=630%2C420&amp;ssl=1 630w, https:\/\/i0.wp.com\/africadailyreport.com\/wp-content\/uploads\/2024\/10\/AFP__20180528__15F2EN__v1__HighRes__FranceAngolaDiplomacy-scaled.jpg?resize=150%2C100&amp;ssl=1 150w, https:\/\/i0.wp.com\/africadailyreport.com\/wp-content\/uploads\/2024\/10\/AFP__20180528__15F2EN__v1__HighRes__FranceAngolaDiplomacy-scaled.jpg?resize=696%2C464&amp;ssl=1 696w, https:\/\/i0.wp.com\/africadailyreport.com\/wp-content\/uploads\/2024\/10\/AFP__20180528__15F2EN__v1__HighRes__FranceAngolaDiplomacy-scaled.jpg?resize=1068%2C712&amp;ssl=1 1068w, https:\/\/i0.wp.com\/africadailyreport.com\/wp-content\/uploads\/2024\/10\/AFP__20180528__15F2EN__v1__HighRes__FranceAngolaDiplomacy-scaled.jpg?resize=1920%2C1280&amp;ssl=1 1920w, https:\/\/i0.wp.com\/africadailyreport.com\/wp-content\/uploads\/2024\/10\/AFP__20180528__15F2EN__v1__HighRes__FranceAngolaDiplomacy-scaled.jpg?w=1392&amp;ssl=1 1392w\" sizes=\"auto, (max-width: 696px) 100vw, 696px\" \/><figcaption class=\"wp-element-caption\">French President Emmanuel Macron (R) shakes hand with Angola president Joao Lourenco as he leaves after a lunch at the Elysee presidential palace on May 28, 2018 in Paris. (Photo by ludovic MARIN \/ AFP)<\/figcaption><\/figure>\n\n\n\n<p class=\"\"><strong>R\u00e9sum\u00e9 :<\/strong> <em>En octobre 2024, Emmanuel Macron a fait un pas historique en reconnaissant officiellement la souverainet\u00e9 du Maroc sur le Sahara. Cette d\u00e9cision marque un tournant dans les relations franco-marocaines et redessine potentiellement le paysage g\u00e9opolitique du Maghreb. Au-del\u00e0 de l\u2019impact sur la France et le Maroc, cette prise de position pourrait red\u00e9finir la strat\u00e9gie de l\u2019Union europ\u00e9enne au Maghreb, suscitant des r\u00e9actions vari\u00e9es de la part d\u2019alli\u00e9s comme d\u2019adversaires. \u00c0 travers une analyse approfondie des dimensions \u00e9conomiques, politiques et g\u00e9opolitiques de cette d\u00e9cision, cet article explore les implications d\u2019un tel repositionnement pour la France, le Maghreb, et l\u2019ensemble du continent europ\u00e9en.<\/em><\/p>\n\n\n\n<hr class=\"wp-block-separator has-alpha-channel-opacity\"\/>\n\n\n\n<p class=\"\"><strong>Introduction<\/strong><br>La reconnaissance officielle par la France de la souverainet\u00e9 marocaine sur le Sahara constitue un geste diplomatique de grande port\u00e9e et, pour certains, un pari audacieux. En prenant cette position, le pr\u00e9sident Emmanuel Macron rompt avec une tradition diplomatique fran\u00e7aise marqu\u00e9e par la prudence et l\u2019\u00e9quilibre entre les voisins rivaux du Maghreb, le Maroc et l\u2019Alg\u00e9rie. Cette reconnaissance n\u2019est pas seulement un signal fort de soutien \u00e0 Rabat, mais elle marque aussi un repositionnement strat\u00e9gique en Afrique du Nord. La question qui \u00e9merge est simple mais cruciale : en s\u2019alignant sur la position du Maroc, la France pose-t-elle les bases d\u2019une politique europ\u00e9enne unifi\u00e9e au Maghreb, ou prend-elle le risque d\u2019exacerber les tensions r\u00e9gionales ? Alors que le continent africain gagne en importance g\u00e9opolitique et \u00e9conomique, cette d\u00e9cision pourrait influencer non seulement les relations franco-marocaines, mais aussi l\u2019approche de l\u2019Europe vis-\u00e0-vis du Maghreb.<\/p>\n\n\n\n<p class=\"\"><strong>I. Fondements \u00c9conomiques et Int\u00e9r\u00eats Strat\u00e9giques de la France dans le Soutien au Maroc<\/strong><br>Le soutien fran\u00e7ais au plan d\u2019autonomie marocain dans le Sahara repose sur des bases \u00e9conomiques et strat\u00e9giques solides. Depuis plusieurs ann\u00e9es, le Maroc s\u2019affirme comme un leader africain dans le secteur des \u00e9nergies renouvelables, notamment dans le solaire et l\u2019hydrog\u00e8ne vert. Ces avanc\u00e9es en font un partenaire crucial pour l\u2019Europe, qui cherche \u00e0 diversifier ses sources d\u2019\u00e9nergie et \u00e0 r\u00e9duire sa d\u00e9pendance vis-\u00e0-vis des \u00e9nergies fossiles. Le Sahara marocain, riche en ressources naturelles et en potentiel de d\u00e9veloppement, repr\u00e9sente une opportunit\u00e9 pour la France d\u2019assurer des investissements durables dans des secteurs porteurs.<\/p>\n\n\n\n<p class=\"\">Selon un rapport de l\u2019Institut Fran\u00e7ais des Relations Internationales (IFRI), le Maroc est d\u00e9sormais consid\u00e9r\u00e9 comme \u00ab\u00a0un pilier essentiel pour la strat\u00e9gie \u00e9conomique de la France en Afrique\u00a0\u00bb. Les provinces du sud marocain attirent des projets d\u2019infrastructure, notamment dans le domaine ferroviaire, et des investissements dans des industries cl\u00e9s comme l\u2019automobile et l\u2019agriculture. En s\u2019alignant avec le Maroc sur la question du Sahara, la France cherche \u00e0 se positionner avantageusement dans cette r\u00e9gion, assurant ainsi \u00e0 ses entreprises un acc\u00e8s privil\u00e9gi\u00e9 aux march\u00e9s et projets marocains.<\/p>\n\n\n\n<p class=\"\">Les entreprises fran\u00e7aises, en particulier dans les secteurs de l\u2019\u00e9nergie et de l\u2019infrastructure, voient dans cette alliance un levier pour renforcer leur pr\u00e9sence dans une r\u00e9gion en plein essor \u00e9conomique. La participation de la France \u00e0 des projets d\u2019hydrog\u00e8ne vert et \u00e0 des infrastructures renouvelables pourrait, \u00e0 terme, garantir \u00e0 Paris une position d\u2019influence dans le Maghreb, au moment o\u00f9 l\u2019Europe cherche des alternatives aux \u00e9nergies fossiles. Ce partenariat est donc \u00e0 la fois un acte politique fort et une strat\u00e9gie \u00e9conomique de long terme visant \u00e0 s\u00e9curiser des ressources pr\u00e9cieuses dans le contexte de la transition \u00e9cologique.<\/p>\n\n\n\n<p class=\"\"><strong>II. R\u00e9percussions G\u00e9opolitiques et R\u00e9actions de l\u2019Alg\u00e9rie<\/strong><br>L\u2019alignement de la France avec la position marocaine a suscit\u00e9 une vive r\u00e9action de l\u2019Alg\u00e9rie, rival historique du Maroc et partenaire cl\u00e9 en mati\u00e8re d\u2019\u00e9nergie pour l\u2019Europe. Ce changement de position rompt avec une approche fran\u00e7aise qui, jusque-l\u00e0, cherchait \u00e0 maintenir une sorte de neutralit\u00e9 entre les deux puissances du Maghreb. En effet, la France, en tant qu\u2019ancienne puissance coloniale dans la r\u00e9gion, a toujours eu un r\u00f4le d\u2019\u00e9quilibriste entre le Maroc et l\u2019Alg\u00e9rie, \u00e9vitant toute prise de position susceptible de rompre cet \u00e9quilibre fragile.<\/p>\n\n\n\n<p class=\"\">Pour l\u2019Alg\u00e9rie, cette reconnaissance de la souverainet\u00e9 marocaine sur le Sahara est per\u00e7ue comme une atteinte \u00e0 ses int\u00e9r\u00eats strat\u00e9giques et \u00e0 sa propre influence dans la r\u00e9gion. En r\u00e9ponse, Alger pourrait renforcer ses liens avec des puissances rivales de l\u2019Occident, telles que la Russie et la Chine, qui, toutes deux, voient dans le Maghreb une opportunit\u00e9 d\u2019\u00e9tendre leur influence. Cette alliance pourrait transformer le Maghreb en un th\u00e9\u00e2tre de rivalit\u00e9s o\u00f9 la France et l\u2019Europe auraient moins de marge de man\u0153uvre. \u00c0 long terme, cette tension pourrait exacerber les fractures au sein de l\u2019Union europ\u00e9enne, o\u00f9 certains pays, comme l\u2019Italie et la Gr\u00e8ce, cherchent \u00e0 maintenir des relations \u00e9quilibr\u00e9es avec l\u2019Alg\u00e9rie.<\/p>\n\n\n\n<p class=\"\"><strong>III. L\u2019Impact de la Reconnaissance Fran\u00e7aise sur l\u2019Union Europ\u00e9enne<\/strong><br>En choisissant de soutenir le plan d\u2019autonomie marocain, la France aligne sa position sur celle des \u00c9tats-Unis, qui ont officiellement reconnu la souverainet\u00e9 marocaine sur le Sahara en 2020. Cette prise de position, d\u00e9j\u00e0 suivie par l\u2019Espagne et, dans une moindre mesure, par l\u2019Allemagne, met en lumi\u00e8re les divisions au sein de l\u2019Union europ\u00e9enne. Bien que certains pays, comme l\u2019Espagne et l\u2019Allemagne, aient progressivement adopt\u00e9 une position favorable \u00e0 la solution marocaine, d\u2019autres, tels que la Su\u00e8de ou l\u2019Irlande, pr\u00e9f\u00e8rent maintenir une posture de neutralit\u00e9 afin de ne pas envenimer leurs relations avec l\u2019Alg\u00e9rie.<\/p>\n\n\n\n<p class=\"\">Cette division au sein de l\u2019Union europ\u00e9enne refl\u00e8te la complexit\u00e9 des relations maghr\u00e9bines et la difficult\u00e9 d\u2019adopter une politique commune. Dans un contexte o\u00f9 les d\u00e9fis s\u00e9curitaires et migratoires se multiplient, notamment dans le Sahel, l\u2019absence d\u2019une position unifi\u00e9e pourrait affaiblir la capacit\u00e9 de l\u2019Europe \u00e0 intervenir de mani\u00e8re coh\u00e9rente dans la r\u00e9gion. Les partisans d\u2019une politique maghr\u00e9bine unifi\u00e9e soulignent que le Maroc, en tant que pays stable et engag\u00e9 dans la transition \u00e9nerg\u00e9tique, repr\u00e9sente un partenaire strat\u00e9gique pour l\u2019Europe dans la lutte contre les menaces transfrontali\u00e8res. Le renforcement de la coop\u00e9ration euro-marocaine pourrait \u00e9galement faciliter la mise en place de politiques communes en mati\u00e8re de migration et de s\u00e9curit\u00e9, essentielles pour une gestion efficace des flux migratoires en provenance d\u2019Afrique.<\/p>\n\n\n\n<p class=\"\"><strong>IV. Le Maroc en tant que Pilier de S\u00e9curit\u00e9 et de D\u00e9veloppement Durable pour la France et l\u2019Europe<\/strong><br>Le soutien fran\u00e7ais au Maroc ne se limite pas au domaine politique ; il s\u2019\u00e9tend \u00e9galement aux secteurs de la s\u00e9curit\u00e9 et du d\u00e9veloppement durable. En qualifiant le Maroc de \u00ab\u00a0bastion de s\u00e9curit\u00e9\u00a0\u00bb, Emmanuel Macron a reconnu implicitement le r\u00f4le crucial du royaume dans la stabilisation de la r\u00e9gion. Ce partenariat s\u00e9curitaire vise \u00e0 r\u00e9pondre aux d\u00e9fis pos\u00e9s par les groupes extr\u00e9mistes actifs dans le Sahel, une r\u00e9gion o\u00f9 la France a vu son influence d\u00e9cro\u00eetre.<\/p>\n\n\n\n<p class=\"\">Les projets communs entre la France et le Maroc incluent des initiatives dans les \u00e9nergies renouvelables, en particulier le solaire et l\u2019hydrog\u00e8ne, et dans le d\u00e9veloppement des infrastructures de transport. En renfor\u00e7ant la s\u00e9curit\u00e9 \u00e9nerg\u00e9tique de la r\u00e9gion, ces initiatives apportent une solution aux d\u00e9fis climatiques tout en positionnant le Maroc comme un mod\u00e8le de d\u00e9veloppement durable en Afrique. La France, en misant sur le Maroc comme partenaire stable et fiable, cherche ainsi \u00e0 contrer l\u2019influence grandissante de puissances non occidentales, comme la Russie et la Chine, dans la r\u00e9gion.<\/p>\n\n\n\n<p class=\"\">Dans le contexte actuel, o\u00f9 les menaces s\u00e9curitaires et climatiques se multiplient, cette alliance pourrait constituer un mod\u00e8le pour une coop\u00e9ration plus large entre l\u2019Europe et l\u2019Afrique. En s\u2019associant au Maroc, la France esp\u00e8re \u00e9galement s\u00e9curiser un acc\u00e8s privil\u00e9gi\u00e9 aux ressources \u00e9nerg\u00e9tiques de demain, tout en assurant un ancrage solide en Afrique du Nord. Le Maroc, de son c\u00f4t\u00e9, b\u00e9n\u00e9ficie de ce partenariat en renfor\u00e7ant son r\u00f4le de pivot entre l\u2019Afrique et l\u2019Europe, offrant \u00e0 l\u2019Union europ\u00e9enne un alli\u00e9 fiable dans un contexte r\u00e9gional instable.<\/p>\n\n\n\n<p class=\"\"><strong>V. Perspectives Europ\u00e9ennes et Potentiel d\u2019Influence Am\u00e9ricaine<\/strong><br>L\u2019alignement de la France avec la position marocaine sur le Sahara r\u00e9sonne \u00e9galement avec les strat\u00e9gies des \u00c9tats-Unis dans la r\u00e9gion. Depuis la reconnaissance par les \u00c9tats-Unis du plan d\u2019autonomie marocain, plusieurs pays europ\u00e9ens ont \u00e9t\u00e9 amen\u00e9s \u00e0 r\u00e9fl\u00e9chir \u00e0 leur propre position. Les \u00c9tats-Unis, qui voient dans le Maroc un partenaire strat\u00e9gique pour contrer l\u2019influence de puissances concurrentes au Maghreb, notamment la Chine et la Russie, ont \u00e9tabli des liens \u00e9troits avec Rabat en mati\u00e8re de s\u00e9curit\u00e9 et d\u2019\u00e9conomie.<\/p>\n\n\n\n<p class=\"\">La pression pour une politique coh\u00e9rente au sein de l\u2019Union europ\u00e9enne pourrait donc s\u2019intensifier \u00e0 mesure que les \u00c9tats membres prennent conscience des avantages d\u2019une relation \u00e9troite avec le Maroc, en tant que mod\u00e8le de stabilit\u00e9 politique et \u00e9conomique. En outre, l\u2019importance croissante de la r\u00e9gion sah\u00e9lienne dans les flux migratoires et les enjeux s\u00e9curitaires pourrait contraindre les \u00c9tats europ\u00e9ens \u00e0 repenser leur strat\u00e9gie commune au Maghreb. La coop\u00e9ration dans des domaines critiques, comme la transition \u00e9nerg\u00e9tique et le renforcement des capacit\u00e9s de s\u00e9curit\u00e9, pourrait encourager les \u00c9tats membres de l\u2019UE \u00e0 reconna\u00eetre l\u2019importance strat\u00e9gique du Maroc dans le contexte actuel.<\/p>\n\n\n\n<p class=\"\"><strong>Conclusion et R\u00e9flexion<\/strong><br>En reconnaissant officiellement le Sahara comme partie int\u00e9grante du Maroc, la France marque un changement radical dans sa politique maghr\u00e9bine. Ce geste pourrait inspirer d\u2019autres nations europ\u00e9ennes \u00e0 suivre l\u2019exemple fran\u00e7ais, renfor\u00e7ant ainsi les relations euro-marocaines et cr\u00e9ant une base pour une coop\u00e9ration renforc\u00e9e dans la r\u00e9gion. Cependant, ce pari audacieux pourrait \u00e9galement avoir des r\u00e9percussions inattendues, tant sur le plan r\u00e9gional que sur la sc\u00e8ne internationale, en particulier dans un contexte de rivalit\u00e9s croissantes entre les puissances mondiales.<\/p>\n\n\n\n<p class=\"\">En fin de compte, ce repositionnement strat\u00e9gique offre \u00e0 la France l\u2019opportunit\u00e9 de renforcer son influence en Afrique du Nord, tout en contribuant \u00e0 la stabilit\u00e9 et au d\u00e9veloppement durable du Maghreb. Reste \u00e0 savoir si d\u2019autres pays europ\u00e9ens adopteront une approche similaire, ouvrant ainsi la voie \u00e0 une politique plus unifi\u00e9e dans la r\u00e9gion. Face aux d\u00e9fis s\u00e9curitaires et \u00e9nerg\u00e9tiques croissants, la question demeure : la France est-elle en train de tracer le chemin vers une coop\u00e9ration euro-africaine durable, ou son choix en faveur du Maroc risquera-t-il de creuser les divisions au sein de l\u2019Union europ\u00e9enne et d\u2019attiser les tensions dans la r\u00e9gion ?<\/p>\n\n\n\n<p class=\"\"><strong>\u00a9 2024 &#8211; O Bulamba \/ Africa Daily Report<\/strong><\/p>\n","protected":false},"excerpt":{"rendered":"<p>R\u00e9sum\u00e9 : En octobre 2024, Emmanuel Macron a fait un pas historique en reconnaissant officiellement la souverainet\u00e9 du Maroc sur le Sahara. Cette d\u00e9cision marque un tournant dans les relations franco-marocaines et redessine potentiellement le paysage g\u00e9opolitique du Maghreb. Au-del\u00e0 de l\u2019impact sur la France et le Maroc, cette prise de position pourrait red\u00e9finir la [&hellip;]<\/p>\n","protected":false},"author":1,"featured_media":13357,"comment_status":"open","ping_status":"open","sticky":false,"template":"","format":"standard","meta":{"_acf_changed":false,"om_disable_all_campaigns":false,"_monsterinsights_skip_tracking":false,"_monsterinsights_sitenote_active":false,"_monsterinsights_sitenote_note":"","_monsterinsights_sitenote_category":0,"tdm_status":"","tdm_grid_status":"","_jetpack_newsletter_access":"","_jetpack_dont_email_post_to_subs":false,"_jetpack_newsletter_tier_id":0,"_jetpack_memberships_contains_paywalled_content":false,"_jetpack_memberships_contains_paid_content":false,"footnotes":""},"categories":[850],"tags":[865,1056,1066,1067,1068,812,1069,1014,1070,883],"adr_country":[1099,1095],"class_list":{"0":"post-13359","1":"post","2":"type-post","3":"status-publish","4":"format-standard","5":"has-post-thumbnail","7":"category-analyses-et-dossiers-fr","8":"tag-africa-fr","9":"tag-angola-fr","10":"tag-cooperation-fr","11":"tag-diplomacy-fr","12":"tag-euro-africa-fr","13":"tag-france-fr","14":"tag-influence-fr","15":"tag-macron-fr","16":"tag-partnership-fr","17":"tag-sahara-fr","18":"adr_country-afrique","19":"adr_country-angola"},"acf":{"post_version":""},"yoast_head":"<!-- This site is optimized with the Yoast SEO Premium plugin v26.0 (Yoast SEO v27.4) - https:\/\/yoast.com\/product\/yoast-seo-premium-wordpress\/ -->\n<title>Red\u00e9finition des Alliances : La France Reconna\u00eet la Souverainet\u00e9 Marocaine - Africa Daily Report<\/title>\n<meta name=\"robots\" content=\"index, follow, max-snippet:-1, max-image-preview:large, max-video-preview:-1\" \/>\n<link rel=\"canonical\" href=\"https:\/\/africadailyreport.com\/fr\/2024\/10\/30\/redefining-alliances-france-recognizes-moroccan-sovereignty\/\" \/>\n<meta property=\"og:locale\" content=\"fr_FR\" \/>\n<meta property=\"og:type\" content=\"article\" \/>\n<meta property=\"og:title\" content=\"Red\u00e9finition des Alliances : La France Reconna\u00eet la Souverainet\u00e9 Marocaine\" \/>\n<meta property=\"og:description\" content=\"R\u00e9sum\u00e9 : En octobre 2024, Emmanuel Macron a fait un pas historique en reconnaissant officiellement la souverainet\u00e9 du Maroc sur le Sahara. Cette d\u00e9cision marque un tournant dans les relations franco-marocaines et redessine potentiellement le paysage g\u00e9opolitique du Maghreb. Au-del\u00e0 de l\u2019impact sur la France et le Maroc, cette prise de position pourrait red\u00e9finir la [&hellip;]\" \/>\n<meta property=\"og:url\" content=\"https:\/\/africadailyreport.com\/fr\/2024\/10\/30\/redefining-alliances-france-recognizes-moroccan-sovereignty\/\" \/>\n<meta property=\"og:site_name\" content=\"Africa Daily Report\" \/>\n<meta property=\"article:publisher\" content=\"https:\/\/www.facebook.com\/africadailyreport\" \/>\n<meta property=\"article:published_time\" content=\"2024-10-30T05:11:28+00:00\" \/>\n<meta property=\"article:modified_time\" content=\"2024-10-30T05:31:01+00:00\" \/>\n<meta property=\"og:image\" content=\"https:\/\/africadailyreport.com\/wp-content\/uploads\/2024\/10\/AFP__20180528__15F2EN__v1__HighRes__FranceAngolaDiplomacy-scaled.jpg\" \/>\n\t<meta property=\"og:image:width\" content=\"2560\" \/>\n\t<meta property=\"og:image:height\" content=\"1707\" \/>\n\t<meta property=\"og:image:type\" content=\"image\/jpeg\" \/>\n<meta name=\"author\" content=\"O Bulamba \/ ADR\" \/>\n<meta name=\"twitter:card\" content=\"summary_large_image\" \/>\n<meta name=\"twitter:creator\" content=\"@adr_africa\" \/>\n<meta name=\"twitter:site\" content=\"@adr_africa\" \/>\n<meta name=\"twitter:label1\" content=\"\u00c9crit par\" \/>\n\t<meta name=\"twitter:data1\" content=\"O Bulamba \/ ADR\" \/>\n\t<meta name=\"twitter:label2\" content=\"Dur\u00e9e de lecture estim\u00e9e\" \/>\n\t<meta name=\"twitter:data2\" content=\"8 minutes\" \/>\n<script type=\"application\/ld+json\" class=\"yoast-schema-graph\">{\"@context\":\"https:\\\/\\\/schema.org\",\"@graph\":[{\"@type\":\"Article\",\"@id\":\"https:\\\/\\\/africadailyreport.com\\\/fr\\\/2024\\\/10\\\/30\\\/redefining-alliances-france-recognizes-moroccan-sovereignty\\\/#article\",\"isPartOf\":{\"@id\":\"https:\\\/\\\/africadailyreport.com\\\/fr\\\/2024\\\/10\\\/30\\\/redefining-alliances-france-recognizes-moroccan-sovereignty\\\/\"},\"author\":{\"name\":\"O Bulamba \\\/ ADR\",\"@id\":\"https:\\\/\\\/africadailyreport.com\\\/fr\\\/#\\\/schema\\\/person\\\/88148059337754d1a3dc29a78c8d1fa9\"},\"headline\":\"Red\u00e9finition des Alliances : La France Reconna\u00eet la Souverainet\u00e9 Marocaine\",\"datePublished\":\"2024-10-30T05:11:28+00:00\",\"dateModified\":\"2024-10-30T05:31:01+00:00\",\"mainEntityOfPage\":{\"@id\":\"https:\\\/\\\/africadailyreport.com\\\/fr\\\/2024\\\/10\\\/30\\\/redefining-alliances-france-recognizes-moroccan-sovereignty\\\/\"},\"wordCount\":1906,\"commentCount\":0,\"publisher\":{\"@id\":\"https:\\\/\\\/africadailyreport.com\\\/fr\\\/#organization\"},\"image\":{\"@id\":\"https:\\\/\\\/africadailyreport.com\\\/fr\\\/2024\\\/10\\\/30\\\/redefining-alliances-france-recognizes-moroccan-sovereignty\\\/#primaryimage\"},\"thumbnailUrl\":\"https:\\\/\\\/i0.wp.com\\\/africadailyreport.com\\\/wp-content\\\/uploads\\\/2024\\\/10\\\/AFP__20180528__15F2EN__v1__HighRes__FranceAngolaDiplomacy-scaled.jpg?fit=2560%2C1707&ssl=1\",\"keywords\":[\"africa\",\"angola\",\"cooperation\",\"diplomacy\",\"euro-africa\",\"france\",\"influence\",\"MACRON\",\"partnership\",\"sahara\"],\"articleSection\":[\"ANALYSES ET DOSSIERS\"],\"inLanguage\":\"fr-FR\",\"potentialAction\":[{\"@type\":\"CommentAction\",\"name\":\"Comment\",\"target\":[\"https:\\\/\\\/africadailyreport.com\\\/fr\\\/2024\\\/10\\\/30\\\/redefining-alliances-france-recognizes-moroccan-sovereignty\\\/#respond\"]}],\"copyrightYear\":\"2024\",\"copyrightHolder\":{\"@id\":\"https:\\\/\\\/africadailyreport.com\\\/#organization\"}},{\"@type\":\"WebPage\",\"@id\":\"https:\\\/\\\/africadailyreport.com\\\/fr\\\/2024\\\/10\\\/30\\\/redefining-alliances-france-recognizes-moroccan-sovereignty\\\/\",\"url\":\"https:\\\/\\\/africadailyreport.com\\\/fr\\\/2024\\\/10\\\/30\\\/redefining-alliances-france-recognizes-moroccan-sovereignty\\\/\",\"name\":\"Red\u00e9finition des Alliances : La France Reconna\u00eet la Souverainet\u00e9 Marocaine - Africa Daily Report\",\"isPartOf\":{\"@id\":\"https:\\\/\\\/africadailyreport.com\\\/fr\\\/#website\"},\"primaryImageOfPage\":{\"@id\":\"https:\\\/\\\/africadailyreport.com\\\/fr\\\/2024\\\/10\\\/30\\\/redefining-alliances-france-recognizes-moroccan-sovereignty\\\/#primaryimage\"},\"image\":{\"@id\":\"https:\\\/\\\/africadailyreport.com\\\/fr\\\/2024\\\/10\\\/30\\\/redefining-alliances-france-recognizes-moroccan-sovereignty\\\/#primaryimage\"},\"thumbnailUrl\":\"https:\\\/\\\/i0.wp.com\\\/africadailyreport.com\\\/wp-content\\\/uploads\\\/2024\\\/10\\\/AFP__20180528__15F2EN__v1__HighRes__FranceAngolaDiplomacy-scaled.jpg?fit=2560%2C1707&ssl=1\",\"datePublished\":\"2024-10-30T05:11:28+00:00\",\"dateModified\":\"2024-10-30T05:31:01+00:00\",\"breadcrumb\":{\"@id\":\"https:\\\/\\\/africadailyreport.com\\\/fr\\\/2024\\\/10\\\/30\\\/redefining-alliances-france-recognizes-moroccan-sovereignty\\\/#breadcrumb\"},\"inLanguage\":\"fr-FR\",\"potentialAction\":[{\"@type\":\"ReadAction\",\"target\":[\"https:\\\/\\\/africadailyreport.com\\\/fr\\\/2024\\\/10\\\/30\\\/redefining-alliances-france-recognizes-moroccan-sovereignty\\\/\"]}]},{\"@type\":\"ImageObject\",\"inLanguage\":\"fr-FR\",\"@id\":\"https:\\\/\\\/africadailyreport.com\\\/fr\\\/2024\\\/10\\\/30\\\/redefining-alliances-france-recognizes-moroccan-sovereignty\\\/#primaryimage\",\"url\":\"https:\\\/\\\/i0.wp.com\\\/africadailyreport.com\\\/wp-content\\\/uploads\\\/2024\\\/10\\\/AFP__20180528__15F2EN__v1__HighRes__FranceAngolaDiplomacy-scaled.jpg?fit=2560%2C1707&ssl=1\",\"contentUrl\":\"https:\\\/\\\/i0.wp.com\\\/africadailyreport.com\\\/wp-content\\\/uploads\\\/2024\\\/10\\\/AFP__20180528__15F2EN__v1__HighRes__FranceAngolaDiplomacy-scaled.jpg?fit=2560%2C1707&ssl=1\",\"width\":2560,\"height\":1707,\"caption\":\"French President Emmanuel Macron (R) shakes hand with Angola president Joao Lourenco as he leaves after a lunch at the Elysee presidential palace on May 28, 2018 in Paris. (Photo by ludovic MARIN \\\/ AFP)\"},{\"@type\":\"BreadcrumbList\",\"@id\":\"https:\\\/\\\/africadailyreport.com\\\/fr\\\/2024\\\/10\\\/30\\\/redefining-alliances-france-recognizes-moroccan-sovereignty\\\/#breadcrumb\",\"itemListElement\":[{\"@type\":\"ListItem\",\"position\":1,\"name\":\"Home\",\"item\":\"https:\\\/\\\/africadailyreport.com\\\/fr\\\/\"},{\"@type\":\"ListItem\",\"position\":2,\"name\":\"Red\u00e9finition des Alliances : La France Reconna\u00eet la Souverainet\u00e9 Marocaine\"}]},{\"@type\":\"WebSite\",\"@id\":\"https:\\\/\\\/africadailyreport.com\\\/fr\\\/#website\",\"url\":\"https:\\\/\\\/africadailyreport.com\\\/fr\\\/\",\"name\":\"Africa Daily Report\",\"description\":\"\",\"publisher\":{\"@id\":\"https:\\\/\\\/africadailyreport.com\\\/fr\\\/#organization\"},\"potentialAction\":[{\"@type\":\"SearchAction\",\"target\":{\"@type\":\"EntryPoint\",\"urlTemplate\":\"https:\\\/\\\/africadailyreport.com\\\/fr\\\/?s={search_term_string}\"},\"query-input\":{\"@type\":\"PropertyValueSpecification\",\"valueRequired\":true,\"valueName\":\"search_term_string\"}}],\"inLanguage\":\"fr-FR\"},{\"@type\":\"Organization\",\"@id\":\"https:\\\/\\\/africadailyreport.com\\\/fr\\\/#organization\",\"name\":\"Africa Daily Report\",\"url\":\"https:\\\/\\\/africadailyreport.com\\\/fr\\\/\",\"logo\":{\"@type\":\"ImageObject\",\"inLanguage\":\"fr-FR\",\"@id\":\"https:\\\/\\\/africadailyreport.com\\\/fr\\\/#\\\/schema\\\/logo\\\/image\\\/\",\"url\":\"https:\\\/\\\/africadailyreport.com\\\/wp-content\\\/uploads\\\/2024\\\/09\\\/ADR-Transparent-Green-Logo-1.png\",\"contentUrl\":\"https:\\\/\\\/africadailyreport.com\\\/wp-content\\\/uploads\\\/2024\\\/09\\\/ADR-Transparent-Green-Logo-1.png\",\"width\":267,\"height\":185,\"caption\":\"Africa Daily Report\"},\"image\":{\"@id\":\"https:\\\/\\\/africadailyreport.com\\\/fr\\\/#\\\/schema\\\/logo\\\/image\\\/\"},\"sameAs\":[\"https:\\\/\\\/www.facebook.com\\\/africadailyreport\",\"https:\\\/\\\/x.com\\\/adr_africa\",\"https:\\\/\\\/www.youtube.com\\\/@africadailyreport\",\"https:\\\/\\\/instagram.com\\\/africadailyreport\"]},{\"@type\":\"Person\",\"@id\":\"https:\\\/\\\/africadailyreport.com\\\/fr\\\/#\\\/schema\\\/person\\\/88148059337754d1a3dc29a78c8d1fa9\",\"name\":\"O Bulamba \\\/ ADR\",\"image\":{\"@type\":\"ImageObject\",\"inLanguage\":\"fr-FR\",\"@id\":\"https:\\\/\\\/secure.gravatar.com\\\/avatar\\\/fd520a50d8518deba0eea821be01c7d4b5be681fe77b8720ce2b45e22a147b24?s=96&d=mm&r=g\",\"url\":\"https:\\\/\\\/secure.gravatar.com\\\/avatar\\\/fd520a50d8518deba0eea821be01c7d4b5be681fe77b8720ce2b45e22a147b24?s=96&d=mm&r=g\",\"contentUrl\":\"https:\\\/\\\/secure.gravatar.com\\\/avatar\\\/fd520a50d8518deba0eea821be01c7d4b5be681fe77b8720ce2b45e22a147b24?s=96&d=mm&r=g\",\"caption\":\"O Bulamba \\\/ ADR\"},\"sameAs\":[\"https:\\\/\\\/africadailyreport.com\"],\"url\":\"https:\\\/\\\/africadailyreport.com\\\/fr\\\/author\\\/oblenabergmail-com\\\/\"}]}<\/script>\n<!-- \/ Yoast SEO Premium plugin. -->","yoast_head_json":{"title":"Red\u00e9finition des Alliances : La France Reconna\u00eet la Souverainet\u00e9 Marocaine - Africa Daily Report","robots":{"index":"index","follow":"follow","max-snippet":"max-snippet:-1","max-image-preview":"max-image-preview:large","max-video-preview":"max-video-preview:-1"},"canonical":"https:\/\/africadailyreport.com\/fr\/2024\/10\/30\/redefining-alliances-france-recognizes-moroccan-sovereignty\/","og_locale":"fr_FR","og_type":"article","og_title":"Red\u00e9finition des Alliances : La France Reconna\u00eet la Souverainet\u00e9 Marocaine","og_description":"R\u00e9sum\u00e9 : En octobre 2024, Emmanuel Macron a fait un pas historique en reconnaissant officiellement la souverainet\u00e9 du Maroc sur le Sahara. Cette d\u00e9cision marque un tournant dans les relations franco-marocaines et redessine potentiellement le paysage g\u00e9opolitique du Maghreb. Au-del\u00e0 de l\u2019impact sur la France et le Maroc, cette prise de position pourrait red\u00e9finir la [&hellip;]","og_url":"https:\/\/africadailyreport.com\/fr\/2024\/10\/30\/redefining-alliances-france-recognizes-moroccan-sovereignty\/","og_site_name":"Africa Daily Report","article_publisher":"https:\/\/www.facebook.com\/africadailyreport","article_published_time":"2024-10-30T05:11:28+00:00","article_modified_time":"2024-10-30T05:31:01+00:00","og_image":[{"width":2560,"height":1707,"url":"https:\/\/africadailyreport.com\/wp-content\/uploads\/2024\/10\/AFP__20180528__15F2EN__v1__HighRes__FranceAngolaDiplomacy-scaled.jpg","type":"image\/jpeg"}],"author":"O Bulamba \/ ADR","twitter_card":"summary_large_image","twitter_creator":"@adr_africa","twitter_site":"@adr_africa","twitter_misc":{"\u00c9crit par":"O Bulamba \/ ADR","Dur\u00e9e de lecture estim\u00e9e":"8 minutes"},"schema":{"@context":"https:\/\/schema.org","@graph":[{"@type":"Article","@id":"https:\/\/africadailyreport.com\/fr\/2024\/10\/30\/redefining-alliances-france-recognizes-moroccan-sovereignty\/#article","isPartOf":{"@id":"https:\/\/africadailyreport.com\/fr\/2024\/10\/30\/redefining-alliances-france-recognizes-moroccan-sovereignty\/"},"author":{"name":"O Bulamba \/ ADR","@id":"https:\/\/africadailyreport.com\/fr\/#\/schema\/person\/88148059337754d1a3dc29a78c8d1fa9"},"headline":"Red\u00e9finition des Alliances : La France Reconna\u00eet la Souverainet\u00e9 Marocaine","datePublished":"2024-10-30T05:11:28+00:00","dateModified":"2024-10-30T05:31:01+00:00","mainEntityOfPage":{"@id":"https:\/\/africadailyreport.com\/fr\/2024\/10\/30\/redefining-alliances-france-recognizes-moroccan-sovereignty\/"},"wordCount":1906,"commentCount":0,"publisher":{"@id":"https:\/\/africadailyreport.com\/fr\/#organization"},"image":{"@id":"https:\/\/africadailyreport.com\/fr\/2024\/10\/30\/redefining-alliances-france-recognizes-moroccan-sovereignty\/#primaryimage"},"thumbnailUrl":"https:\/\/i0.wp.com\/africadailyreport.com\/wp-content\/uploads\/2024\/10\/AFP__20180528__15F2EN__v1__HighRes__FranceAngolaDiplomacy-scaled.jpg?fit=2560%2C1707&ssl=1","keywords":["africa","angola","cooperation","diplomacy","euro-africa","france","influence","MACRON","partnership","sahara"],"articleSection":["ANALYSES ET DOSSIERS"],"inLanguage":"fr-FR","potentialAction":[{"@type":"CommentAction","name":"Comment","target":["https:\/\/africadailyreport.com\/fr\/2024\/10\/30\/redefining-alliances-france-recognizes-moroccan-sovereignty\/#respond"]}],"copyrightYear":"2024","copyrightHolder":{"@id":"https:\/\/africadailyreport.com\/#organization"}},{"@type":"WebPage","@id":"https:\/\/africadailyreport.com\/fr\/2024\/10\/30\/redefining-alliances-france-recognizes-moroccan-sovereignty\/","url":"https:\/\/africadailyreport.com\/fr\/2024\/10\/30\/redefining-alliances-france-recognizes-moroccan-sovereignty\/","name":"Red\u00e9finition des Alliances : La France Reconna\u00eet la Souverainet\u00e9 Marocaine - Africa Daily Report","isPartOf":{"@id":"https:\/\/africadailyreport.com\/fr\/#website"},"primaryImageOfPage":{"@id":"https:\/\/africadailyreport.com\/fr\/2024\/10\/30\/redefining-alliances-france-recognizes-moroccan-sovereignty\/#primaryimage"},"image":{"@id":"https:\/\/africadailyreport.com\/fr\/2024\/10\/30\/redefining-alliances-france-recognizes-moroccan-sovereignty\/#primaryimage"},"thumbnailUrl":"https:\/\/i0.wp.com\/africadailyreport.com\/wp-content\/uploads\/2024\/10\/AFP__20180528__15F2EN__v1__HighRes__FranceAngolaDiplomacy-scaled.jpg?fit=2560%2C1707&ssl=1","datePublished":"2024-10-30T05:11:28+00:00","dateModified":"2024-10-30T05:31:01+00:00","breadcrumb":{"@id":"https:\/\/africadailyreport.com\/fr\/2024\/10\/30\/redefining-alliances-france-recognizes-moroccan-sovereignty\/#breadcrumb"},"inLanguage":"fr-FR","potentialAction":[{"@type":"ReadAction","target":["https:\/\/africadailyreport.com\/fr\/2024\/10\/30\/redefining-alliances-france-recognizes-moroccan-sovereignty\/"]}]},{"@type":"ImageObject","inLanguage":"fr-FR","@id":"https:\/\/africadailyreport.com\/fr\/2024\/10\/30\/redefining-alliances-france-recognizes-moroccan-sovereignty\/#primaryimage","url":"https:\/\/i0.wp.com\/africadailyreport.com\/wp-content\/uploads\/2024\/10\/AFP__20180528__15F2EN__v1__HighRes__FranceAngolaDiplomacy-scaled.jpg?fit=2560%2C1707&ssl=1","contentUrl":"https:\/\/i0.wp.com\/africadailyreport.com\/wp-content\/uploads\/2024\/10\/AFP__20180528__15F2EN__v1__HighRes__FranceAngolaDiplomacy-scaled.jpg?fit=2560%2C1707&ssl=1","width":2560,"height":1707,"caption":"French President Emmanuel Macron (R) shakes hand with Angola president Joao Lourenco as he leaves after a lunch at the Elysee presidential palace on May 28, 2018 in Paris. (Photo by ludovic MARIN \/ AFP)"},{"@type":"BreadcrumbList","@id":"https:\/\/africadailyreport.com\/fr\/2024\/10\/30\/redefining-alliances-france-recognizes-moroccan-sovereignty\/#breadcrumb","itemListElement":[{"@type":"ListItem","position":1,"name":"Home","item":"https:\/\/africadailyreport.com\/fr\/"},{"@type":"ListItem","position":2,"name":"Red\u00e9finition des Alliances : La France Reconna\u00eet la Souverainet\u00e9 Marocaine"}]},{"@type":"WebSite","@id":"https:\/\/africadailyreport.com\/fr\/#website","url":"https:\/\/africadailyreport.com\/fr\/","name":"Africa Daily Report","description":"","publisher":{"@id":"https:\/\/africadailyreport.com\/fr\/#organization"},"potentialAction":[{"@type":"SearchAction","target":{"@type":"EntryPoint","urlTemplate":"https:\/\/africadailyreport.com\/fr\/?s={search_term_string}"},"query-input":{"@type":"PropertyValueSpecification","valueRequired":true,"valueName":"search_term_string"}}],"inLanguage":"fr-FR"},{"@type":"Organization","@id":"https:\/\/africadailyreport.com\/fr\/#organization","name":"Africa Daily Report","url":"https:\/\/africadailyreport.com\/fr\/","logo":{"@type":"ImageObject","inLanguage":"fr-FR","@id":"https:\/\/africadailyreport.com\/fr\/#\/schema\/logo\/image\/","url":"https:\/\/africadailyreport.com\/wp-content\/uploads\/2024\/09\/ADR-Transparent-Green-Logo-1.png","contentUrl":"https:\/\/africadailyreport.com\/wp-content\/uploads\/2024\/09\/ADR-Transparent-Green-Logo-1.png","width":267,"height":185,"caption":"Africa Daily Report"},"image":{"@id":"https:\/\/africadailyreport.com\/fr\/#\/schema\/logo\/image\/"},"sameAs":["https:\/\/www.facebook.com\/africadailyreport","https:\/\/x.com\/adr_africa","https:\/\/www.youtube.com\/@africadailyreport","https:\/\/instagram.com\/africadailyreport"]},{"@type":"Person","@id":"https:\/\/africadailyreport.com\/fr\/#\/schema\/person\/88148059337754d1a3dc29a78c8d1fa9","name":"O Bulamba \/ ADR","image":{"@type":"ImageObject","inLanguage":"fr-FR","@id":"https:\/\/secure.gravatar.com\/avatar\/fd520a50d8518deba0eea821be01c7d4b5be681fe77b8720ce2b45e22a147b24?s=96&d=mm&r=g","url":"https:\/\/secure.gravatar.com\/avatar\/fd520a50d8518deba0eea821be01c7d4b5be681fe77b8720ce2b45e22a147b24?s=96&d=mm&r=g","contentUrl":"https:\/\/secure.gravatar.com\/avatar\/fd520a50d8518deba0eea821be01c7d4b5be681fe77b8720ce2b45e22a147b24?s=96&d=mm&r=g","caption":"O Bulamba \/ ADR"},"sameAs":["https:\/\/africadailyreport.com"],"url":"https:\/\/africadailyreport.com\/fr\/author\/oblenabergmail-com\/"}]}},"jetpack_featured_media_url":"https:\/\/i0.wp.com\/africadailyreport.com\/wp-content\/uploads\/2024\/10\/AFP__20180528__15F2EN__v1__HighRes__FranceAngolaDiplomacy-scaled.jpg?fit=2560%2C1707&ssl=1","jetpack_sharing_enabled":true,"amp_enabled":true,"_links":{"self":[{"href":"https:\/\/africadailyreport.com\/fr\/wp-json\/wp\/v2\/posts\/13359","targetHints":{"allow":["GET"]}}],"collection":[{"href":"https:\/\/africadailyreport.com\/fr\/wp-json\/wp\/v2\/posts"}],"about":[{"href":"https:\/\/africadailyreport.com\/fr\/wp-json\/wp\/v2\/types\/post"}],"author":[{"embeddable":true,"href":"https:\/\/africadailyreport.com\/fr\/wp-json\/wp\/v2\/users\/1"}],"replies":[{"embeddable":true,"href":"https:\/\/africadailyreport.com\/fr\/wp-json\/wp\/v2\/comments?post=13359"}],"version-history":[{"count":2,"href":"https:\/\/africadailyreport.com\/fr\/wp-json\/wp\/v2\/posts\/13359\/revisions"}],"predecessor-version":[{"id":13364,"href":"https:\/\/africadailyreport.com\/fr\/wp-json\/wp\/v2\/posts\/13359\/revisions\/13364"}],"wp:featuredmedia":[{"embeddable":true,"href":"https:\/\/africadailyreport.com\/fr\/wp-json\/wp\/v2\/media\/13357"}],"wp:attachment":[{"href":"https:\/\/africadailyreport.com\/fr\/wp-json\/wp\/v2\/media?parent=13359"}],"wp:term":[{"taxonomy":"category","embeddable":true,"href":"https:\/\/africadailyreport.com\/fr\/wp-json\/wp\/v2\/categories?post=13359"},{"taxonomy":"post_tag","embeddable":true,"href":"https:\/\/africadailyreport.com\/fr\/wp-json\/wp\/v2\/tags?post=13359"},{"taxonomy":"adr_country","embeddable":true,"href":"https:\/\/africadailyreport.com\/fr\/wp-json\/wp\/v2\/adr_country?post=13359"}],"curies":[{"name":"wp","href":"https:\/\/api.w.org\/{rel}","templated":true}]}}