{"id":13092,"date":"2024-10-08T04:24:17","date_gmt":"2024-10-08T04:24:17","guid":{"rendered":"https:\/\/africadailyreport.com\/2024\/10\/08\/burkina-faso-rappel-diplomatique-en-cote-divoire-tensions-au-plus-haut\/"},"modified":"2024-10-27T14:48:50","modified_gmt":"2024-10-27T14:48:50","slug":"burkina-faso-rappel-diplomatique-en-cote-divoire-tensions-au-plus-haut","status":"publish","type":"post","link":"https:\/\/africadailyreport.com\/fr\/2024\/10\/08\/burkina-faso-rappel-diplomatique-en-cote-divoire-tensions-au-plus-haut\/","title":{"rendered":"Burkina Faso : Rappel diplomatique en C\u00f4te d\u2019Ivoire, tensions au plus haut"},"content":{"rendered":"\n<h3 class=\"wp-block-heading\"><\/h3>\n\n\n<div class=\"wp-block-image\">\n<figure class=\"alignleft size-full\"><img data-recalc-dims=\"1\" loading=\"lazy\" decoding=\"async\" width=\"520\" height=\"293\" src=\"https:\/\/i0.wp.com\/africadailyreport.com\/wp-content\/uploads\/2024\/10\/image-6-edited.png?resize=520%2C293&#038;ssl=1\" alt=\"\" class=\"wp-image-11697\" srcset=\"https:\/\/i0.wp.com\/africadailyreport.com\/wp-content\/uploads\/2024\/10\/image-6-edited.png?w=520&amp;ssl=1 520w, https:\/\/i0.wp.com\/africadailyreport.com\/wp-content\/uploads\/2024\/10\/image-6-edited.png?resize=300%2C169&amp;ssl=1 300w, https:\/\/i0.wp.com\/africadailyreport.com\/wp-content\/uploads\/2024\/10\/image-6-edited.png?resize=150%2C85&amp;ssl=1 150w\" sizes=\"auto, (max-width: 520px) 100vw, 520px\" \/><\/figure>\n<\/div>\n\n\n<p><strong>OUAGADOUGOU<\/strong> \u2014 Le Burkina Faso a ordonn\u00e9 le rappel de son personnel diplomatique en C\u00f4te d&rsquo;Ivoire, alimentant les sp\u00e9culations sur une d\u00e9t\u00e9rioration croissante des relations entre les deux voisins ouest-africains. Cette d\u00e9cision surprise marque un nouveau chapitre dans l&rsquo;escalade des tensions diplomatiques entre les deux pays.<\/p>\n\n\n\n<p>Le 30 septembre, Dieudonn\u00e9 D\u00e9sir\u00e9 Sougouri, directeur de cabinet du ministre burkinab\u00e8 des Affaires \u00e9trang\u00e8res, a convoqu\u00e9 Justine Gosse, la charg\u00e9e d\u2019affaires de l\u2019ambassade de C\u00f4te d\u2019Ivoire \u00e0 Ouagadougou, pour obtenir des explications sur ce qu\u2019il a d\u00e9crit comme le \u00ab silence des autorit\u00e9s ivoiriennes \u00bb concernant une d\u00e9claration de l&rsquo;Alliance de la jeunesse ivoirienne. Le groupe s\u2019\u00e9tait oppos\u00e9 \u00e0 l\u2019organisation d\u2019une journ\u00e9e de mobilisation patriotique \u00e0 Abidjan, sans que la C\u00f4te d&rsquo;Ivoire en soit inform\u00e9e.<\/p>\n\n\n\n<p>Le minist\u00e8re burkinab\u00e8 des Affaires \u00e9trang\u00e8res, dirig\u00e9 par Karamoko Jean-Marie Traor\u00e9, avait envoy\u00e9 une lettre \u00e0 la mi-septembre, demandant \u00e0 tout le personnel diplomatique du Burkina Faso en C\u00f4te d&rsquo;Ivoire, y compris les consulats d\u2019Abidjan et Bouak\u00e9, de rentrer au pays. Le personnel administratif, cependant, devait rester en poste.<\/p>\n\n\n\n<h3 class=\"wp-block-heading\"><strong>Un choc pour les diplomates<\/strong><\/h3>\n\n\n\n<p>Cette d\u00e9cision inattendue a boulevers\u00e9 les diplomates burkinab\u00e8, dont certains avaient d\u00e9j\u00e0 inscrit leurs enfants dans des \u00e9coles ivoiriennes pour la rentr\u00e9e scolaire. Le retour imminent de Traor\u00e9 de l\u2019Assembl\u00e9e g\u00e9n\u00e9rale des Nations Unies \u00e0 New York pourrait apporter des clarifications, mais les autorit\u00e9s ivoiriennes ont, pour leur part, affirm\u00e9 qu\u2019elles n\u2019avaient pas \u00e9t\u00e9 inform\u00e9es de ce rappel.<\/p>\n\n\n\n<p>Les relations entre le Burkina Faso et la C\u00f4te d&rsquo;Ivoire, historiquement cordiales, se sont d\u00e9t\u00e9rior\u00e9es apr\u00e8s une s\u00e9rie d&rsquo;incidents. Le dernier ambassadeur ivoirien \u00e0 Ouagadougou, Kapieletien Soro, a quitt\u00e9 son poste en septembre 2021, et l\u2019ambassadeur burkinab\u00e8 \u00e0 Abidjan, Mahamadou Zongo, est parti en novembre 2022, sans qu&rsquo;aucun des deux pays ne nomme de rempla\u00e7ant.<\/p>\n\n\n\n<h3 class=\"wp-block-heading\"><strong>Accusations mutuelles de d\u00e9stabilisation<\/strong><\/h3>\n\n\n\n<p>Cette nouvelle crise survient alors que la C\u00f4te d&rsquo;Ivoire a convoqu\u00e9 d\u00e9but septembre le charg\u00e9 d&rsquo;affaires burkinab\u00e8 pour discuter de la d\u00e9couverte, par les services de renseignement ivoiriens, d\u2019un camp de formation de soldats d\u00e9mobilis\u00e9s ivoiriens \u00e0 Bobo-Dioulasso, au Burkina Faso. Ces hommes seraient entra\u00een\u00e9s pour des op\u00e9rations de d\u00e9stabilisation en C\u00f4te d\u2019Ivoire, une all\u00e9gation que Ouagadougou a fermement ni\u00e9e.<\/p>\n\n\n\n<p>De son c\u00f4t\u00e9, le gouvernement burkinab\u00e8 accuse Abidjan de prot\u00e9ger des opposants politiques et des activistes qui cherchent \u00e0 d\u00e9stabiliser le Burkina Faso. Le 23 septembre, le ministre burkinab\u00e8 de la S\u00e9curit\u00e9, Mahamoudou Sana, a r\u00e9it\u00e9r\u00e9 que la C\u00f4te d\u2019Ivoire h\u00e9bergeait des individus impliqu\u00e9s dans une \u00ab entreprise de subversion \u00bb contre le Burkina Faso.<\/p>\n\n\n\n<h3 class=\"wp-block-heading\"><strong>Un pass\u00e9 de coop\u00e9ration d\u00e9sormais lointain<\/strong><\/h3>\n\n\n\n<p>Les deux pays, autrefois alli\u00e9s, avaient sign\u00e9 en 2008 un Trait\u00e9 d\u2019amiti\u00e9 et de coop\u00e9ration (TAC) pour promouvoir des conseils de ministres conjoints et collaborer sur des questions telles que la lutte contre le terrorisme et le commerce transfrontalier. Cependant, depuis le coup d&rsquo;\u00c9tat au Burkina Faso en 2022, qui a port\u00e9 le capitaine Ibrahim Traor\u00e9 au pouvoir, les relations ont plong\u00e9 dans l&rsquo;incertitude.<\/p>\n\n\n\n<p>En janvier dernier, deux gendarmes ivoiriens ont \u00e9t\u00e9 bri\u00e8vement d\u00e9tenus au Burkina Faso avant d\u2019\u00eatre rel\u00e2ch\u00e9s. Un autre incident, impliquant deux soldats burkinab\u00e8 arr\u00eat\u00e9s en C\u00f4te d\u2019Ivoire en mars, avait \u00e9galement contribu\u00e9 \u00e0 tendre les relations. Ces \u00e9v\u00e9nements s\u2019inscrivent dans un contexte o\u00f9 la zone frontali\u00e8re entre les deux pays, poreuse et instable, reste un terrain propice aux incursions jihadistes.<\/p>\n\n\n\n<p>La situation actuelle laisse planer des doutes sur une normalisation rapide des relations diplomatiques entre le Burkina Faso et la C\u00f4te d\u2019Ivoire, deux pays li\u00e9s par des d\u00e9cennies de coop\u00e9ration mais d\u00e9sormais en proie \u00e0 des tensions croissantes.<\/p>\n\n\n\n<p>Odon Bulamba<\/p>\n\n\n\n<p>\u00a92024 &#8211; Africa Daily Report<\/p>\n\n\n\n<h3 class=\"wp-block-heading\"><\/h3>\n","protected":false},"excerpt":{"rendered":"<p>OUAGADOUGOU \u2014 Le Burkina Faso a ordonn\u00e9 le rappel de son personnel diplomatique en C\u00f4te d&rsquo;Ivoire, alimentant les sp\u00e9culations sur une d\u00e9t\u00e9rioration croissante des relations entre les deux voisins ouest-africains. Cette d\u00e9cision surprise marque un nouveau chapitre dans l&rsquo;escalade des tensions diplomatiques entre les deux pays. Le 30 septembre, Dieudonn\u00e9 D\u00e9sir\u00e9 Sougouri, directeur de cabinet [&hellip;]<\/p>\n","protected":false},"author":10,"featured_media":11695,"comment_status":"open","ping_status":"open","sticky":false,"template":"","format":"standard","meta":{"_acf_changed":false,"om_disable_all_campaigns":false,"_monsterinsights_skip_tracking":false,"_monsterinsights_sitenote_active":false,"_monsterinsights_sitenote_note":"","_monsterinsights_sitenote_category":0,"tdm_status":"","tdm_grid_status":"","_jetpack_newsletter_access":"","_jetpack_dont_email_post_to_subs":false,"_jetpack_newsletter_tier_id":0,"_jetpack_memberships_contains_paywalled_content":false,"_jetpack_memberships_contains_paid_content":false,"footnotes":""},"categories":[942,322,885],"tags":[943,944,945,946,947,296],"adr_country":[1084],"class_list":{"0":"post-13092","1":"post","2":"type-post","3":"status-publish","4":"format-standard","5":"has-post-thumbnail","7":"category-burkina-faso-fr","8":"category-culture-fr","9":"category-sports-fr","10":"tag-burkina-faso-relations-diplomatiques-fr","11":"tag-crise-diplomatique-afrique-de-louest-fr","12":"tag-destabilisation-burkina-faso-cote-divoire-fr","13":"tag-relations-bilaterales-afrique-de-louest-fr","14":"tag-tensions-burkina-faso-cote-divoire-fr","15":"tag-video-fr","16":"adr_country-burkina-faso"},"acf":{"post_version":""},"yoast_head":"<!-- This site is optimized with the Yoast SEO Premium plugin v26.0 (Yoast SEO v27.4) - https:\/\/yoast.com\/product\/yoast-seo-premium-wordpress\/ -->\n<title>Burkina Faso : Rappel diplomatique en C\u00f4te d\u2019Ivoire, tensions au plus haut - Africa Daily Report<\/title>\n<meta name=\"robots\" content=\"index, follow, max-snippet:-1, max-image-preview:large, max-video-preview:-1\" \/>\n<link rel=\"canonical\" href=\"https:\/\/africadailyreport.com\/fr\/2024\/10\/08\/burkina-faso-rappel-diplomatique-en-cote-divoire-tensions-au-plus-haut\/\" \/>\n<meta property=\"og:locale\" content=\"fr_FR\" \/>\n<meta property=\"og:type\" content=\"article\" \/>\n<meta property=\"og:title\" content=\"Burkina Faso : Rappel diplomatique en C\u00f4te d\u2019Ivoire, tensions au plus haut\" \/>\n<meta property=\"og:description\" content=\"OUAGADOUGOU \u2014 Le Burkina Faso a ordonn\u00e9 le rappel de son personnel diplomatique en C\u00f4te d&rsquo;Ivoire, alimentant les sp\u00e9culations sur une d\u00e9t\u00e9rioration croissante des relations entre les deux voisins ouest-africains. Cette d\u00e9cision surprise marque un nouveau chapitre dans l&rsquo;escalade des tensions diplomatiques entre les deux pays. Le 30 septembre, Dieudonn\u00e9 D\u00e9sir\u00e9 Sougouri, directeur de cabinet [&hellip;]\" \/>\n<meta property=\"og:url\" content=\"https:\/\/africadailyreport.com\/fr\/2024\/10\/08\/burkina-faso-rappel-diplomatique-en-cote-divoire-tensions-au-plus-haut\/\" \/>\n<meta property=\"og:site_name\" content=\"Africa Daily Report\" \/>\n<meta property=\"article:publisher\" content=\"https:\/\/www.facebook.com\/africadailyreport\" \/>\n<meta property=\"article:published_time\" content=\"2024-10-08T04:24:17+00:00\" \/>\n<meta property=\"article:modified_time\" content=\"2024-10-27T14:48:50+00:00\" \/>\n<meta property=\"og:image\" content=\"https:\/\/africadailyreport.com\/wp-content\/uploads\/2024\/10\/image-6.png\" \/>\n\t<meta property=\"og:image:width\" content=\"780\" \/>\n\t<meta property=\"og:image:height\" content=\"440\" \/>\n\t<meta property=\"og:image:type\" content=\"image\/png\" \/>\n<meta name=\"author\" content=\"ADR\/AFP\" \/>\n<meta name=\"twitter:card\" content=\"summary_large_image\" \/>\n<meta name=\"twitter:creator\" content=\"@adr_africa\" \/>\n<meta name=\"twitter:site\" content=\"@adr_africa\" \/>\n<meta name=\"twitter:label1\" content=\"\u00c9crit par\" \/>\n\t<meta name=\"twitter:data1\" content=\"ADR\/AFP\" \/>\n\t<meta name=\"twitter:label2\" content=\"Dur\u00e9e de lecture estim\u00e9e\" \/>\n\t<meta name=\"twitter:data2\" content=\"3 minutes\" \/>\n<script type=\"application\/ld+json\" class=\"yoast-schema-graph\">{\"@context\":\"https:\\\/\\\/schema.org\",\"@graph\":[{\"@type\":\"Article\",\"@id\":\"https:\\\/\\\/africadailyreport.com\\\/fr\\\/2024\\\/10\\\/08\\\/burkina-faso-rappel-diplomatique-en-cote-divoire-tensions-au-plus-haut\\\/#article\",\"isPartOf\":{\"@id\":\"https:\\\/\\\/africadailyreport.com\\\/fr\\\/2024\\\/10\\\/08\\\/burkina-faso-rappel-diplomatique-en-cote-divoire-tensions-au-plus-haut\\\/\"},\"author\":{\"name\":\"ADR\\\/AFP\",\"@id\":\"https:\\\/\\\/africadailyreport.com\\\/fr\\\/#\\\/schema\\\/person\\\/c44d86d79f5570b3ba4cf70c989843f8\"},\"headline\":\"Burkina Faso : Rappel diplomatique en C\u00f4te d\u2019Ivoire, tensions au plus haut\",\"datePublished\":\"2024-10-08T04:24:17+00:00\",\"dateModified\":\"2024-10-27T14:48:50+00:00\",\"mainEntityOfPage\":{\"@id\":\"https:\\\/\\\/africadailyreport.com\\\/fr\\\/2024\\\/10\\\/08\\\/burkina-faso-rappel-diplomatique-en-cote-divoire-tensions-au-plus-haut\\\/\"},\"wordCount\":677,\"commentCount\":0,\"publisher\":{\"@id\":\"https:\\\/\\\/africadailyreport.com\\\/fr\\\/#organization\"},\"image\":{\"@id\":\"https:\\\/\\\/africadailyreport.com\\\/fr\\\/2024\\\/10\\\/08\\\/burkina-faso-rappel-diplomatique-en-cote-divoire-tensions-au-plus-haut\\\/#primaryimage\"},\"thumbnailUrl\":\"https:\\\/\\\/i0.wp.com\\\/africadailyreport.com\\\/wp-content\\\/uploads\\\/2024\\\/10\\\/image-6.png?fit=780%2C440&ssl=1\",\"keywords\":[\"Burkina Faso relations diplomatiques\",\"crise diplomatique afrique de l&#8217;ouest\",\"destabilisation burkina faso cote d&#8217;ivoire\",\"relations bilaterales afrique de l&#8217;ouest\",\"tensions burkina faso cote d&#8217;ivoire\",\"video\"],\"articleSection\":[\"Burkina Faso\",\"Culture\",\"Sports\"],\"inLanguage\":\"fr-FR\",\"potentialAction\":[{\"@type\":\"CommentAction\",\"name\":\"Comment\",\"target\":[\"https:\\\/\\\/africadailyreport.com\\\/fr\\\/2024\\\/10\\\/08\\\/burkina-faso-rappel-diplomatique-en-cote-divoire-tensions-au-plus-haut\\\/#respond\"]}],\"copyrightYear\":\"2024\",\"copyrightHolder\":{\"@id\":\"https:\\\/\\\/africadailyreport.com\\\/#organization\"}},{\"@type\":\"WebPage\",\"@id\":\"https:\\\/\\\/africadailyreport.com\\\/fr\\\/2024\\\/10\\\/08\\\/burkina-faso-rappel-diplomatique-en-cote-divoire-tensions-au-plus-haut\\\/\",\"url\":\"https:\\\/\\\/africadailyreport.com\\\/fr\\\/2024\\\/10\\\/08\\\/burkina-faso-rappel-diplomatique-en-cote-divoire-tensions-au-plus-haut\\\/\",\"name\":\"Burkina Faso : Rappel diplomatique en C\u00f4te d\u2019Ivoire, tensions au plus haut - Africa Daily Report\",\"isPartOf\":{\"@id\":\"https:\\\/\\\/africadailyreport.com\\\/fr\\\/#website\"},\"primaryImageOfPage\":{\"@id\":\"https:\\\/\\\/africadailyreport.com\\\/fr\\\/2024\\\/10\\\/08\\\/burkina-faso-rappel-diplomatique-en-cote-divoire-tensions-au-plus-haut\\\/#primaryimage\"},\"image\":{\"@id\":\"https:\\\/\\\/africadailyreport.com\\\/fr\\\/2024\\\/10\\\/08\\\/burkina-faso-rappel-diplomatique-en-cote-divoire-tensions-au-plus-haut\\\/#primaryimage\"},\"thumbnailUrl\":\"https:\\\/\\\/i0.wp.com\\\/africadailyreport.com\\\/wp-content\\\/uploads\\\/2024\\\/10\\\/image-6.png?fit=780%2C440&ssl=1\",\"datePublished\":\"2024-10-08T04:24:17+00:00\",\"dateModified\":\"2024-10-27T14:48:50+00:00\",\"breadcrumb\":{\"@id\":\"https:\\\/\\\/africadailyreport.com\\\/fr\\\/2024\\\/10\\\/08\\\/burkina-faso-rappel-diplomatique-en-cote-divoire-tensions-au-plus-haut\\\/#breadcrumb\"},\"inLanguage\":\"fr-FR\",\"potentialAction\":[{\"@type\":\"ReadAction\",\"target\":[\"https:\\\/\\\/africadailyreport.com\\\/fr\\\/2024\\\/10\\\/08\\\/burkina-faso-rappel-diplomatique-en-cote-divoire-tensions-au-plus-haut\\\/\"]}]},{\"@type\":\"ImageObject\",\"inLanguage\":\"fr-FR\",\"@id\":\"https:\\\/\\\/africadailyreport.com\\\/fr\\\/2024\\\/10\\\/08\\\/burkina-faso-rappel-diplomatique-en-cote-divoire-tensions-au-plus-haut\\\/#primaryimage\",\"url\":\"https:\\\/\\\/i0.wp.com\\\/africadailyreport.com\\\/wp-content\\\/uploads\\\/2024\\\/10\\\/image-6.png?fit=780%2C440&ssl=1\",\"contentUrl\":\"https:\\\/\\\/i0.wp.com\\\/africadailyreport.com\\\/wp-content\\\/uploads\\\/2024\\\/10\\\/image-6.png?fit=780%2C440&ssl=1\",\"width\":780,\"height\":440},{\"@type\":\"BreadcrumbList\",\"@id\":\"https:\\\/\\\/africadailyreport.com\\\/fr\\\/2024\\\/10\\\/08\\\/burkina-faso-rappel-diplomatique-en-cote-divoire-tensions-au-plus-haut\\\/#breadcrumb\",\"itemListElement\":[{\"@type\":\"ListItem\",\"position\":1,\"name\":\"Home\",\"item\":\"https:\\\/\\\/africadailyreport.com\\\/fr\\\/\"},{\"@type\":\"ListItem\",\"position\":2,\"name\":\"Burkina Faso : Rappel diplomatique en C\u00f4te d\u2019Ivoire, tensions au plus haut\"}]},{\"@type\":\"WebSite\",\"@id\":\"https:\\\/\\\/africadailyreport.com\\\/fr\\\/#website\",\"url\":\"https:\\\/\\\/africadailyreport.com\\\/fr\\\/\",\"name\":\"Africa Daily Report\",\"description\":\"\",\"publisher\":{\"@id\":\"https:\\\/\\\/africadailyreport.com\\\/fr\\\/#organization\"},\"potentialAction\":[{\"@type\":\"SearchAction\",\"target\":{\"@type\":\"EntryPoint\",\"urlTemplate\":\"https:\\\/\\\/africadailyreport.com\\\/fr\\\/?s={search_term_string}\"},\"query-input\":{\"@type\":\"PropertyValueSpecification\",\"valueRequired\":true,\"valueName\":\"search_term_string\"}}],\"inLanguage\":\"fr-FR\"},{\"@type\":\"Organization\",\"@id\":\"https:\\\/\\\/africadailyreport.com\\\/fr\\\/#organization\",\"name\":\"Africa Daily Report\",\"url\":\"https:\\\/\\\/africadailyreport.com\\\/fr\\\/\",\"logo\":{\"@type\":\"ImageObject\",\"inLanguage\":\"fr-FR\",\"@id\":\"https:\\\/\\\/africadailyreport.com\\\/fr\\\/#\\\/schema\\\/logo\\\/image\\\/\",\"url\":\"https:\\\/\\\/africadailyreport.com\\\/wp-content\\\/uploads\\\/2024\\\/09\\\/ADR-Transparent-Green-Logo-1.png\",\"contentUrl\":\"https:\\\/\\\/africadailyreport.com\\\/wp-content\\\/uploads\\\/2024\\\/09\\\/ADR-Transparent-Green-Logo-1.png\",\"width\":267,\"height\":185,\"caption\":\"Africa Daily Report\"},\"image\":{\"@id\":\"https:\\\/\\\/africadailyreport.com\\\/fr\\\/#\\\/schema\\\/logo\\\/image\\\/\"},\"sameAs\":[\"https:\\\/\\\/www.facebook.com\\\/africadailyreport\",\"https:\\\/\\\/x.com\\\/adr_africa\",\"https:\\\/\\\/www.youtube.com\\\/@africadailyreport\",\"https:\\\/\\\/instagram.com\\\/africadailyreport\"]},{\"@type\":\"Person\",\"@id\":\"https:\\\/\\\/africadailyreport.com\\\/fr\\\/#\\\/schema\\\/person\\\/c44d86d79f5570b3ba4cf70c989843f8\",\"name\":\"ADR\\\/AFP\",\"image\":{\"@type\":\"ImageObject\",\"inLanguage\":\"fr-FR\",\"@id\":\"https:\\\/\\\/secure.gravatar.com\\\/avatar\\\/2fbdc3782aa386b408fd9a36f0bc78ee569c94a7a05670cab3a1d72916408214?s=96&d=mm&r=g\",\"url\":\"https:\\\/\\\/secure.gravatar.com\\\/avatar\\\/2fbdc3782aa386b408fd9a36f0bc78ee569c94a7a05670cab3a1d72916408214?s=96&d=mm&r=g\",\"contentUrl\":\"https:\\\/\\\/secure.gravatar.com\\\/avatar\\\/2fbdc3782aa386b408fd9a36f0bc78ee569c94a7a05670cab3a1d72916408214?s=96&d=mm&r=g\",\"caption\":\"ADR\\\/AFP\"},\"sameAs\":[\"http:\\\/\\\/africadailyreport.com\"],\"url\":\"https:\\\/\\\/africadailyreport.com\\\/fr\\\/author\\\/both\\\/\"}]}<\/script>\n<!-- \/ Yoast SEO Premium plugin. -->","yoast_head_json":{"title":"Burkina Faso : Rappel diplomatique en C\u00f4te d\u2019Ivoire, tensions au plus haut - Africa Daily Report","robots":{"index":"index","follow":"follow","max-snippet":"max-snippet:-1","max-image-preview":"max-image-preview:large","max-video-preview":"max-video-preview:-1"},"canonical":"https:\/\/africadailyreport.com\/fr\/2024\/10\/08\/burkina-faso-rappel-diplomatique-en-cote-divoire-tensions-au-plus-haut\/","og_locale":"fr_FR","og_type":"article","og_title":"Burkina Faso : Rappel diplomatique en C\u00f4te d\u2019Ivoire, tensions au plus haut","og_description":"OUAGADOUGOU \u2014 Le Burkina Faso a ordonn\u00e9 le rappel de son personnel diplomatique en C\u00f4te d&rsquo;Ivoire, alimentant les sp\u00e9culations sur une d\u00e9t\u00e9rioration croissante des relations entre les deux voisins ouest-africains. Cette d\u00e9cision surprise marque un nouveau chapitre dans l&rsquo;escalade des tensions diplomatiques entre les deux pays. Le 30 septembre, Dieudonn\u00e9 D\u00e9sir\u00e9 Sougouri, directeur de cabinet [&hellip;]","og_url":"https:\/\/africadailyreport.com\/fr\/2024\/10\/08\/burkina-faso-rappel-diplomatique-en-cote-divoire-tensions-au-plus-haut\/","og_site_name":"Africa Daily Report","article_publisher":"https:\/\/www.facebook.com\/africadailyreport","article_published_time":"2024-10-08T04:24:17+00:00","article_modified_time":"2024-10-27T14:48:50+00:00","og_image":[{"width":780,"height":440,"url":"https:\/\/africadailyreport.com\/wp-content\/uploads\/2024\/10\/image-6.png","type":"image\/png"}],"author":"ADR\/AFP","twitter_card":"summary_large_image","twitter_creator":"@adr_africa","twitter_site":"@adr_africa","twitter_misc":{"\u00c9crit par":"ADR\/AFP","Dur\u00e9e de lecture estim\u00e9e":"3 minutes"},"schema":{"@context":"https:\/\/schema.org","@graph":[{"@type":"Article","@id":"https:\/\/africadailyreport.com\/fr\/2024\/10\/08\/burkina-faso-rappel-diplomatique-en-cote-divoire-tensions-au-plus-haut\/#article","isPartOf":{"@id":"https:\/\/africadailyreport.com\/fr\/2024\/10\/08\/burkina-faso-rappel-diplomatique-en-cote-divoire-tensions-au-plus-haut\/"},"author":{"name":"ADR\/AFP","@id":"https:\/\/africadailyreport.com\/fr\/#\/schema\/person\/c44d86d79f5570b3ba4cf70c989843f8"},"headline":"Burkina Faso : Rappel diplomatique en C\u00f4te d\u2019Ivoire, tensions au plus haut","datePublished":"2024-10-08T04:24:17+00:00","dateModified":"2024-10-27T14:48:50+00:00","mainEntityOfPage":{"@id":"https:\/\/africadailyreport.com\/fr\/2024\/10\/08\/burkina-faso-rappel-diplomatique-en-cote-divoire-tensions-au-plus-haut\/"},"wordCount":677,"commentCount":0,"publisher":{"@id":"https:\/\/africadailyreport.com\/fr\/#organization"},"image":{"@id":"https:\/\/africadailyreport.com\/fr\/2024\/10\/08\/burkina-faso-rappel-diplomatique-en-cote-divoire-tensions-au-plus-haut\/#primaryimage"},"thumbnailUrl":"https:\/\/i0.wp.com\/africadailyreport.com\/wp-content\/uploads\/2024\/10\/image-6.png?fit=780%2C440&ssl=1","keywords":["Burkina Faso relations diplomatiques","crise diplomatique afrique de l&#8217;ouest","destabilisation burkina faso cote d&#8217;ivoire","relations bilaterales afrique de l&#8217;ouest","tensions burkina faso cote d&#8217;ivoire","video"],"articleSection":["Burkina Faso","Culture","Sports"],"inLanguage":"fr-FR","potentialAction":[{"@type":"CommentAction","name":"Comment","target":["https:\/\/africadailyreport.com\/fr\/2024\/10\/08\/burkina-faso-rappel-diplomatique-en-cote-divoire-tensions-au-plus-haut\/#respond"]}],"copyrightYear":"2024","copyrightHolder":{"@id":"https:\/\/africadailyreport.com\/#organization"}},{"@type":"WebPage","@id":"https:\/\/africadailyreport.com\/fr\/2024\/10\/08\/burkina-faso-rappel-diplomatique-en-cote-divoire-tensions-au-plus-haut\/","url":"https:\/\/africadailyreport.com\/fr\/2024\/10\/08\/burkina-faso-rappel-diplomatique-en-cote-divoire-tensions-au-plus-haut\/","name":"Burkina Faso : Rappel diplomatique en C\u00f4te d\u2019Ivoire, tensions au plus haut - Africa Daily Report","isPartOf":{"@id":"https:\/\/africadailyreport.com\/fr\/#website"},"primaryImageOfPage":{"@id":"https:\/\/africadailyreport.com\/fr\/2024\/10\/08\/burkina-faso-rappel-diplomatique-en-cote-divoire-tensions-au-plus-haut\/#primaryimage"},"image":{"@id":"https:\/\/africadailyreport.com\/fr\/2024\/10\/08\/burkina-faso-rappel-diplomatique-en-cote-divoire-tensions-au-plus-haut\/#primaryimage"},"thumbnailUrl":"https:\/\/i0.wp.com\/africadailyreport.com\/wp-content\/uploads\/2024\/10\/image-6.png?fit=780%2C440&ssl=1","datePublished":"2024-10-08T04:24:17+00:00","dateModified":"2024-10-27T14:48:50+00:00","breadcrumb":{"@id":"https:\/\/africadailyreport.com\/fr\/2024\/10\/08\/burkina-faso-rappel-diplomatique-en-cote-divoire-tensions-au-plus-haut\/#breadcrumb"},"inLanguage":"fr-FR","potentialAction":[{"@type":"ReadAction","target":["https:\/\/africadailyreport.com\/fr\/2024\/10\/08\/burkina-faso-rappel-diplomatique-en-cote-divoire-tensions-au-plus-haut\/"]}]},{"@type":"ImageObject","inLanguage":"fr-FR","@id":"https:\/\/africadailyreport.com\/fr\/2024\/10\/08\/burkina-faso-rappel-diplomatique-en-cote-divoire-tensions-au-plus-haut\/#primaryimage","url":"https:\/\/i0.wp.com\/africadailyreport.com\/wp-content\/uploads\/2024\/10\/image-6.png?fit=780%2C440&ssl=1","contentUrl":"https:\/\/i0.wp.com\/africadailyreport.com\/wp-content\/uploads\/2024\/10\/image-6.png?fit=780%2C440&ssl=1","width":780,"height":440},{"@type":"BreadcrumbList","@id":"https:\/\/africadailyreport.com\/fr\/2024\/10\/08\/burkina-faso-rappel-diplomatique-en-cote-divoire-tensions-au-plus-haut\/#breadcrumb","itemListElement":[{"@type":"ListItem","position":1,"name":"Home","item":"https:\/\/africadailyreport.com\/fr\/"},{"@type":"ListItem","position":2,"name":"Burkina Faso : Rappel diplomatique en C\u00f4te d\u2019Ivoire, tensions au plus haut"}]},{"@type":"WebSite","@id":"https:\/\/africadailyreport.com\/fr\/#website","url":"https:\/\/africadailyreport.com\/fr\/","name":"Africa Daily Report","description":"","publisher":{"@id":"https:\/\/africadailyreport.com\/fr\/#organization"},"potentialAction":[{"@type":"SearchAction","target":{"@type":"EntryPoint","urlTemplate":"https:\/\/africadailyreport.com\/fr\/?s={search_term_string}"},"query-input":{"@type":"PropertyValueSpecification","valueRequired":true,"valueName":"search_term_string"}}],"inLanguage":"fr-FR"},{"@type":"Organization","@id":"https:\/\/africadailyreport.com\/fr\/#organization","name":"Africa Daily Report","url":"https:\/\/africadailyreport.com\/fr\/","logo":{"@type":"ImageObject","inLanguage":"fr-FR","@id":"https:\/\/africadailyreport.com\/fr\/#\/schema\/logo\/image\/","url":"https:\/\/africadailyreport.com\/wp-content\/uploads\/2024\/09\/ADR-Transparent-Green-Logo-1.png","contentUrl":"https:\/\/africadailyreport.com\/wp-content\/uploads\/2024\/09\/ADR-Transparent-Green-Logo-1.png","width":267,"height":185,"caption":"Africa Daily Report"},"image":{"@id":"https:\/\/africadailyreport.com\/fr\/#\/schema\/logo\/image\/"},"sameAs":["https:\/\/www.facebook.com\/africadailyreport","https:\/\/x.com\/adr_africa","https:\/\/www.youtube.com\/@africadailyreport","https:\/\/instagram.com\/africadailyreport"]},{"@type":"Person","@id":"https:\/\/africadailyreport.com\/fr\/#\/schema\/person\/c44d86d79f5570b3ba4cf70c989843f8","name":"ADR\/AFP","image":{"@type":"ImageObject","inLanguage":"fr-FR","@id":"https:\/\/secure.gravatar.com\/avatar\/2fbdc3782aa386b408fd9a36f0bc78ee569c94a7a05670cab3a1d72916408214?s=96&d=mm&r=g","url":"https:\/\/secure.gravatar.com\/avatar\/2fbdc3782aa386b408fd9a36f0bc78ee569c94a7a05670cab3a1d72916408214?s=96&d=mm&r=g","contentUrl":"https:\/\/secure.gravatar.com\/avatar\/2fbdc3782aa386b408fd9a36f0bc78ee569c94a7a05670cab3a1d72916408214?s=96&d=mm&r=g","caption":"ADR\/AFP"},"sameAs":["http:\/\/africadailyreport.com"],"url":"https:\/\/africadailyreport.com\/fr\/author\/both\/"}]}},"jetpack_featured_media_url":"https:\/\/i0.wp.com\/africadailyreport.com\/wp-content\/uploads\/2024\/10\/image-6.png?fit=780%2C440&ssl=1","jetpack_sharing_enabled":true,"amp_enabled":true,"_links":{"self":[{"href":"https:\/\/africadailyreport.com\/fr\/wp-json\/wp\/v2\/posts\/13092","targetHints":{"allow":["GET"]}}],"collection":[{"href":"https:\/\/africadailyreport.com\/fr\/wp-json\/wp\/v2\/posts"}],"about":[{"href":"https:\/\/africadailyreport.com\/fr\/wp-json\/wp\/v2\/types\/post"}],"author":[{"embeddable":true,"href":"https:\/\/africadailyreport.com\/fr\/wp-json\/wp\/v2\/users\/10"}],"replies":[{"embeddable":true,"href":"https:\/\/africadailyreport.com\/fr\/wp-json\/wp\/v2\/comments?post=13092"}],"version-history":[{"count":1,"href":"https:\/\/africadailyreport.com\/fr\/wp-json\/wp\/v2\/posts\/13092\/revisions"}],"predecessor-version":[{"id":13093,"href":"https:\/\/africadailyreport.com\/fr\/wp-json\/wp\/v2\/posts\/13092\/revisions\/13093"}],"wp:featuredmedia":[{"embeddable":true,"href":"https:\/\/africadailyreport.com\/fr\/wp-json\/wp\/v2\/media\/11695"}],"wp:attachment":[{"href":"https:\/\/africadailyreport.com\/fr\/wp-json\/wp\/v2\/media?parent=13092"}],"wp:term":[{"taxonomy":"category","embeddable":true,"href":"https:\/\/africadailyreport.com\/fr\/wp-json\/wp\/v2\/categories?post=13092"},{"taxonomy":"post_tag","embeddable":true,"href":"https:\/\/africadailyreport.com\/fr\/wp-json\/wp\/v2\/tags?post=13092"},{"taxonomy":"adr_country","embeddable":true,"href":"https:\/\/africadailyreport.com\/fr\/wp-json\/wp\/v2\/adr_country?post=13092"}],"curies":[{"name":"wp","href":"https:\/\/api.w.org\/{rel}","templated":true}]}}