{"id":13088,"date":"2024-10-15T01:25:00","date_gmt":"2024-10-15T01:25:00","guid":{"rendered":"https:\/\/africadailyreport.com\/2024\/10\/15\/litige-mbappe-psg-la-lfp-examine-lappel-du-club-mardi\/"},"modified":"2024-10-27T14:47:53","modified_gmt":"2024-10-27T14:47:53","slug":"litige-mbappe-psg-la-lfp-examine-lappel-du-club-mardi","status":"publish","type":"post","link":"https:\/\/africadailyreport.com\/fr\/2024\/10\/15\/litige-mbappe-psg-la-lfp-examine-lappel-du-club-mardi\/","title":{"rendered":"Litige Mbapp\u00e9\/PSG: la LFP examine l&rsquo;appel du club mardi"},"content":{"rendered":"\n<p class=\"\"><\/p>\n\n\n\n<figure class=\"wp-block-image size-large\"><img data-recalc-dims=\"1\" loading=\"lazy\" decoding=\"async\" width=\"696\" height=\"498\" src=\"https:\/\/i0.wp.com\/africadailyreport.com\/wp-content\/uploads\/2024\/10\/AFP__20241005__36JC9T3__v6__HighRes__TopshotFblEspLigaRealMadridVillarreal.jpg?resize=696%2C498&#038;ssl=1\" alt=\"\" class=\"wp-image-12131\" srcset=\"https:\/\/i0.wp.com\/africadailyreport.com\/wp-content\/uploads\/2024\/10\/AFP__20241005__36JC9T3__v6__HighRes__TopshotFblEspLigaRealMadridVillarreal-scaled.jpg?resize=1024%2C732&amp;ssl=1 1024w, https:\/\/i0.wp.com\/africadailyreport.com\/wp-content\/uploads\/2024\/10\/AFP__20241005__36JC9T3__v6__HighRes__TopshotFblEspLigaRealMadridVillarreal-scaled.jpg?resize=300%2C214&amp;ssl=1 300w, https:\/\/i0.wp.com\/africadailyreport.com\/wp-content\/uploads\/2024\/10\/AFP__20241005__36JC9T3__v6__HighRes__TopshotFblEspLigaRealMadridVillarreal-scaled.jpg?resize=768%2C549&amp;ssl=1 768w, https:\/\/i0.wp.com\/africadailyreport.com\/wp-content\/uploads\/2024\/10\/AFP__20241005__36JC9T3__v6__HighRes__TopshotFblEspLigaRealMadridVillarreal-scaled.jpg?resize=1536%2C1098&amp;ssl=1 1536w, https:\/\/i0.wp.com\/africadailyreport.com\/wp-content\/uploads\/2024\/10\/AFP__20241005__36JC9T3__v6__HighRes__TopshotFblEspLigaRealMadridVillarreal-scaled.jpg?resize=2048%2C1464&amp;ssl=1 2048w, https:\/\/i0.wp.com\/africadailyreport.com\/wp-content\/uploads\/2024\/10\/AFP__20241005__36JC9T3__v6__HighRes__TopshotFblEspLigaRealMadridVillarreal-scaled.jpg?resize=588%2C420&amp;ssl=1 588w, https:\/\/i0.wp.com\/africadailyreport.com\/wp-content\/uploads\/2024\/10\/AFP__20241005__36JC9T3__v6__HighRes__TopshotFblEspLigaRealMadridVillarreal-scaled.jpg?resize=150%2C107&amp;ssl=1 150w, https:\/\/i0.wp.com\/africadailyreport.com\/wp-content\/uploads\/2024\/10\/AFP__20241005__36JC9T3__v6__HighRes__TopshotFblEspLigaRealMadridVillarreal-scaled.jpg?resize=696%2C497&amp;ssl=1 696w, https:\/\/i0.wp.com\/africadailyreport.com\/wp-content\/uploads\/2024\/10\/AFP__20241005__36JC9T3__v6__HighRes__TopshotFblEspLigaRealMadridVillarreal-scaled.jpg?resize=1068%2C763&amp;ssl=1 1068w, https:\/\/i0.wp.com\/africadailyreport.com\/wp-content\/uploads\/2024\/10\/AFP__20241005__36JC9T3__v6__HighRes__TopshotFblEspLigaRealMadridVillarreal-scaled.jpg?resize=1920%2C1372&amp;ssl=1 1920w, https:\/\/i0.wp.com\/africadailyreport.com\/wp-content\/uploads\/2024\/10\/AFP__20241005__36JC9T3__v6__HighRes__TopshotFblEspLigaRealMadridVillarreal-scaled.jpg?resize=100%2C70&amp;ssl=1 100w, https:\/\/i0.wp.com\/africadailyreport.com\/wp-content\/uploads\/2024\/10\/AFP__20241005__36JC9T3__v6__HighRes__TopshotFblEspLigaRealMadridVillarreal-scaled.jpg?w=1392&amp;ssl=1 1392w\" sizes=\"auto, (max-width: 696px) 100vw, 696px\" \/><figcaption class=\"wp-element-caption\">Real Madrid&rsquo;s French forward #09 Kylian Mbappe challenges Villarreal&rsquo;s Spanish goalkeeper #13 Diego Conde during the Spanish league football match between Real Madrid CF and Villarreal CF at the Santiago Bernabeu stadium in Madrid on October 5, 2024. (Photo by OSCAR DEL POZO \/ AFP)<\/figcaption><\/figure>\n\n\n\n<p class=\"\">Le PSG et Kylian Mbapp\u00e9 ont rendez-vous devant la commission paritaire des recours de la Ligue de football professionnel (LFP) mardi \u00e0 15h00 apr\u00e8s l&rsquo;appel du club parisien dans l&rsquo;affaire des 55 millions d&rsquo;euros de salaires impay\u00e9s et autres primes que lui r\u00e9clame son ancienne star.<\/p>\n\n\n\n<p class=\"\">Cette audience a fait l&rsquo;objet lundi d&rsquo;une nouvelle passe d&rsquo;armes entre le joueur et son ancien club par r\u00e9seaux sociaux et communiqu\u00e9 interpos\u00e9s \u00e0 la suite d&rsquo;un article du quotidien su\u00e9dois Aftonbladet. Selon le m\u00e9dia, une enqu\u00eate pour viol a \u00e9t\u00e9 ouverte par la police su\u00e9doise apr\u00e8s le passage de Mbapp\u00e9 avec son entourage \u00e0 Stockholm, la semaine pass\u00e9e.<\/p>\n\n\n\n<p class=\"\">Un autre journal su\u00e9dois, Expressen, a affirm\u00e9 que Mbapp\u00e9 \u00e9tait directement vis\u00e9 par une enqu\u00eate pour \u00ab\u00a0viol et agression sexuelle\u00a0\u00bb et consid\u00e9r\u00e9 comme \u00ab\u00a0raisonnablement suspect\u00a0\u00bb, soit le degr\u00e9 de suspicion le plus faible pr\u00e9vu par la l\u00e9gislation su\u00e9doise.<\/p>\n\n\n\n<p class=\"\">\u00ab\u00a0FAKE NEWS !!!! \u00c7a en devient tellement pr\u00e9visible, veille d&rsquo;audience comme par hasard\u00a0\u00bb, s&rsquo;est insurg\u00e9 le joueur du Real Madrid sur le r\u00e9seau social X, \u00e9tablissant un lien entre l&rsquo;article d&rsquo;Aftonbladet et l&rsquo;audience de mardi.<\/p>\n\n\n\n<p class=\"\">A la question de savoir s&rsquo;ils avaient connaissance d&rsquo;une plainte \u00e0 l&rsquo;encontre du joueur, son entourage a r\u00e9pondu \u00ab\u00a0non\u00a0\u00bb \u00e0 l&rsquo;AFP, et ajout\u00e9 dans un communiqu\u00e9: \u00ab\u00a0Ces accusations sont totalement fausses et irresponsables, et leur propagation est inacceptable\u00a0\u00bb.<\/p>\n\n\n\n<p class=\"\">Indirectement mis en cause par le joueur, le Paris SG a pr\u00e9f\u00e9r\u00e9 \u00ab\u00a0l&rsquo;ignorer et garder sa classe et sa dignit\u00e9\u00a0\u00bb, a confi\u00e9 \u00e0 l&rsquo;AFP une source proche du club.<\/p>\n\n\n\n<p class=\"\">La LFP a enjoint le PSG \u00e0 verser 55 millions d&rsquo;euros d&rsquo;impay\u00e9s \u00e0 Kylian Mbapp\u00e9, parti cet \u00e9t\u00e9 au Real Madrid.<\/p>\n\n\n\n<p class=\"\">Saisie par l&rsquo;attaquant star des Bleus, la commission juridique de la LFP avait pr\u00e9conis\u00e9 le mois dernier une m\u00e9diation mais, face au refus du joueur, elle a demand\u00e9 dans la foul\u00e9e au PSG de payer les 55 millions sous huitaine, une d\u00e9cision contre laquelle le PSG a fait appel.<\/p>\n\n\n\n<p class=\"\">La commission des recours de la LFP, compos\u00e9e de deux membres du syndicat des joueurs (UNFP), de deux membres de celui des clubs (Foot Unis), d&rsquo;un pr\u00e9sident ind\u00e9pendant, le magistrat Vincent Reynaud, et d&rsquo;un juge d\u00e9partiteur, peut confirmer ou infirmer cette d\u00e9cision.<\/p>\n\n\n\n<h2 class=\"wp-block-heading\">&#8211; Accord valide ou accord occulte ? &#8211;<\/h2>\n\n\n\n<p class=\"\">Si elle venait \u00e0 infirmer la premi\u00e8re d\u00e9cision de la LFP, la commission paritaire aurait plusieurs possibilit\u00e9s devant elle, notamment celle de rejuger int\u00e9gralement le litige elle-m\u00eame, ou de le renvoyer devant la commission juridique, comme un retour \u00e0 la case d\u00e9part.<\/p>\n\n\n\n<p class=\"\">Si la d\u00e9cision de la commission paritaire peut \u00eatre prise d\u00e8s apr\u00e8s l&rsquo;audition des deux parties, il faut en g\u00e9n\u00e9ral quelques jours pour en r\u00e9diger ses conclusions.<\/p>\n\n\n\n<p class=\"\">En fonction de ce que d\u00e9cidera cette commission paritaire, plusieurs autres recours sont possibles: aupr\u00e8s de la F\u00e9d\u00e9ration fran\u00e7aise de football (FFF), dont d\u00e9pend la commission sup\u00e9rieure d&rsquo;appel, puis devant un tribunal administratif avec une conciliation devant le Comit\u00e9 national olympique et sportif fran\u00e7ais (CNOSF) ou devant le conseil de prud&rsquo;hommes.<\/p>\n\n\n\n<p class=\"\">Le litige entre le PSG et Kylian Mbapp\u00e9 trouve sa source dans le statut d&rsquo;un accord pass\u00e9 au c\u0153ur du mois d&rsquo;ao\u00fbt 2023, alors que l&rsquo;attaquant fran\u00e7ais \u00e9tait mis \u00e0 l&rsquo;\u00e9cart de l&rsquo;\u00e9quipe pour avoir refus\u00e9 de prolonger au PSG (cette prolongation aurait garanti au club de toucher l&rsquo;argent d&rsquo;un transfert alors que Mbapp\u00e9 s&rsquo;est engag\u00e9 libre avec le Real Madrid au terme de la saison 2023-24).<\/p>\n\n\n\n<p class=\"\">Dans cet accord, le joueur s&rsquo;engageait \u00e0 renoncer \u00e0 55 millions de primes diverses s&rsquo;il venait \u00e0 partir libre en fin de saison &#8211; ce qu&rsquo;il a donc fait.<\/p>\n\n\n\n<p class=\"\">Mais la validit\u00e9 de cet accord, que le joueur lui-m\u00eame a \u00e9voqu\u00e9 publiquement face aux journalistes en janvier dernier, est contest\u00e9e par le camp Mbapp\u00e9. Dans son entourage, on parle d&rsquo;un \u00ab\u00a0accord occulte\u00a0\u00bb.<\/p>\n\n\n\n<p class=\"\">Kylian Mbapp\u00e9 demande le versement d&rsquo;une somme de 55 millions d&rsquo;euros qui comprend l&rsquo;ultime tiers d&rsquo;une prime \u00e0 la signature (36&nbsp;millions d&rsquo;euros&nbsp;brut) que le joueur \u00e9tait cens\u00e9 toucher en f\u00e9vrier, les trois derniers mois de salaires pr\u00e9vus dans son contrat (avril, mai, juin), ainsi qu&rsquo;une prime d&rsquo;\u00e9thique sur ces trois mois.<\/p>\n\n\n\n<p class=\"\"><\/p>\n\n\n\n<p class=\"\">\u00a9 2024 &#8211; ADR \/ AFP<\/p>\n","protected":false},"excerpt":{"rendered":"<p>Le PSG et Kylian Mbapp\u00e9 ont rendez-vous devant la commission paritaire des recours de la Ligue de football professionnel (LFP) mardi \u00e0 15h00 apr\u00e8s l&rsquo;appel du club parisien dans l&rsquo;affaire des 55 millions d&rsquo;euros de salaires impay\u00e9s et autres primes que lui r\u00e9clame son ancienne star. Cette audience a fait l&rsquo;objet lundi d&rsquo;une nouvelle passe [&hellip;]<\/p>\n","protected":false},"author":10,"featured_media":12132,"comment_status":"open","ping_status":"open","sticky":false,"template":"","format":"standard","meta":{"_acf_changed":false,"om_disable_all_campaigns":false,"_monsterinsights_skip_tracking":false,"_monsterinsights_sitenote_active":false,"_monsterinsights_sitenote_note":"","_monsterinsights_sitenote_category":0,"tdm_status":"","tdm_grid_status":"","_jetpack_newsletter_access":"","_jetpack_dont_email_post_to_subs":false,"_jetpack_newsletter_tier_id":0,"_jetpack_memberships_contains_paywalled_content":false,"_jetpack_memberships_contains_paid_content":false,"footnotes":""},"categories":[885],"tags":[919,926,812,931,932,933,915,934],"adr_country":[],"class_list":{"0":"post-13088","1":"post","2":"type-post","3":"status-publish","4":"format-standard","5":"has-post-thumbnail","7":"category-sports-fr","8":"tag-foot-fr","9":"tag-fral1-fr","10":"tag-france-fr","11":"tag-mbappe-fr","12":"tag-paris-fr","13":"tag-psg-fr","14":"tag-sport-fr","15":"tag-travail-fr"},"acf":{"post_version":""},"yoast_head":"<!-- This site is optimized with the Yoast SEO Premium plugin v26.0 (Yoast SEO v27.4) - https:\/\/yoast.com\/product\/yoast-seo-premium-wordpress\/ -->\n<title>Litige Mbapp\u00e9\/PSG: la LFP examine l&#039;appel du club mardi - Africa Daily Report<\/title>\n<meta name=\"robots\" content=\"index, follow, max-snippet:-1, max-image-preview:large, max-video-preview:-1\" \/>\n<link rel=\"canonical\" href=\"https:\/\/africadailyreport.com\/fr\/2024\/10\/15\/litige-mbappe-psg-la-lfp-examine-lappel-du-club-mardi\/\" \/>\n<meta property=\"og:locale\" content=\"fr_FR\" \/>\n<meta property=\"og:type\" content=\"article\" \/>\n<meta property=\"og:title\" content=\"Litige Mbapp\u00e9\/PSG: la LFP examine l&#039;appel du club mardi\" \/>\n<meta property=\"og:description\" content=\"Le PSG et Kylian Mbapp\u00e9 ont rendez-vous devant la commission paritaire des recours de la Ligue de football professionnel (LFP) mardi \u00e0 15h00 apr\u00e8s l&rsquo;appel du club parisien dans l&rsquo;affaire des 55 millions d&rsquo;euros de salaires impay\u00e9s et autres primes que lui r\u00e9clame son ancienne star. Cette audience a fait l&rsquo;objet lundi d&rsquo;une nouvelle passe [&hellip;]\" \/>\n<meta property=\"og:url\" content=\"https:\/\/africadailyreport.com\/fr\/2024\/10\/15\/litige-mbappe-psg-la-lfp-examine-lappel-du-club-mardi\/\" \/>\n<meta property=\"og:site_name\" content=\"Africa Daily Report\" \/>\n<meta property=\"article:publisher\" content=\"https:\/\/www.facebook.com\/africadailyreport\" \/>\n<meta property=\"article:published_time\" content=\"2024-10-15T01:25:00+00:00\" \/>\n<meta property=\"article:modified_time\" content=\"2024-10-27T14:47:53+00:00\" \/>\n<meta property=\"og:image\" content=\"https:\/\/africadailyreport.com\/wp-content\/uploads\/2024\/10\/AFP__20241005__36JC9T3__v6__HighRes__TopshotFblEspLigaRealMadridVillarreal-scaled.jpg\" \/>\n\t<meta property=\"og:image:width\" content=\"2560\" \/>\n\t<meta property=\"og:image:height\" content=\"1830\" \/>\n\t<meta property=\"og:image:type\" content=\"image\/jpeg\" \/>\n<meta name=\"author\" content=\"ADR\/AFP\" \/>\n<meta name=\"twitter:card\" content=\"summary_large_image\" \/>\n<meta name=\"twitter:creator\" content=\"@adr_africa\" \/>\n<meta name=\"twitter:site\" content=\"@adr_africa\" \/>\n<meta name=\"twitter:label1\" content=\"\u00c9crit par\" \/>\n\t<meta name=\"twitter:data1\" content=\"ADR\/AFP\" \/>\n\t<meta name=\"twitter:label2\" content=\"Dur\u00e9e de lecture estim\u00e9e\" \/>\n\t<meta name=\"twitter:data2\" content=\"4 minutes\" \/>\n<script type=\"application\/ld+json\" class=\"yoast-schema-graph\">{\"@context\":\"https:\\\/\\\/schema.org\",\"@graph\":[{\"@type\":\"Article\",\"@id\":\"https:\\\/\\\/africadailyreport.com\\\/fr\\\/2024\\\/10\\\/15\\\/litige-mbappe-psg-la-lfp-examine-lappel-du-club-mardi\\\/#article\",\"isPartOf\":{\"@id\":\"https:\\\/\\\/africadailyreport.com\\\/fr\\\/2024\\\/10\\\/15\\\/litige-mbappe-psg-la-lfp-examine-lappel-du-club-mardi\\\/\"},\"author\":{\"name\":\"ADR\\\/AFP\",\"@id\":\"https:\\\/\\\/africadailyreport.com\\\/fr\\\/#\\\/schema\\\/person\\\/c44d86d79f5570b3ba4cf70c989843f8\"},\"headline\":\"Litige Mbapp\u00e9\\\/PSG: la LFP examine l&rsquo;appel du club mardi\",\"datePublished\":\"2024-10-15T01:25:00+00:00\",\"dateModified\":\"2024-10-27T14:47:53+00:00\",\"mainEntityOfPage\":{\"@id\":\"https:\\\/\\\/africadailyreport.com\\\/fr\\\/2024\\\/10\\\/15\\\/litige-mbappe-psg-la-lfp-examine-lappel-du-club-mardi\\\/\"},\"wordCount\":805,\"commentCount\":0,\"publisher\":{\"@id\":\"https:\\\/\\\/africadailyreport.com\\\/fr\\\/#organization\"},\"image\":{\"@id\":\"https:\\\/\\\/africadailyreport.com\\\/fr\\\/2024\\\/10\\\/15\\\/litige-mbappe-psg-la-lfp-examine-lappel-du-club-mardi\\\/#primaryimage\"},\"thumbnailUrl\":\"https:\\\/\\\/i0.wp.com\\\/africadailyreport.com\\\/wp-content\\\/uploads\\\/2024\\\/10\\\/AFP__20241005__36JC9T3__v6__HighRes__TopshotFblEspLigaRealMadridVillarreal-scaled.jpg?fit=2560%2C1830&ssl=1\",\"keywords\":[\"foot\",\"fral1\",\"france\",\"mbapp\u00e9\",\"paris\",\"psg\",\"sport\",\"travail\"],\"articleSection\":[\"Sports\"],\"inLanguage\":\"fr-FR\",\"potentialAction\":[{\"@type\":\"CommentAction\",\"name\":\"Comment\",\"target\":[\"https:\\\/\\\/africadailyreport.com\\\/fr\\\/2024\\\/10\\\/15\\\/litige-mbappe-psg-la-lfp-examine-lappel-du-club-mardi\\\/#respond\"]}],\"copyrightYear\":\"2024\",\"copyrightHolder\":{\"@id\":\"https:\\\/\\\/africadailyreport.com\\\/#organization\"}},{\"@type\":\"WebPage\",\"@id\":\"https:\\\/\\\/africadailyreport.com\\\/fr\\\/2024\\\/10\\\/15\\\/litige-mbappe-psg-la-lfp-examine-lappel-du-club-mardi\\\/\",\"url\":\"https:\\\/\\\/africadailyreport.com\\\/fr\\\/2024\\\/10\\\/15\\\/litige-mbappe-psg-la-lfp-examine-lappel-du-club-mardi\\\/\",\"name\":\"Litige Mbapp\u00e9\\\/PSG: la LFP examine l'appel du club mardi - Africa Daily Report\",\"isPartOf\":{\"@id\":\"https:\\\/\\\/africadailyreport.com\\\/fr\\\/#website\"},\"primaryImageOfPage\":{\"@id\":\"https:\\\/\\\/africadailyreport.com\\\/fr\\\/2024\\\/10\\\/15\\\/litige-mbappe-psg-la-lfp-examine-lappel-du-club-mardi\\\/#primaryimage\"},\"image\":{\"@id\":\"https:\\\/\\\/africadailyreport.com\\\/fr\\\/2024\\\/10\\\/15\\\/litige-mbappe-psg-la-lfp-examine-lappel-du-club-mardi\\\/#primaryimage\"},\"thumbnailUrl\":\"https:\\\/\\\/i0.wp.com\\\/africadailyreport.com\\\/wp-content\\\/uploads\\\/2024\\\/10\\\/AFP__20241005__36JC9T3__v6__HighRes__TopshotFblEspLigaRealMadridVillarreal-scaled.jpg?fit=2560%2C1830&ssl=1\",\"datePublished\":\"2024-10-15T01:25:00+00:00\",\"dateModified\":\"2024-10-27T14:47:53+00:00\",\"breadcrumb\":{\"@id\":\"https:\\\/\\\/africadailyreport.com\\\/fr\\\/2024\\\/10\\\/15\\\/litige-mbappe-psg-la-lfp-examine-lappel-du-club-mardi\\\/#breadcrumb\"},\"inLanguage\":\"fr-FR\",\"potentialAction\":[{\"@type\":\"ReadAction\",\"target\":[\"https:\\\/\\\/africadailyreport.com\\\/fr\\\/2024\\\/10\\\/15\\\/litige-mbappe-psg-la-lfp-examine-lappel-du-club-mardi\\\/\"]}]},{\"@type\":\"ImageObject\",\"inLanguage\":\"fr-FR\",\"@id\":\"https:\\\/\\\/africadailyreport.com\\\/fr\\\/2024\\\/10\\\/15\\\/litige-mbappe-psg-la-lfp-examine-lappel-du-club-mardi\\\/#primaryimage\",\"url\":\"https:\\\/\\\/i0.wp.com\\\/africadailyreport.com\\\/wp-content\\\/uploads\\\/2024\\\/10\\\/AFP__20241005__36JC9T3__v6__HighRes__TopshotFblEspLigaRealMadridVillarreal-scaled.jpg?fit=2560%2C1830&ssl=1\",\"contentUrl\":\"https:\\\/\\\/i0.wp.com\\\/africadailyreport.com\\\/wp-content\\\/uploads\\\/2024\\\/10\\\/AFP__20241005__36JC9T3__v6__HighRes__TopshotFblEspLigaRealMadridVillarreal-scaled.jpg?fit=2560%2C1830&ssl=1\",\"width\":2560,\"height\":1830,\"caption\":\"Real Madrid's French forward #09 Kylian Mbappe challenges Villarreal's Spanish goalkeeper #13 Diego Conde during the Spanish league football match between Real Madrid CF and Villarreal CF at the Santiago Bernabeu stadium in Madrid on October 5, 2024. (Photo by OSCAR DEL POZO \\\/ AFP)\"},{\"@type\":\"BreadcrumbList\",\"@id\":\"https:\\\/\\\/africadailyreport.com\\\/fr\\\/2024\\\/10\\\/15\\\/litige-mbappe-psg-la-lfp-examine-lappel-du-club-mardi\\\/#breadcrumb\",\"itemListElement\":[{\"@type\":\"ListItem\",\"position\":1,\"name\":\"Home\",\"item\":\"https:\\\/\\\/africadailyreport.com\\\/fr\\\/\"},{\"@type\":\"ListItem\",\"position\":2,\"name\":\"Litige Mbapp\u00e9\\\/PSG: la LFP examine l&#8217;appel du club mardi\"}]},{\"@type\":\"WebSite\",\"@id\":\"https:\\\/\\\/africadailyreport.com\\\/fr\\\/#website\",\"url\":\"https:\\\/\\\/africadailyreport.com\\\/fr\\\/\",\"name\":\"Africa Daily Report\",\"description\":\"\",\"publisher\":{\"@id\":\"https:\\\/\\\/africadailyreport.com\\\/fr\\\/#organization\"},\"potentialAction\":[{\"@type\":\"SearchAction\",\"target\":{\"@type\":\"EntryPoint\",\"urlTemplate\":\"https:\\\/\\\/africadailyreport.com\\\/fr\\\/?s={search_term_string}\"},\"query-input\":{\"@type\":\"PropertyValueSpecification\",\"valueRequired\":true,\"valueName\":\"search_term_string\"}}],\"inLanguage\":\"fr-FR\"},{\"@type\":\"Organization\",\"@id\":\"https:\\\/\\\/africadailyreport.com\\\/fr\\\/#organization\",\"name\":\"Africa Daily Report\",\"url\":\"https:\\\/\\\/africadailyreport.com\\\/fr\\\/\",\"logo\":{\"@type\":\"ImageObject\",\"inLanguage\":\"fr-FR\",\"@id\":\"https:\\\/\\\/africadailyreport.com\\\/fr\\\/#\\\/schema\\\/logo\\\/image\\\/\",\"url\":\"https:\\\/\\\/africadailyreport.com\\\/wp-content\\\/uploads\\\/2024\\\/09\\\/ADR-Transparent-Green-Logo-1.png\",\"contentUrl\":\"https:\\\/\\\/africadailyreport.com\\\/wp-content\\\/uploads\\\/2024\\\/09\\\/ADR-Transparent-Green-Logo-1.png\",\"width\":267,\"height\":185,\"caption\":\"Africa Daily Report\"},\"image\":{\"@id\":\"https:\\\/\\\/africadailyreport.com\\\/fr\\\/#\\\/schema\\\/logo\\\/image\\\/\"},\"sameAs\":[\"https:\\\/\\\/www.facebook.com\\\/africadailyreport\",\"https:\\\/\\\/x.com\\\/adr_africa\",\"https:\\\/\\\/www.youtube.com\\\/@africadailyreport\",\"https:\\\/\\\/instagram.com\\\/africadailyreport\"]},{\"@type\":\"Person\",\"@id\":\"https:\\\/\\\/africadailyreport.com\\\/fr\\\/#\\\/schema\\\/person\\\/c44d86d79f5570b3ba4cf70c989843f8\",\"name\":\"ADR\\\/AFP\",\"image\":{\"@type\":\"ImageObject\",\"inLanguage\":\"fr-FR\",\"@id\":\"https:\\\/\\\/secure.gravatar.com\\\/avatar\\\/2fbdc3782aa386b408fd9a36f0bc78ee569c94a7a05670cab3a1d72916408214?s=96&d=mm&r=g\",\"url\":\"https:\\\/\\\/secure.gravatar.com\\\/avatar\\\/2fbdc3782aa386b408fd9a36f0bc78ee569c94a7a05670cab3a1d72916408214?s=96&d=mm&r=g\",\"contentUrl\":\"https:\\\/\\\/secure.gravatar.com\\\/avatar\\\/2fbdc3782aa386b408fd9a36f0bc78ee569c94a7a05670cab3a1d72916408214?s=96&d=mm&r=g\",\"caption\":\"ADR\\\/AFP\"},\"sameAs\":[\"http:\\\/\\\/africadailyreport.com\"],\"url\":\"https:\\\/\\\/africadailyreport.com\\\/fr\\\/author\\\/both\\\/\"}]}<\/script>\n<!-- \/ Yoast SEO Premium plugin. -->","yoast_head_json":{"title":"Litige Mbapp\u00e9\/PSG: la LFP examine l'appel du club mardi - Africa Daily Report","robots":{"index":"index","follow":"follow","max-snippet":"max-snippet:-1","max-image-preview":"max-image-preview:large","max-video-preview":"max-video-preview:-1"},"canonical":"https:\/\/africadailyreport.com\/fr\/2024\/10\/15\/litige-mbappe-psg-la-lfp-examine-lappel-du-club-mardi\/","og_locale":"fr_FR","og_type":"article","og_title":"Litige Mbapp\u00e9\/PSG: la LFP examine l'appel du club mardi","og_description":"Le PSG et Kylian Mbapp\u00e9 ont rendez-vous devant la commission paritaire des recours de la Ligue de football professionnel (LFP) mardi \u00e0 15h00 apr\u00e8s l&rsquo;appel du club parisien dans l&rsquo;affaire des 55 millions d&rsquo;euros de salaires impay\u00e9s et autres primes que lui r\u00e9clame son ancienne star. Cette audience a fait l&rsquo;objet lundi d&rsquo;une nouvelle passe [&hellip;]","og_url":"https:\/\/africadailyreport.com\/fr\/2024\/10\/15\/litige-mbappe-psg-la-lfp-examine-lappel-du-club-mardi\/","og_site_name":"Africa Daily Report","article_publisher":"https:\/\/www.facebook.com\/africadailyreport","article_published_time":"2024-10-15T01:25:00+00:00","article_modified_time":"2024-10-27T14:47:53+00:00","og_image":[{"width":2560,"height":1830,"url":"https:\/\/africadailyreport.com\/wp-content\/uploads\/2024\/10\/AFP__20241005__36JC9T3__v6__HighRes__TopshotFblEspLigaRealMadridVillarreal-scaled.jpg","type":"image\/jpeg"}],"author":"ADR\/AFP","twitter_card":"summary_large_image","twitter_creator":"@adr_africa","twitter_site":"@adr_africa","twitter_misc":{"\u00c9crit par":"ADR\/AFP","Dur\u00e9e de lecture estim\u00e9e":"4 minutes"},"schema":{"@context":"https:\/\/schema.org","@graph":[{"@type":"Article","@id":"https:\/\/africadailyreport.com\/fr\/2024\/10\/15\/litige-mbappe-psg-la-lfp-examine-lappel-du-club-mardi\/#article","isPartOf":{"@id":"https:\/\/africadailyreport.com\/fr\/2024\/10\/15\/litige-mbappe-psg-la-lfp-examine-lappel-du-club-mardi\/"},"author":{"name":"ADR\/AFP","@id":"https:\/\/africadailyreport.com\/fr\/#\/schema\/person\/c44d86d79f5570b3ba4cf70c989843f8"},"headline":"Litige Mbapp\u00e9\/PSG: la LFP examine l&rsquo;appel du club mardi","datePublished":"2024-10-15T01:25:00+00:00","dateModified":"2024-10-27T14:47:53+00:00","mainEntityOfPage":{"@id":"https:\/\/africadailyreport.com\/fr\/2024\/10\/15\/litige-mbappe-psg-la-lfp-examine-lappel-du-club-mardi\/"},"wordCount":805,"commentCount":0,"publisher":{"@id":"https:\/\/africadailyreport.com\/fr\/#organization"},"image":{"@id":"https:\/\/africadailyreport.com\/fr\/2024\/10\/15\/litige-mbappe-psg-la-lfp-examine-lappel-du-club-mardi\/#primaryimage"},"thumbnailUrl":"https:\/\/i0.wp.com\/africadailyreport.com\/wp-content\/uploads\/2024\/10\/AFP__20241005__36JC9T3__v6__HighRes__TopshotFblEspLigaRealMadridVillarreal-scaled.jpg?fit=2560%2C1830&ssl=1","keywords":["foot","fral1","france","mbapp\u00e9","paris","psg","sport","travail"],"articleSection":["Sports"],"inLanguage":"fr-FR","potentialAction":[{"@type":"CommentAction","name":"Comment","target":["https:\/\/africadailyreport.com\/fr\/2024\/10\/15\/litige-mbappe-psg-la-lfp-examine-lappel-du-club-mardi\/#respond"]}],"copyrightYear":"2024","copyrightHolder":{"@id":"https:\/\/africadailyreport.com\/#organization"}},{"@type":"WebPage","@id":"https:\/\/africadailyreport.com\/fr\/2024\/10\/15\/litige-mbappe-psg-la-lfp-examine-lappel-du-club-mardi\/","url":"https:\/\/africadailyreport.com\/fr\/2024\/10\/15\/litige-mbappe-psg-la-lfp-examine-lappel-du-club-mardi\/","name":"Litige Mbapp\u00e9\/PSG: la LFP examine l'appel du club mardi - Africa Daily Report","isPartOf":{"@id":"https:\/\/africadailyreport.com\/fr\/#website"},"primaryImageOfPage":{"@id":"https:\/\/africadailyreport.com\/fr\/2024\/10\/15\/litige-mbappe-psg-la-lfp-examine-lappel-du-club-mardi\/#primaryimage"},"image":{"@id":"https:\/\/africadailyreport.com\/fr\/2024\/10\/15\/litige-mbappe-psg-la-lfp-examine-lappel-du-club-mardi\/#primaryimage"},"thumbnailUrl":"https:\/\/i0.wp.com\/africadailyreport.com\/wp-content\/uploads\/2024\/10\/AFP__20241005__36JC9T3__v6__HighRes__TopshotFblEspLigaRealMadridVillarreal-scaled.jpg?fit=2560%2C1830&ssl=1","datePublished":"2024-10-15T01:25:00+00:00","dateModified":"2024-10-27T14:47:53+00:00","breadcrumb":{"@id":"https:\/\/africadailyreport.com\/fr\/2024\/10\/15\/litige-mbappe-psg-la-lfp-examine-lappel-du-club-mardi\/#breadcrumb"},"inLanguage":"fr-FR","potentialAction":[{"@type":"ReadAction","target":["https:\/\/africadailyreport.com\/fr\/2024\/10\/15\/litige-mbappe-psg-la-lfp-examine-lappel-du-club-mardi\/"]}]},{"@type":"ImageObject","inLanguage":"fr-FR","@id":"https:\/\/africadailyreport.com\/fr\/2024\/10\/15\/litige-mbappe-psg-la-lfp-examine-lappel-du-club-mardi\/#primaryimage","url":"https:\/\/i0.wp.com\/africadailyreport.com\/wp-content\/uploads\/2024\/10\/AFP__20241005__36JC9T3__v6__HighRes__TopshotFblEspLigaRealMadridVillarreal-scaled.jpg?fit=2560%2C1830&ssl=1","contentUrl":"https:\/\/i0.wp.com\/africadailyreport.com\/wp-content\/uploads\/2024\/10\/AFP__20241005__36JC9T3__v6__HighRes__TopshotFblEspLigaRealMadridVillarreal-scaled.jpg?fit=2560%2C1830&ssl=1","width":2560,"height":1830,"caption":"Real Madrid's French forward #09 Kylian Mbappe challenges Villarreal's Spanish goalkeeper #13 Diego Conde during the Spanish league football match between Real Madrid CF and Villarreal CF at the Santiago Bernabeu stadium in Madrid on October 5, 2024. (Photo by OSCAR DEL POZO \/ AFP)"},{"@type":"BreadcrumbList","@id":"https:\/\/africadailyreport.com\/fr\/2024\/10\/15\/litige-mbappe-psg-la-lfp-examine-lappel-du-club-mardi\/#breadcrumb","itemListElement":[{"@type":"ListItem","position":1,"name":"Home","item":"https:\/\/africadailyreport.com\/fr\/"},{"@type":"ListItem","position":2,"name":"Litige Mbapp\u00e9\/PSG: la LFP examine l&#8217;appel du club mardi"}]},{"@type":"WebSite","@id":"https:\/\/africadailyreport.com\/fr\/#website","url":"https:\/\/africadailyreport.com\/fr\/","name":"Africa Daily Report","description":"","publisher":{"@id":"https:\/\/africadailyreport.com\/fr\/#organization"},"potentialAction":[{"@type":"SearchAction","target":{"@type":"EntryPoint","urlTemplate":"https:\/\/africadailyreport.com\/fr\/?s={search_term_string}"},"query-input":{"@type":"PropertyValueSpecification","valueRequired":true,"valueName":"search_term_string"}}],"inLanguage":"fr-FR"},{"@type":"Organization","@id":"https:\/\/africadailyreport.com\/fr\/#organization","name":"Africa Daily Report","url":"https:\/\/africadailyreport.com\/fr\/","logo":{"@type":"ImageObject","inLanguage":"fr-FR","@id":"https:\/\/africadailyreport.com\/fr\/#\/schema\/logo\/image\/","url":"https:\/\/africadailyreport.com\/wp-content\/uploads\/2024\/09\/ADR-Transparent-Green-Logo-1.png","contentUrl":"https:\/\/africadailyreport.com\/wp-content\/uploads\/2024\/09\/ADR-Transparent-Green-Logo-1.png","width":267,"height":185,"caption":"Africa Daily Report"},"image":{"@id":"https:\/\/africadailyreport.com\/fr\/#\/schema\/logo\/image\/"},"sameAs":["https:\/\/www.facebook.com\/africadailyreport","https:\/\/x.com\/adr_africa","https:\/\/www.youtube.com\/@africadailyreport","https:\/\/instagram.com\/africadailyreport"]},{"@type":"Person","@id":"https:\/\/africadailyreport.com\/fr\/#\/schema\/person\/c44d86d79f5570b3ba4cf70c989843f8","name":"ADR\/AFP","image":{"@type":"ImageObject","inLanguage":"fr-FR","@id":"https:\/\/secure.gravatar.com\/avatar\/2fbdc3782aa386b408fd9a36f0bc78ee569c94a7a05670cab3a1d72916408214?s=96&d=mm&r=g","url":"https:\/\/secure.gravatar.com\/avatar\/2fbdc3782aa386b408fd9a36f0bc78ee569c94a7a05670cab3a1d72916408214?s=96&d=mm&r=g","contentUrl":"https:\/\/secure.gravatar.com\/avatar\/2fbdc3782aa386b408fd9a36f0bc78ee569c94a7a05670cab3a1d72916408214?s=96&d=mm&r=g","caption":"ADR\/AFP"},"sameAs":["http:\/\/africadailyreport.com"],"url":"https:\/\/africadailyreport.com\/fr\/author\/both\/"}]}},"jetpack_featured_media_url":"https:\/\/i0.wp.com\/africadailyreport.com\/wp-content\/uploads\/2024\/10\/AFP__20241005__36JC9T3__v6__HighRes__TopshotFblEspLigaRealMadridVillarreal-scaled.jpg?fit=2560%2C1830&ssl=1","jetpack_sharing_enabled":true,"amp_enabled":true,"_links":{"self":[{"href":"https:\/\/africadailyreport.com\/fr\/wp-json\/wp\/v2\/posts\/13088","targetHints":{"allow":["GET"]}}],"collection":[{"href":"https:\/\/africadailyreport.com\/fr\/wp-json\/wp\/v2\/posts"}],"about":[{"href":"https:\/\/africadailyreport.com\/fr\/wp-json\/wp\/v2\/types\/post"}],"author":[{"embeddable":true,"href":"https:\/\/africadailyreport.com\/fr\/wp-json\/wp\/v2\/users\/10"}],"replies":[{"embeddable":true,"href":"https:\/\/africadailyreport.com\/fr\/wp-json\/wp\/v2\/comments?post=13088"}],"version-history":[{"count":1,"href":"https:\/\/africadailyreport.com\/fr\/wp-json\/wp\/v2\/posts\/13088\/revisions"}],"predecessor-version":[{"id":13089,"href":"https:\/\/africadailyreport.com\/fr\/wp-json\/wp\/v2\/posts\/13088\/revisions\/13089"}],"wp:featuredmedia":[{"embeddable":true,"href":"https:\/\/africadailyreport.com\/fr\/wp-json\/wp\/v2\/media\/12132"}],"wp:attachment":[{"href":"https:\/\/africadailyreport.com\/fr\/wp-json\/wp\/v2\/media?parent=13088"}],"wp:term":[{"taxonomy":"category","embeddable":true,"href":"https:\/\/africadailyreport.com\/fr\/wp-json\/wp\/v2\/categories?post=13088"},{"taxonomy":"post_tag","embeddable":true,"href":"https:\/\/africadailyreport.com\/fr\/wp-json\/wp\/v2\/tags?post=13088"},{"taxonomy":"adr_country","embeddable":true,"href":"https:\/\/africadailyreport.com\/fr\/wp-json\/wp\/v2\/adr_country?post=13088"}],"curies":[{"name":"wp","href":"https:\/\/api.w.org\/{rel}","templated":true}]}}