{"id":13072,"date":"2024-10-16T03:31:22","date_gmt":"2024-10-16T03:31:22","guid":{"rendered":"https:\/\/africadailyreport.com\/2024\/10\/16\/la-5g-nouvelle-onde-de-choc\/"},"modified":"2024-10-27T14:36:56","modified_gmt":"2024-10-27T14:36:56","slug":"la-5g-nouvelle-onde-de-choc","status":"publish","type":"post","link":"https:\/\/africadailyreport.com\/fr\/2024\/10\/16\/la-5g-nouvelle-onde-de-choc\/","title":{"rendered":"La \u00ab\u00a05G+\u00a0\u00bb, nouvelle onde de choc ?"},"content":{"rendered":"\n<h2 class=\"wp-block-heading\"><\/h2>\n\n\n\n<figure class=\"wp-block-image size-full\"><img data-recalc-dims=\"1\" loading=\"lazy\" decoding=\"async\" width=\"696\" height=\"398\" src=\"https:\/\/i0.wp.com\/africadailyreport.com\/wp-content\/uploads\/2024\/10\/image-32.png?resize=696%2C398&#038;ssl=1\" alt=\"\" class=\"wp-image-12249\" srcset=\"https:\/\/i0.wp.com\/africadailyreport.com\/wp-content\/uploads\/2024\/10\/image-32.png?w=700&amp;ssl=1 700w, https:\/\/i0.wp.com\/africadailyreport.com\/wp-content\/uploads\/2024\/10\/image-32.png?resize=300%2C171&amp;ssl=1 300w, https:\/\/i0.wp.com\/africadailyreport.com\/wp-content\/uploads\/2024\/10\/image-32.png?resize=150%2C86&amp;ssl=1 150w, https:\/\/i0.wp.com\/africadailyreport.com\/wp-content\/uploads\/2024\/10\/image-32.png?resize=696%2C398&amp;ssl=1 696w\" sizes=\"auto, (max-width: 696px) 100vw, 696px\" \/><figcaption class=\"wp-element-caption\"><em>This image shows mobile phone connection towers. \u2014 AFP\/File<\/em><\/figcaption><\/figure>\n\n\n\n<p class=\"\"><\/p>\n\n\n\n<p class=\"\">Quatre ans apr\u00e8s le d\u00e9but du d\u00e9ploiement des fr\u00e9quences 5G, le r\u00e9seau mobile semble \u00eatre entr\u00e9 dans une nouvelle phase avec l&rsquo;arriv\u00e9e de la 5G+, mais ses b\u00e9n\u00e9fices pour les particuliers restent encore \u00e0 d\u00e9montrer.<\/p>\n\n\n\n<p class=\"\">Le 18 septembre, Free annonce rendre accessible \u00e0 tous une \u00ab\u00a0technologie radio de pointe\u00a0\u00bb en devenant le \u00ab\u00a0premier op\u00e9rateur \u00e0 proposer la +5G SA+ \u00e0 l&rsquo;\u00e9chelle nationale\u00a0\u00bb. Quelques heures plus tard, Orange lui emboite le pas, avec la sortie d&rsquo;une \u00ab\u00a0boxe 5G+\u00a0\u00bb \u00e0 partir du 10 octobre.<\/p>\n\n\n\n<p class=\"\">D&rsquo;apr\u00e8s Free, cela devrait \u00ab\u00a0permettre d\u2019exploiter pleinement les potentialit\u00e9s de la technologie 5G\u00a0\u00bb. Orange loue de son c\u00f4t\u00e9 une \u00ab\u00a0exp\u00e9rience internet \u00e0 la maison plus fluide et plus performante\u00a0\u00bb gr\u00e2ce \u00e0 sa nouvelle boxe.<\/p>\n\n\n\n<p class=\"\">Mais que changent les lettres \u00ab\u00a0SA\u00a0\u00bb accol\u00e9es \u00e0 un r\u00e9seau d\u00e9j\u00e0 connu du grand public, successeur de la 4G ?<\/p>\n\n\n\n<p class=\"\">\u00ab\u00a0En r\u00e9alit\u00e9, jusqu&rsquo;\u00e0 maintenant, la 5G \u00e9tait uniquement une extension de capacit\u00e9 sur la base d&rsquo;un r\u00e9seau 4G\u00a0\u00bb, explique \u00e0 l&rsquo;AFP Adrien Demarez, ing\u00e9nieur t\u00e9l\u00e9coms. La 5G pr\u00e9sente sur les smartphones des particuliers \u00e9tait d\u00e9j\u00e0 d\u00e9ploy\u00e9e gr\u00e2ce aux antennes d\u00e9di\u00e9es, mais fonctionnait toujours sur un \u00ab\u00a0c\u0153ur de r\u00e9seau\u00a0\u00bb 4G.<\/p>\n\n\n\n<p class=\"\">Pr\u00e9sent\u00e9e comme la \u00ab\u00a0vraie 5G\u00a0\u00bb, la 5G+, ou +5G SA+, la 5G +standalone+ devient donc totalement ind\u00e9pendante de ces anciens r\u00e9seaux, et permet d&rsquo;exploiter toutes les caract\u00e9ristiques propres \u00e0 ce r\u00e9seau.<\/p>\n\n\n\n<h2 class=\"wp-block-heading\">&#8211; \u00c9volution progressive &#8211;<\/h2>\n\n\n\n<p class=\"\">Mais les annonces retentissantes de Free et d&rsquo;Orange cachent une \u00e9volution plus progressive.<\/p>\n\n\n\n<p class=\"\">La technologie 5G SA \u00ab\u00a0existe aujourd&rsquo;hui chez beaucoup d&rsquo;op\u00e9rateurs\u00a0\u00bb, pointe Jean-Paul Arzel, directeur r\u00e9seau de Bouygues Telecom. C&rsquo;est le cas chez Bouygues, depuis f\u00e9vrier 2024, chez SFR depuis fin 2023, et chez Orange depuis l&rsquo;\u00e9t\u00e9 2023, avec des offres jusqu&rsquo;ici d\u00e9di\u00e9es aux clients professionnels.<\/p>\n\n\n\n<p class=\"\">Tous ou presque revendiquent d&rsquo;ailleurs \u00eatre \u00e0 la pointe sur le sujet. Quand SFR affirme \u00eatre \u00ab\u00a0num\u00e9ro un des sites 5G\u00a0\u00bb sur la bande de r\u00e9seau principale, Orange se targue d&rsquo;avoir \u00e9t\u00e9 le \u00ab\u00a0seul op\u00e9rateur\u00a0\u00bb \u00e0 d\u00e9ployer la 5G+ pendant les Jeux de Paris.<\/p>\n\n\n\n<p class=\"\">Le d\u00e9ploiement des infrastructures n\u00e9cessaires au fonctionnement du r\u00e9seau reste toutefois inachev\u00e9. Avec pr\u00e8s de 10.000 sites comptabilis\u00e9s par le r\u00e9gulateur des t\u00e9l\u00e9coms (Arcep) en mars, Orange ne couvre actuellement que 70% de la population.<\/p>\n\n\n\n<p class=\"\">\u00ab\u00a0On met encore beaucoup d&rsquo;\u00e9nergie \u00e0 d\u00e9ployer ces antennes\u00a0\u00bb, pr\u00e9cise Laetitia Orsoni Sharps, directrice grand public de l&rsquo;entreprise.<\/p>\n\n\n\n<p class=\"\">D&rsquo;autant que du c\u00f4t\u00e9 des smartphones, les mod\u00e8les compatibles avec la 5G+ restent encore rares. Les iPhone, notamment, n&rsquo;int\u00e8grent pas encore ce nouveau r\u00e9seau.<\/p>\n\n\n\n<p class=\"\">Entre les diff\u00e9rents op\u00e9rateurs, le d\u00e9bat s&rsquo;\u00e9tend aussi \u00e0 l&rsquo;int\u00e9r\u00eat du r\u00e9seau pour les particuliers.<\/p>\n\n\n\n<p class=\"\">\u00ab\u00a0Quand on a une nouvelle technologie, on aime bien qu&rsquo;elle soit d\u00e9mocratis\u00e9e, qu&rsquo;on l&rsquo;offre au plus grand nombre\u00a0\u00bb, ass\u00e8ne Nicolas Thomas, directeur g\u00e9n\u00e9ral de Free.<\/p>\n\n\n\n<h2 class=\"wp-block-heading\">&#8211; Usages professionnels &#8211;<\/h2>\n\n\n\n<p class=\"\">D&rsquo;autres d\u00e9fendent une approche \u00ab\u00a0pragmatique\u00a0\u00bb: la 5G +standalone+ serait pour l&rsquo;instant davantage b\u00e9n\u00e9fique aux professionnels.<\/p>\n\n\n\n<p class=\"\">Outre ses meilleures performances, elle offre la possibilit\u00e9 de garantir un acc\u00e8s d\u00e9di\u00e9 pour certains clients.&nbsp;Une aubaine pour des secteurs o\u00f9 une connexion continue et de qualit\u00e9 s&rsquo;av\u00e8re critique: pour l&rsquo;une des premi\u00e8res mises \u00e0 disposition, SFR avait ouvert sa 5G SA \u00e0 deux m\u00e9dias pour la retransmission d&rsquo;un match de foot.<\/p>\n\n\n\n<p class=\"\">\u00ab\u00a0On le dit depuis toujours, la 5G SA, c&rsquo;est pour les clients professionnels\u00a0\u00bb, appuie Sylvain Chevallier, sp\u00e9cialiste en t\u00e9l\u00e9coms et associ\u00e9 du cabinet de conseil Bearing Point.<\/p>\n\n\n\n<p class=\"\">\u00ab\u00a0Pour le grand public, c&rsquo;est un peu moins clair, parce qu&rsquo;aujourd&rsquo;hui les r\u00e9seaux mobiles sont de tr\u00e8s bonne qualit\u00e9 et les consommateurs peuvent assouvir \u00e0 peu pr\u00e8s tous les usages qu&rsquo;ils ont sur leurs smartphones ou autres\u00a0\u00bb, poursuit-il.<\/p>\n\n\n\n<p class=\"\">Avant de pr\u00e9ciser qu&rsquo;historiquement, les usages sont souvent apparus \u00e0 la suite de la mise \u00e0 disposition de nouvelles technologies, et non l&rsquo;inverse.<\/p>\n\n\n\n<p class=\"\">\u00ab\u00a0Progressivement, on va tous basculer vers la 5G SA\u00a0\u00bb, estime pour sa part Nicolas Chatin, directeur de la communication de SFR.<\/p>\n\n\n\n<p class=\"\">Chez tous les op\u00e9rateurs, le d\u00e9ploiement est pr\u00e9vu courant 2025.<\/p>\n\n\n\n<p class=\"\"><\/p>\n\n\n\n<p class=\"\">\u00a9 ADR \/ AFP<\/p>\n","protected":false},"excerpt":{"rendered":"<p>Quatre ans apr\u00e8s le d\u00e9but du d\u00e9ploiement des fr\u00e9quences 5G, le r\u00e9seau mobile semble \u00eatre entr\u00e9 dans une nouvelle phase avec l&rsquo;arriv\u00e9e de la 5G+, mais ses b\u00e9n\u00e9fices pour les particuliers restent encore \u00e0 d\u00e9montrer. Le 18 septembre, Free annonce rendre accessible \u00e0 tous une \u00ab\u00a0technologie radio de pointe\u00a0\u00bb en devenant le \u00ab\u00a0premier op\u00e9rateur \u00e0 [&hellip;]<\/p>\n","protected":false},"author":10,"featured_media":12250,"comment_status":"open","ping_status":"open","sticky":false,"template":"","format":"standard","meta":{"_acf_changed":false,"om_disable_all_campaigns":false,"_monsterinsights_skip_tracking":false,"_monsterinsights_sitenote_active":false,"_monsterinsights_sitenote_note":"","_monsterinsights_sitenote_category":0,"tdm_status":"","tdm_grid_status":"","_jetpack_newsletter_access":"","_jetpack_dont_email_post_to_subs":false,"_jetpack_newsletter_tier_id":0,"_jetpack_memberships_contains_paywalled_content":false,"_jetpack_memberships_contains_paid_content":false,"footnotes":""},"categories":[895],"tags":[897,898,899,900,901,902,903,904],"adr_country":[1097],"class_list":{"0":"post-13072","1":"post","2":"type-post","3":"status-publish","4":"format-standard","5":"has-post-thumbnail","7":"category-science-et-technologie","8":"tag-entreprises-fr","9":"tag-equipements-fr","10":"tag-internet-fr","11":"tag-internet-et-technologies-fr","12":"tag-mobiles-fr","13":"tag-strategie-marketing-fr","14":"tag-telecommunications-fr","15":"tag-telecoms-fr","16":"adr_country-monde"},"acf":{"post_version":""},"yoast_head":"<!-- This site is optimized with the Yoast SEO Premium plugin v26.0 (Yoast SEO v27.4) - https:\/\/yoast.com\/product\/yoast-seo-premium-wordpress\/ -->\n<title>La &quot;5G+&quot;, nouvelle onde de choc ? - Africa Daily Report<\/title>\n<meta name=\"robots\" content=\"index, follow, max-snippet:-1, max-image-preview:large, max-video-preview:-1\" \/>\n<link rel=\"canonical\" href=\"https:\/\/africadailyreport.com\/fr\/2024\/10\/16\/la-5g-nouvelle-onde-de-choc\/\" \/>\n<meta property=\"og:locale\" content=\"fr_FR\" \/>\n<meta property=\"og:type\" content=\"article\" \/>\n<meta property=\"og:title\" content=\"La &quot;5G+&quot;, nouvelle onde de choc ?\" \/>\n<meta property=\"og:description\" content=\"Quatre ans apr\u00e8s le d\u00e9but du d\u00e9ploiement des fr\u00e9quences 5G, le r\u00e9seau mobile semble \u00eatre entr\u00e9 dans une nouvelle phase avec l&rsquo;arriv\u00e9e de la 5G+, mais ses b\u00e9n\u00e9fices pour les particuliers restent encore \u00e0 d\u00e9montrer. Le 18 septembre, Free annonce rendre accessible \u00e0 tous une \u00ab\u00a0technologie radio de pointe\u00a0\u00bb en devenant le \u00ab\u00a0premier op\u00e9rateur \u00e0 [&hellip;]\" \/>\n<meta property=\"og:url\" content=\"https:\/\/africadailyreport.com\/fr\/2024\/10\/16\/la-5g-nouvelle-onde-de-choc\/\" \/>\n<meta property=\"og:site_name\" content=\"Africa Daily Report\" \/>\n<meta property=\"article:publisher\" content=\"https:\/\/www.facebook.com\/africadailyreport\" \/>\n<meta property=\"article:published_time\" content=\"2024-10-16T03:31:22+00:00\" \/>\n<meta property=\"article:modified_time\" content=\"2024-10-27T14:36:56+00:00\" \/>\n<meta property=\"og:image\" content=\"https:\/\/africadailyreport.com\/wp-content\/uploads\/2024\/10\/image-32.png\" \/>\n\t<meta property=\"og:image:width\" content=\"700\" \/>\n\t<meta property=\"og:image:height\" content=\"400\" \/>\n\t<meta property=\"og:image:type\" content=\"image\/png\" \/>\n<meta name=\"author\" content=\"ADR\/AFP\" \/>\n<meta name=\"twitter:card\" content=\"summary_large_image\" \/>\n<meta name=\"twitter:creator\" content=\"@adr_africa\" \/>\n<meta name=\"twitter:site\" content=\"@adr_africa\" \/>\n<meta name=\"twitter:label1\" content=\"\u00c9crit par\" \/>\n\t<meta name=\"twitter:data1\" content=\"ADR\/AFP\" \/>\n\t<meta name=\"twitter:label2\" content=\"Dur\u00e9e de lecture estim\u00e9e\" \/>\n\t<meta name=\"twitter:data2\" content=\"4 minutes\" \/>\n<script type=\"application\/ld+json\" class=\"yoast-schema-graph\">{\"@context\":\"https:\\\/\\\/schema.org\",\"@graph\":[{\"@type\":\"Article\",\"@id\":\"https:\\\/\\\/africadailyreport.com\\\/fr\\\/2024\\\/10\\\/16\\\/la-5g-nouvelle-onde-de-choc\\\/#article\",\"isPartOf\":{\"@id\":\"https:\\\/\\\/africadailyreport.com\\\/fr\\\/2024\\\/10\\\/16\\\/la-5g-nouvelle-onde-de-choc\\\/\"},\"author\":{\"name\":\"ADR\\\/AFP\",\"@id\":\"https:\\\/\\\/africadailyreport.com\\\/fr\\\/#\\\/schema\\\/person\\\/c44d86d79f5570b3ba4cf70c989843f8\"},\"headline\":\"La \u00ab\u00a05G+\u00a0\u00bb, nouvelle onde de choc ?\",\"datePublished\":\"2024-10-16T03:31:22+00:00\",\"dateModified\":\"2024-10-27T14:36:56+00:00\",\"mainEntityOfPage\":{\"@id\":\"https:\\\/\\\/africadailyreport.com\\\/fr\\\/2024\\\/10\\\/16\\\/la-5g-nouvelle-onde-de-choc\\\/\"},\"wordCount\":746,\"commentCount\":0,\"publisher\":{\"@id\":\"https:\\\/\\\/africadailyreport.com\\\/fr\\\/#organization\"},\"image\":{\"@id\":\"https:\\\/\\\/africadailyreport.com\\\/fr\\\/2024\\\/10\\\/16\\\/la-5g-nouvelle-onde-de-choc\\\/#primaryimage\"},\"thumbnailUrl\":\"https:\\\/\\\/i0.wp.com\\\/africadailyreport.com\\\/wp-content\\\/uploads\\\/2024\\\/10\\\/image-32.png?fit=700%2C400&ssl=1\",\"keywords\":[\"entreprises\",\"equipements\",\"Internet\",\"internet et technologies\",\"mobiles\",\"strategie marketing\",\"telecommunications\",\"telecoms\"],\"articleSection\":[\"Science et Technologie\"],\"inLanguage\":\"fr-FR\",\"potentialAction\":[{\"@type\":\"CommentAction\",\"name\":\"Comment\",\"target\":[\"https:\\\/\\\/africadailyreport.com\\\/fr\\\/2024\\\/10\\\/16\\\/la-5g-nouvelle-onde-de-choc\\\/#respond\"]}],\"copyrightYear\":\"2024\",\"copyrightHolder\":{\"@id\":\"https:\\\/\\\/africadailyreport.com\\\/#organization\"}},{\"@type\":\"WebPage\",\"@id\":\"https:\\\/\\\/africadailyreport.com\\\/fr\\\/2024\\\/10\\\/16\\\/la-5g-nouvelle-onde-de-choc\\\/\",\"url\":\"https:\\\/\\\/africadailyreport.com\\\/fr\\\/2024\\\/10\\\/16\\\/la-5g-nouvelle-onde-de-choc\\\/\",\"name\":\"La \\\"5G+\\\", nouvelle onde de choc ? - Africa Daily Report\",\"isPartOf\":{\"@id\":\"https:\\\/\\\/africadailyreport.com\\\/fr\\\/#website\"},\"primaryImageOfPage\":{\"@id\":\"https:\\\/\\\/africadailyreport.com\\\/fr\\\/2024\\\/10\\\/16\\\/la-5g-nouvelle-onde-de-choc\\\/#primaryimage\"},\"image\":{\"@id\":\"https:\\\/\\\/africadailyreport.com\\\/fr\\\/2024\\\/10\\\/16\\\/la-5g-nouvelle-onde-de-choc\\\/#primaryimage\"},\"thumbnailUrl\":\"https:\\\/\\\/i0.wp.com\\\/africadailyreport.com\\\/wp-content\\\/uploads\\\/2024\\\/10\\\/image-32.png?fit=700%2C400&ssl=1\",\"datePublished\":\"2024-10-16T03:31:22+00:00\",\"dateModified\":\"2024-10-27T14:36:56+00:00\",\"breadcrumb\":{\"@id\":\"https:\\\/\\\/africadailyreport.com\\\/fr\\\/2024\\\/10\\\/16\\\/la-5g-nouvelle-onde-de-choc\\\/#breadcrumb\"},\"inLanguage\":\"fr-FR\",\"potentialAction\":[{\"@type\":\"ReadAction\",\"target\":[\"https:\\\/\\\/africadailyreport.com\\\/fr\\\/2024\\\/10\\\/16\\\/la-5g-nouvelle-onde-de-choc\\\/\"]}]},{\"@type\":\"ImageObject\",\"inLanguage\":\"fr-FR\",\"@id\":\"https:\\\/\\\/africadailyreport.com\\\/fr\\\/2024\\\/10\\\/16\\\/la-5g-nouvelle-onde-de-choc\\\/#primaryimage\",\"url\":\"https:\\\/\\\/i0.wp.com\\\/africadailyreport.com\\\/wp-content\\\/uploads\\\/2024\\\/10\\\/image-32.png?fit=700%2C400&ssl=1\",\"contentUrl\":\"https:\\\/\\\/i0.wp.com\\\/africadailyreport.com\\\/wp-content\\\/uploads\\\/2024\\\/10\\\/image-32.png?fit=700%2C400&ssl=1\",\"width\":700,\"height\":400},{\"@type\":\"BreadcrumbList\",\"@id\":\"https:\\\/\\\/africadailyreport.com\\\/fr\\\/2024\\\/10\\\/16\\\/la-5g-nouvelle-onde-de-choc\\\/#breadcrumb\",\"itemListElement\":[{\"@type\":\"ListItem\",\"position\":1,\"name\":\"Home\",\"item\":\"https:\\\/\\\/africadailyreport.com\\\/fr\\\/\"},{\"@type\":\"ListItem\",\"position\":2,\"name\":\"La &#8220;5G+&#8221;, nouvelle onde de choc ?\"}]},{\"@type\":\"WebSite\",\"@id\":\"https:\\\/\\\/africadailyreport.com\\\/fr\\\/#website\",\"url\":\"https:\\\/\\\/africadailyreport.com\\\/fr\\\/\",\"name\":\"Africa Daily Report\",\"description\":\"\",\"publisher\":{\"@id\":\"https:\\\/\\\/africadailyreport.com\\\/fr\\\/#organization\"},\"potentialAction\":[{\"@type\":\"SearchAction\",\"target\":{\"@type\":\"EntryPoint\",\"urlTemplate\":\"https:\\\/\\\/africadailyreport.com\\\/fr\\\/?s={search_term_string}\"},\"query-input\":{\"@type\":\"PropertyValueSpecification\",\"valueRequired\":true,\"valueName\":\"search_term_string\"}}],\"inLanguage\":\"fr-FR\"},{\"@type\":\"Organization\",\"@id\":\"https:\\\/\\\/africadailyreport.com\\\/fr\\\/#organization\",\"name\":\"Africa Daily Report\",\"url\":\"https:\\\/\\\/africadailyreport.com\\\/fr\\\/\",\"logo\":{\"@type\":\"ImageObject\",\"inLanguage\":\"fr-FR\",\"@id\":\"https:\\\/\\\/africadailyreport.com\\\/fr\\\/#\\\/schema\\\/logo\\\/image\\\/\",\"url\":\"https:\\\/\\\/africadailyreport.com\\\/wp-content\\\/uploads\\\/2024\\\/09\\\/ADR-Transparent-Green-Logo-1.png\",\"contentUrl\":\"https:\\\/\\\/africadailyreport.com\\\/wp-content\\\/uploads\\\/2024\\\/09\\\/ADR-Transparent-Green-Logo-1.png\",\"width\":267,\"height\":185,\"caption\":\"Africa Daily Report\"},\"image\":{\"@id\":\"https:\\\/\\\/africadailyreport.com\\\/fr\\\/#\\\/schema\\\/logo\\\/image\\\/\"},\"sameAs\":[\"https:\\\/\\\/www.facebook.com\\\/africadailyreport\",\"https:\\\/\\\/x.com\\\/adr_africa\",\"https:\\\/\\\/www.youtube.com\\\/@africadailyreport\",\"https:\\\/\\\/instagram.com\\\/africadailyreport\"]},{\"@type\":\"Person\",\"@id\":\"https:\\\/\\\/africadailyreport.com\\\/fr\\\/#\\\/schema\\\/person\\\/c44d86d79f5570b3ba4cf70c989843f8\",\"name\":\"ADR\\\/AFP\",\"image\":{\"@type\":\"ImageObject\",\"inLanguage\":\"fr-FR\",\"@id\":\"https:\\\/\\\/secure.gravatar.com\\\/avatar\\\/2fbdc3782aa386b408fd9a36f0bc78ee569c94a7a05670cab3a1d72916408214?s=96&d=mm&r=g\",\"url\":\"https:\\\/\\\/secure.gravatar.com\\\/avatar\\\/2fbdc3782aa386b408fd9a36f0bc78ee569c94a7a05670cab3a1d72916408214?s=96&d=mm&r=g\",\"contentUrl\":\"https:\\\/\\\/secure.gravatar.com\\\/avatar\\\/2fbdc3782aa386b408fd9a36f0bc78ee569c94a7a05670cab3a1d72916408214?s=96&d=mm&r=g\",\"caption\":\"ADR\\\/AFP\"},\"sameAs\":[\"http:\\\/\\\/africadailyreport.com\"],\"url\":\"https:\\\/\\\/africadailyreport.com\\\/fr\\\/author\\\/both\\\/\"}]}<\/script>\n<!-- \/ Yoast SEO Premium plugin. -->","yoast_head_json":{"title":"La \"5G+\", nouvelle onde de choc ? - Africa Daily Report","robots":{"index":"index","follow":"follow","max-snippet":"max-snippet:-1","max-image-preview":"max-image-preview:large","max-video-preview":"max-video-preview:-1"},"canonical":"https:\/\/africadailyreport.com\/fr\/2024\/10\/16\/la-5g-nouvelle-onde-de-choc\/","og_locale":"fr_FR","og_type":"article","og_title":"La \"5G+\", nouvelle onde de choc ?","og_description":"Quatre ans apr\u00e8s le d\u00e9but du d\u00e9ploiement des fr\u00e9quences 5G, le r\u00e9seau mobile semble \u00eatre entr\u00e9 dans une nouvelle phase avec l&rsquo;arriv\u00e9e de la 5G+, mais ses b\u00e9n\u00e9fices pour les particuliers restent encore \u00e0 d\u00e9montrer. Le 18 septembre, Free annonce rendre accessible \u00e0 tous une \u00ab\u00a0technologie radio de pointe\u00a0\u00bb en devenant le \u00ab\u00a0premier op\u00e9rateur \u00e0 [&hellip;]","og_url":"https:\/\/africadailyreport.com\/fr\/2024\/10\/16\/la-5g-nouvelle-onde-de-choc\/","og_site_name":"Africa Daily Report","article_publisher":"https:\/\/www.facebook.com\/africadailyreport","article_published_time":"2024-10-16T03:31:22+00:00","article_modified_time":"2024-10-27T14:36:56+00:00","og_image":[{"width":700,"height":400,"url":"https:\/\/africadailyreport.com\/wp-content\/uploads\/2024\/10\/image-32.png","type":"image\/png"}],"author":"ADR\/AFP","twitter_card":"summary_large_image","twitter_creator":"@adr_africa","twitter_site":"@adr_africa","twitter_misc":{"\u00c9crit par":"ADR\/AFP","Dur\u00e9e de lecture estim\u00e9e":"4 minutes"},"schema":{"@context":"https:\/\/schema.org","@graph":[{"@type":"Article","@id":"https:\/\/africadailyreport.com\/fr\/2024\/10\/16\/la-5g-nouvelle-onde-de-choc\/#article","isPartOf":{"@id":"https:\/\/africadailyreport.com\/fr\/2024\/10\/16\/la-5g-nouvelle-onde-de-choc\/"},"author":{"name":"ADR\/AFP","@id":"https:\/\/africadailyreport.com\/fr\/#\/schema\/person\/c44d86d79f5570b3ba4cf70c989843f8"},"headline":"La \u00ab\u00a05G+\u00a0\u00bb, nouvelle onde de choc ?","datePublished":"2024-10-16T03:31:22+00:00","dateModified":"2024-10-27T14:36:56+00:00","mainEntityOfPage":{"@id":"https:\/\/africadailyreport.com\/fr\/2024\/10\/16\/la-5g-nouvelle-onde-de-choc\/"},"wordCount":746,"commentCount":0,"publisher":{"@id":"https:\/\/africadailyreport.com\/fr\/#organization"},"image":{"@id":"https:\/\/africadailyreport.com\/fr\/2024\/10\/16\/la-5g-nouvelle-onde-de-choc\/#primaryimage"},"thumbnailUrl":"https:\/\/i0.wp.com\/africadailyreport.com\/wp-content\/uploads\/2024\/10\/image-32.png?fit=700%2C400&ssl=1","keywords":["entreprises","equipements","Internet","internet et technologies","mobiles","strategie marketing","telecommunications","telecoms"],"articleSection":["Science et Technologie"],"inLanguage":"fr-FR","potentialAction":[{"@type":"CommentAction","name":"Comment","target":["https:\/\/africadailyreport.com\/fr\/2024\/10\/16\/la-5g-nouvelle-onde-de-choc\/#respond"]}],"copyrightYear":"2024","copyrightHolder":{"@id":"https:\/\/africadailyreport.com\/#organization"}},{"@type":"WebPage","@id":"https:\/\/africadailyreport.com\/fr\/2024\/10\/16\/la-5g-nouvelle-onde-de-choc\/","url":"https:\/\/africadailyreport.com\/fr\/2024\/10\/16\/la-5g-nouvelle-onde-de-choc\/","name":"La \"5G+\", nouvelle onde de choc ? - Africa Daily Report","isPartOf":{"@id":"https:\/\/africadailyreport.com\/fr\/#website"},"primaryImageOfPage":{"@id":"https:\/\/africadailyreport.com\/fr\/2024\/10\/16\/la-5g-nouvelle-onde-de-choc\/#primaryimage"},"image":{"@id":"https:\/\/africadailyreport.com\/fr\/2024\/10\/16\/la-5g-nouvelle-onde-de-choc\/#primaryimage"},"thumbnailUrl":"https:\/\/i0.wp.com\/africadailyreport.com\/wp-content\/uploads\/2024\/10\/image-32.png?fit=700%2C400&ssl=1","datePublished":"2024-10-16T03:31:22+00:00","dateModified":"2024-10-27T14:36:56+00:00","breadcrumb":{"@id":"https:\/\/africadailyreport.com\/fr\/2024\/10\/16\/la-5g-nouvelle-onde-de-choc\/#breadcrumb"},"inLanguage":"fr-FR","potentialAction":[{"@type":"ReadAction","target":["https:\/\/africadailyreport.com\/fr\/2024\/10\/16\/la-5g-nouvelle-onde-de-choc\/"]}]},{"@type":"ImageObject","inLanguage":"fr-FR","@id":"https:\/\/africadailyreport.com\/fr\/2024\/10\/16\/la-5g-nouvelle-onde-de-choc\/#primaryimage","url":"https:\/\/i0.wp.com\/africadailyreport.com\/wp-content\/uploads\/2024\/10\/image-32.png?fit=700%2C400&ssl=1","contentUrl":"https:\/\/i0.wp.com\/africadailyreport.com\/wp-content\/uploads\/2024\/10\/image-32.png?fit=700%2C400&ssl=1","width":700,"height":400},{"@type":"BreadcrumbList","@id":"https:\/\/africadailyreport.com\/fr\/2024\/10\/16\/la-5g-nouvelle-onde-de-choc\/#breadcrumb","itemListElement":[{"@type":"ListItem","position":1,"name":"Home","item":"https:\/\/africadailyreport.com\/fr\/"},{"@type":"ListItem","position":2,"name":"La &#8220;5G+&#8221;, nouvelle onde de choc ?"}]},{"@type":"WebSite","@id":"https:\/\/africadailyreport.com\/fr\/#website","url":"https:\/\/africadailyreport.com\/fr\/","name":"Africa Daily Report","description":"","publisher":{"@id":"https:\/\/africadailyreport.com\/fr\/#organization"},"potentialAction":[{"@type":"SearchAction","target":{"@type":"EntryPoint","urlTemplate":"https:\/\/africadailyreport.com\/fr\/?s={search_term_string}"},"query-input":{"@type":"PropertyValueSpecification","valueRequired":true,"valueName":"search_term_string"}}],"inLanguage":"fr-FR"},{"@type":"Organization","@id":"https:\/\/africadailyreport.com\/fr\/#organization","name":"Africa Daily Report","url":"https:\/\/africadailyreport.com\/fr\/","logo":{"@type":"ImageObject","inLanguage":"fr-FR","@id":"https:\/\/africadailyreport.com\/fr\/#\/schema\/logo\/image\/","url":"https:\/\/africadailyreport.com\/wp-content\/uploads\/2024\/09\/ADR-Transparent-Green-Logo-1.png","contentUrl":"https:\/\/africadailyreport.com\/wp-content\/uploads\/2024\/09\/ADR-Transparent-Green-Logo-1.png","width":267,"height":185,"caption":"Africa Daily Report"},"image":{"@id":"https:\/\/africadailyreport.com\/fr\/#\/schema\/logo\/image\/"},"sameAs":["https:\/\/www.facebook.com\/africadailyreport","https:\/\/x.com\/adr_africa","https:\/\/www.youtube.com\/@africadailyreport","https:\/\/instagram.com\/africadailyreport"]},{"@type":"Person","@id":"https:\/\/africadailyreport.com\/fr\/#\/schema\/person\/c44d86d79f5570b3ba4cf70c989843f8","name":"ADR\/AFP","image":{"@type":"ImageObject","inLanguage":"fr-FR","@id":"https:\/\/secure.gravatar.com\/avatar\/2fbdc3782aa386b408fd9a36f0bc78ee569c94a7a05670cab3a1d72916408214?s=96&d=mm&r=g","url":"https:\/\/secure.gravatar.com\/avatar\/2fbdc3782aa386b408fd9a36f0bc78ee569c94a7a05670cab3a1d72916408214?s=96&d=mm&r=g","contentUrl":"https:\/\/secure.gravatar.com\/avatar\/2fbdc3782aa386b408fd9a36f0bc78ee569c94a7a05670cab3a1d72916408214?s=96&d=mm&r=g","caption":"ADR\/AFP"},"sameAs":["http:\/\/africadailyreport.com"],"url":"https:\/\/africadailyreport.com\/fr\/author\/both\/"}]}},"jetpack_featured_media_url":"https:\/\/i0.wp.com\/africadailyreport.com\/wp-content\/uploads\/2024\/10\/image-32.png?fit=700%2C400&ssl=1","jetpack_sharing_enabled":true,"amp_enabled":true,"_links":{"self":[{"href":"https:\/\/africadailyreport.com\/fr\/wp-json\/wp\/v2\/posts\/13072","targetHints":{"allow":["GET"]}}],"collection":[{"href":"https:\/\/africadailyreport.com\/fr\/wp-json\/wp\/v2\/posts"}],"about":[{"href":"https:\/\/africadailyreport.com\/fr\/wp-json\/wp\/v2\/types\/post"}],"author":[{"embeddable":true,"href":"https:\/\/africadailyreport.com\/fr\/wp-json\/wp\/v2\/users\/10"}],"replies":[{"embeddable":true,"href":"https:\/\/africadailyreport.com\/fr\/wp-json\/wp\/v2\/comments?post=13072"}],"version-history":[{"count":1,"href":"https:\/\/africadailyreport.com\/fr\/wp-json\/wp\/v2\/posts\/13072\/revisions"}],"predecessor-version":[{"id":13073,"href":"https:\/\/africadailyreport.com\/fr\/wp-json\/wp\/v2\/posts\/13072\/revisions\/13073"}],"wp:featuredmedia":[{"embeddable":true,"href":"https:\/\/africadailyreport.com\/fr\/wp-json\/wp\/v2\/media\/12250"}],"wp:attachment":[{"href":"https:\/\/africadailyreport.com\/fr\/wp-json\/wp\/v2\/media?parent=13072"}],"wp:term":[{"taxonomy":"category","embeddable":true,"href":"https:\/\/africadailyreport.com\/fr\/wp-json\/wp\/v2\/categories?post=13072"},{"taxonomy":"post_tag","embeddable":true,"href":"https:\/\/africadailyreport.com\/fr\/wp-json\/wp\/v2\/tags?post=13072"},{"taxonomy":"adr_country","embeddable":true,"href":"https:\/\/africadailyreport.com\/fr\/wp-json\/wp\/v2\/adr_country?post=13072"}],"curies":[{"name":"wp","href":"https:\/\/api.w.org\/{rel}","templated":true}]}}