{"id":13017,"date":"2024-10-26T01:15:33","date_gmt":"2024-10-26T01:15:33","guid":{"rendered":"https:\/\/africadailyreport.com\/2024\/10\/26\/ancien-ministre-annonce-sa-candidature-a-la-presidentielle\/"},"modified":"2024-10-27T13:20:22","modified_gmt":"2024-10-27T13:20:22","slug":"ancien-ministre-annonce-sa-candidature-a-la-presidentielle","status":"publish","type":"post","link":"https:\/\/africadailyreport.com\/fr\/2024\/10\/26\/ancien-ministre-annonce-sa-candidature-a-la-presidentielle\/","title":{"rendered":"Ancien Ministre Annonce sa Candidature \u00e0 la Pr\u00e9sidentielle"},"content":{"rendered":"\n<p class=\"\">L&rsquo;ancien ministre ivoirien du Commerce et cadre du Parti d\u00e9mocratique de C\u00f4te d&rsquo;Ivoire (PDCI, opposition), Jean-Louis Billon, a annonc\u00e9 vendredi sa candidature \u00e0 l&rsquo;\u00e9lection pr\u00e9sidentielle d&rsquo;octobre 2025, se pr\u00e9parant \u00e0 affronter, au sein de sa formation, le leader du parti Tidjane Thiam.<\/p>\n\n<p class=\"\">\u00ab\u00a0Je d\u00e9clare solennellement que j&rsquo;ai d\u00e9cid\u00e9 d&rsquo;\u00eatre candidat \u00e0 l&rsquo;\u00e9lection pr\u00e9sidentielle de 2025. Je me pr\u00e9sente pour gagner\u00a0\u00bb, a affirm\u00e9 M. Billon, dans une d\u00e9claration depuis Dabakala, ville du centre de la C\u00f4te d&rsquo;Ivoire dont il est d\u00e9put\u00e9.<\/p>\n\n<p class=\"\">M. Billon appelle le PDCI, principal parti d&rsquo;opposition, \u00e0 organiser une convention \u00ab\u00a0pour choisir celui d&rsquo;entre nous qui aura le plus de chance de remporter l&rsquo;\u00e9lection pr\u00e9sidentielle de 2025\u00a0\u00bb.<\/p>\n\n<p class=\"\">En d\u00e9cembre 2023, le PDCI avait \u00e9lu \u00e0 sa t\u00eate le banquier international Tidjane Thiam lors d&rsquo;un congr\u00e8s o\u00f9 M. Billon n&rsquo;avait pas \u00e9t\u00e9 candidat.<\/p>\n\n<p class=\"\">Le parti avait dans le m\u00eame temps valid\u00e9 le soutien \u00e0 M. Thiam en vue d&rsquo;une candidature \u00e0 la pr\u00e9sidentielle.<\/p>\n\n<p class=\"\">Si Tidjane Thiam n&rsquo;a pas encore officiellement annonc\u00e9 qu&rsquo;il \u00e9tait candidat, il a men\u00e9 cette semaine une tourn\u00e9e dans plusieurs villes du pays et d\u00e9clar\u00e9 : \u00ab\u00a0Cette \u00e9lection, c&rsquo;est une bataille. On ne va pas \u00e0 la bataille en ordre dispers\u00e9\u00a0\u00bb.<\/p>\n\n<p class=\"\">Homme d&rsquo;affaire \u00e0 la t\u00eate du premier groupe agro-industriel du pays, Sifca, Jean-Louis Billon, 59 ans, a \u00e9t\u00e9 ministre du Commerce de 2012 \u00e0 2017, \u00e0 l&rsquo;\u00e9poque o\u00f9 le PDCI \u00e9tait alli\u00e9 avec le parti au pouvoir.<\/p>\n\n<p class=\"\">Pour l&rsquo;heure, le myst\u00e8re plane encore sur une \u00e9ventuelle candidature pour un 4e mandat du pr\u00e9sident sortant Alassane Ouattara, au pouvoir depuis 2011.<\/p>\n\n<p class=\"\">Son pr\u00e9d\u00e9cesseur Laurent Gbagbo (2000-2011) a quant \u00e0 lui \u00e9t\u00e9 investi par le Parti des peuples africains &#8211; C\u00f4te d&rsquo;Ivoire (PPA-CI).<\/p>\n\n<p class=\"\">Il est toutefois radi\u00e9 des listes \u00e9lectorales et in\u00e9ligible en raison d&rsquo;une condamnation \u00e0 20 ans de prison pour des faits li\u00e9s \u00e0 la sanglante crise post-\u00e9lectorale de 2010-2011.<\/p>\n\n<p class=\"\"><\/p>\n\n<p class=\"\">Agence France-Presse<\/p>\n","protected":false},"excerpt":{"rendered":"<p>L&rsquo;ancien ministre ivoirien du Commerce et cadre du Parti d\u00e9mocratique de C\u00f4te d&rsquo;Ivoire (PDCI, opposition), Jean-Louis Billon, a annonc\u00e9 vendredi sa candidature \u00e0 l&rsquo;\u00e9lection pr\u00e9sidentielle d&rsquo;octobre 2025, se pr\u00e9parant \u00e0 affronter, au sein de sa formation, le leader du parti Tidjane Thiam. \u00ab\u00a0Je d\u00e9clare solennellement que j&rsquo;ai d\u00e9cid\u00e9 d&rsquo;\u00eatre candidat \u00e0 l&rsquo;\u00e9lection pr\u00e9sidentielle de 2025. [&hellip;]<\/p>\n","protected":false},"author":10,"featured_media":12847,"comment_status":"open","ping_status":"open","sticky":false,"template":"","format":"standard","meta":{"_acf_changed":false,"om_disable_all_campaigns":false,"_monsterinsights_skip_tracking":false,"_monsterinsights_sitenote_active":false,"_monsterinsights_sitenote_note":"","_monsterinsights_sitenote_category":0,"tdm_status":"","tdm_grid_status":"","_jetpack_newsletter_access":"","_jetpack_dont_email_post_to_subs":false,"_jetpack_newsletter_tier_id":0,"_jetpack_memberships_contains_paywalled_content":false,"_jetpack_memberships_contains_paid_content":false,"footnotes":""},"categories":[293,782],"tags":[693,538,696,207,792],"adr_country":[1101],"class_list":{"0":"post-13017","1":"post","2":"type-post","3":"status-publish","4":"format-standard","5":"has-post-thumbnail","7":"category-actualites-fr","8":"category-politique-fr","9":"tag-abidjan","10":"tag-cote-divoire","11":"tag-jean-louis-billon","12":"tag-politique","13":"tag-presidentiel","14":"adr_country-cote-divoire"},"acf":{"post_version":""},"yoast_head":"<!-- This site is optimized with the Yoast SEO Premium plugin v26.0 (Yoast SEO v27.4) - https:\/\/yoast.com\/product\/yoast-seo-premium-wordpress\/ -->\n<title>Ancien Ministre Annonce sa Candidature \u00e0 la Pr\u00e9sidentielle - Africa Daily Report<\/title>\n<meta name=\"robots\" content=\"index, follow, max-snippet:-1, max-image-preview:large, max-video-preview:-1\" \/>\n<link rel=\"canonical\" href=\"https:\/\/africadailyreport.com\/fr\/2024\/10\/26\/ancien-ministre-annonce-sa-candidature-a-la-presidentielle\/\" \/>\n<meta property=\"og:locale\" content=\"fr_FR\" \/>\n<meta property=\"og:type\" content=\"article\" \/>\n<meta property=\"og:title\" content=\"Ancien Ministre Annonce sa Candidature \u00e0 la Pr\u00e9sidentielle\" \/>\n<meta property=\"og:description\" content=\"L&rsquo;ancien ministre ivoirien du Commerce et cadre du Parti d\u00e9mocratique de C\u00f4te d&rsquo;Ivoire (PDCI, opposition), Jean-Louis Billon, a annonc\u00e9 vendredi sa candidature \u00e0 l&rsquo;\u00e9lection pr\u00e9sidentielle d&rsquo;octobre 2025, se pr\u00e9parant \u00e0 affronter, au sein de sa formation, le leader du parti Tidjane Thiam. \u00ab\u00a0Je d\u00e9clare solennellement que j&rsquo;ai d\u00e9cid\u00e9 d&rsquo;\u00eatre candidat \u00e0 l&rsquo;\u00e9lection pr\u00e9sidentielle de 2025. [&hellip;]\" \/>\n<meta property=\"og:url\" content=\"https:\/\/africadailyreport.com\/fr\/2024\/10\/26\/ancien-ministre-annonce-sa-candidature-a-la-presidentielle\/\" \/>\n<meta property=\"og:site_name\" content=\"Africa Daily Report\" \/>\n<meta property=\"article:publisher\" content=\"https:\/\/www.facebook.com\/africadailyreport\" \/>\n<meta property=\"article:published_time\" content=\"2024-10-26T01:15:33+00:00\" \/>\n<meta property=\"article:modified_time\" content=\"2024-10-27T13:20:22+00:00\" \/>\n<meta property=\"og:image\" content=\"https:\/\/africadailyreport.com\/wp-content\/uploads\/2024\/10\/AFP__20151005__Par8293202__v1__HighRes__IcoastAgricultureEcomonyCocoa-scaled.jpg\" \/>\n\t<meta property=\"og:image:width\" content=\"2560\" \/>\n\t<meta property=\"og:image:height\" content=\"1922\" \/>\n\t<meta property=\"og:image:type\" content=\"image\/jpeg\" \/>\n<meta name=\"author\" content=\"ADR\/AFP\" \/>\n<meta name=\"twitter:card\" content=\"summary_large_image\" \/>\n<meta name=\"twitter:creator\" content=\"@adr_africa\" \/>\n<meta name=\"twitter:site\" content=\"@adr_africa\" \/>\n<meta name=\"twitter:label1\" content=\"\u00c9crit par\" \/>\n\t<meta name=\"twitter:data1\" content=\"ADR\/AFP\" \/>\n\t<meta name=\"twitter:label2\" content=\"Dur\u00e9e de lecture estim\u00e9e\" \/>\n\t<meta name=\"twitter:data2\" content=\"2 minutes\" \/>\n<script type=\"application\/ld+json\" class=\"yoast-schema-graph\">{\"@context\":\"https:\\\/\\\/schema.org\",\"@graph\":[{\"@type\":\"Article\",\"@id\":\"https:\\\/\\\/africadailyreport.com\\\/fr\\\/2024\\\/10\\\/26\\\/ancien-ministre-annonce-sa-candidature-a-la-presidentielle\\\/#article\",\"isPartOf\":{\"@id\":\"https:\\\/\\\/africadailyreport.com\\\/fr\\\/2024\\\/10\\\/26\\\/ancien-ministre-annonce-sa-candidature-a-la-presidentielle\\\/\"},\"author\":{\"name\":\"ADR\\\/AFP\",\"@id\":\"https:\\\/\\\/africadailyreport.com\\\/fr\\\/#\\\/schema\\\/person\\\/c44d86d79f5570b3ba4cf70c989843f8\"},\"headline\":\"Ancien Ministre Annonce sa Candidature \u00e0 la Pr\u00e9sidentielle\",\"datePublished\":\"2024-10-26T01:15:33+00:00\",\"dateModified\":\"2024-10-27T13:20:22+00:00\",\"mainEntityOfPage\":{\"@id\":\"https:\\\/\\\/africadailyreport.com\\\/fr\\\/2024\\\/10\\\/26\\\/ancien-ministre-annonce-sa-candidature-a-la-presidentielle\\\/\"},\"wordCount\":454,\"commentCount\":0,\"publisher\":{\"@id\":\"https:\\\/\\\/africadailyreport.com\\\/fr\\\/#organization\"},\"image\":{\"@id\":\"https:\\\/\\\/africadailyreport.com\\\/fr\\\/2024\\\/10\\\/26\\\/ancien-ministre-annonce-sa-candidature-a-la-presidentielle\\\/#primaryimage\"},\"thumbnailUrl\":\"https:\\\/\\\/i0.wp.com\\\/africadailyreport.com\\\/wp-content\\\/uploads\\\/2024\\\/10\\\/AFP__20151005__Par8293202__v1__HighRes__IcoastAgricultureEcomonyCocoa-scaled.jpg?fit=2560%2C1922&ssl=1\",\"keywords\":[\"Abidjan\",\"C\u00f4te d\u2019Ivoire\",\"Jean-Louis Billon\",\"politique\",\"pr\u00e9sidentiel\"],\"articleSection\":[\"Actualit\u00e9s\",\"POLITIQUE\"],\"inLanguage\":\"fr-FR\",\"potentialAction\":[{\"@type\":\"CommentAction\",\"name\":\"Comment\",\"target\":[\"https:\\\/\\\/africadailyreport.com\\\/fr\\\/2024\\\/10\\\/26\\\/ancien-ministre-annonce-sa-candidature-a-la-presidentielle\\\/#respond\"]}],\"copyrightYear\":\"2024\",\"copyrightHolder\":{\"@id\":\"https:\\\/\\\/africadailyreport.com\\\/#organization\"}},{\"@type\":\"WebPage\",\"@id\":\"https:\\\/\\\/africadailyreport.com\\\/fr\\\/2024\\\/10\\\/26\\\/ancien-ministre-annonce-sa-candidature-a-la-presidentielle\\\/\",\"url\":\"https:\\\/\\\/africadailyreport.com\\\/fr\\\/2024\\\/10\\\/26\\\/ancien-ministre-annonce-sa-candidature-a-la-presidentielle\\\/\",\"name\":\"Ancien Ministre Annonce sa Candidature \u00e0 la Pr\u00e9sidentielle - Africa Daily Report\",\"isPartOf\":{\"@id\":\"https:\\\/\\\/africadailyreport.com\\\/fr\\\/#website\"},\"primaryImageOfPage\":{\"@id\":\"https:\\\/\\\/africadailyreport.com\\\/fr\\\/2024\\\/10\\\/26\\\/ancien-ministre-annonce-sa-candidature-a-la-presidentielle\\\/#primaryimage\"},\"image\":{\"@id\":\"https:\\\/\\\/africadailyreport.com\\\/fr\\\/2024\\\/10\\\/26\\\/ancien-ministre-annonce-sa-candidature-a-la-presidentielle\\\/#primaryimage\"},\"thumbnailUrl\":\"https:\\\/\\\/i0.wp.com\\\/africadailyreport.com\\\/wp-content\\\/uploads\\\/2024\\\/10\\\/AFP__20151005__Par8293202__v1__HighRes__IcoastAgricultureEcomonyCocoa-scaled.jpg?fit=2560%2C1922&ssl=1\",\"datePublished\":\"2024-10-26T01:15:33+00:00\",\"dateModified\":\"2024-10-27T13:20:22+00:00\",\"breadcrumb\":{\"@id\":\"https:\\\/\\\/africadailyreport.com\\\/fr\\\/2024\\\/10\\\/26\\\/ancien-ministre-annonce-sa-candidature-a-la-presidentielle\\\/#breadcrumb\"},\"inLanguage\":\"fr-FR\",\"potentialAction\":[{\"@type\":\"ReadAction\",\"target\":[\"https:\\\/\\\/africadailyreport.com\\\/fr\\\/2024\\\/10\\\/26\\\/ancien-ministre-annonce-sa-candidature-a-la-presidentielle\\\/\"]}]},{\"@type\":\"ImageObject\",\"inLanguage\":\"fr-FR\",\"@id\":\"https:\\\/\\\/africadailyreport.com\\\/fr\\\/2024\\\/10\\\/26\\\/ancien-ministre-annonce-sa-candidature-a-la-presidentielle\\\/#primaryimage\",\"url\":\"https:\\\/\\\/i0.wp.com\\\/africadailyreport.com\\\/wp-content\\\/uploads\\\/2024\\\/10\\\/AFP__20151005__Par8293202__v1__HighRes__IcoastAgricultureEcomonyCocoa-scaled.jpg?fit=2560%2C1922&ssl=1\",\"contentUrl\":\"https:\\\/\\\/i0.wp.com\\\/africadailyreport.com\\\/wp-content\\\/uploads\\\/2024\\\/10\\\/AFP__20151005__Par8293202__v1__HighRes__IcoastAgricultureEcomonyCocoa-scaled.jpg?fit=2560%2C1922&ssl=1\",\"width\":2560,\"height\":1922,\"caption\":\"Ivorian Trade Minister Jean-Louis Billon hold a joint press conference with Executive Director of the International Cocoa Organization (ICCO) Jean Marc Anga (Unssen), on October 5, 2015 in Abidjan, days after the announcement on September 30 of the relocation of the ICCO headquarters, based in London since 1973, to the capital of the Ivory Coast. Under the decision, the 92nd regular session of the Council authorized the Executive Director to begin the relocation to Abidjan with effect from 1 October 2015, and stipulated that the process should be completed at the latest by 31 March 2017. AFP PHOTO \\\/ ISSOUF SANOGO (Photo by Issouf SANOGO \\\/ AFP)\"},{\"@type\":\"BreadcrumbList\",\"@id\":\"https:\\\/\\\/africadailyreport.com\\\/fr\\\/2024\\\/10\\\/26\\\/ancien-ministre-annonce-sa-candidature-a-la-presidentielle\\\/#breadcrumb\",\"itemListElement\":[{\"@type\":\"ListItem\",\"position\":1,\"name\":\"Home\",\"item\":\"https:\\\/\\\/africadailyreport.com\\\/fr\\\/\"},{\"@type\":\"ListItem\",\"position\":2,\"name\":\"Ancien Ministre Annonce sa Candidature \u00e0 la Pr\u00e9sidentielle\"}]},{\"@type\":\"WebSite\",\"@id\":\"https:\\\/\\\/africadailyreport.com\\\/fr\\\/#website\",\"url\":\"https:\\\/\\\/africadailyreport.com\\\/fr\\\/\",\"name\":\"Africa Daily Report\",\"description\":\"\",\"publisher\":{\"@id\":\"https:\\\/\\\/africadailyreport.com\\\/fr\\\/#organization\"},\"potentialAction\":[{\"@type\":\"SearchAction\",\"target\":{\"@type\":\"EntryPoint\",\"urlTemplate\":\"https:\\\/\\\/africadailyreport.com\\\/fr\\\/?s={search_term_string}\"},\"query-input\":{\"@type\":\"PropertyValueSpecification\",\"valueRequired\":true,\"valueName\":\"search_term_string\"}}],\"inLanguage\":\"fr-FR\"},{\"@type\":\"Organization\",\"@id\":\"https:\\\/\\\/africadailyreport.com\\\/fr\\\/#organization\",\"name\":\"Africa Daily Report\",\"url\":\"https:\\\/\\\/africadailyreport.com\\\/fr\\\/\",\"logo\":{\"@type\":\"ImageObject\",\"inLanguage\":\"fr-FR\",\"@id\":\"https:\\\/\\\/africadailyreport.com\\\/fr\\\/#\\\/schema\\\/logo\\\/image\\\/\",\"url\":\"https:\\\/\\\/africadailyreport.com\\\/wp-content\\\/uploads\\\/2024\\\/09\\\/ADR-Transparent-Green-Logo-1.png\",\"contentUrl\":\"https:\\\/\\\/africadailyreport.com\\\/wp-content\\\/uploads\\\/2024\\\/09\\\/ADR-Transparent-Green-Logo-1.png\",\"width\":267,\"height\":185,\"caption\":\"Africa Daily Report\"},\"image\":{\"@id\":\"https:\\\/\\\/africadailyreport.com\\\/fr\\\/#\\\/schema\\\/logo\\\/image\\\/\"},\"sameAs\":[\"https:\\\/\\\/www.facebook.com\\\/africadailyreport\",\"https:\\\/\\\/x.com\\\/adr_africa\",\"https:\\\/\\\/www.youtube.com\\\/@africadailyreport\",\"https:\\\/\\\/instagram.com\\\/africadailyreport\"]},{\"@type\":\"Person\",\"@id\":\"https:\\\/\\\/africadailyreport.com\\\/fr\\\/#\\\/schema\\\/person\\\/c44d86d79f5570b3ba4cf70c989843f8\",\"name\":\"ADR\\\/AFP\",\"image\":{\"@type\":\"ImageObject\",\"inLanguage\":\"fr-FR\",\"@id\":\"https:\\\/\\\/secure.gravatar.com\\\/avatar\\\/2fbdc3782aa386b408fd9a36f0bc78ee569c94a7a05670cab3a1d72916408214?s=96&d=mm&r=g\",\"url\":\"https:\\\/\\\/secure.gravatar.com\\\/avatar\\\/2fbdc3782aa386b408fd9a36f0bc78ee569c94a7a05670cab3a1d72916408214?s=96&d=mm&r=g\",\"contentUrl\":\"https:\\\/\\\/secure.gravatar.com\\\/avatar\\\/2fbdc3782aa386b408fd9a36f0bc78ee569c94a7a05670cab3a1d72916408214?s=96&d=mm&r=g\",\"caption\":\"ADR\\\/AFP\"},\"sameAs\":[\"http:\\\/\\\/africadailyreport.com\"],\"url\":\"https:\\\/\\\/africadailyreport.com\\\/fr\\\/author\\\/both\\\/\"}]}<\/script>\n<!-- \/ Yoast SEO Premium plugin. -->","yoast_head_json":{"title":"Ancien Ministre Annonce sa Candidature \u00e0 la Pr\u00e9sidentielle - Africa Daily Report","robots":{"index":"index","follow":"follow","max-snippet":"max-snippet:-1","max-image-preview":"max-image-preview:large","max-video-preview":"max-video-preview:-1"},"canonical":"https:\/\/africadailyreport.com\/fr\/2024\/10\/26\/ancien-ministre-annonce-sa-candidature-a-la-presidentielle\/","og_locale":"fr_FR","og_type":"article","og_title":"Ancien Ministre Annonce sa Candidature \u00e0 la Pr\u00e9sidentielle","og_description":"L&rsquo;ancien ministre ivoirien du Commerce et cadre du Parti d\u00e9mocratique de C\u00f4te d&rsquo;Ivoire (PDCI, opposition), Jean-Louis Billon, a annonc\u00e9 vendredi sa candidature \u00e0 l&rsquo;\u00e9lection pr\u00e9sidentielle d&rsquo;octobre 2025, se pr\u00e9parant \u00e0 affronter, au sein de sa formation, le leader du parti Tidjane Thiam. \u00ab\u00a0Je d\u00e9clare solennellement que j&rsquo;ai d\u00e9cid\u00e9 d&rsquo;\u00eatre candidat \u00e0 l&rsquo;\u00e9lection pr\u00e9sidentielle de 2025. [&hellip;]","og_url":"https:\/\/africadailyreport.com\/fr\/2024\/10\/26\/ancien-ministre-annonce-sa-candidature-a-la-presidentielle\/","og_site_name":"Africa Daily Report","article_publisher":"https:\/\/www.facebook.com\/africadailyreport","article_published_time":"2024-10-26T01:15:33+00:00","article_modified_time":"2024-10-27T13:20:22+00:00","og_image":[{"width":2560,"height":1922,"url":"https:\/\/africadailyreport.com\/wp-content\/uploads\/2024\/10\/AFP__20151005__Par8293202__v1__HighRes__IcoastAgricultureEcomonyCocoa-scaled.jpg","type":"image\/jpeg"}],"author":"ADR\/AFP","twitter_card":"summary_large_image","twitter_creator":"@adr_africa","twitter_site":"@adr_africa","twitter_misc":{"\u00c9crit par":"ADR\/AFP","Dur\u00e9e de lecture estim\u00e9e":"2 minutes"},"schema":{"@context":"https:\/\/schema.org","@graph":[{"@type":"Article","@id":"https:\/\/africadailyreport.com\/fr\/2024\/10\/26\/ancien-ministre-annonce-sa-candidature-a-la-presidentielle\/#article","isPartOf":{"@id":"https:\/\/africadailyreport.com\/fr\/2024\/10\/26\/ancien-ministre-annonce-sa-candidature-a-la-presidentielle\/"},"author":{"name":"ADR\/AFP","@id":"https:\/\/africadailyreport.com\/fr\/#\/schema\/person\/c44d86d79f5570b3ba4cf70c989843f8"},"headline":"Ancien Ministre Annonce sa Candidature \u00e0 la Pr\u00e9sidentielle","datePublished":"2024-10-26T01:15:33+00:00","dateModified":"2024-10-27T13:20:22+00:00","mainEntityOfPage":{"@id":"https:\/\/africadailyreport.com\/fr\/2024\/10\/26\/ancien-ministre-annonce-sa-candidature-a-la-presidentielle\/"},"wordCount":454,"commentCount":0,"publisher":{"@id":"https:\/\/africadailyreport.com\/fr\/#organization"},"image":{"@id":"https:\/\/africadailyreport.com\/fr\/2024\/10\/26\/ancien-ministre-annonce-sa-candidature-a-la-presidentielle\/#primaryimage"},"thumbnailUrl":"https:\/\/i0.wp.com\/africadailyreport.com\/wp-content\/uploads\/2024\/10\/AFP__20151005__Par8293202__v1__HighRes__IcoastAgricultureEcomonyCocoa-scaled.jpg?fit=2560%2C1922&ssl=1","keywords":["Abidjan","C\u00f4te d\u2019Ivoire","Jean-Louis Billon","politique","pr\u00e9sidentiel"],"articleSection":["Actualit\u00e9s","POLITIQUE"],"inLanguage":"fr-FR","potentialAction":[{"@type":"CommentAction","name":"Comment","target":["https:\/\/africadailyreport.com\/fr\/2024\/10\/26\/ancien-ministre-annonce-sa-candidature-a-la-presidentielle\/#respond"]}],"copyrightYear":"2024","copyrightHolder":{"@id":"https:\/\/africadailyreport.com\/#organization"}},{"@type":"WebPage","@id":"https:\/\/africadailyreport.com\/fr\/2024\/10\/26\/ancien-ministre-annonce-sa-candidature-a-la-presidentielle\/","url":"https:\/\/africadailyreport.com\/fr\/2024\/10\/26\/ancien-ministre-annonce-sa-candidature-a-la-presidentielle\/","name":"Ancien Ministre Annonce sa Candidature \u00e0 la Pr\u00e9sidentielle - Africa Daily Report","isPartOf":{"@id":"https:\/\/africadailyreport.com\/fr\/#website"},"primaryImageOfPage":{"@id":"https:\/\/africadailyreport.com\/fr\/2024\/10\/26\/ancien-ministre-annonce-sa-candidature-a-la-presidentielle\/#primaryimage"},"image":{"@id":"https:\/\/africadailyreport.com\/fr\/2024\/10\/26\/ancien-ministre-annonce-sa-candidature-a-la-presidentielle\/#primaryimage"},"thumbnailUrl":"https:\/\/i0.wp.com\/africadailyreport.com\/wp-content\/uploads\/2024\/10\/AFP__20151005__Par8293202__v1__HighRes__IcoastAgricultureEcomonyCocoa-scaled.jpg?fit=2560%2C1922&ssl=1","datePublished":"2024-10-26T01:15:33+00:00","dateModified":"2024-10-27T13:20:22+00:00","breadcrumb":{"@id":"https:\/\/africadailyreport.com\/fr\/2024\/10\/26\/ancien-ministre-annonce-sa-candidature-a-la-presidentielle\/#breadcrumb"},"inLanguage":"fr-FR","potentialAction":[{"@type":"ReadAction","target":["https:\/\/africadailyreport.com\/fr\/2024\/10\/26\/ancien-ministre-annonce-sa-candidature-a-la-presidentielle\/"]}]},{"@type":"ImageObject","inLanguage":"fr-FR","@id":"https:\/\/africadailyreport.com\/fr\/2024\/10\/26\/ancien-ministre-annonce-sa-candidature-a-la-presidentielle\/#primaryimage","url":"https:\/\/i0.wp.com\/africadailyreport.com\/wp-content\/uploads\/2024\/10\/AFP__20151005__Par8293202__v1__HighRes__IcoastAgricultureEcomonyCocoa-scaled.jpg?fit=2560%2C1922&ssl=1","contentUrl":"https:\/\/i0.wp.com\/africadailyreport.com\/wp-content\/uploads\/2024\/10\/AFP__20151005__Par8293202__v1__HighRes__IcoastAgricultureEcomonyCocoa-scaled.jpg?fit=2560%2C1922&ssl=1","width":2560,"height":1922,"caption":"Ivorian Trade Minister Jean-Louis Billon hold a joint press conference with Executive Director of the International Cocoa Organization (ICCO) Jean Marc Anga (Unssen), on October 5, 2015 in Abidjan, days after the announcement on September 30 of the relocation of the ICCO headquarters, based in London since 1973, to the capital of the Ivory Coast. Under the decision, the 92nd regular session of the Council authorized the Executive Director to begin the relocation to Abidjan with effect from 1 October 2015, and stipulated that the process should be completed at the latest by 31 March 2017. AFP PHOTO \/ ISSOUF SANOGO (Photo by Issouf SANOGO \/ AFP)"},{"@type":"BreadcrumbList","@id":"https:\/\/africadailyreport.com\/fr\/2024\/10\/26\/ancien-ministre-annonce-sa-candidature-a-la-presidentielle\/#breadcrumb","itemListElement":[{"@type":"ListItem","position":1,"name":"Home","item":"https:\/\/africadailyreport.com\/fr\/"},{"@type":"ListItem","position":2,"name":"Ancien Ministre Annonce sa Candidature \u00e0 la Pr\u00e9sidentielle"}]},{"@type":"WebSite","@id":"https:\/\/africadailyreport.com\/fr\/#website","url":"https:\/\/africadailyreport.com\/fr\/","name":"Africa Daily Report","description":"","publisher":{"@id":"https:\/\/africadailyreport.com\/fr\/#organization"},"potentialAction":[{"@type":"SearchAction","target":{"@type":"EntryPoint","urlTemplate":"https:\/\/africadailyreport.com\/fr\/?s={search_term_string}"},"query-input":{"@type":"PropertyValueSpecification","valueRequired":true,"valueName":"search_term_string"}}],"inLanguage":"fr-FR"},{"@type":"Organization","@id":"https:\/\/africadailyreport.com\/fr\/#organization","name":"Africa Daily Report","url":"https:\/\/africadailyreport.com\/fr\/","logo":{"@type":"ImageObject","inLanguage":"fr-FR","@id":"https:\/\/africadailyreport.com\/fr\/#\/schema\/logo\/image\/","url":"https:\/\/africadailyreport.com\/wp-content\/uploads\/2024\/09\/ADR-Transparent-Green-Logo-1.png","contentUrl":"https:\/\/africadailyreport.com\/wp-content\/uploads\/2024\/09\/ADR-Transparent-Green-Logo-1.png","width":267,"height":185,"caption":"Africa Daily Report"},"image":{"@id":"https:\/\/africadailyreport.com\/fr\/#\/schema\/logo\/image\/"},"sameAs":["https:\/\/www.facebook.com\/africadailyreport","https:\/\/x.com\/adr_africa","https:\/\/www.youtube.com\/@africadailyreport","https:\/\/instagram.com\/africadailyreport"]},{"@type":"Person","@id":"https:\/\/africadailyreport.com\/fr\/#\/schema\/person\/c44d86d79f5570b3ba4cf70c989843f8","name":"ADR\/AFP","image":{"@type":"ImageObject","inLanguage":"fr-FR","@id":"https:\/\/secure.gravatar.com\/avatar\/2fbdc3782aa386b408fd9a36f0bc78ee569c94a7a05670cab3a1d72916408214?s=96&d=mm&r=g","url":"https:\/\/secure.gravatar.com\/avatar\/2fbdc3782aa386b408fd9a36f0bc78ee569c94a7a05670cab3a1d72916408214?s=96&d=mm&r=g","contentUrl":"https:\/\/secure.gravatar.com\/avatar\/2fbdc3782aa386b408fd9a36f0bc78ee569c94a7a05670cab3a1d72916408214?s=96&d=mm&r=g","caption":"ADR\/AFP"},"sameAs":["http:\/\/africadailyreport.com"],"url":"https:\/\/africadailyreport.com\/fr\/author\/both\/"}]}},"jetpack_featured_media_url":"https:\/\/i0.wp.com\/africadailyreport.com\/wp-content\/uploads\/2024\/10\/AFP__20151005__Par8293202__v1__HighRes__IcoastAgricultureEcomonyCocoa-scaled.jpg?fit=2560%2C1922&ssl=1","jetpack_sharing_enabled":true,"amp_enabled":true,"_links":{"self":[{"href":"https:\/\/africadailyreport.com\/fr\/wp-json\/wp\/v2\/posts\/13017","targetHints":{"allow":["GET"]}}],"collection":[{"href":"https:\/\/africadailyreport.com\/fr\/wp-json\/wp\/v2\/posts"}],"about":[{"href":"https:\/\/africadailyreport.com\/fr\/wp-json\/wp\/v2\/types\/post"}],"author":[{"embeddable":true,"href":"https:\/\/africadailyreport.com\/fr\/wp-json\/wp\/v2\/users\/10"}],"replies":[{"embeddable":true,"href":"https:\/\/africadailyreport.com\/fr\/wp-json\/wp\/v2\/comments?post=13017"}],"version-history":[{"count":1,"href":"https:\/\/africadailyreport.com\/fr\/wp-json\/wp\/v2\/posts\/13017\/revisions"}],"predecessor-version":[{"id":13021,"href":"https:\/\/africadailyreport.com\/fr\/wp-json\/wp\/v2\/posts\/13017\/revisions\/13021"}],"wp:featuredmedia":[{"embeddable":true,"href":"https:\/\/africadailyreport.com\/fr\/wp-json\/wp\/v2\/media\/12847"}],"wp:attachment":[{"href":"https:\/\/africadailyreport.com\/fr\/wp-json\/wp\/v2\/media?parent=13017"}],"wp:term":[{"taxonomy":"category","embeddable":true,"href":"https:\/\/africadailyreport.com\/fr\/wp-json\/wp\/v2\/categories?post=13017"},{"taxonomy":"post_tag","embeddable":true,"href":"https:\/\/africadailyreport.com\/fr\/wp-json\/wp\/v2\/tags?post=13017"},{"taxonomy":"adr_country","embeddable":true,"href":"https:\/\/africadailyreport.com\/fr\/wp-json\/wp\/v2\/adr_country?post=13017"}],"curies":[{"name":"wp","href":"https:\/\/api.w.org\/{rel}","templated":true}]}}