{"id":12835,"date":"2024-10-26T00:58:10","date_gmt":"2024-10-26T00:58:10","guid":{"rendered":"https:\/\/africadailyreport.com\/?p=12835"},"modified":"2024-10-27T14:14:31","modified_gmt":"2024-10-27T14:14:31","slug":"changement-de-constitution-en-rdc-une-figure-de-lopposition-met-en-garde-le-regime","status":"publish","type":"post","link":"https:\/\/africadailyreport.com\/fr\/2024\/10\/26\/changement-de-constitution-en-rdc-une-figure-de-lopposition-met-en-garde-le-regime\/","title":{"rendered":"Changement de Constitution en RDC: une figure de l&rsquo;opposition met en garde le r\u00e9gime"},"content":{"rendered":"\n<figure class=\"wp-block-image size-large\"><img data-recalc-dims=\"1\" loading=\"lazy\" decoding=\"async\" width=\"696\" height=\"464\" src=\"https:\/\/i0.wp.com\/africadailyreport.com\/wp-content\/uploads\/2024\/10\/AFP__20190314__BELGAIMAGE-146610923__v1__HighRes__BrusselsVubUniversityMartinFayuluC-1.jpg?resize=696%2C464&#038;ssl=1\" alt=\"\" class=\"wp-image-12838\" srcset=\"https:\/\/i0.wp.com\/africadailyreport.com\/wp-content\/uploads\/2024\/10\/AFP__20190314__BELGAIMAGE-146610923__v1__HighRes__BrusselsVubUniversityMartinFayuluC-1-scaled.jpg?resize=1024%2C683&amp;ssl=1 1024w, https:\/\/i0.wp.com\/africadailyreport.com\/wp-content\/uploads\/2024\/10\/AFP__20190314__BELGAIMAGE-146610923__v1__HighRes__BrusselsVubUniversityMartinFayuluC-1-scaled.jpg?resize=300%2C200&amp;ssl=1 300w, https:\/\/i0.wp.com\/africadailyreport.com\/wp-content\/uploads\/2024\/10\/AFP__20190314__BELGAIMAGE-146610923__v1__HighRes__BrusselsVubUniversityMartinFayuluC-1-scaled.jpg?resize=768%2C512&amp;ssl=1 768w, https:\/\/i0.wp.com\/africadailyreport.com\/wp-content\/uploads\/2024\/10\/AFP__20190314__BELGAIMAGE-146610923__v1__HighRes__BrusselsVubUniversityMartinFayuluC-1-scaled.jpg?resize=1536%2C1024&amp;ssl=1 1536w, https:\/\/i0.wp.com\/africadailyreport.com\/wp-content\/uploads\/2024\/10\/AFP__20190314__BELGAIMAGE-146610923__v1__HighRes__BrusselsVubUniversityMartinFayuluC-1-scaled.jpg?resize=2048%2C1365&amp;ssl=1 2048w, https:\/\/i0.wp.com\/africadailyreport.com\/wp-content\/uploads\/2024\/10\/AFP__20190314__BELGAIMAGE-146610923__v1__HighRes__BrusselsVubUniversityMartinFayuluC-1-scaled.jpg?resize=630%2C420&amp;ssl=1 630w, https:\/\/i0.wp.com\/africadailyreport.com\/wp-content\/uploads\/2024\/10\/AFP__20190314__BELGAIMAGE-146610923__v1__HighRes__BrusselsVubUniversityMartinFayuluC-1-scaled.jpg?resize=150%2C100&amp;ssl=1 150w, https:\/\/i0.wp.com\/africadailyreport.com\/wp-content\/uploads\/2024\/10\/AFP__20190314__BELGAIMAGE-146610923__v1__HighRes__BrusselsVubUniversityMartinFayuluC-1-scaled.jpg?resize=696%2C464&amp;ssl=1 696w, https:\/\/i0.wp.com\/africadailyreport.com\/wp-content\/uploads\/2024\/10\/AFP__20190314__BELGAIMAGE-146610923__v1__HighRes__BrusselsVubUniversityMartinFayuluC-1-scaled.jpg?resize=1068%2C712&amp;ssl=1 1068w, https:\/\/i0.wp.com\/africadailyreport.com\/wp-content\/uploads\/2024\/10\/AFP__20190314__BELGAIMAGE-146610923__v1__HighRes__BrusselsVubUniversityMartinFayuluC-1-scaled.jpg?resize=1920%2C1280&amp;ssl=1 1920w, https:\/\/i0.wp.com\/africadailyreport.com\/wp-content\/uploads\/2024\/10\/AFP__20190314__BELGAIMAGE-146610923__v1__HighRes__BrusselsVubUniversityMartinFayuluC-1-scaled.jpg?w=1392&amp;ssl=1 1392w\" sizes=\"auto, (max-width: 696px) 100vw, 696px\" \/><figcaption class=\"wp-element-caption\">Congolese opponent Martin Fayulu pictured during a meeting with the Congolese community of Congolese opponent Martin Fayulu, at the VUB Flemish University of Brussels, Saturday 09 March 2019. BELGA PHOTO NICOLAS MAETERLINCK (Photo by NICOLAS MAETERLINCK \/ BELGA MAG \/ Belga via AFP)<\/figcaption><\/figure>\n\n\n\n<p class=\"\">L&rsquo;une des principales figures de l&rsquo;opposition en R\u00e9publique d\u00e9mocratique du Congo (RDC) a promis vendredi de \u00ab\u00a0barrer la route\u00a0\u00bb au pr\u00e9sident F\u00e9lix Tshisekedi qui a annonc\u00e9 vouloir une nouvelle Constitution et est accus\u00e9 par ses d\u00e9tracteurs de chercher \u00e0 se maintenir au pouvoir.<\/p>\n\n\n\n<p class=\"\">Mercredi, le chef de l\u2019\u00c9tat congolais a promis de d\u00e9signer, d\u00e8s 2025, \u00ab\u00a0une commission nationale charg\u00e9e d&rsquo;\u00e9laborer une Constitution adapt\u00e9e \u00e0 nos r\u00e9alit\u00e9s congolaises et qui ne va plus handicaper le fonctionnement du pays\u00a0\u00bb, lors d&rsquo;un meeting \u00e0 Kisangani (nord-est).<\/p>\n\n\n\n<p class=\"\">La Constitution actuelle \u00ab\u00a0n&#8217;emp\u00eache personne de travailler\u00a0\u00bb, a r\u00e9agi Martin Fayulu, l&rsquo;une des principales figures de l&rsquo;opposition, arriv\u00e9 deuxi\u00e8me lors de l&rsquo;\u00e9lection pr\u00e9sidentielle de 2018 et troisi\u00e8me en 2023.<\/p>\n\n\n\n<p class=\"\">M. Fayulu a promis de \u00ab\u00a0barrer la route\u00a0\u00bb au pr\u00e9sident en exercice s&rsquo;il tentait de faire adopter une nouvelle Constitution et a appel\u00e9 le \u00ab\u00a0peuple congolais\u00a0\u00bb \u00e0 se tenir \u00ab\u00a0pr\u00eat\u00a0\u00bb, lors d&rsquo;une conf\u00e9rence de presse \u00e0 Kinshasa.<\/p>\n\n\n\n<p class=\"\">\u00ab\u00a0Il n&rsquo;y aura pas r\u00e9vision ou changement de la Constitution avant les \u00e9lections de 2028. C&rsquo;est inopportun\u00a0\u00bb, a-t-il ajout\u00e9.<\/p>\n\n\n\n<p class=\"\">F\u00e9lix Tshisekedi, 61 ans, a \u00e9t\u00e9 largement r\u00e9\u00e9lu pour un second mandat de cinq ans en d\u00e9cembre 2023, \u00e0 l&rsquo;issue d&rsquo;un scrutin contest\u00e9 par l&rsquo;opposition.<\/p>\n\n\n\n<p class=\"\">Adopt\u00e9e en 2006 par r\u00e9f\u00e9rendum, la Constitution congolaise a d\u00e9j\u00e0 \u00e9t\u00e9 r\u00e9vis\u00e9e en 2011 par l&rsquo;Assembl\u00e9e nationale. Les d\u00e9put\u00e9s n&rsquo;avaient pas modifi\u00e9 certains articles sensibles, dont l&rsquo;un stipulant que le pr\u00e9sident est \u00e9lu pour \u00ab\u00a0un mandat de cinq ans renouvelable une seule fois\u00a0\u00bb.<\/p>\n\n\n\n<p class=\"\">Cette r\u00e9vision de 2011 avait en revanche port\u00e9 le scrutin universel \u00e0 un tour au lieu de deux.<\/p>\n\n\n\n<p class=\"\">En janvier 2015,&nbsp;des&nbsp;manifestations meurtri\u00e8res avaient \u00e9clat\u00e9 notamment dans la capitale Kinshasa et la ville de Goma (est), pour protester contre une loi \u00e9lectorale susceptible de permettre \u00e0 l&rsquo;ex-pr\u00e9sident Joseph Kabila (2001-2019) de se maintenir au pouvoir au-del\u00e0 de deux mandats. Joseph Kabila ne s&rsquo;\u00e9tait finalement pas repr\u00e9sent\u00e9 pour un troisi\u00e8me mandat.<\/p>\n\n\n\n<p class=\"\">En RDC, un changement de Constitution doit \u00eatre approuv\u00e9 par r\u00e9f\u00e9rendum ou par le vote favorable des 3\/5e du Parlement.<\/p>\n\n\n\n<p class=\"\">\u00a9 Agence France-Presse<\/p>\n","protected":false},"excerpt":{"rendered":"<p>L&rsquo;une des principales figures de l&rsquo;opposition en R\u00e9publique d\u00e9mocratique du Congo (RDC) a promis vendredi de \u00ab\u00a0barrer la route\u00a0\u00bb au pr\u00e9sident F\u00e9lix Tshisekedi qui a annonc\u00e9 vouloir une nouvelle Constitution et est accus\u00e9 par ses d\u00e9tracteurs de chercher \u00e0 se maintenir au pouvoir. Mercredi, le chef de l\u2019\u00c9tat congolais a promis de d\u00e9signer, d\u00e8s 2025, [&hellip;]<\/p>\n","protected":false},"author":10,"featured_media":12837,"comment_status":"open","ping_status":"open","sticky":false,"template":"","format":"standard","meta":{"_acf_changed":false,"om_disable_all_campaigns":false,"_monsterinsights_skip_tracking":false,"_monsterinsights_sitenote_active":false,"_monsterinsights_sitenote_note":"","_monsterinsights_sitenote_category":0,"tdm_status":"","tdm_grid_status":"","_jetpack_newsletter_access":"","_jetpack_dont_email_post_to_subs":false,"_jetpack_newsletter_tier_id":0,"_jetpack_memberships_contains_paywalled_content":false,"_jetpack_memberships_contains_paid_content":false,"footnotes":""},"categories":[293,690],"tags":[689,686,687,688,313],"adr_country":[],"class_list":{"0":"post-12835","1":"post","2":"type-post","3":"status-publish","4":"format-standard","5":"has-post-thumbnail","7":"category-actualites-fr","8":"category-politique-2","9":"tag-changement-de-constitution","10":"tag-congo-2","11":"tag-constitution-2","12":"tag-fayulu","13":"tag-rdc-fr"},"acf":{"post_version":""},"yoast_head":"<!-- This site is optimized with the Yoast SEO Premium plugin v26.0 (Yoast SEO v27.4) - https:\/\/yoast.com\/product\/yoast-seo-premium-wordpress\/ -->\n<title>Changement de Constitution en RDC: une figure de l&#039;opposition met en garde le r\u00e9gime - Africa Daily Report<\/title>\n<meta name=\"robots\" content=\"index, follow, max-snippet:-1, max-image-preview:large, max-video-preview:-1\" \/>\n<link rel=\"canonical\" href=\"https:\/\/africadailyreport.com\/fr\/2024\/10\/26\/changement-de-constitution-en-rdc-une-figure-de-lopposition-met-en-garde-le-regime\/\" \/>\n<meta property=\"og:locale\" content=\"fr_FR\" \/>\n<meta property=\"og:type\" content=\"article\" \/>\n<meta property=\"og:title\" content=\"Changement de Constitution en RDC: une figure de l&#039;opposition met en garde le r\u00e9gime\" \/>\n<meta property=\"og:description\" content=\"L&rsquo;une des principales figures de l&rsquo;opposition en R\u00e9publique d\u00e9mocratique du Congo (RDC) a promis vendredi de \u00ab\u00a0barrer la route\u00a0\u00bb au pr\u00e9sident F\u00e9lix Tshisekedi qui a annonc\u00e9 vouloir une nouvelle Constitution et est accus\u00e9 par ses d\u00e9tracteurs de chercher \u00e0 se maintenir au pouvoir. Mercredi, le chef de l\u2019\u00c9tat congolais a promis de d\u00e9signer, d\u00e8s 2025, [&hellip;]\" \/>\n<meta property=\"og:url\" content=\"https:\/\/africadailyreport.com\/fr\/2024\/10\/26\/changement-de-constitution-en-rdc-une-figure-de-lopposition-met-en-garde-le-regime\/\" \/>\n<meta property=\"og:site_name\" content=\"Africa Daily Report\" \/>\n<meta property=\"article:publisher\" content=\"https:\/\/www.facebook.com\/africadailyreport\" \/>\n<meta property=\"article:published_time\" content=\"2024-10-26T00:58:10+00:00\" \/>\n<meta property=\"article:modified_time\" content=\"2024-10-27T14:14:31+00:00\" \/>\n<meta property=\"og:image\" content=\"https:\/\/africadailyreport.com\/wp-content\/uploads\/2024\/10\/AFP__20190314__BELGAIMAGE-146610923__v1__HighRes__BrusselsVubUniversityMartinFayuluC-scaled.jpg\" \/>\n\t<meta property=\"og:image:width\" content=\"2560\" \/>\n\t<meta property=\"og:image:height\" content=\"1707\" \/>\n\t<meta property=\"og:image:type\" content=\"image\/jpeg\" \/>\n<meta name=\"author\" content=\"ADR\/AFP\" \/>\n<meta name=\"twitter:card\" content=\"summary_large_image\" \/>\n<meta name=\"twitter:creator\" content=\"@adr_africa\" \/>\n<meta name=\"twitter:site\" content=\"@adr_africa\" \/>\n<meta name=\"twitter:label1\" content=\"\u00c9crit par\" \/>\n\t<meta name=\"twitter:data1\" content=\"ADR\/AFP\" \/>\n\t<meta name=\"twitter:label2\" content=\"Dur\u00e9e de lecture estim\u00e9e\" \/>\n\t<meta name=\"twitter:data2\" content=\"3 minutes\" \/>\n<script type=\"application\/ld+json\" class=\"yoast-schema-graph\">{\"@context\":\"https:\\\/\\\/schema.org\",\"@graph\":[{\"@type\":\"Article\",\"@id\":\"https:\\\/\\\/africadailyreport.com\\\/fr\\\/2024\\\/10\\\/26\\\/changement-de-constitution-en-rdc-une-figure-de-lopposition-met-en-garde-le-regime\\\/#article\",\"isPartOf\":{\"@id\":\"https:\\\/\\\/africadailyreport.com\\\/fr\\\/2024\\\/10\\\/26\\\/changement-de-constitution-en-rdc-une-figure-de-lopposition-met-en-garde-le-regime\\\/\"},\"author\":{\"name\":\"ADR\\\/AFP\",\"@id\":\"https:\\\/\\\/africadailyreport.com\\\/fr\\\/#\\\/schema\\\/person\\\/c44d86d79f5570b3ba4cf70c989843f8\"},\"headline\":\"Changement de Constitution en RDC: une figure de l&rsquo;opposition met en garde le r\u00e9gime\",\"datePublished\":\"2024-10-26T00:58:10+00:00\",\"dateModified\":\"2024-10-27T14:14:31+00:00\",\"mainEntityOfPage\":{\"@id\":\"https:\\\/\\\/africadailyreport.com\\\/fr\\\/2024\\\/10\\\/26\\\/changement-de-constitution-en-rdc-une-figure-de-lopposition-met-en-garde-le-regime\\\/\"},\"wordCount\":429,\"commentCount\":0,\"publisher\":{\"@id\":\"https:\\\/\\\/africadailyreport.com\\\/fr\\\/#organization\"},\"image\":{\"@id\":\"https:\\\/\\\/africadailyreport.com\\\/fr\\\/2024\\\/10\\\/26\\\/changement-de-constitution-en-rdc-une-figure-de-lopposition-met-en-garde-le-regime\\\/#primaryimage\"},\"thumbnailUrl\":\"https:\\\/\\\/i0.wp.com\\\/africadailyreport.com\\\/wp-content\\\/uploads\\\/2024\\\/10\\\/AFP__20190314__BELGAIMAGE-146610923__v1__HighRes__BrusselsVubUniversityMartinFayuluC-scaled.jpg?fit=2560%2C1707&ssl=1\",\"keywords\":[\"Changement de constitution\",\"Congo\",\"Constitution\",\"Fayulu\",\"rdc\"],\"articleSection\":[\"Actualit\u00e9s\",\"POLITIQUE\"],\"inLanguage\":\"fr-FR\",\"potentialAction\":[{\"@type\":\"CommentAction\",\"name\":\"Comment\",\"target\":[\"https:\\\/\\\/africadailyreport.com\\\/fr\\\/2024\\\/10\\\/26\\\/changement-de-constitution-en-rdc-une-figure-de-lopposition-met-en-garde-le-regime\\\/#respond\"]}],\"copyrightYear\":\"2024\",\"copyrightHolder\":{\"@id\":\"https:\\\/\\\/africadailyreport.com\\\/#organization\"}},{\"@type\":\"WebPage\",\"@id\":\"https:\\\/\\\/africadailyreport.com\\\/fr\\\/2024\\\/10\\\/26\\\/changement-de-constitution-en-rdc-une-figure-de-lopposition-met-en-garde-le-regime\\\/\",\"url\":\"https:\\\/\\\/africadailyreport.com\\\/fr\\\/2024\\\/10\\\/26\\\/changement-de-constitution-en-rdc-une-figure-de-lopposition-met-en-garde-le-regime\\\/\",\"name\":\"Changement de Constitution en RDC: une figure de l'opposition met en garde le r\u00e9gime - Africa Daily Report\",\"isPartOf\":{\"@id\":\"https:\\\/\\\/africadailyreport.com\\\/fr\\\/#website\"},\"primaryImageOfPage\":{\"@id\":\"https:\\\/\\\/africadailyreport.com\\\/fr\\\/2024\\\/10\\\/26\\\/changement-de-constitution-en-rdc-une-figure-de-lopposition-met-en-garde-le-regime\\\/#primaryimage\"},\"image\":{\"@id\":\"https:\\\/\\\/africadailyreport.com\\\/fr\\\/2024\\\/10\\\/26\\\/changement-de-constitution-en-rdc-une-figure-de-lopposition-met-en-garde-le-regime\\\/#primaryimage\"},\"thumbnailUrl\":\"https:\\\/\\\/i0.wp.com\\\/africadailyreport.com\\\/wp-content\\\/uploads\\\/2024\\\/10\\\/AFP__20190314__BELGAIMAGE-146610923__v1__HighRes__BrusselsVubUniversityMartinFayuluC-scaled.jpg?fit=2560%2C1707&ssl=1\",\"datePublished\":\"2024-10-26T00:58:10+00:00\",\"dateModified\":\"2024-10-27T14:14:31+00:00\",\"breadcrumb\":{\"@id\":\"https:\\\/\\\/africadailyreport.com\\\/fr\\\/2024\\\/10\\\/26\\\/changement-de-constitution-en-rdc-une-figure-de-lopposition-met-en-garde-le-regime\\\/#breadcrumb\"},\"inLanguage\":\"fr-FR\",\"potentialAction\":[{\"@type\":\"ReadAction\",\"target\":[\"https:\\\/\\\/africadailyreport.com\\\/fr\\\/2024\\\/10\\\/26\\\/changement-de-constitution-en-rdc-une-figure-de-lopposition-met-en-garde-le-regime\\\/\"]}]},{\"@type\":\"ImageObject\",\"inLanguage\":\"fr-FR\",\"@id\":\"https:\\\/\\\/africadailyreport.com\\\/fr\\\/2024\\\/10\\\/26\\\/changement-de-constitution-en-rdc-une-figure-de-lopposition-met-en-garde-le-regime\\\/#primaryimage\",\"url\":\"https:\\\/\\\/i0.wp.com\\\/africadailyreport.com\\\/wp-content\\\/uploads\\\/2024\\\/10\\\/AFP__20190314__BELGAIMAGE-146610923__v1__HighRes__BrusselsVubUniversityMartinFayuluC-scaled.jpg?fit=2560%2C1707&ssl=1\",\"contentUrl\":\"https:\\\/\\\/i0.wp.com\\\/africadailyreport.com\\\/wp-content\\\/uploads\\\/2024\\\/10\\\/AFP__20190314__BELGAIMAGE-146610923__v1__HighRes__BrusselsVubUniversityMartinFayuluC-scaled.jpg?fit=2560%2C1707&ssl=1\",\"width\":2560,\"height\":1707,\"caption\":\"Congolese opponent Martin Fayulu pictured during a meeting with the Congolese community of Congolese opponent Martin Fayulu, at the VUB Flemish University of Brussels, Saturday 09 March 2019. BELGA PHOTO NICOLAS MAETERLINCK (Photo by NICOLAS MAETERLINCK \\\/ BELGA MAG \\\/ Belga via AFP)\"},{\"@type\":\"BreadcrumbList\",\"@id\":\"https:\\\/\\\/africadailyreport.com\\\/fr\\\/2024\\\/10\\\/26\\\/changement-de-constitution-en-rdc-une-figure-de-lopposition-met-en-garde-le-regime\\\/#breadcrumb\",\"itemListElement\":[{\"@type\":\"ListItem\",\"position\":1,\"name\":\"Home\",\"item\":\"https:\\\/\\\/africadailyreport.com\\\/fr\\\/\"},{\"@type\":\"ListItem\",\"position\":2,\"name\":\"Changement de Constitution en RDC: une figure de l&#8217;opposition met en garde le r\u00e9gime\"}]},{\"@type\":\"WebSite\",\"@id\":\"https:\\\/\\\/africadailyreport.com\\\/fr\\\/#website\",\"url\":\"https:\\\/\\\/africadailyreport.com\\\/fr\\\/\",\"name\":\"Africa Daily Report\",\"description\":\"\",\"publisher\":{\"@id\":\"https:\\\/\\\/africadailyreport.com\\\/fr\\\/#organization\"},\"potentialAction\":[{\"@type\":\"SearchAction\",\"target\":{\"@type\":\"EntryPoint\",\"urlTemplate\":\"https:\\\/\\\/africadailyreport.com\\\/fr\\\/?s={search_term_string}\"},\"query-input\":{\"@type\":\"PropertyValueSpecification\",\"valueRequired\":true,\"valueName\":\"search_term_string\"}}],\"inLanguage\":\"fr-FR\"},{\"@type\":\"Organization\",\"@id\":\"https:\\\/\\\/africadailyreport.com\\\/fr\\\/#organization\",\"name\":\"Africa Daily Report\",\"url\":\"https:\\\/\\\/africadailyreport.com\\\/fr\\\/\",\"logo\":{\"@type\":\"ImageObject\",\"inLanguage\":\"fr-FR\",\"@id\":\"https:\\\/\\\/africadailyreport.com\\\/fr\\\/#\\\/schema\\\/logo\\\/image\\\/\",\"url\":\"https:\\\/\\\/africadailyreport.com\\\/wp-content\\\/uploads\\\/2024\\\/09\\\/ADR-Transparent-Green-Logo-1.png\",\"contentUrl\":\"https:\\\/\\\/africadailyreport.com\\\/wp-content\\\/uploads\\\/2024\\\/09\\\/ADR-Transparent-Green-Logo-1.png\",\"width\":267,\"height\":185,\"caption\":\"Africa Daily Report\"},\"image\":{\"@id\":\"https:\\\/\\\/africadailyreport.com\\\/fr\\\/#\\\/schema\\\/logo\\\/image\\\/\"},\"sameAs\":[\"https:\\\/\\\/www.facebook.com\\\/africadailyreport\",\"https:\\\/\\\/x.com\\\/adr_africa\",\"https:\\\/\\\/www.youtube.com\\\/@africadailyreport\",\"https:\\\/\\\/instagram.com\\\/africadailyreport\"]},{\"@type\":\"Person\",\"@id\":\"https:\\\/\\\/africadailyreport.com\\\/fr\\\/#\\\/schema\\\/person\\\/c44d86d79f5570b3ba4cf70c989843f8\",\"name\":\"ADR\\\/AFP\",\"image\":{\"@type\":\"ImageObject\",\"inLanguage\":\"fr-FR\",\"@id\":\"https:\\\/\\\/secure.gravatar.com\\\/avatar\\\/2fbdc3782aa386b408fd9a36f0bc78ee569c94a7a05670cab3a1d72916408214?s=96&d=mm&r=g\",\"url\":\"https:\\\/\\\/secure.gravatar.com\\\/avatar\\\/2fbdc3782aa386b408fd9a36f0bc78ee569c94a7a05670cab3a1d72916408214?s=96&d=mm&r=g\",\"contentUrl\":\"https:\\\/\\\/secure.gravatar.com\\\/avatar\\\/2fbdc3782aa386b408fd9a36f0bc78ee569c94a7a05670cab3a1d72916408214?s=96&d=mm&r=g\",\"caption\":\"ADR\\\/AFP\"},\"sameAs\":[\"http:\\\/\\\/africadailyreport.com\"],\"url\":\"https:\\\/\\\/africadailyreport.com\\\/fr\\\/author\\\/both\\\/\"}]}<\/script>\n<!-- \/ Yoast SEO Premium plugin. -->","yoast_head_json":{"title":"Changement de Constitution en RDC: une figure de l'opposition met en garde le r\u00e9gime - Africa Daily Report","robots":{"index":"index","follow":"follow","max-snippet":"max-snippet:-1","max-image-preview":"max-image-preview:large","max-video-preview":"max-video-preview:-1"},"canonical":"https:\/\/africadailyreport.com\/fr\/2024\/10\/26\/changement-de-constitution-en-rdc-une-figure-de-lopposition-met-en-garde-le-regime\/","og_locale":"fr_FR","og_type":"article","og_title":"Changement de Constitution en RDC: une figure de l'opposition met en garde le r\u00e9gime","og_description":"L&rsquo;une des principales figures de l&rsquo;opposition en R\u00e9publique d\u00e9mocratique du Congo (RDC) a promis vendredi de \u00ab\u00a0barrer la route\u00a0\u00bb au pr\u00e9sident F\u00e9lix Tshisekedi qui a annonc\u00e9 vouloir une nouvelle Constitution et est accus\u00e9 par ses d\u00e9tracteurs de chercher \u00e0 se maintenir au pouvoir. Mercredi, le chef de l\u2019\u00c9tat congolais a promis de d\u00e9signer, d\u00e8s 2025, [&hellip;]","og_url":"https:\/\/africadailyreport.com\/fr\/2024\/10\/26\/changement-de-constitution-en-rdc-une-figure-de-lopposition-met-en-garde-le-regime\/","og_site_name":"Africa Daily Report","article_publisher":"https:\/\/www.facebook.com\/africadailyreport","article_published_time":"2024-10-26T00:58:10+00:00","article_modified_time":"2024-10-27T14:14:31+00:00","og_image":[{"width":2560,"height":1707,"url":"https:\/\/africadailyreport.com\/wp-content\/uploads\/2024\/10\/AFP__20190314__BELGAIMAGE-146610923__v1__HighRes__BrusselsVubUniversityMartinFayuluC-scaled.jpg","type":"image\/jpeg"}],"author":"ADR\/AFP","twitter_card":"summary_large_image","twitter_creator":"@adr_africa","twitter_site":"@adr_africa","twitter_misc":{"\u00c9crit par":"ADR\/AFP","Dur\u00e9e de lecture estim\u00e9e":"3 minutes"},"schema":{"@context":"https:\/\/schema.org","@graph":[{"@type":"Article","@id":"https:\/\/africadailyreport.com\/fr\/2024\/10\/26\/changement-de-constitution-en-rdc-une-figure-de-lopposition-met-en-garde-le-regime\/#article","isPartOf":{"@id":"https:\/\/africadailyreport.com\/fr\/2024\/10\/26\/changement-de-constitution-en-rdc-une-figure-de-lopposition-met-en-garde-le-regime\/"},"author":{"name":"ADR\/AFP","@id":"https:\/\/africadailyreport.com\/fr\/#\/schema\/person\/c44d86d79f5570b3ba4cf70c989843f8"},"headline":"Changement de Constitution en RDC: une figure de l&rsquo;opposition met en garde le r\u00e9gime","datePublished":"2024-10-26T00:58:10+00:00","dateModified":"2024-10-27T14:14:31+00:00","mainEntityOfPage":{"@id":"https:\/\/africadailyreport.com\/fr\/2024\/10\/26\/changement-de-constitution-en-rdc-une-figure-de-lopposition-met-en-garde-le-regime\/"},"wordCount":429,"commentCount":0,"publisher":{"@id":"https:\/\/africadailyreport.com\/fr\/#organization"},"image":{"@id":"https:\/\/africadailyreport.com\/fr\/2024\/10\/26\/changement-de-constitution-en-rdc-une-figure-de-lopposition-met-en-garde-le-regime\/#primaryimage"},"thumbnailUrl":"https:\/\/i0.wp.com\/africadailyreport.com\/wp-content\/uploads\/2024\/10\/AFP__20190314__BELGAIMAGE-146610923__v1__HighRes__BrusselsVubUniversityMartinFayuluC-scaled.jpg?fit=2560%2C1707&ssl=1","keywords":["Changement de constitution","Congo","Constitution","Fayulu","rdc"],"articleSection":["Actualit\u00e9s","POLITIQUE"],"inLanguage":"fr-FR","potentialAction":[{"@type":"CommentAction","name":"Comment","target":["https:\/\/africadailyreport.com\/fr\/2024\/10\/26\/changement-de-constitution-en-rdc-une-figure-de-lopposition-met-en-garde-le-regime\/#respond"]}],"copyrightYear":"2024","copyrightHolder":{"@id":"https:\/\/africadailyreport.com\/#organization"}},{"@type":"WebPage","@id":"https:\/\/africadailyreport.com\/fr\/2024\/10\/26\/changement-de-constitution-en-rdc-une-figure-de-lopposition-met-en-garde-le-regime\/","url":"https:\/\/africadailyreport.com\/fr\/2024\/10\/26\/changement-de-constitution-en-rdc-une-figure-de-lopposition-met-en-garde-le-regime\/","name":"Changement de Constitution en RDC: une figure de l'opposition met en garde le r\u00e9gime - Africa Daily Report","isPartOf":{"@id":"https:\/\/africadailyreport.com\/fr\/#website"},"primaryImageOfPage":{"@id":"https:\/\/africadailyreport.com\/fr\/2024\/10\/26\/changement-de-constitution-en-rdc-une-figure-de-lopposition-met-en-garde-le-regime\/#primaryimage"},"image":{"@id":"https:\/\/africadailyreport.com\/fr\/2024\/10\/26\/changement-de-constitution-en-rdc-une-figure-de-lopposition-met-en-garde-le-regime\/#primaryimage"},"thumbnailUrl":"https:\/\/i0.wp.com\/africadailyreport.com\/wp-content\/uploads\/2024\/10\/AFP__20190314__BELGAIMAGE-146610923__v1__HighRes__BrusselsVubUniversityMartinFayuluC-scaled.jpg?fit=2560%2C1707&ssl=1","datePublished":"2024-10-26T00:58:10+00:00","dateModified":"2024-10-27T14:14:31+00:00","breadcrumb":{"@id":"https:\/\/africadailyreport.com\/fr\/2024\/10\/26\/changement-de-constitution-en-rdc-une-figure-de-lopposition-met-en-garde-le-regime\/#breadcrumb"},"inLanguage":"fr-FR","potentialAction":[{"@type":"ReadAction","target":["https:\/\/africadailyreport.com\/fr\/2024\/10\/26\/changement-de-constitution-en-rdc-une-figure-de-lopposition-met-en-garde-le-regime\/"]}]},{"@type":"ImageObject","inLanguage":"fr-FR","@id":"https:\/\/africadailyreport.com\/fr\/2024\/10\/26\/changement-de-constitution-en-rdc-une-figure-de-lopposition-met-en-garde-le-regime\/#primaryimage","url":"https:\/\/i0.wp.com\/africadailyreport.com\/wp-content\/uploads\/2024\/10\/AFP__20190314__BELGAIMAGE-146610923__v1__HighRes__BrusselsVubUniversityMartinFayuluC-scaled.jpg?fit=2560%2C1707&ssl=1","contentUrl":"https:\/\/i0.wp.com\/africadailyreport.com\/wp-content\/uploads\/2024\/10\/AFP__20190314__BELGAIMAGE-146610923__v1__HighRes__BrusselsVubUniversityMartinFayuluC-scaled.jpg?fit=2560%2C1707&ssl=1","width":2560,"height":1707,"caption":"Congolese opponent Martin Fayulu pictured during a meeting with the Congolese community of Congolese opponent Martin Fayulu, at the VUB Flemish University of Brussels, Saturday 09 March 2019. BELGA PHOTO NICOLAS MAETERLINCK (Photo by NICOLAS MAETERLINCK \/ BELGA MAG \/ Belga via AFP)"},{"@type":"BreadcrumbList","@id":"https:\/\/africadailyreport.com\/fr\/2024\/10\/26\/changement-de-constitution-en-rdc-une-figure-de-lopposition-met-en-garde-le-regime\/#breadcrumb","itemListElement":[{"@type":"ListItem","position":1,"name":"Home","item":"https:\/\/africadailyreport.com\/fr\/"},{"@type":"ListItem","position":2,"name":"Changement de Constitution en RDC: une figure de l&#8217;opposition met en garde le r\u00e9gime"}]},{"@type":"WebSite","@id":"https:\/\/africadailyreport.com\/fr\/#website","url":"https:\/\/africadailyreport.com\/fr\/","name":"Africa Daily Report","description":"","publisher":{"@id":"https:\/\/africadailyreport.com\/fr\/#organization"},"potentialAction":[{"@type":"SearchAction","target":{"@type":"EntryPoint","urlTemplate":"https:\/\/africadailyreport.com\/fr\/?s={search_term_string}"},"query-input":{"@type":"PropertyValueSpecification","valueRequired":true,"valueName":"search_term_string"}}],"inLanguage":"fr-FR"},{"@type":"Organization","@id":"https:\/\/africadailyreport.com\/fr\/#organization","name":"Africa Daily Report","url":"https:\/\/africadailyreport.com\/fr\/","logo":{"@type":"ImageObject","inLanguage":"fr-FR","@id":"https:\/\/africadailyreport.com\/fr\/#\/schema\/logo\/image\/","url":"https:\/\/africadailyreport.com\/wp-content\/uploads\/2024\/09\/ADR-Transparent-Green-Logo-1.png","contentUrl":"https:\/\/africadailyreport.com\/wp-content\/uploads\/2024\/09\/ADR-Transparent-Green-Logo-1.png","width":267,"height":185,"caption":"Africa Daily Report"},"image":{"@id":"https:\/\/africadailyreport.com\/fr\/#\/schema\/logo\/image\/"},"sameAs":["https:\/\/www.facebook.com\/africadailyreport","https:\/\/x.com\/adr_africa","https:\/\/www.youtube.com\/@africadailyreport","https:\/\/instagram.com\/africadailyreport"]},{"@type":"Person","@id":"https:\/\/africadailyreport.com\/fr\/#\/schema\/person\/c44d86d79f5570b3ba4cf70c989843f8","name":"ADR\/AFP","image":{"@type":"ImageObject","inLanguage":"fr-FR","@id":"https:\/\/secure.gravatar.com\/avatar\/2fbdc3782aa386b408fd9a36f0bc78ee569c94a7a05670cab3a1d72916408214?s=96&d=mm&r=g","url":"https:\/\/secure.gravatar.com\/avatar\/2fbdc3782aa386b408fd9a36f0bc78ee569c94a7a05670cab3a1d72916408214?s=96&d=mm&r=g","contentUrl":"https:\/\/secure.gravatar.com\/avatar\/2fbdc3782aa386b408fd9a36f0bc78ee569c94a7a05670cab3a1d72916408214?s=96&d=mm&r=g","caption":"ADR\/AFP"},"sameAs":["http:\/\/africadailyreport.com"],"url":"https:\/\/africadailyreport.com\/fr\/author\/both\/"}]}},"jetpack_featured_media_url":"https:\/\/i0.wp.com\/africadailyreport.com\/wp-content\/uploads\/2024\/10\/AFP__20190314__BELGAIMAGE-146610923__v1__HighRes__BrusselsVubUniversityMartinFayuluC-scaled.jpg?fit=2560%2C1707&ssl=1","jetpack_sharing_enabled":true,"amp_enabled":true,"_links":{"self":[{"href":"https:\/\/africadailyreport.com\/fr\/wp-json\/wp\/v2\/posts\/12835","targetHints":{"allow":["GET"]}}],"collection":[{"href":"https:\/\/africadailyreport.com\/fr\/wp-json\/wp\/v2\/posts"}],"about":[{"href":"https:\/\/africadailyreport.com\/fr\/wp-json\/wp\/v2\/types\/post"}],"author":[{"embeddable":true,"href":"https:\/\/africadailyreport.com\/fr\/wp-json\/wp\/v2\/users\/10"}],"replies":[{"embeddable":true,"href":"https:\/\/africadailyreport.com\/fr\/wp-json\/wp\/v2\/comments?post=12835"}],"version-history":[{"count":1,"href":"https:\/\/africadailyreport.com\/fr\/wp-json\/wp\/v2\/posts\/12835\/revisions"}],"predecessor-version":[{"id":12840,"href":"https:\/\/africadailyreport.com\/fr\/wp-json\/wp\/v2\/posts\/12835\/revisions\/12840"}],"wp:featuredmedia":[{"embeddable":true,"href":"https:\/\/africadailyreport.com\/fr\/wp-json\/wp\/v2\/media\/12837"}],"wp:attachment":[{"href":"https:\/\/africadailyreport.com\/fr\/wp-json\/wp\/v2\/media?parent=12835"}],"wp:term":[{"taxonomy":"category","embeddable":true,"href":"https:\/\/africadailyreport.com\/fr\/wp-json\/wp\/v2\/categories?post=12835"},{"taxonomy":"post_tag","embeddable":true,"href":"https:\/\/africadailyreport.com\/fr\/wp-json\/wp\/v2\/tags?post=12835"},{"taxonomy":"adr_country","embeddable":true,"href":"https:\/\/africadailyreport.com\/fr\/wp-json\/wp\/v2\/adr_country?post=12835"}],"curies":[{"name":"wp","href":"https:\/\/api.w.org\/{rel}","templated":true}]}}